{"id":11230,"date":"2025-02-21T07:00:00","date_gmt":"2025-02-21T07:00:00","guid":{"rendered":"https:\/\/maismagazine.pt\/?p=11230"},"modified":"2025-02-18T15:35:58","modified_gmt":"2025-02-18T15:35:58","slug":"na-esenfc-procuramos-dar-resposta-as-necessidades-de-formacao-ao-longo-da-vida-dos-enfermeiros","status":"publish","type":"post","link":"http:\/\/maismagazine.pt\/index.php\/2025\/02\/21\/na-esenfc-procuramos-dar-resposta-as-necessidades-de-formacao-ao-longo-da-vida-dos-enfermeiros\/","title":{"rendered":"\u201cNa ESEnfC procuramos dar resposta \u00e0s necessidades de forma\u00e7\u00e3o ao longo da vida dos enfermeiros\u201d"},"content":{"rendered":"\n<p><strong>Em entrevista \u00e0 Mais Magazine, a Professora Doutora Concei\u00e7\u00e3o Alegre de S\u00e1, Vice-Presidente da <a href=\"http:\/\/www.esenfc.pt\">Escola Superior de Enfermagem de Coimbra<\/a>, aborda os servi\u00e7os disponibilizados aos estudantes, bem como as mais-valias do modelo de ensino da ESEnfC.<\/strong><\/p>\n\n\n<div class=\"wp-block-image\">\n<figure class=\"aligncenter size-full is-resized\"><img loading=\"lazy\" decoding=\"async\" width=\"750\" height=\"422\" src=\"https:\/\/maismagazine.pt\/wp-content\/uploads\/2025\/02\/Espacos-exteriores-_-convivio-1.jpg\" alt=\"\" class=\"wp-image-11240\" style=\"width:483px;height:auto\" srcset=\"http:\/\/maismagazine.pt\/wp-content\/uploads\/2025\/02\/Espacos-exteriores-_-convivio-1.jpg 750w, http:\/\/maismagazine.pt\/wp-content\/uploads\/2025\/02\/Espacos-exteriores-_-convivio-1-300x169.jpg 300w\" sizes=\"auto, (max-width: 750px) 100vw, 750px\" \/><\/figure><\/div>\n\n\n<p><strong>Como est\u00e1 organizado o espa\u00e7o educativo da ESEnfC? <\/strong><\/p>\n\n\n\n<p>O espa\u00e7o educativo da Escola Superior de Enfermagem de Coimbra (ESEnfC) est\u00e1, grosso modo, organizado em salas de aulas tradicionais e em laborat\u00f3rios de simula\u00e7\u00e3o para pr\u00e1ticas simuladas. Por outro lado, como o ensino de enfermagem tem uma dimens\u00e3o cl\u00ednica importante \u2013 cerca de 50% do ensino dos estudantes de licenciatura \u00e9 pr\u00e1tico \u2013, a forma\u00e7\u00e3o dos nossos estudantes de 1\u00ba ciclo desenvolve-se, tamb\u00e9m, nos contextos de sa\u00fade. Sobretudo em institui\u00e7\u00f5es de sa\u00fade da regi\u00e3o centro, particularmente na ULS de Coimbra, mas tamb\u00e9m, em menor n\u00famero, noutros estabelecimentos de sa\u00fade do Pa\u00eds.<\/p>\n\n\n\n<p>Durante o ensino cl\u00ednico, os estudantes contam com orienta\u00e7\u00e3o pedag\u00f3gica permanente.<\/p>\n\n\n<div class=\"wp-block-image\">\n<figure class=\"alignleft size-full is-resized\"><img loading=\"lazy\" decoding=\"async\" width=\"750\" height=\"500\" src=\"https:\/\/maismagazine.pt\/wp-content\/uploads\/2025\/02\/Polo-B-_-espaco-interior-1.jpg\" alt=\"\" class=\"wp-image-11247\" style=\"width:462px;height:auto\" srcset=\"http:\/\/maismagazine.pt\/wp-content\/uploads\/2025\/02\/Polo-B-_-espaco-interior-1.jpg 750w, http:\/\/maismagazine.pt\/wp-content\/uploads\/2025\/02\/Polo-B-_-espaco-interior-1-300x200.jpg 300w, http:\/\/maismagazine.pt\/wp-content\/uploads\/2025\/02\/Polo-B-_-espaco-interior-1-150x100.jpg 150w\" sizes=\"auto, (max-width: 750px) 100vw, 750px\" \/><\/figure><\/div>\n\n\n<p><strong>Quais os espa\u00e7os ao servi\u00e7o dos estudantes?<\/strong><\/p>\n\n\n\n<p>O modelo de ensino da ESEnfC assenta no pressuposto de um desenvolvimento integral dos estudantes, em que todos os contextos de aprendizagem s\u00e3o de-terminantes para o sucesso acad\u00e9mico.<\/p>\n\n\n\n<p>Nos espa\u00e7os comuns da escola existem equipamentos modernos, confort\u00e1veis, para que os estudantes permane\u00e7am na institui\u00e7\u00e3o por nela se sentirem bem e n\u00e3o para virem s\u00f3 \u00e0s aulas.<\/p>\n\n\n\n<p>Dispomos de salas de estudo modernas, de bibliotecas, cafetarias e refeit\u00f3rios e, ainda, de \u00f3timos espa\u00e7os exteriores com ambientes prop\u00edcios ao conv\u00edvio e at\u00e9 \u00e0 pr\u00e1tica de gin\u00e1stica ao ar livre. Neste dom\u00ednio, temos um campo de futebol, que permite a pr\u00e1tica de outras modalidades desportivas, e de um centro de investiga\u00e7\u00e3o e promo\u00e7\u00e3o do bem-estar.<\/p>\n\n\n\n<p><\/p>\n\n\n\n<p><strong>Quais os recursos acad\u00e9micos dispon\u00edveis na ESEnfC para ensino-aprendizagem que potenciam a aprendizagem dos alunos, nomeadamente a n\u00edvel tecnol\u00f3gico e de servi\u00e7o de apoio ao estudante?<\/strong><\/p>\n\n\n\n<p>A ESEnfC \u00e9 confrontada com desafios e oportunidades no dom\u00ednio do ensino, investiga\u00e7\u00e3o e desenvolvimento, transfer\u00eancia de conhecimento e impacto na sociedade.<\/p>\n\n\n\n<p>Somos uma institui\u00e7\u00e3o de ensino superior (IES) que acompanha a inova\u00e7\u00e3o pedag\u00f3gica e a digitaliza\u00e7\u00e3o da Educa\u00e7\u00e3o, promovendo a ado\u00e7\u00e3o de metodologias de aprendizagem ativas, com recurso a tecnologias da informa\u00e7\u00e3o e comunica\u00e7\u00e3o (TIC) e com foco no desenvolvimento integral dos estudantes.<\/p>\n\n\n\n<p>Moderniz\u00e1mos os programas curriculares com vista \u00e0 promo\u00e7\u00e3o das compet\u00eancias t\u00e9cnico-cient\u00edficas, transversais, pessoais e sociais.<\/p>\n\n\n\n<p>Paralelamente, a ESEnfC assume-se como um polo de investiga\u00e7\u00e3o cient\u00edfica na \u00e1rea da enfermagem, contributo com a produ\u00e7\u00e3o de conhecimento para a comunidade cient\u00edfica e para sociedade em geral. <\/p>\n\n\n<div class=\"wp-block-image\">\n<figure class=\"alignright size-full is-resized\"><img loading=\"lazy\" decoding=\"async\" width=\"750\" height=\"500\" src=\"https:\/\/maismagazine.pt\/wp-content\/uploads\/2025\/02\/Centro-Simulacao-2-1-1.jpg\" alt=\"\" class=\"wp-image-11246\" style=\"width:414px;height:auto\" srcset=\"http:\/\/maismagazine.pt\/wp-content\/uploads\/2025\/02\/Centro-Simulacao-2-1-1.jpg 750w, http:\/\/maismagazine.pt\/wp-content\/uploads\/2025\/02\/Centro-Simulacao-2-1-1-300x200.jpg 300w, http:\/\/maismagazine.pt\/wp-content\/uploads\/2025\/02\/Centro-Simulacao-2-1-1-150x100.jpg 150w\" sizes=\"auto, (max-width: 750px) 100vw, 750px\" \/><\/figure><\/div>\n\n\n<p><strong>Porqu\u00ea escolher a ESEnfC?<\/strong><\/p>\n\n\n\n<p>A ESEnfC \u00e9 uma institui\u00e7\u00e3o de refer\u00eancia global, comprometida com a forma\u00e7\u00e3o de excel\u00eancia, a inova\u00e7\u00e3o em sa\u00fade e a promo\u00e7\u00e3o de pr\u00e1ticas humanistas e inclusivas. Alinhada com a sua miss\u00e3o, vis\u00e3o e valores, a ESEnfC distingue-se por fatores distintivos que refor\u00e7am a sua lideran\u00e7a no ensino, investiga\u00e7\u00e3o e impacto social.<\/p>\n\n\n\n<p>Situada na cidade de Coimbra, localizada no centro do Pa\u00eds, somos uma escola humanista que, fruto da longevidade, possui um modelo educativo robusto, sustentado em crit\u00e9rios de exig\u00eancia e rigor.<\/p>\n\n\n\n<p>A ESEnfC garante que os futuros enfermeiros estejam preparados para responder \u00e0s diversas necessidades em sa\u00fade da popula\u00e7\u00e3o. Investe em projetos comunit\u00e1rios e na investiga\u00e7\u00e3o aplicada, desenvolvendo conhecimento cient\u00edfico e tecnologias inovadoras que melhoram a qualidade e a efic\u00e1cia dos cuidados de sa\u00fade.<\/p>\n\n\n\n<p>Como Centro Colaborador da OMS, a ESEnfC contribui ativamente para a promo\u00e7\u00e3o da sa\u00fade global, colaborando na identifica\u00e7\u00e3o de boas pr\u00e1ticas, na forma\u00e7\u00e3o e na capacita\u00e7\u00e3o, fortalecendo a sa\u00fade a n\u00edvel mundial.<\/p>\n\n\n\n<p><\/p>\n\n\n\n<p><strong>Qual a import\u00e2ncia e as especificidades das etapas da forma\u00e7\u00e3o dos enfermeiros e enfermeiras no ensino superior, correspondentes aos tr\u00eas ciclos (licenciatura, mestrado e doutoramento)?<\/strong><\/p>\n\n\n\n<p>O ensino de enfermagem tem uma forte componente de aprendizagem do cuidado humano em sa\u00fade.<\/p>\n\n\n\n<p>O curso de enfermagem na ESEnfC est\u00e1 organizado de modo que o estudante desenvolva compet\u00eancias cl\u00ednicas atrav\u00e9s de cen\u00e1rios e pr\u00e1ticas simuladas, garantindo um cuidado de sa\u00fade eticamente respons\u00e1vel. A aprendizagem em contexto cl\u00ednico decorre num est\u00e1dio de desenvolvimento do estudante que n\u00e3o causa dano ao cidad\u00e3o.<\/p>\n\n\n\n<p>O ensino de enfermagem d\u00e1 resposta \u00e0s necessidades formativas ao n\u00edvel da licenciatura, mestrados e doutoramento. A ESEnfC oferece 1 licenciatura, 11 mestrados e 1 doutoramento.<\/p>\n\n\n\n<p><\/p>\n\n\n\n<p><strong>De que forma a ESEnfC oferece uma forma\u00e7\u00e3o continuada e interligada ao longo destes ciclos?<\/strong><\/p>\n\n\n\n<p>A ESEnfC d\u00e1 resposta \u00e0s necessidades de forma\u00e7\u00e3o p\u00f3s-graduada dos enfermeiros, nomeadamente \u00e0s necessidades das v\u00e1rias \u00e1reas de especialidade em enfermagem. E tem um programa de doutoramento em enfermagem em colabora\u00e7\u00e3o com a Universidade de Coimbra. <\/p>\n\n\n\n<p>Procuramos dar resposta \u00e0s necessidades de forma\u00e7\u00e3o ao longo da vida dos enfermeiros, atrav\u00e9s de uma vasta oferta de cursos de curta dura\u00e7\u00e3o e outros cursos de p\u00f3s-gradua\u00e7\u00e3o. Por isso, dispomos, hoje, de propostas formativas como uma P\u00f3s-Gradua\u00e7\u00e3o em \u201cInova\u00e7\u00e3o em Sa\u00fade: Tecnologias Digitais e Intelig\u00eancia Artificial\u201d, ou cursos de curta dura\u00e7\u00e3o em \u201cIntelig\u00eancia Artificial e Tomada de Decis\u00e3o em Enfermagem\u201d, em \u201cRealidade virtual\u201d e em \u201cCompaix\u00e3o digital\u201d. <\/p>\n\n\n\n<p><\/p>\n\n\n\n<p><strong>Quais as metas que gostariam de atingir a curto\/m\u00e9dio prazo?<\/strong><\/p>\n\n\n\n<p>Gostar\u00edamos de garantir a taxa de sucesso acad\u00e9mico acima dos 90%. E a taxa de empregabilidade a 100%.<\/p>\n\n\n\n<p><\/p>\n\n\n<div class=\"wp-block-image\">\n<figure class=\"aligncenter size-full is-resized\"><img loading=\"lazy\" decoding=\"async\" width=\"512\" height=\"229\" src=\"https:\/\/maismagazine.pt\/wp-content\/uploads\/2025\/02\/esenfc.512x0-2.png\" alt=\"\" class=\"wp-image-11242\" style=\"width:279px;height:auto\" srcset=\"http:\/\/maismagazine.pt\/wp-content\/uploads\/2025\/02\/esenfc.512x0-2.png 512w, http:\/\/maismagazine.pt\/wp-content\/uploads\/2025\/02\/esenfc.512x0-2-300x134.png 300w\" sizes=\"auto, (max-width: 512px) 100vw, 512px\" \/><\/figure><\/div>","protected":false},"excerpt":{"rendered":"<p>Em entrevista \u00e0 Mais Magazine, a Professora Doutora Concei\u00e7\u00e3o Alegre de S\u00e1, Vice-Presidente da Escola Superior de Enfermagem de Coimbra, aborda os servi\u00e7os disponibilizados aos estudantes, bem como as mais-valias do modelo de ensino da ESEnfC. Como est\u00e1 organizado o espa\u00e7o educativo da ESEnfC? O espa\u00e7o educativo da Escola Superior&hellip;<\/p>\n","protected":false},"author":18,"featured_media":11237,"comment_status":"closed","ping_status":"open","sticky":false,"template":"","format":"standard","meta":{"advgb_blocks_editor_width":"","advgb_blocks_columns_visual_guide":"","_monsterinsights_skip_tracking":false,"_monsterinsights_sitenote_active":false,"_monsterinsights_sitenote_note":"","_monsterinsights_sitenote_category":0,"footnotes":""},"categories":[149],"tags":[525,1326],"class_list":["post-11230","post","type-post","status-publish","format-standard","has-post-thumbnail","hentry","category-educacao","tag-educacao","tag-escola-superior-de-enfermagem-de-coimbra"],"yoast_head":"<!-- This site is optimized with the Yoast SEO plugin v24.4 - https:\/\/yoast.com\/wordpress\/plugins\/seo\/ -->\n<title>\u201cNa ESEnfC procuramos dar resposta \u00e0s necessidades de forma\u00e7\u00e3o ao longo da vida dos enfermeiros\u201d - Mais Magazine<\/title>\n<meta name=\"robots\" content=\"index, follow, max-snippet:-1, max-image-preview:large, max-video-preview:-1\" \/>\n<link rel=\"canonical\" href=\"http:\/\/maismagazine.pt\/index.php\/2025\/02\/21\/na-esenfc-procuramos-dar-resposta-as-necessidades-de-formacao-ao-longo-da-vida-dos-enfermeiros\/\" \/>\n<meta property=\"og:locale\" content=\"pt_PT\" \/>\n<meta property=\"og:type\" content=\"article\" \/>\n<meta property=\"og:title\" content=\"\u201cNa ESEnfC procuramos dar resposta \u00e0s necessidades de forma\u00e7\u00e3o ao longo da vida dos enfermeiros\u201d - Mais Magazine\" \/>\n<meta property=\"og:description\" content=\"Em entrevista \u00e0 Mais Magazine, a Professora Doutora Concei\u00e7\u00e3o Alegre de S\u00e1, Vice-Presidente da Escola Superior de Enfermagem de Coimbra, aborda os servi\u00e7os disponibilizados aos estudantes, bem como as mais-valias do modelo de ensino da ESEnfC. Como est\u00e1 organizado o espa\u00e7o educativo da ESEnfC? O espa\u00e7o educativo da Escola Superior&hellip;\" \/>\n<meta property=\"og:url\" content=\"http:\/\/maismagazine.pt\/index.php\/2025\/02\/21\/na-esenfc-procuramos-dar-resposta-as-necessidades-de-formacao-ao-longo-da-vida-dos-enfermeiros\/\" \/>\n<meta property=\"og:site_name\" content=\"Mais Magazine\" \/>\n<meta property=\"article:published_time\" content=\"2025-02-21T07:00:00+00:00\" \/>\n<meta property=\"og:image\" content=\"http:\/\/maismagazine.pt\/wp-content\/uploads\/2025\/02\/1-MCAlegre-3-scaled.jpg\" \/>\n\t<meta property=\"og:image:width\" content=\"2560\" \/>\n\t<meta property=\"og:image:height\" content=\"1707\" \/>\n\t<meta property=\"og:image:type\" content=\"image\/jpeg\" \/>\n<meta name=\"author\" content=\"Tatiana Martins\" \/>\n<meta name=\"twitter:card\" content=\"summary_large_image\" \/>\n<meta name=\"twitter:label1\" content=\"Escrito por\" \/>\n\t<meta name=\"twitter:data1\" content=\"\" \/>\n\t<meta name=\"twitter:label2\" content=\"Tempo estimado de leitura\" \/>\n\t<meta name=\"twitter:data2\" content=\"6 minutos\" \/>\n<script type=\"application\/ld+json\" class=\"yoast-schema-graph\">{\"@context\":\"https:\/\/schema.org\",\"@graph\":[{\"@type\":\"Article\",\"@id\":\"http:\/\/maismagazine.pt\/index.php\/2025\/02\/21\/na-esenfc-procuramos-dar-resposta-as-necessidades-de-formacao-ao-longo-da-vida-dos-enfermeiros\/#article\",\"isPartOf\":{\"@id\":\"http:\/\/maismagazine.pt\/index.php\/2025\/02\/21\/na-esenfc-procuramos-dar-resposta-as-necessidades-de-formacao-ao-longo-da-vida-dos-enfermeiros\/\"},\"author\":{\"name\":\"Tatiana Martins\",\"@id\":\"http:\/\/maismagazine.pt\/#\/schema\/person\/7426e2caeb8df32a1b56aa48dae778c9\"},\"headline\":\"\u201cNa ESEnfC procuramos dar resposta \u00e0s necessidades de forma\u00e7\u00e3o ao longo da vida dos enfermeiros\u201d\",\"datePublished\":\"2025-02-21T07:00:00+00:00\",\"mainEntityOfPage\":{\"@id\":\"http:\/\/maismagazine.pt\/index.php\/2025\/02\/21\/na-esenfc-procuramos-dar-resposta-as-necessidades-de-formacao-ao-longo-da-vida-dos-enfermeiros\/\"},\"wordCount\":958,\"publisher\":{\"@id\":\"http:\/\/maismagazine.pt\/#organization\"},\"image\":{\"@id\":\"http:\/\/maismagazine.pt\/index.php\/2025\/02\/21\/na-esenfc-procuramos-dar-resposta-as-necessidades-de-formacao-ao-longo-da-vida-dos-enfermeiros\/#primaryimage\"},\"thumbnailUrl\":\"http:\/\/maismagazine.pt\/wp-content\/uploads\/2025\/02\/1-MCAlegre-3-scaled.jpg\",\"keywords\":[\"Educa\u00e7\u00e3o\",\"Escola Superior de Enfermagem de Coimbra\"],\"articleSection\":[\"Educa\u00e7\u00e3o\"],\"inLanguage\":\"pt-PT\"},{\"@type\":\"WebPage\",\"@id\":\"http:\/\/maismagazine.pt\/index.php\/2025\/02\/21\/na-esenfc-procuramos-dar-resposta-as-necessidades-de-formacao-ao-longo-da-vida-dos-enfermeiros\/\",\"url\":\"http:\/\/maismagazine.pt\/index.php\/2025\/02\/21\/na-esenfc-procuramos-dar-resposta-as-necessidades-de-formacao-ao-longo-da-vida-dos-enfermeiros\/\",\"name\":\"\u201cNa ESEnfC procuramos dar resposta \u00e0s necessidades de forma\u00e7\u00e3o ao longo da vida dos enfermeiros\u201d - Mais Magazine\",\"isPartOf\":{\"@id\":\"http:\/\/maismagazine.pt\/#website\"},\"primaryImageOfPage\":{\"@id\":\"http:\/\/maismagazine.pt\/index.php\/2025\/02\/21\/na-esenfc-procuramos-dar-resposta-as-necessidades-de-formacao-ao-longo-da-vida-dos-enfermeiros\/#primaryimage\"},\"image\":{\"@id\":\"http:\/\/maismagazine.pt\/index.php\/2025\/02\/21\/na-esenfc-procuramos-dar-resposta-as-necessidades-de-formacao-ao-longo-da-vida-dos-enfermeiros\/#primaryimage\"},\"thumbnailUrl\":\"http:\/\/maismagazine.pt\/wp-content\/uploads\/2025\/02\/1-MCAlegre-3-scaled.jpg\",\"datePublished\":\"2025-02-21T07:00:00+00:00\",\"breadcrumb\":{\"@id\":\"http:\/\/maismagazine.pt\/index.php\/2025\/02\/21\/na-esenfc-procuramos-dar-resposta-as-necessidades-de-formacao-ao-longo-da-vida-dos-enfermeiros\/#breadcrumb\"},\"inLanguage\":\"pt-PT\",\"potentialAction\":[{\"@type\":\"ReadAction\",\"target\":[\"http:\/\/maismagazine.pt\/index.php\/2025\/02\/21\/na-esenfc-procuramos-dar-resposta-as-necessidades-de-formacao-ao-longo-da-vida-dos-enfermeiros\/\"]}]},{\"@type\":\"ImageObject\",\"inLanguage\":\"pt-PT\",\"@id\":\"http:\/\/maismagazine.pt\/index.php\/2025\/02\/21\/na-esenfc-procuramos-dar-resposta-as-necessidades-de-formacao-ao-longo-da-vida-dos-enfermeiros\/#primaryimage\",\"url\":\"http:\/\/maismagazine.pt\/wp-content\/uploads\/2025\/02\/1-MCAlegre-3-scaled.jpg\",\"contentUrl\":\"http:\/\/maismagazine.pt\/wp-content\/uploads\/2025\/02\/1-MCAlegre-3-scaled.jpg\",\"width\":2560,\"height\":1707,\"caption\":\"Professora Doutora Concei\u00e7\u00e3o Alegre de S\u00e1, Vice-Presidente da Escola Superior de Enfermagem de Coimbra\"},{\"@type\":\"BreadcrumbList\",\"@id\":\"http:\/\/maismagazine.pt\/index.php\/2025\/02\/21\/na-esenfc-procuramos-dar-resposta-as-necessidades-de-formacao-ao-longo-da-vida-dos-enfermeiros\/#breadcrumb\",\"itemListElement\":[{\"@type\":\"ListItem\",\"position\":1,\"name\":\"Home\",\"item\":\"http:\/\/maismagazine.pt\/\"},{\"@type\":\"ListItem\",\"position\":2,\"name\":\"\u201cNa ESEnfC procuramos dar resposta \u00e0s necessidades de forma\u00e7\u00e3o ao longo da vida dos enfermeiros\u201d\"}]},{\"@type\":\"WebSite\",\"@id\":\"http:\/\/maismagazine.pt\/#website\",\"url\":\"http:\/\/maismagazine.pt\/\",\"name\":\"Mais Magazine\",\"description\":\"\",\"publisher\":{\"@id\":\"http:\/\/maismagazine.pt\/#organization\"},\"potentialAction\":[{\"@type\":\"SearchAction\",\"target\":{\"@type\":\"EntryPoint\",\"urlTemplate\":\"http:\/\/maismagazine.pt\/?s={search_term_string}\"},\"query-input\":{\"@type\":\"PropertyValueSpecification\",\"valueRequired\":true,\"valueName\":\"search_term_string\"}}],\"inLanguage\":\"pt-PT\"},{\"@type\":\"Organization\",\"@id\":\"http:\/\/maismagazine.pt\/#organization\",\"name\":\"Mais Magazine\",\"url\":\"http:\/\/maismagazine.pt\/\",\"logo\":{\"@type\":\"ImageObject\",\"inLanguage\":\"pt-PT\",\"@id\":\"http:\/\/maismagazine.pt\/#\/schema\/logo\/image\/\",\"url\":\"http:\/\/maismagazine.pt\/wp-content\/uploads\/2020\/04\/cropped-cropped-mais-magazine-site-logo-2.png\",\"contentUrl\":\"http:\/\/maismagazine.pt\/wp-content\/uploads\/2020\/04\/cropped-cropped-mais-magazine-site-logo-2.png\",\"width\":581,\"height\":90,\"caption\":\"Mais Magazine\"},\"image\":{\"@id\":\"http:\/\/maismagazine.pt\/#\/schema\/logo\/image\/\"}},{\"@type\":\"Person\",\"@id\":\"http:\/\/maismagazine.pt\/#\/schema\/person\/7426e2caeb8df32a1b56aa48dae778c9\",\"name\":\"Tatiana Martins\",\"image\":{\"@type\":\"ImageObject\",\"inLanguage\":\"pt-PT\",\"@id\":\"http:\/\/maismagazine.pt\/#\/schema\/person\/image\/\",\"url\":\"https:\/\/secure.gravatar.com\/avatar\/4b24a57f5d0425f2eb20981c4b53244e?s=96&d=mm&r=g\",\"contentUrl\":\"https:\/\/secure.gravatar.com\/avatar\/4b24a57f5d0425f2eb20981c4b53244e?s=96&d=mm&r=g\",\"caption\":\"Tatiana Martins\"},\"url\":\"http:\/\/maismagazine.pt\/index.php\/author\/tatiana\/\"}]}<\/script>\n<!-- \/ Yoast SEO plugin. -->","yoast_head_json":{"title":"\u201cNa ESEnfC procuramos dar resposta \u00e0s necessidades de forma\u00e7\u00e3o ao longo da vida dos enfermeiros\u201d - Mais Magazine","robots":{"index":"index","follow":"follow","max-snippet":"max-snippet:-1","max-image-preview":"max-image-preview:large","max-video-preview":"max-video-preview:-1"},"canonical":"http:\/\/maismagazine.pt\/index.php\/2025\/02\/21\/na-esenfc-procuramos-dar-resposta-as-necessidades-de-formacao-ao-longo-da-vida-dos-enfermeiros\/","og_locale":"pt_PT","og_type":"article","og_title":"\u201cNa ESEnfC procuramos dar resposta \u00e0s necessidades de forma\u00e7\u00e3o ao longo da vida dos enfermeiros\u201d - Mais Magazine","og_description":"Em entrevista \u00e0 Mais Magazine, a Professora Doutora Concei\u00e7\u00e3o Alegre de S\u00e1, Vice-Presidente da Escola Superior de Enfermagem de Coimbra, aborda os servi\u00e7os disponibilizados aos estudantes, bem como as mais-valias do modelo de ensino da ESEnfC. Como est\u00e1 organizado o espa\u00e7o educativo da ESEnfC? O espa\u00e7o educativo da Escola Superior&hellip;","og_url":"http:\/\/maismagazine.pt\/index.php\/2025\/02\/21\/na-esenfc-procuramos-dar-resposta-as-necessidades-de-formacao-ao-longo-da-vida-dos-enfermeiros\/","og_site_name":"Mais Magazine","article_published_time":"2025-02-21T07:00:00+00:00","og_image":[{"width":2560,"height":1707,"url":"http:\/\/maismagazine.pt\/wp-content\/uploads\/2025\/02\/1-MCAlegre-3-scaled.jpg","type":"image\/jpeg"}],"author":"Tatiana Martins","twitter_card":"summary_large_image","twitter_misc":{"Escrito por":false,"Tempo estimado de leitura":"6 minutos"},"schema":{"@context":"https:\/\/schema.org","@graph":[{"@type":"Article","@id":"http:\/\/maismagazine.pt\/index.php\/2025\/02\/21\/na-esenfc-procuramos-dar-resposta-as-necessidades-de-formacao-ao-longo-da-vida-dos-enfermeiros\/#article","isPartOf":{"@id":"http:\/\/maismagazine.pt\/index.php\/2025\/02\/21\/na-esenfc-procuramos-dar-resposta-as-necessidades-de-formacao-ao-longo-da-vida-dos-enfermeiros\/"},"author":{"name":"Tatiana Martins","@id":"http:\/\/maismagazine.pt\/#\/schema\/person\/7426e2caeb8df32a1b56aa48dae778c9"},"headline":"\u201cNa ESEnfC procuramos dar resposta \u00e0s necessidades de forma\u00e7\u00e3o ao longo da vida dos enfermeiros\u201d","datePublished":"2025-02-21T07:00:00+00:00","mainEntityOfPage":{"@id":"http:\/\/maismagazine.pt\/index.php\/2025\/02\/21\/na-esenfc-procuramos-dar-resposta-as-necessidades-de-formacao-ao-longo-da-vida-dos-enfermeiros\/"},"wordCount":958,"publisher":{"@id":"http:\/\/maismagazine.pt\/#organization"},"image":{"@id":"http:\/\/maismagazine.pt\/index.php\/2025\/02\/21\/na-esenfc-procuramos-dar-resposta-as-necessidades-de-formacao-ao-longo-da-vida-dos-enfermeiros\/#primaryimage"},"thumbnailUrl":"http:\/\/maismagazine.pt\/wp-content\/uploads\/2025\/02\/1-MCAlegre-3-scaled.jpg","keywords":["Educa\u00e7\u00e3o","Escola Superior de Enfermagem de Coimbra"],"articleSection":["Educa\u00e7\u00e3o"],"inLanguage":"pt-PT"},{"@type":"WebPage","@id":"http:\/\/maismagazine.pt\/index.php\/2025\/02\/21\/na-esenfc-procuramos-dar-resposta-as-necessidades-de-formacao-ao-longo-da-vida-dos-enfermeiros\/","url":"http:\/\/maismagazine.pt\/index.php\/2025\/02\/21\/na-esenfc-procuramos-dar-resposta-as-necessidades-de-formacao-ao-longo-da-vida-dos-enfermeiros\/","name":"\u201cNa ESEnfC procuramos dar resposta \u00e0s necessidades de forma\u00e7\u00e3o ao longo da vida dos enfermeiros\u201d - Mais Magazine","isPartOf":{"@id":"http:\/\/maismagazine.pt\/#website"},"primaryImageOfPage":{"@id":"http:\/\/maismagazine.pt\/index.php\/2025\/02\/21\/na-esenfc-procuramos-dar-resposta-as-necessidades-de-formacao-ao-longo-da-vida-dos-enfermeiros\/#primaryimage"},"image":{"@id":"http:\/\/maismagazine.pt\/index.php\/2025\/02\/21\/na-esenfc-procuramos-dar-resposta-as-necessidades-de-formacao-ao-longo-da-vida-dos-enfermeiros\/#primaryimage"},"thumbnailUrl":"http:\/\/maismagazine.pt\/wp-content\/uploads\/2025\/02\/1-MCAlegre-3-scaled.jpg","datePublished":"2025-02-21T07:00:00+00:00","breadcrumb":{"@id":"http:\/\/maismagazine.pt\/index.php\/2025\/02\/21\/na-esenfc-procuramos-dar-resposta-as-necessidades-de-formacao-ao-longo-da-vida-dos-enfermeiros\/#breadcrumb"},"inLanguage":"pt-PT","potentialAction":[{"@type":"ReadAction","target":["http:\/\/maismagazine.pt\/index.php\/2025\/02\/21\/na-esenfc-procuramos-dar-resposta-as-necessidades-de-formacao-ao-longo-da-vida-dos-enfermeiros\/"]}]},{"@type":"ImageObject","inLanguage":"pt-PT","@id":"http:\/\/maismagazine.pt\/index.php\/2025\/02\/21\/na-esenfc-procuramos-dar-resposta-as-necessidades-de-formacao-ao-longo-da-vida-dos-enfermeiros\/#primaryimage","url":"http:\/\/maismagazine.pt\/wp-content\/uploads\/2025\/02\/1-MCAlegre-3-scaled.jpg","contentUrl":"http:\/\/maismagazine.pt\/wp-content\/uploads\/2025\/02\/1-MCAlegre-3-scaled.jpg","width":2560,"height":1707,"caption":"Professora Doutora Concei\u00e7\u00e3o Alegre de S\u00e1, Vice-Presidente da Escola Superior de Enfermagem de Coimbra"},{"@type":"BreadcrumbList","@id":"http:\/\/maismagazine.pt\/index.php\/2025\/02\/21\/na-esenfc-procuramos-dar-resposta-as-necessidades-de-formacao-ao-longo-da-vida-dos-enfermeiros\/#breadcrumb","itemListElement":[{"@type":"ListItem","position":1,"name":"Home","item":"http:\/\/maismagazine.pt\/"},{"@type":"ListItem","position":2,"name":"\u201cNa ESEnfC procuramos dar resposta \u00e0s necessidades de forma\u00e7\u00e3o ao longo da vida dos enfermeiros\u201d"}]},{"@type":"WebSite","@id":"http:\/\/maismagazine.pt\/#website","url":"http:\/\/maismagazine.pt\/","name":"Mais Magazine","description":"","publisher":{"@id":"http:\/\/maismagazine.pt\/#organization"},"potentialAction":[{"@type":"SearchAction","target":{"@type":"EntryPoint","urlTemplate":"http:\/\/maismagazine.pt\/?s={search_term_string}"},"query-input":{"@type":"PropertyValueSpecification","valueRequired":true,"valueName":"search_term_string"}}],"inLanguage":"pt-PT"},{"@type":"Organization","@id":"http:\/\/maismagazine.pt\/#organization","name":"Mais Magazine","url":"http:\/\/maismagazine.pt\/","logo":{"@type":"ImageObject","inLanguage":"pt-PT","@id":"http:\/\/maismagazine.pt\/#\/schema\/logo\/image\/","url":"http:\/\/maismagazine.pt\/wp-content\/uploads\/2020\/04\/cropped-cropped-mais-magazine-site-logo-2.png","contentUrl":"http:\/\/maismagazine.pt\/wp-content\/uploads\/2020\/04\/cropped-cropped-mais-magazine-site-logo-2.png","width":581,"height":90,"caption":"Mais Magazine"},"image":{"@id":"http:\/\/maismagazine.pt\/#\/schema\/logo\/image\/"}},{"@type":"Person","@id":"http:\/\/maismagazine.pt\/#\/schema\/person\/7426e2caeb8df32a1b56aa48dae778c9","name":"Tatiana Martins","image":{"@type":"ImageObject","inLanguage":"pt-PT","@id":"http:\/\/maismagazine.pt\/#\/schema\/person\/image\/","url":"https:\/\/secure.gravatar.com\/avatar\/4b24a57f5d0425f2eb20981c4b53244e?s=96&d=mm&r=g","contentUrl":"https:\/\/secure.gravatar.com\/avatar\/4b24a57f5d0425f2eb20981c4b53244e?s=96&d=mm&r=g","caption":"Tatiana Martins"},"url":"http:\/\/maismagazine.pt\/index.php\/author\/tatiana\/"}]}},"author_meta":{"display_name":false,"author_link":"http:\/\/maismagazine.pt\/index.php\/author\/tatiana\/"},"featured_img":"http:\/\/maismagazine.pt\/wp-content\/uploads\/2025\/02\/1-MCAlegre-3-300x200.jpg","coauthors":[],"tax_additional":{"categories":{"linked":["<a href=\"http:\/\/maismagazine.pt\/index.php\/category\/educacao\/\" class=\"advgb-post-tax-term\">Educa\u00e7\u00e3o<\/a>"],"unlinked":["<span class=\"advgb-post-tax-term\">Educa\u00e7\u00e3o<\/span>"]},"tags":{"linked":["<a href=\"http:\/\/maismagazine.pt\/index.php\/category\/educacao\/\" class=\"advgb-post-tax-term\">Educa\u00e7\u00e3o<\/a>","<a href=\"http:\/\/maismagazine.pt\/index.php\/category\/educacao\/\" class=\"advgb-post-tax-term\">Escola Superior de Enfermagem de Coimbra<\/a>"],"unlinked":["<span class=\"advgb-post-tax-term\">Educa\u00e7\u00e3o<\/span>","<span class=\"advgb-post-tax-term\">Escola Superior de Enfermagem de Coimbra<\/span>"]}},"comment_count":"0","relative_dates":{"created":"Posted 1 ano ago","modified":"Updated 1 ano ago"},"absolute_dates":{"created":"Posted on 21 de Fevereiro, 2025","modified":"Updated on 18 de Fevereiro, 2025"},"absolute_dates_time":{"created":"Posted on 21 de Fevereiro, 2025 7:00","modified":"Updated on 18 de Fevereiro, 2025 15:35"},"featured_img_caption":"Professora Doutora Concei\u00e7\u00e3o Alegre de S\u00e1,  Vice-Presidente da Escola Superior de Enfermagem de Coimbra","series_order":"","_links":{"self":[{"href":"http:\/\/maismagazine.pt\/index.php\/wp-json\/wp\/v2\/posts\/11230","targetHints":{"allow":["GET"]}}],"collection":[{"href":"http:\/\/maismagazine.pt\/index.php\/wp-json\/wp\/v2\/posts"}],"about":[{"href":"http:\/\/maismagazine.pt\/index.php\/wp-json\/wp\/v2\/types\/post"}],"author":[{"embeddable":true,"href":"http:\/\/maismagazine.pt\/index.php\/wp-json\/wp\/v2\/users\/18"}],"replies":[{"embeddable":true,"href":"http:\/\/maismagazine.pt\/index.php\/wp-json\/wp\/v2\/comments?post=11230"}],"version-history":[{"count":1,"href":"http:\/\/maismagazine.pt\/index.php\/wp-json\/wp\/v2\/posts\/11230\/revisions"}],"predecessor-version":[{"id":11249,"href":"http:\/\/maismagazine.pt\/index.php\/wp-json\/wp\/v2\/posts\/11230\/revisions\/11249"}],"wp:featuredmedia":[{"embeddable":true,"href":"http:\/\/maismagazine.pt\/index.php\/wp-json\/wp\/v2\/media\/11237"}],"wp:attachment":[{"href":"http:\/\/maismagazine.pt\/index.php\/wp-json\/wp\/v2\/media?parent=11230"}],"wp:term":[{"taxonomy":"category","embeddable":true,"href":"http:\/\/maismagazine.pt\/index.php\/wp-json\/wp\/v2\/categories?post=11230"},{"taxonomy":"post_tag","embeddable":true,"href":"http:\/\/maismagazine.pt\/index.php\/wp-json\/wp\/v2\/tags?post=11230"}],"curies":[{"name":"wp","href":"https:\/\/api.w.org\/{rel}","templated":true}]}}