{"id":11138,"date":"2025-01-16T11:59:36","date_gmt":"2025-01-16T11:59:36","guid":{"rendered":"https:\/\/maismagazine.pt\/?p=11138"},"modified":"2025-01-16T11:59:40","modified_gmt":"2025-01-16T11:59:40","slug":"lovers-edition-braga","status":"publish","type":"post","link":"http:\/\/maismagazine.pt\/index.php\/2025\/01\/16\/lovers-edition-braga\/","title":{"rendered":"Lover\u2019s Edition \u2013 Braga"},"content":{"rendered":"\n<p><strong>E pela 1\u00aa vez estaremos em Braga!<\/strong><\/p>\n\n\n\n<p><\/p>\n\n\n\n<p><strong>Sob o mote de S Valentim, numa edi\u00e7\u00e3o \u201cless is more\u201d, levamos a Braga cerca de 30 pequenos produtores, com os seus maravilhosos vinhos!<\/strong><\/p>\n\n\n\n<p><\/p>\n\n\n\n<p>Esta edi\u00e7\u00e3o decorrer\u00e1 no belo hotel Vila Gal\u00e9 Collection Braga, mesmo no centro da cidade! Bonito e rom\u00e2ntico, num espa\u00e7o ic\u00f3nico e de elei\u00e7\u00e3o, juntamos os apreciadores de vinhos e os Produtores, numa partilha de novidades para se deslumbrar, adorar e mimar-se!<\/p>\n\n\n\n<p><\/p>\n\n\n\n<p>Como refere Ana Ferro, (organizadora e fundadora), em 2025 a descoberta ser\u00e1 tamb\u00e9m nas novas cidades de realiza\u00e7\u00e3o das edi\u00e7\u00f5es. O intuito \u00e9 tornar ainda mais abrangente, a divulga\u00e7\u00e3o dos Produtores, incluindo outras cidades. Dar a conhecer pequenos e m\u00e9dios Produtores a um n\u00famero cada vez maior de consumidores profissionais e particulares \u00e9 o objetivo pretendido.<\/p>\n\n\n\n<p><\/p>\n\n\n\n<p>A venda direta ao p\u00fablico, pelos Produtores e o Get Together Profissional, com convidados profissionais do sector, permitem que em cada edi\u00e7\u00e3o haja ainda mais consumidores a descobrir vinhos fabulosos, difundindo cada vez mais o que de melhor se faz em Portugal. Fabulosos produtores pr\u00f3ximo de si .<\/p>\n\n\n\n<p><\/p>\n\n\n\n<p>Uma experi\u00eancia \u00fanica, que se vai replicar mais vezes ao longo de 2025!<\/p>\n\n\n\n<p><\/p>\n\n\n\n<p>Produ\u00e7\u00e3o by INSPIRE!<\/p>\n\n\n\n<p><\/p>\n\n\n\n<p><strong>Alguns dos Produtores presentes, esperem por mais algumas novidades \u2026<\/strong><\/p>\n\n\n\n<ul class=\"wp-block-list\">\n<li>Ant\u00f3nio Vilela Areia<\/li>\n\n\n\n<li>Carvalh\u00e3o Torto<\/li>\n\n\n\n<li>Cova da Raposa<\/li>\n\n\n\n<li>Morgado de Outiz<\/li>\n\n\n\n<li>Quinta das Corri\u00e7as<\/li>\n\n\n\n<li>Quintas de Sirlyn<\/li>\n\n\n\n<li>Quinta do Beijo<\/li>\n\n\n\n<li>Quinta da Plansel<\/li>\n\n\n\n<li>Quinta Ribeiro de Lima &#8211; Limas Wine Douro<\/li>\n\n\n\n<li>Quinta da Sanradela Velha<\/li>\n\n\n\n<li>Muros de Grade<\/li>\n\n\n\n<li>Villela Seca<\/li>\n\n\n\n<li>Casa da Urra, atrav\u00e9s da Rota de Baco<\/li>\n\n\n\n<li>Nabidh Portugal, \u201cfora do ninho\u201d traz-nos alguns produtores de vinhos do Velho Mundo \u2013 S\u00edria, Jord\u00e2nia, L\u00edbano<\/li>\n\n\n\n<li>Tr\u00e1sMonVinus trar\u00e1 os seus Produtores :<\/li>\n<\/ul>\n\n\n\n<p>Romano Cunha Wines<\/p>\n\n\n\n<p>Fernando Pinto<\/p>\n\n\n\n<p>Quinta do Salvante<\/p>\n\n\n\n<p>Orlando Pardelinha<\/p>\n\n\n\n<p>Encostas de Sonim<\/p>\n\n\n\n<p>De Sousa<\/p>\n\n\n\n<p>Maria Gins<\/p>\n\n\n\n<p>Quinta do Poldrado<\/p>\n\n\n\n<p>Palmeirim de Inglaterra<\/p>\n\n\n\n<p>Quinta de Marrocos<\/p>\n\n\n\n<p>Castro Menin \u2013 vinhos de autor de Espanha<\/p>\n\n\n\n<p><\/p>\n\n\n\n<p>Bilhetes \u00e0 venda nos locais usuais, atrav\u00e9s da Ticket Line. Compra antecipada, com desconto!<\/p>\n\n\n\n<p><\/p>\n\n\n\n<p>Para al\u00e9m dos produtores de vinhos encontrar\u00e1 tamb\u00e9m tapas e petiscos.<\/p>\n\n\n\n<p><\/p>\n\n\n\n<p><strong>Localiza\u00e7\u00e3o:<\/strong> Vila Gal\u00e9 Collection Braga<\/p>\n\n\n\n<p><\/p>\n\n\n\n<p>www.facebook.com\/vinhosadescobrir\u00a0<\/p>\n\n\n\n<p>www.instagram.com\/vinhosadescobrir<\/p>\n\n\n\n<p><a href=\"http:\/\/www.vinhosadescobrir.pt\">www.vinhosadescobrir.pt<\/a><\/p>\n","protected":false},"excerpt":{"rendered":"<p>E pela 1\u00aa vez estaremos em Braga! Sob o mote de S Valentim, numa edi\u00e7\u00e3o \u201cless is more\u201d, levamos a Braga cerca de 30 pequenos produtores, com os seus maravilhosos vinhos! Esta edi\u00e7\u00e3o decorrer\u00e1 no belo hotel Vila Gal\u00e9 Collection Braga, mesmo no centro da cidade! Bonito e rom\u00e2ntico, num&hellip;<\/p>\n","protected":false},"author":18,"featured_media":11139,"comment_status":"closed","ping_status":"open","sticky":false,"template":"","format":"standard","meta":{"advgb_blocks_editor_width":"","advgb_blocks_columns_visual_guide":"","_monsterinsights_skip_tracking":false,"_monsterinsights_sitenote_active":false,"_monsterinsights_sitenote_note":"","_monsterinsights_sitenote_category":0,"footnotes":""},"categories":[7],"tags":[429,2244,2245],"class_list":["post-11138","post","type-post","status-publish","format-standard","has-post-thumbnail","hentry","category-noticias","tag-braga","tag-dia-dos-namorados","tag-s-valentim"],"yoast_head":"<!-- This site is optimized with the Yoast SEO plugin v24.4 - https:\/\/yoast.com\/wordpress\/plugins\/seo\/ -->\n<title>Lover\u2019s Edition \u2013 Braga - Mais Magazine<\/title>\n<meta name=\"robots\" content=\"index, follow, max-snippet:-1, max-image-preview:large, max-video-preview:-1\" \/>\n<link rel=\"canonical\" href=\"https:\/\/maismagazine.pt\/index.php\/2025\/01\/16\/lovers-edition-braga\/\" \/>\n<meta property=\"og:locale\" content=\"pt_PT\" \/>\n<meta property=\"og:type\" content=\"article\" \/>\n<meta property=\"og:title\" content=\"Lover\u2019s Edition \u2013 Braga - Mais Magazine\" \/>\n<meta property=\"og:description\" content=\"E pela 1\u00aa vez estaremos em Braga! Sob o mote de S Valentim, numa edi\u00e7\u00e3o \u201cless is more\u201d, levamos a Braga cerca de 30 pequenos produtores, com os seus maravilhosos vinhos! Esta edi\u00e7\u00e3o decorrer\u00e1 no belo hotel Vila Gal\u00e9 Collection Braga, mesmo no centro da cidade! Bonito e rom\u00e2ntico, num&hellip;\" \/>\n<meta property=\"og:url\" content=\"https:\/\/maismagazine.pt\/index.php\/2025\/01\/16\/lovers-edition-braga\/\" \/>\n<meta property=\"og:site_name\" content=\"Mais Magazine\" \/>\n<meta property=\"article:published_time\" content=\"2025-01-16T11:59:36+00:00\" \/>\n<meta property=\"article:modified_time\" content=\"2025-01-16T11:59:40+00:00\" \/>\n<meta property=\"og:image\" content=\"https:\/\/maismagazine.pt\/wp-content\/uploads\/2025\/01\/Lovers-Edition-TL2.png\" \/>\n\t<meta property=\"og:image:width\" content=\"600\" \/>\n\t<meta property=\"og:image:height\" content=\"600\" \/>\n\t<meta property=\"og:image:type\" content=\"image\/png\" \/>\n<meta name=\"author\" content=\"Tatiana Martins\" \/>\n<meta name=\"twitter:card\" content=\"summary_large_image\" \/>\n<meta name=\"twitter:label1\" content=\"Escrito por\" \/>\n\t<meta name=\"twitter:data1\" content=\"\" \/>\n\t<meta name=\"twitter:label2\" content=\"Tempo estimado de leitura\" \/>\n\t<meta name=\"twitter:data2\" content=\"3 minutos\" \/>\n<script type=\"application\/ld+json\" class=\"yoast-schema-graph\">{\"@context\":\"https:\/\/schema.org\",\"@graph\":[{\"@type\":\"Article\",\"@id\":\"https:\/\/maismagazine.pt\/index.php\/2025\/01\/16\/lovers-edition-braga\/#article\",\"isPartOf\":{\"@id\":\"https:\/\/maismagazine.pt\/index.php\/2025\/01\/16\/lovers-edition-braga\/\"},\"author\":{\"name\":\"Tatiana Martins\",\"@id\":\"https:\/\/maismagazine.pt\/#\/schema\/person\/7426e2caeb8df32a1b56aa48dae778c9\"},\"headline\":\"Lover\u2019s Edition \u2013 Braga\",\"datePublished\":\"2025-01-16T11:59:36+00:00\",\"dateModified\":\"2025-01-16T11:59:40+00:00\",\"mainEntityOfPage\":{\"@id\":\"https:\/\/maismagazine.pt\/index.php\/2025\/01\/16\/lovers-edition-braga\/\"},\"wordCount\":370,\"publisher\":{\"@id\":\"https:\/\/maismagazine.pt\/#organization\"},\"image\":{\"@id\":\"https:\/\/maismagazine.pt\/index.php\/2025\/01\/16\/lovers-edition-braga\/#primaryimage\"},\"thumbnailUrl\":\"http:\/\/maismagazine.pt\/wp-content\/uploads\/2025\/01\/Lovers-Edition-TL2.png\",\"keywords\":[\"Braga\",\"Dia dos Namorados\",\"S Valentim\"],\"articleSection\":[\"Not\u00edcias\"],\"inLanguage\":\"pt-PT\"},{\"@type\":\"WebPage\",\"@id\":\"https:\/\/maismagazine.pt\/index.php\/2025\/01\/16\/lovers-edition-braga\/\",\"url\":\"https:\/\/maismagazine.pt\/index.php\/2025\/01\/16\/lovers-edition-braga\/\",\"name\":\"Lover\u2019s Edition \u2013 Braga - Mais Magazine\",\"isPartOf\":{\"@id\":\"https:\/\/maismagazine.pt\/#website\"},\"primaryImageOfPage\":{\"@id\":\"https:\/\/maismagazine.pt\/index.php\/2025\/01\/16\/lovers-edition-braga\/#primaryimage\"},\"image\":{\"@id\":\"https:\/\/maismagazine.pt\/index.php\/2025\/01\/16\/lovers-edition-braga\/#primaryimage\"},\"thumbnailUrl\":\"http:\/\/maismagazine.pt\/wp-content\/uploads\/2025\/01\/Lovers-Edition-TL2.png\",\"datePublished\":\"2025-01-16T11:59:36+00:00\",\"dateModified\":\"2025-01-16T11:59:40+00:00\",\"breadcrumb\":{\"@id\":\"https:\/\/maismagazine.pt\/index.php\/2025\/01\/16\/lovers-edition-braga\/#breadcrumb\"},\"inLanguage\":\"pt-PT\",\"potentialAction\":[{\"@type\":\"ReadAction\",\"target\":[\"https:\/\/maismagazine.pt\/index.php\/2025\/01\/16\/lovers-edition-braga\/\"]}]},{\"@type\":\"ImageObject\",\"inLanguage\":\"pt-PT\",\"@id\":\"https:\/\/maismagazine.pt\/index.php\/2025\/01\/16\/lovers-edition-braga\/#primaryimage\",\"url\":\"http:\/\/maismagazine.pt\/wp-content\/uploads\/2025\/01\/Lovers-Edition-TL2.png\",\"contentUrl\":\"http:\/\/maismagazine.pt\/wp-content\/uploads\/2025\/01\/Lovers-Edition-TL2.png\",\"width\":600,\"height\":600},{\"@type\":\"BreadcrumbList\",\"@id\":\"https:\/\/maismagazine.pt\/index.php\/2025\/01\/16\/lovers-edition-braga\/#breadcrumb\",\"itemListElement\":[{\"@type\":\"ListItem\",\"position\":1,\"name\":\"Home\",\"item\":\"https:\/\/maismagazine.pt\/\"},{\"@type\":\"ListItem\",\"position\":2,\"name\":\"Lover\u2019s Edition \u2013 Braga\"}]},{\"@type\":\"WebSite\",\"@id\":\"https:\/\/maismagazine.pt\/#website\",\"url\":\"https:\/\/maismagazine.pt\/\",\"name\":\"Mais Magazine\",\"description\":\"\",\"publisher\":{\"@id\":\"https:\/\/maismagazine.pt\/#organization\"},\"potentialAction\":[{\"@type\":\"SearchAction\",\"target\":{\"@type\":\"EntryPoint\",\"urlTemplate\":\"https:\/\/maismagazine.pt\/?s={search_term_string}\"},\"query-input\":{\"@type\":\"PropertyValueSpecification\",\"valueRequired\":true,\"valueName\":\"search_term_string\"}}],\"inLanguage\":\"pt-PT\"},{\"@type\":\"Organization\",\"@id\":\"https:\/\/maismagazine.pt\/#organization\",\"name\":\"Mais Magazine\",\"url\":\"https:\/\/maismagazine.pt\/\",\"logo\":{\"@type\":\"ImageObject\",\"inLanguage\":\"pt-PT\",\"@id\":\"https:\/\/maismagazine.pt\/#\/schema\/logo\/image\/\",\"url\":\"http:\/\/maismagazine.pt\/wp-content\/uploads\/2020\/04\/cropped-cropped-mais-magazine-site-logo-2.png\",\"contentUrl\":\"http:\/\/maismagazine.pt\/wp-content\/uploads\/2020\/04\/cropped-cropped-mais-magazine-site-logo-2.png\",\"width\":581,\"height\":90,\"caption\":\"Mais Magazine\"},\"image\":{\"@id\":\"https:\/\/maismagazine.pt\/#\/schema\/logo\/image\/\"}},{\"@type\":\"Person\",\"@id\":\"https:\/\/maismagazine.pt\/#\/schema\/person\/7426e2caeb8df32a1b56aa48dae778c9\",\"name\":\"Tatiana Martins\",\"image\":{\"@type\":\"ImageObject\",\"inLanguage\":\"pt-PT\",\"@id\":\"https:\/\/maismagazine.pt\/#\/schema\/person\/image\/\",\"url\":\"https:\/\/secure.gravatar.com\/avatar\/4b24a57f5d0425f2eb20981c4b53244e?s=96&d=mm&r=g\",\"contentUrl\":\"https:\/\/secure.gravatar.com\/avatar\/4b24a57f5d0425f2eb20981c4b53244e?s=96&d=mm&r=g\",\"caption\":\"Tatiana Martins\"},\"url\":\"http:\/\/maismagazine.pt\/index.php\/author\/tatiana\/\"}]}<\/script>\n<!-- \/ Yoast SEO plugin. -->","yoast_head_json":{"title":"Lover\u2019s Edition \u2013 Braga - Mais Magazine","robots":{"index":"index","follow":"follow","max-snippet":"max-snippet:-1","max-image-preview":"max-image-preview:large","max-video-preview":"max-video-preview:-1"},"canonical":"https:\/\/maismagazine.pt\/index.php\/2025\/01\/16\/lovers-edition-braga\/","og_locale":"pt_PT","og_type":"article","og_title":"Lover\u2019s Edition \u2013 Braga - Mais Magazine","og_description":"E pela 1\u00aa vez estaremos em Braga! Sob o mote de S Valentim, numa edi\u00e7\u00e3o \u201cless is more\u201d, levamos a Braga cerca de 30 pequenos produtores, com os seus maravilhosos vinhos! Esta edi\u00e7\u00e3o decorrer\u00e1 no belo hotel Vila Gal\u00e9 Collection Braga, mesmo no centro da cidade! Bonito e rom\u00e2ntico, num&hellip;","og_url":"https:\/\/maismagazine.pt\/index.php\/2025\/01\/16\/lovers-edition-braga\/","og_site_name":"Mais Magazine","article_published_time":"2025-01-16T11:59:36+00:00","article_modified_time":"2025-01-16T11:59:40+00:00","og_image":[{"width":600,"height":600,"url":"https:\/\/maismagazine.pt\/wp-content\/uploads\/2025\/01\/Lovers-Edition-TL2.png","type":"image\/png"}],"author":"Tatiana Martins","twitter_card":"summary_large_image","twitter_misc":{"Escrito por":false,"Tempo estimado de leitura":"3 minutos"},"schema":{"@context":"https:\/\/schema.org","@graph":[{"@type":"Article","@id":"https:\/\/maismagazine.pt\/index.php\/2025\/01\/16\/lovers-edition-braga\/#article","isPartOf":{"@id":"https:\/\/maismagazine.pt\/index.php\/2025\/01\/16\/lovers-edition-braga\/"},"author":{"name":"Tatiana Martins","@id":"https:\/\/maismagazine.pt\/#\/schema\/person\/7426e2caeb8df32a1b56aa48dae778c9"},"headline":"Lover\u2019s Edition \u2013 Braga","datePublished":"2025-01-16T11:59:36+00:00","dateModified":"2025-01-16T11:59:40+00:00","mainEntityOfPage":{"@id":"https:\/\/maismagazine.pt\/index.php\/2025\/01\/16\/lovers-edition-braga\/"},"wordCount":370,"publisher":{"@id":"https:\/\/maismagazine.pt\/#organization"},"image":{"@id":"https:\/\/maismagazine.pt\/index.php\/2025\/01\/16\/lovers-edition-braga\/#primaryimage"},"thumbnailUrl":"http:\/\/maismagazine.pt\/wp-content\/uploads\/2025\/01\/Lovers-Edition-TL2.png","keywords":["Braga","Dia dos Namorados","S Valentim"],"articleSection":["Not\u00edcias"],"inLanguage":"pt-PT"},{"@type":"WebPage","@id":"https:\/\/maismagazine.pt\/index.php\/2025\/01\/16\/lovers-edition-braga\/","url":"https:\/\/maismagazine.pt\/index.php\/2025\/01\/16\/lovers-edition-braga\/","name":"Lover\u2019s Edition \u2013 Braga - Mais Magazine","isPartOf":{"@id":"https:\/\/maismagazine.pt\/#website"},"primaryImageOfPage":{"@id":"https:\/\/maismagazine.pt\/index.php\/2025\/01\/16\/lovers-edition-braga\/#primaryimage"},"image":{"@id":"https:\/\/maismagazine.pt\/index.php\/2025\/01\/16\/lovers-edition-braga\/#primaryimage"},"thumbnailUrl":"http:\/\/maismagazine.pt\/wp-content\/uploads\/2025\/01\/Lovers-Edition-TL2.png","datePublished":"2025-01-16T11:59:36+00:00","dateModified":"2025-01-16T11:59:40+00:00","breadcrumb":{"@id":"https:\/\/maismagazine.pt\/index.php\/2025\/01\/16\/lovers-edition-braga\/#breadcrumb"},"inLanguage":"pt-PT","potentialAction":[{"@type":"ReadAction","target":["https:\/\/maismagazine.pt\/index.php\/2025\/01\/16\/lovers-edition-braga\/"]}]},{"@type":"ImageObject","inLanguage":"pt-PT","@id":"https:\/\/maismagazine.pt\/index.php\/2025\/01\/16\/lovers-edition-braga\/#primaryimage","url":"http:\/\/maismagazine.pt\/wp-content\/uploads\/2025\/01\/Lovers-Edition-TL2.png","contentUrl":"http:\/\/maismagazine.pt\/wp-content\/uploads\/2025\/01\/Lovers-Edition-TL2.png","width":600,"height":600},{"@type":"BreadcrumbList","@id":"https:\/\/maismagazine.pt\/index.php\/2025\/01\/16\/lovers-edition-braga\/#breadcrumb","itemListElement":[{"@type":"ListItem","position":1,"name":"Home","item":"https:\/\/maismagazine.pt\/"},{"@type":"ListItem","position":2,"name":"Lover\u2019s Edition \u2013 Braga"}]},{"@type":"WebSite","@id":"https:\/\/maismagazine.pt\/#website","url":"https:\/\/maismagazine.pt\/","name":"Mais Magazine","description":"","publisher":{"@id":"https:\/\/maismagazine.pt\/#organization"},"potentialAction":[{"@type":"SearchAction","target":{"@type":"EntryPoint","urlTemplate":"https:\/\/maismagazine.pt\/?s={search_term_string}"},"query-input":{"@type":"PropertyValueSpecification","valueRequired":true,"valueName":"search_term_string"}}],"inLanguage":"pt-PT"},{"@type":"Organization","@id":"https:\/\/maismagazine.pt\/#organization","name":"Mais Magazine","url":"https:\/\/maismagazine.pt\/","logo":{"@type":"ImageObject","inLanguage":"pt-PT","@id":"https:\/\/maismagazine.pt\/#\/schema\/logo\/image\/","url":"http:\/\/maismagazine.pt\/wp-content\/uploads\/2020\/04\/cropped-cropped-mais-magazine-site-logo-2.png","contentUrl":"http:\/\/maismagazine.pt\/wp-content\/uploads\/2020\/04\/cropped-cropped-mais-magazine-site-logo-2.png","width":581,"height":90,"caption":"Mais Magazine"},"image":{"@id":"https:\/\/maismagazine.pt\/#\/schema\/logo\/image\/"}},{"@type":"Person","@id":"https:\/\/maismagazine.pt\/#\/schema\/person\/7426e2caeb8df32a1b56aa48dae778c9","name":"Tatiana Martins","image":{"@type":"ImageObject","inLanguage":"pt-PT","@id":"https:\/\/maismagazine.pt\/#\/schema\/person\/image\/","url":"https:\/\/secure.gravatar.com\/avatar\/4b24a57f5d0425f2eb20981c4b53244e?s=96&d=mm&r=g","contentUrl":"https:\/\/secure.gravatar.com\/avatar\/4b24a57f5d0425f2eb20981c4b53244e?s=96&d=mm&r=g","caption":"Tatiana Martins"},"url":"http:\/\/maismagazine.pt\/index.php\/author\/tatiana\/"}]}},"author_meta":{"display_name":false,"author_link":"http:\/\/maismagazine.pt\/index.php\/author\/tatiana\/"},"featured_img":"http:\/\/maismagazine.pt\/wp-content\/uploads\/2025\/01\/Lovers-Edition-TL2-300x300.png","coauthors":[],"tax_additional":{"categories":{"linked":["<a href=\"http:\/\/maismagazine.pt\/index.php\/category\/noticias\/\" class=\"advgb-post-tax-term\">Not\u00edcias<\/a>"],"unlinked":["<span class=\"advgb-post-tax-term\">Not\u00edcias<\/span>"]},"tags":{"linked":["<a href=\"http:\/\/maismagazine.pt\/index.php\/category\/noticias\/\" class=\"advgb-post-tax-term\">Braga<\/a>","<a href=\"http:\/\/maismagazine.pt\/index.php\/category\/noticias\/\" class=\"advgb-post-tax-term\">Dia dos Namorados<\/a>","<a href=\"http:\/\/maismagazine.pt\/index.php\/category\/noticias\/\" class=\"advgb-post-tax-term\">S Valentim<\/a>"],"unlinked":["<span class=\"advgb-post-tax-term\">Braga<\/span>","<span class=\"advgb-post-tax-term\">Dia dos Namorados<\/span>","<span class=\"advgb-post-tax-term\">S Valentim<\/span>"]}},"comment_count":"0","relative_dates":{"created":"Posted 1 ano ago","modified":"Updated 1 ano ago"},"absolute_dates":{"created":"Posted on 16 de Janeiro, 2025","modified":"Updated on 16 de Janeiro, 2025"},"absolute_dates_time":{"created":"Posted on 16 de Janeiro, 2025 11:59","modified":"Updated on 16 de Janeiro, 2025 11:59"},"featured_img_caption":"","series_order":"","_links":{"self":[{"href":"http:\/\/maismagazine.pt\/index.php\/wp-json\/wp\/v2\/posts\/11138","targetHints":{"allow":["GET"]}}],"collection":[{"href":"http:\/\/maismagazine.pt\/index.php\/wp-json\/wp\/v2\/posts"}],"about":[{"href":"http:\/\/maismagazine.pt\/index.php\/wp-json\/wp\/v2\/types\/post"}],"author":[{"embeddable":true,"href":"http:\/\/maismagazine.pt\/index.php\/wp-json\/wp\/v2\/users\/18"}],"replies":[{"embeddable":true,"href":"http:\/\/maismagazine.pt\/index.php\/wp-json\/wp\/v2\/comments?post=11138"}],"version-history":[{"count":1,"href":"http:\/\/maismagazine.pt\/index.php\/wp-json\/wp\/v2\/posts\/11138\/revisions"}],"predecessor-version":[{"id":11140,"href":"http:\/\/maismagazine.pt\/index.php\/wp-json\/wp\/v2\/posts\/11138\/revisions\/11140"}],"wp:featuredmedia":[{"embeddable":true,"href":"http:\/\/maismagazine.pt\/index.php\/wp-json\/wp\/v2\/media\/11139"}],"wp:attachment":[{"href":"http:\/\/maismagazine.pt\/index.php\/wp-json\/wp\/v2\/media?parent=11138"}],"wp:term":[{"taxonomy":"category","embeddable":true,"href":"http:\/\/maismagazine.pt\/index.php\/wp-json\/wp\/v2\/categories?post=11138"},{"taxonomy":"post_tag","embeddable":true,"href":"http:\/\/maismagazine.pt\/index.php\/wp-json\/wp\/v2\/tags?post=11138"}],"curies":[{"name":"wp","href":"https:\/\/api.w.org\/{rel}","templated":true}]}}