{"id":11093,"date":"2024-12-20T07:00:00","date_gmt":"2024-12-20T07:00:00","guid":{"rendered":"https:\/\/maismagazine.pt\/?p=11093"},"modified":"2024-12-16T16:31:17","modified_gmt":"2024-12-16T16:31:17","slug":"novos-sabores-de-portugal-premiados-nos-thefork-awards","status":"publish","type":"post","link":"http:\/\/maismagazine.pt\/index.php\/2024\/12\/20\/novos-sabores-de-portugal-premiados-nos-thefork-awards\/","title":{"rendered":"Novos sabores de Portugal premiados nos TheFork Awards"},"content":{"rendered":"\n<p><strong>Foi num ambiente de grande sofistica\u00e7\u00e3o e requinte que se realizou, no Convento do Beato, em Lisboa, a primeira edi\u00e7\u00e3o dos TheFork Awards em Portugal, onde foram reconhecidos os restaurantes que abriram portas no \u00faltimo ano e que demonstraram padr\u00f5es de qualidade acima da m\u00e9dia. O evento, que juntou as principais figuras do setor gastron\u00f3mico em Portugal, permitiu \u201cdar maior visibilidade aos projetos de restaura\u00e7\u00e3o ainda numa fase embrion\u00e1ria\u201d, tal como conta \u00e0 Mais Magazine, S\u00e9rgio Sequeira, Country Manager Iberia do<a href=\"https:\/\/www.thefork.pt\/\"> TheFork<\/a>. <\/strong><\/p>\n\n\n\n<p><\/p>\n\n\n\n<p>O projeto TheFork tem ganho cada vez maior preponder\u00e2ncia no setor da restaura\u00e7\u00e3o n\u00e3o apenas em Portugal, como tamb\u00e9m pela Europa, gra\u00e7as \u00e0 sua miss\u00e3o de promover os restaurantes, aproxim\u00e1-los dos seus clientes e divulgar o melhor da gastronomia local. Assim, depois do sucesso em It\u00e1lia, Fran\u00e7a e Espanha, contando j\u00e1 com v\u00e1rias edi\u00e7\u00f5es, os TheFork Awards chegaram este ano a Portugal. Um galard\u00e3o diferenciado dos restantes deste setor, visto que d\u00e3o destaque apenas aos restaurantes que entraram no mercado nos \u00faltimos 12 meses e que ainda se encontram numa fase embrion\u00e1ria. \u201cEste \u00e9 um galard\u00e3o que se distingue dos restantes, porque se maioria dos pr\u00e9mios desta \u00e1rea s\u00e3o direcionados para todos os restaurantes, ainda que alguns sejam setoriais, os TheFork Awards destinam-se apenas aos projetos mais recentes e que se encontram ainda nos primeiros meses de atividade, onde existem maiores obst\u00e1culos e risco. Por isso mesmo, nesta fase a visibilidade extra que nos propomos a dar \u00e9 fundamental para o seu sucesso, dando-lhes um acr\u00e9scimo de procura\u201d, explica S\u00e9rgio Sequeira. <\/p>\n\n\n<div class=\"wp-block-image\">\n<figure class=\"aligncenter size-full is-resized\"><img loading=\"lazy\" decoding=\"async\" width=\"783\" height=\"522\" src=\"https:\/\/maismagazine.pt\/wp-content\/uploads\/2024\/12\/Sergio-Sequeira-Country-Manager-Iberia-do-TheFork.jpg\" alt=\"\" class=\"wp-image-11095\" style=\"aspect-ratio:1.5;width:480px;height:auto\" srcset=\"http:\/\/maismagazine.pt\/wp-content\/uploads\/2024\/12\/Sergio-Sequeira-Country-Manager-Iberia-do-TheFork.jpg 783w, http:\/\/maismagazine.pt\/wp-content\/uploads\/2024\/12\/Sergio-Sequeira-Country-Manager-Iberia-do-TheFork-300x200.jpg 300w, http:\/\/maismagazine.pt\/wp-content\/uploads\/2024\/12\/Sergio-Sequeira-Country-Manager-Iberia-do-TheFork-768x512.jpg 768w, http:\/\/maismagazine.pt\/wp-content\/uploads\/2024\/12\/Sergio-Sequeira-Country-Manager-Iberia-do-TheFork-150x100.jpg 150w\" sizes=\"auto, (max-width: 783px) 100vw, 783px\" \/><figcaption class=\"wp-element-caption\">S\u00e9rgio Sequeira, Country Manager Iberia do TheFork<\/figcaption><\/figure><\/div>\n\n\n<p><\/p>\n\n\n\n<p>A escolha dos 31 restaurantes nomeados e posterior elei\u00e7\u00e3o do grande vencedor surge atrav\u00e9s de uma din\u00e2mica \u201cmuito interessante que junta o conhecimento dos Chefs e a experi\u00eancia dos consumidores junto dos restaurantes\u201d. Numa primeira ase, 49 Chefs e seis grandes personalidades do panorama gastron\u00f3mico portugu\u00eas compuseram o j\u00fari que, usufruindo do seu vasto conhecimento no setor, nomeou os restaurantes a concurso, fazendo uma pr\u00e9-sele\u00e7\u00e3o onde foram identificados um conjunto de estabelecimentos com qualidade assinal\u00e1vel. Numa segunda fase, o concurso foi aberto unicamente ao p\u00fablico que teve a responsabilidade de eleger o grande vencedor da noite. \u201cPareceu-nos que a participa\u00e7\u00e3o do p\u00fablico era importante e conseguimos encontrar um conceito interessante onde, primeiro, os especialistas identificaram um grupo de restaurantes com qualidade e, depois, chega o reconhecimento do p\u00fablico\u201d, explica S\u00e9rgio Sequeira. <\/p>\n\n\n\n<p><\/p>\n\n\n\n<figure class=\"wp-block-gallery has-nested-images columns-default is-cropped wp-block-gallery-1 is-layout-flex wp-block-gallery-is-layout-flex\">\n<figure class=\"wp-block-image size-large\"><img loading=\"lazy\" decoding=\"async\" width=\"661\" height=\"440\" data-id=\"11100\" src=\"https:\/\/maismagazine.pt\/wp-content\/uploads\/2024\/12\/Evento-The-Fork-17.jpg\" alt=\"\" class=\"wp-image-11100\" srcset=\"http:\/\/maismagazine.pt\/wp-content\/uploads\/2024\/12\/Evento-The-Fork-17.jpg 661w, http:\/\/maismagazine.pt\/wp-content\/uploads\/2024\/12\/Evento-The-Fork-17-300x200.jpg 300w, http:\/\/maismagazine.pt\/wp-content\/uploads\/2024\/12\/Evento-The-Fork-17-150x100.jpg 150w\" sizes=\"auto, (max-width: 661px) 100vw, 661px\" \/><\/figure>\n\n\n\n<figure class=\"wp-block-image size-large\"><img loading=\"lazy\" decoding=\"async\" width=\"857\" height=\"571\" data-id=\"11099\" src=\"https:\/\/maismagazine.pt\/wp-content\/uploads\/2024\/12\/Evento-The-Fork-2.jpg\" alt=\"\" class=\"wp-image-11099\" srcset=\"http:\/\/maismagazine.pt\/wp-content\/uploads\/2024\/12\/Evento-The-Fork-2.jpg 857w, http:\/\/maismagazine.pt\/wp-content\/uploads\/2024\/12\/Evento-The-Fork-2-300x200.jpg 300w, http:\/\/maismagazine.pt\/wp-content\/uploads\/2024\/12\/Evento-The-Fork-2-768x512.jpg 768w, http:\/\/maismagazine.pt\/wp-content\/uploads\/2024\/12\/Evento-The-Fork-2-150x100.jpg 150w\" sizes=\"auto, (max-width: 857px) 100vw, 857px\" \/><\/figure>\n<\/figure>\n\n\n\n<p><\/p>\n\n\n\n<p><strong>Um evento aberto a todo o setor gastron\u00f3mico em Portugal<\/strong><\/p>\n\n\n\n<p>Ainda que Portugal tenha sido palco destes pr\u00e9mios gastron\u00f3micos pela primeira vez, S\u00e9rgio Sequeira n\u00e3o tem d\u00favidas do sucesso que esta iniciativa ter\u00e1 anualmente, promovendo os novos empreendimentos na restaura\u00e7\u00e3o e divulgando o melhor da gastronomia portuguesa. \u201cEm 2022, estive presente no lan\u00e7amento da primeira gala do TheFork Awards em Espanha, sendo que um restaurante saiu vencedor do People\u2019s Choice Award. No ano seguinte, durante a gala, encontrei-me com os donos desse mesmo espa\u00e7o e eles confidenciaram-me que depois de terem vencido este galard\u00e3o notaram maior visibilidade e um pico de procura fant\u00e1stico. Desta forma, temos verificado que somos percursores a identificar a qualidade, visto que muitos dos restaurantes nomeados, anos mais tarde, est\u00e3o a ser distinguidos de outras formas, como refer\u00eancias no Guia Michelin, o que s\u00f3 vem atestar a qualidade que foi identificada por n\u00f3s no in\u00edcio dos projetos. A miss\u00e3o destes pr\u00e9mios \u00e9 exatamente esta. Dar visibilidade n\u00e3o s\u00f3 aos vencedores, mas tamb\u00e9m a todos os nomeados, mesmo aos restaurantes que n\u00e3o trabalham com o TheFork. Um evento aberto a toda a restaura\u00e7\u00e3o de Portugal\u201d.Durante a gala dos TheFork Awards as mulheres estiveram em destaque, com o jantar da gala a ser preparado pelas chefs Justa Nobre, Ana Moura, Marlene Vieira e Sara Soares. Um menu criativo e composto por pratos que celebram a riqueza da gastronomia portuguesa e o talento feminino na cozinha portuguesa. \u201cQuando olhamos para a alta cozinha portuguesa verificamos que as mulheres ainda n\u00e3o t\u00eam um papel devidamente reconhecido. Portanto, decidimos dar este passo e dar tamb\u00e9m visibilidade ao talento nacional feminino que existe em Portugal\u201d, esclarece S\u00e9rgio Sequeira. <\/p>\n\n\n\n<p><\/p>\n\n\n\n<figure class=\"wp-block-gallery has-nested-images columns-default is-cropped wp-block-gallery-2 is-layout-flex wp-block-gallery-is-layout-flex\">\n<figure class=\"wp-block-image size-large\"><img loading=\"lazy\" decoding=\"async\" width=\"970\" height=\"646\" data-id=\"11102\" src=\"https:\/\/maismagazine.pt\/wp-content\/uploads\/2024\/12\/Cesar-Mourao-apresentador-dos-TheFork-Awards-junto-das-Chefs-Justa-Nobre-Marlene-Vieira-Sara-Soares-e-Ana-Moura.jpg\" alt=\"\" class=\"wp-image-11102\" srcset=\"http:\/\/maismagazine.pt\/wp-content\/uploads\/2024\/12\/Cesar-Mourao-apresentador-dos-TheFork-Awards-junto-das-Chefs-Justa-Nobre-Marlene-Vieira-Sara-Soares-e-Ana-Moura.jpg 970w, http:\/\/maismagazine.pt\/wp-content\/uploads\/2024\/12\/Cesar-Mourao-apresentador-dos-TheFork-Awards-junto-das-Chefs-Justa-Nobre-Marlene-Vieira-Sara-Soares-e-Ana-Moura-300x200.jpg 300w, http:\/\/maismagazine.pt\/wp-content\/uploads\/2024\/12\/Cesar-Mourao-apresentador-dos-TheFork-Awards-junto-das-Chefs-Justa-Nobre-Marlene-Vieira-Sara-Soares-e-Ana-Moura-768x511.jpg 768w, http:\/\/maismagazine.pt\/wp-content\/uploads\/2024\/12\/Cesar-Mourao-apresentador-dos-TheFork-Awards-junto-das-Chefs-Justa-Nobre-Marlene-Vieira-Sara-Soares-e-Ana-Moura-150x100.jpg 150w\" sizes=\"auto, (max-width: 970px) 100vw, 970px\" \/><figcaption class=\"wp-element-caption\">C\u00e9sar Mour\u00e3o, apresentador dos TheFork Awards, junto das Chefs Justa Nobre, Marlene Vieira, Sara Soares e Ana Moura<\/figcaption><\/figure>\n\n\n\n<figure class=\"wp-block-image size-large\"><img loading=\"lazy\" decoding=\"async\" width=\"604\" height=\"403\" data-id=\"11103\" src=\"https:\/\/maismagazine.pt\/wp-content\/uploads\/2024\/12\/Evento-The-Fork-7.jpg\" alt=\"\" class=\"wp-image-11103\" srcset=\"http:\/\/maismagazine.pt\/wp-content\/uploads\/2024\/12\/Evento-The-Fork-7.jpg 604w, http:\/\/maismagazine.pt\/wp-content\/uploads\/2024\/12\/Evento-The-Fork-7-300x200.jpg 300w, http:\/\/maismagazine.pt\/wp-content\/uploads\/2024\/12\/Evento-The-Fork-7-150x100.jpg 150w\" sizes=\"auto, (max-width: 604px) 100vw, 604px\" \/><\/figure>\n<\/figure>\n\n\n\n<p><\/p>\n\n\n\n<p>O restaurante \u00c0Costa by Olivier (Lisboa) foi consagrado com o cobi\u00e7ado Peo-ple\u2019s Choice Award, sendo que os restaurantes Petiscaria da Esquina (Lisboa), Nem Carne Nem Peixe (Porto), Taberna Sal Grosso (\u00c9vora), Oculto (Vila do Conde), \u00c1urea (Lisboa), Rural 150 (Valada do Ribatejo), Touta (Lisboa), Pata Gorda (Porto) e Canalha (Lisboa) comp\u00f5em a lista dos dez restaurantes mais votados pelo p\u00fablico. Durante a noite, foram ainda entregues alguns pr\u00e9mios especiais, sendo que o restaurante Lura (Bai\u00e3o) recebeu o galard\u00e3o Mundo Rural, que premeia os projetos localizados fora dos grandes centros urbanos; o Ciclo (Lisboa) recebeu o pr\u00e9mio Cozinha Sustent\u00e1vel, que destaca os espa\u00e7os com foco nas pr\u00e1ticas sustent\u00e1veis e responsabilidade ambiental; o Ryoshi (Lisboa) recebeu o galard\u00e3o Cozinha Contempor\u00e2nea, fruto da modernidade na cozinha; e o Bar Alimentar (Lisboa) foi distinguido com o Media Choice, escolhido por um grupo de jornalistas.  <\/p>\n\n\n\n<p><\/p>\n\n\n<div class=\"wp-block-image\">\n<figure class=\"aligncenter size-large is-resized\"><img loading=\"lazy\" decoding=\"async\" width=\"1024\" height=\"122\" src=\"https:\/\/maismagazine.pt\/wp-content\/uploads\/2024\/12\/Logo-TheFork-Awards-1024x122.png\" alt=\"\" class=\"wp-image-11104\" style=\"aspect-ratio:8.39344262295082;width:839px;height:auto\" srcset=\"http:\/\/maismagazine.pt\/wp-content\/uploads\/2024\/12\/Logo-TheFork-Awards-1024x122.png 1024w, http:\/\/maismagazine.pt\/wp-content\/uploads\/2024\/12\/Logo-TheFork-Awards-300x36.png 300w, http:\/\/maismagazine.pt\/wp-content\/uploads\/2024\/12\/Logo-TheFork-Awards-768x92.png 768w, http:\/\/maismagazine.pt\/wp-content\/uploads\/2024\/12\/Logo-TheFork-Awards.png 1451w\" sizes=\"auto, (max-width: 1024px) 100vw, 1024px\" \/><\/figure><\/div>","protected":false},"excerpt":{"rendered":"<p>Foi num ambiente de grande sofistica\u00e7\u00e3o e requinte que se realizou, no Convento do Beato, em Lisboa, a primeira edi\u00e7\u00e3o dos TheFork Awards em Portugal, onde foram reconhecidos os restaurantes que abriram portas no \u00faltimo ano e que demonstraram padr\u00f5es de qualidade acima da m\u00e9dia. O evento, que juntou as&hellip;<\/p>\n","protected":false},"author":17,"featured_media":11105,"comment_status":"closed","ping_status":"open","sticky":false,"template":"","format":"standard","meta":{"advgb_blocks_editor_width":"","advgb_blocks_columns_visual_guide":"","_monsterinsights_skip_tracking":false,"_monsterinsights_sitenote_active":false,"_monsterinsights_sitenote_note":"","_monsterinsights_sitenote_category":0,"footnotes":""},"categories":[1,50,53],"tags":[2239],"class_list":["post-11093","post","type-post","status-publish","format-standard","has-post-thumbnail","hentry","category-atualidade","category-destaques","category-turismo-restaurantes","tag-thefork-awards"],"yoast_head":"<!-- This site is optimized with the Yoast SEO plugin v24.4 - https:\/\/yoast.com\/wordpress\/plugins\/seo\/ -->\n<title>Novos sabores de Portugal premiados nos TheFork Awards - Mais Magazine<\/title>\n<meta name=\"description\" content=\"Foi num ambiente de grande sofistica\u00e7\u00e3o e requinte que se realizou, no Convento do Beato, em Lisboa, a primeira edi\u00e7\u00e3o dos TheFork Awards em Portugal, onde foram reconhecidos os restaurantes que abriram portas no \u00faltimo ano e que demonstraram padr\u00f5es de qualidade acima da m\u00e9dia. O evento, que juntou as principais figuras do setor gastron\u00f3mico em Portugal, permitiu \u201cdar maior visibilidade aos projetos de restaura\u00e7\u00e3o ainda numa fase embrion\u00e1ria\u201d, tal como conta \u00e0 Mais Magazine, S\u00e9rgio Sequeira, Country Manager Iberia do TheFork.\" \/>\n<meta name=\"robots\" content=\"index, follow, max-snippet:-1, max-image-preview:large, max-video-preview:-1\" \/>\n<link rel=\"canonical\" href=\"http:\/\/maismagazine.pt\/index.php\/2024\/12\/20\/novos-sabores-de-portugal-premiados-nos-thefork-awards\/\" \/>\n<meta property=\"og:locale\" content=\"pt_PT\" \/>\n<meta property=\"og:type\" content=\"article\" \/>\n<meta property=\"og:title\" content=\"Novos sabores de Portugal premiados nos TheFork Awards - Mais Magazine\" \/>\n<meta property=\"og:description\" content=\"Foi num ambiente de grande sofistica\u00e7\u00e3o e requinte que se realizou, no Convento do Beato, em Lisboa, a primeira edi\u00e7\u00e3o dos TheFork Awards em Portugal, onde foram reconhecidos os restaurantes que abriram portas no \u00faltimo ano e que demonstraram padr\u00f5es de qualidade acima da m\u00e9dia. O evento, que juntou as principais figuras do setor gastron\u00f3mico em Portugal, permitiu \u201cdar maior visibilidade aos projetos de restaura\u00e7\u00e3o ainda numa fase embrion\u00e1ria\u201d, tal como conta \u00e0 Mais Magazine, S\u00e9rgio Sequeira, Country Manager Iberia do TheFork.\" \/>\n<meta property=\"og:url\" content=\"http:\/\/maismagazine.pt\/index.php\/2024\/12\/20\/novos-sabores-de-portugal-premiados-nos-thefork-awards\/\" \/>\n<meta property=\"og:site_name\" content=\"Mais Magazine\" \/>\n<meta property=\"article:published_time\" content=\"2024-12-20T07:00:00+00:00\" \/>\n<meta property=\"og:image\" content=\"http:\/\/maismagazine.pt\/wp-content\/uploads\/2024\/12\/Evento-The-Fork-1.jpg\" \/>\n\t<meta property=\"og:image:width\" content=\"789\" \/>\n\t<meta property=\"og:image:height\" content=\"526\" \/>\n\t<meta property=\"og:image:type\" content=\"image\/jpeg\" \/>\n<meta name=\"author\" content=\"Tiago Costa\" \/>\n<meta name=\"twitter:card\" content=\"summary_large_image\" \/>\n<meta name=\"twitter:label1\" content=\"Escrito por\" \/>\n\t<meta name=\"twitter:data1\" content=\"\" \/>\n\t<meta name=\"twitter:label2\" content=\"Tempo estimado de leitura\" \/>\n\t<meta name=\"twitter:data2\" content=\"6 minutos\" \/>\n<script type=\"application\/ld+json\" class=\"yoast-schema-graph\">{\"@context\":\"https:\/\/schema.org\",\"@graph\":[{\"@type\":\"Article\",\"@id\":\"http:\/\/maismagazine.pt\/index.php\/2024\/12\/20\/novos-sabores-de-portugal-premiados-nos-thefork-awards\/#article\",\"isPartOf\":{\"@id\":\"http:\/\/maismagazine.pt\/index.php\/2024\/12\/20\/novos-sabores-de-portugal-premiados-nos-thefork-awards\/\"},\"author\":{\"name\":\"Tiago Costa\",\"@id\":\"https:\/\/maismagazine.pt\/#\/schema\/person\/c6c5bfccc886434cbd11c74e035f9646\"},\"headline\":\"Novos sabores de Portugal premiados nos TheFork Awards\",\"datePublished\":\"2024-12-20T07:00:00+00:00\",\"mainEntityOfPage\":{\"@id\":\"http:\/\/maismagazine.pt\/index.php\/2024\/12\/20\/novos-sabores-de-portugal-premiados-nos-thefork-awards\/\"},\"wordCount\":910,\"publisher\":{\"@id\":\"https:\/\/maismagazine.pt\/#organization\"},\"image\":{\"@id\":\"http:\/\/maismagazine.pt\/index.php\/2024\/12\/20\/novos-sabores-de-portugal-premiados-nos-thefork-awards\/#primaryimage\"},\"thumbnailUrl\":\"http:\/\/maismagazine.pt\/wp-content\/uploads\/2024\/12\/Evento-The-Fork-1.jpg\",\"keywords\":[\"TheFork Awards\"],\"articleSection\":[\"Atualidade\",\"Destaques\",\"Turismo | Vinhos | Gastronomia\"],\"inLanguage\":\"pt-PT\"},{\"@type\":\"WebPage\",\"@id\":\"http:\/\/maismagazine.pt\/index.php\/2024\/12\/20\/novos-sabores-de-portugal-premiados-nos-thefork-awards\/\",\"url\":\"http:\/\/maismagazine.pt\/index.php\/2024\/12\/20\/novos-sabores-de-portugal-premiados-nos-thefork-awards\/\",\"name\":\"Novos sabores de Portugal premiados nos TheFork Awards - Mais Magazine\",\"isPartOf\":{\"@id\":\"https:\/\/maismagazine.pt\/#website\"},\"primaryImageOfPage\":{\"@id\":\"http:\/\/maismagazine.pt\/index.php\/2024\/12\/20\/novos-sabores-de-portugal-premiados-nos-thefork-awards\/#primaryimage\"},\"image\":{\"@id\":\"http:\/\/maismagazine.pt\/index.php\/2024\/12\/20\/novos-sabores-de-portugal-premiados-nos-thefork-awards\/#primaryimage\"},\"thumbnailUrl\":\"http:\/\/maismagazine.pt\/wp-content\/uploads\/2024\/12\/Evento-The-Fork-1.jpg\",\"datePublished\":\"2024-12-20T07:00:00+00:00\",\"description\":\"Foi num ambiente de grande sofistica\u00e7\u00e3o e requinte que se realizou, no Convento do Beato, em Lisboa, a primeira edi\u00e7\u00e3o dos TheFork Awards em Portugal, onde foram reconhecidos os restaurantes que abriram portas no \u00faltimo ano e que demonstraram padr\u00f5es de qualidade acima da m\u00e9dia. O evento, que juntou as principais figuras do setor gastron\u00f3mico em Portugal, permitiu \u201cdar maior visibilidade aos projetos de restaura\u00e7\u00e3o ainda numa fase embrion\u00e1ria\u201d, tal como conta \u00e0 Mais Magazine, S\u00e9rgio Sequeira, Country Manager Iberia do TheFork.\",\"breadcrumb\":{\"@id\":\"http:\/\/maismagazine.pt\/index.php\/2024\/12\/20\/novos-sabores-de-portugal-premiados-nos-thefork-awards\/#breadcrumb\"},\"inLanguage\":\"pt-PT\",\"potentialAction\":[{\"@type\":\"ReadAction\",\"target\":[\"http:\/\/maismagazine.pt\/index.php\/2024\/12\/20\/novos-sabores-de-portugal-premiados-nos-thefork-awards\/\"]}]},{\"@type\":\"ImageObject\",\"inLanguage\":\"pt-PT\",\"@id\":\"http:\/\/maismagazine.pt\/index.php\/2024\/12\/20\/novos-sabores-de-portugal-premiados-nos-thefork-awards\/#primaryimage\",\"url\":\"http:\/\/maismagazine.pt\/wp-content\/uploads\/2024\/12\/Evento-The-Fork-1.jpg\",\"contentUrl\":\"http:\/\/maismagazine.pt\/wp-content\/uploads\/2024\/12\/Evento-The-Fork-1.jpg\",\"width\":789,\"height\":526,\"caption\":\"\u00a92024 Tiago Oliveira\"},{\"@type\":\"BreadcrumbList\",\"@id\":\"http:\/\/maismagazine.pt\/index.php\/2024\/12\/20\/novos-sabores-de-portugal-premiados-nos-thefork-awards\/#breadcrumb\",\"itemListElement\":[{\"@type\":\"ListItem\",\"position\":1,\"name\":\"Home\",\"item\":\"https:\/\/maismagazine.pt\/\"},{\"@type\":\"ListItem\",\"position\":2,\"name\":\"Novos sabores de Portugal premiados nos TheFork Awards\"}]},{\"@type\":\"WebSite\",\"@id\":\"https:\/\/maismagazine.pt\/#website\",\"url\":\"https:\/\/maismagazine.pt\/\",\"name\":\"Mais Magazine\",\"description\":\"\",\"publisher\":{\"@id\":\"https:\/\/maismagazine.pt\/#organization\"},\"potentialAction\":[{\"@type\":\"SearchAction\",\"target\":{\"@type\":\"EntryPoint\",\"urlTemplate\":\"https:\/\/maismagazine.pt\/?s={search_term_string}\"},\"query-input\":{\"@type\":\"PropertyValueSpecification\",\"valueRequired\":true,\"valueName\":\"search_term_string\"}}],\"inLanguage\":\"pt-PT\"},{\"@type\":\"Organization\",\"@id\":\"https:\/\/maismagazine.pt\/#organization\",\"name\":\"Mais Magazine\",\"url\":\"https:\/\/maismagazine.pt\/\",\"logo\":{\"@type\":\"ImageObject\",\"inLanguage\":\"pt-PT\",\"@id\":\"https:\/\/maismagazine.pt\/#\/schema\/logo\/image\/\",\"url\":\"http:\/\/maismagazine.pt\/wp-content\/uploads\/2020\/04\/cropped-cropped-mais-magazine-site-logo-2.png\",\"contentUrl\":\"http:\/\/maismagazine.pt\/wp-content\/uploads\/2020\/04\/cropped-cropped-mais-magazine-site-logo-2.png\",\"width\":581,\"height\":90,\"caption\":\"Mais Magazine\"},\"image\":{\"@id\":\"https:\/\/maismagazine.pt\/#\/schema\/logo\/image\/\"}},{\"@type\":\"Person\",\"@id\":\"https:\/\/maismagazine.pt\/#\/schema\/person\/c6c5bfccc886434cbd11c74e035f9646\",\"name\":\"Tiago Costa\",\"image\":{\"@type\":\"ImageObject\",\"inLanguage\":\"pt-PT\",\"@id\":\"https:\/\/maismagazine.pt\/#\/schema\/person\/image\/\",\"url\":\"https:\/\/secure.gravatar.com\/avatar\/c599b2bce16c9870429198cbad5ee022?s=96&d=mm&r=g\",\"contentUrl\":\"https:\/\/secure.gravatar.com\/avatar\/c599b2bce16c9870429198cbad5ee022?s=96&d=mm&r=g\",\"caption\":\"Tiago Costa\"},\"url\":\"http:\/\/maismagazine.pt\/index.php\/author\/tiago\/\"}]}<\/script>\n<!-- \/ Yoast SEO plugin. -->","yoast_head_json":{"title":"Novos sabores de Portugal premiados nos TheFork Awards - Mais Magazine","description":"Foi num ambiente de grande sofistica\u00e7\u00e3o e requinte que se realizou, no Convento do Beato, em Lisboa, a primeira edi\u00e7\u00e3o dos TheFork Awards em Portugal, onde foram reconhecidos os restaurantes que abriram portas no \u00faltimo ano e que demonstraram padr\u00f5es de qualidade acima da m\u00e9dia. O evento, que juntou as principais figuras do setor gastron\u00f3mico em Portugal, permitiu \u201cdar maior visibilidade aos projetos de restaura\u00e7\u00e3o ainda numa fase embrion\u00e1ria\u201d, tal como conta \u00e0 Mais Magazine, S\u00e9rgio Sequeira, Country Manager Iberia do TheFork.","robots":{"index":"index","follow":"follow","max-snippet":"max-snippet:-1","max-image-preview":"max-image-preview:large","max-video-preview":"max-video-preview:-1"},"canonical":"http:\/\/maismagazine.pt\/index.php\/2024\/12\/20\/novos-sabores-de-portugal-premiados-nos-thefork-awards\/","og_locale":"pt_PT","og_type":"article","og_title":"Novos sabores de Portugal premiados nos TheFork Awards - Mais Magazine","og_description":"Foi num ambiente de grande sofistica\u00e7\u00e3o e requinte que se realizou, no Convento do Beato, em Lisboa, a primeira edi\u00e7\u00e3o dos TheFork Awards em Portugal, onde foram reconhecidos os restaurantes que abriram portas no \u00faltimo ano e que demonstraram padr\u00f5es de qualidade acima da m\u00e9dia. O evento, que juntou as principais figuras do setor gastron\u00f3mico em Portugal, permitiu \u201cdar maior visibilidade aos projetos de restaura\u00e7\u00e3o ainda numa fase embrion\u00e1ria\u201d, tal como conta \u00e0 Mais Magazine, S\u00e9rgio Sequeira, Country Manager Iberia do TheFork.","og_url":"http:\/\/maismagazine.pt\/index.php\/2024\/12\/20\/novos-sabores-de-portugal-premiados-nos-thefork-awards\/","og_site_name":"Mais Magazine","article_published_time":"2024-12-20T07:00:00+00:00","og_image":[{"width":789,"height":526,"url":"http:\/\/maismagazine.pt\/wp-content\/uploads\/2024\/12\/Evento-The-Fork-1.jpg","type":"image\/jpeg"}],"author":"Tiago Costa","twitter_card":"summary_large_image","twitter_misc":{"Escrito por":false,"Tempo estimado de leitura":"6 minutos"},"schema":{"@context":"https:\/\/schema.org","@graph":[{"@type":"Article","@id":"http:\/\/maismagazine.pt\/index.php\/2024\/12\/20\/novos-sabores-de-portugal-premiados-nos-thefork-awards\/#article","isPartOf":{"@id":"http:\/\/maismagazine.pt\/index.php\/2024\/12\/20\/novos-sabores-de-portugal-premiados-nos-thefork-awards\/"},"author":{"name":"Tiago Costa","@id":"https:\/\/maismagazine.pt\/#\/schema\/person\/c6c5bfccc886434cbd11c74e035f9646"},"headline":"Novos sabores de Portugal premiados nos TheFork Awards","datePublished":"2024-12-20T07:00:00+00:00","mainEntityOfPage":{"@id":"http:\/\/maismagazine.pt\/index.php\/2024\/12\/20\/novos-sabores-de-portugal-premiados-nos-thefork-awards\/"},"wordCount":910,"publisher":{"@id":"https:\/\/maismagazine.pt\/#organization"},"image":{"@id":"http:\/\/maismagazine.pt\/index.php\/2024\/12\/20\/novos-sabores-de-portugal-premiados-nos-thefork-awards\/#primaryimage"},"thumbnailUrl":"http:\/\/maismagazine.pt\/wp-content\/uploads\/2024\/12\/Evento-The-Fork-1.jpg","keywords":["TheFork Awards"],"articleSection":["Atualidade","Destaques","Turismo | Vinhos | Gastronomia"],"inLanguage":"pt-PT"},{"@type":"WebPage","@id":"http:\/\/maismagazine.pt\/index.php\/2024\/12\/20\/novos-sabores-de-portugal-premiados-nos-thefork-awards\/","url":"http:\/\/maismagazine.pt\/index.php\/2024\/12\/20\/novos-sabores-de-portugal-premiados-nos-thefork-awards\/","name":"Novos sabores de Portugal premiados nos TheFork Awards - Mais Magazine","isPartOf":{"@id":"https:\/\/maismagazine.pt\/#website"},"primaryImageOfPage":{"@id":"http:\/\/maismagazine.pt\/index.php\/2024\/12\/20\/novos-sabores-de-portugal-premiados-nos-thefork-awards\/#primaryimage"},"image":{"@id":"http:\/\/maismagazine.pt\/index.php\/2024\/12\/20\/novos-sabores-de-portugal-premiados-nos-thefork-awards\/#primaryimage"},"thumbnailUrl":"http:\/\/maismagazine.pt\/wp-content\/uploads\/2024\/12\/Evento-The-Fork-1.jpg","datePublished":"2024-12-20T07:00:00+00:00","description":"Foi num ambiente de grande sofistica\u00e7\u00e3o e requinte que se realizou, no Convento do Beato, em Lisboa, a primeira edi\u00e7\u00e3o dos TheFork Awards em Portugal, onde foram reconhecidos os restaurantes que abriram portas no \u00faltimo ano e que demonstraram padr\u00f5es de qualidade acima da m\u00e9dia. O evento, que juntou as principais figuras do setor gastron\u00f3mico em Portugal, permitiu \u201cdar maior visibilidade aos projetos de restaura\u00e7\u00e3o ainda numa fase embrion\u00e1ria\u201d, tal como conta \u00e0 Mais Magazine, S\u00e9rgio Sequeira, Country Manager Iberia do TheFork.","breadcrumb":{"@id":"http:\/\/maismagazine.pt\/index.php\/2024\/12\/20\/novos-sabores-de-portugal-premiados-nos-thefork-awards\/#breadcrumb"},"inLanguage":"pt-PT","potentialAction":[{"@type":"ReadAction","target":["http:\/\/maismagazine.pt\/index.php\/2024\/12\/20\/novos-sabores-de-portugal-premiados-nos-thefork-awards\/"]}]},{"@type":"ImageObject","inLanguage":"pt-PT","@id":"http:\/\/maismagazine.pt\/index.php\/2024\/12\/20\/novos-sabores-de-portugal-premiados-nos-thefork-awards\/#primaryimage","url":"http:\/\/maismagazine.pt\/wp-content\/uploads\/2024\/12\/Evento-The-Fork-1.jpg","contentUrl":"http:\/\/maismagazine.pt\/wp-content\/uploads\/2024\/12\/Evento-The-Fork-1.jpg","width":789,"height":526,"caption":"\u00a92024 Tiago Oliveira"},{"@type":"BreadcrumbList","@id":"http:\/\/maismagazine.pt\/index.php\/2024\/12\/20\/novos-sabores-de-portugal-premiados-nos-thefork-awards\/#breadcrumb","itemListElement":[{"@type":"ListItem","position":1,"name":"Home","item":"https:\/\/maismagazine.pt\/"},{"@type":"ListItem","position":2,"name":"Novos sabores de Portugal premiados nos TheFork Awards"}]},{"@type":"WebSite","@id":"https:\/\/maismagazine.pt\/#website","url":"https:\/\/maismagazine.pt\/","name":"Mais Magazine","description":"","publisher":{"@id":"https:\/\/maismagazine.pt\/#organization"},"potentialAction":[{"@type":"SearchAction","target":{"@type":"EntryPoint","urlTemplate":"https:\/\/maismagazine.pt\/?s={search_term_string}"},"query-input":{"@type":"PropertyValueSpecification","valueRequired":true,"valueName":"search_term_string"}}],"inLanguage":"pt-PT"},{"@type":"Organization","@id":"https:\/\/maismagazine.pt\/#organization","name":"Mais Magazine","url":"https:\/\/maismagazine.pt\/","logo":{"@type":"ImageObject","inLanguage":"pt-PT","@id":"https:\/\/maismagazine.pt\/#\/schema\/logo\/image\/","url":"http:\/\/maismagazine.pt\/wp-content\/uploads\/2020\/04\/cropped-cropped-mais-magazine-site-logo-2.png","contentUrl":"http:\/\/maismagazine.pt\/wp-content\/uploads\/2020\/04\/cropped-cropped-mais-magazine-site-logo-2.png","width":581,"height":90,"caption":"Mais Magazine"},"image":{"@id":"https:\/\/maismagazine.pt\/#\/schema\/logo\/image\/"}},{"@type":"Person","@id":"https:\/\/maismagazine.pt\/#\/schema\/person\/c6c5bfccc886434cbd11c74e035f9646","name":"Tiago Costa","image":{"@type":"ImageObject","inLanguage":"pt-PT","@id":"https:\/\/maismagazine.pt\/#\/schema\/person\/image\/","url":"https:\/\/secure.gravatar.com\/avatar\/c599b2bce16c9870429198cbad5ee022?s=96&d=mm&r=g","contentUrl":"https:\/\/secure.gravatar.com\/avatar\/c599b2bce16c9870429198cbad5ee022?s=96&d=mm&r=g","caption":"Tiago Costa"},"url":"http:\/\/maismagazine.pt\/index.php\/author\/tiago\/"}]}},"author_meta":{"display_name":false,"author_link":"http:\/\/maismagazine.pt\/index.php\/author\/tiago\/"},"featured_img":"http:\/\/maismagazine.pt\/wp-content\/uploads\/2024\/12\/Evento-The-Fork-1-300x200.jpg","coauthors":[],"tax_additional":{"categories":{"linked":["<a href=\"http:\/\/maismagazine.pt\/index.php\/category\/atualidade\/\" class=\"advgb-post-tax-term\">Atualidade<\/a>","<a href=\"http:\/\/maismagazine.pt\/index.php\/category\/destaques\/\" class=\"advgb-post-tax-term\">Destaques<\/a>","<a href=\"http:\/\/maismagazine.pt\/index.php\/category\/turismo-restaurantes\/\" class=\"advgb-post-tax-term\">Turismo | Vinhos | Gastronomia<\/a>"],"unlinked":["<span class=\"advgb-post-tax-term\">Atualidade<\/span>","<span class=\"advgb-post-tax-term\">Destaques<\/span>","<span class=\"advgb-post-tax-term\">Turismo | Vinhos | Gastronomia<\/span>"]},"tags":{"linked":["<a href=\"http:\/\/maismagazine.pt\/index.php\/category\/turismo-restaurantes\/\" class=\"advgb-post-tax-term\">TheFork Awards<\/a>"],"unlinked":["<span class=\"advgb-post-tax-term\">TheFork Awards<\/span>"]}},"comment_count":"0","relative_dates":{"created":"Posted 1 ano ago","modified":"Updated 1 ano ago"},"absolute_dates":{"created":"Posted on 20 de Dezembro, 2024","modified":"Updated on 16 de Dezembro, 2024"},"absolute_dates_time":{"created":"Posted on 20 de Dezembro, 2024 7:00","modified":"Updated on 16 de Dezembro, 2024 16:31"},"featured_img_caption":"\u00a92024 Tiago Oliveira","series_order":"","_links":{"self":[{"href":"http:\/\/maismagazine.pt\/index.php\/wp-json\/wp\/v2\/posts\/11093","targetHints":{"allow":["GET"]}}],"collection":[{"href":"http:\/\/maismagazine.pt\/index.php\/wp-json\/wp\/v2\/posts"}],"about":[{"href":"http:\/\/maismagazine.pt\/index.php\/wp-json\/wp\/v2\/types\/post"}],"author":[{"embeddable":true,"href":"http:\/\/maismagazine.pt\/index.php\/wp-json\/wp\/v2\/users\/17"}],"replies":[{"embeddable":true,"href":"http:\/\/maismagazine.pt\/index.php\/wp-json\/wp\/v2\/comments?post=11093"}],"version-history":[{"count":1,"href":"http:\/\/maismagazine.pt\/index.php\/wp-json\/wp\/v2\/posts\/11093\/revisions"}],"predecessor-version":[{"id":11106,"href":"http:\/\/maismagazine.pt\/index.php\/wp-json\/wp\/v2\/posts\/11093\/revisions\/11106"}],"wp:featuredmedia":[{"embeddable":true,"href":"http:\/\/maismagazine.pt\/index.php\/wp-json\/wp\/v2\/media\/11105"}],"wp:attachment":[{"href":"http:\/\/maismagazine.pt\/index.php\/wp-json\/wp\/v2\/media?parent=11093"}],"wp:term":[{"taxonomy":"category","embeddable":true,"href":"http:\/\/maismagazine.pt\/index.php\/wp-json\/wp\/v2\/categories?post=11093"},{"taxonomy":"post_tag","embeddable":true,"href":"http:\/\/maismagazine.pt\/index.php\/wp-json\/wp\/v2\/tags?post=11093"}],"curies":[{"name":"wp","href":"https:\/\/api.w.org\/{rel}","templated":true}]}}