{"id":11063,"date":"2024-12-20T07:00:00","date_gmt":"2024-12-20T07:00:00","guid":{"rendered":"https:\/\/maismagazine.pt\/?p=11063"},"modified":"2024-12-16T16:08:06","modified_gmt":"2024-12-16T16:08:06","slug":"inovacao-e-investimento-em-tecnologia-e-conforto-para-o-doente","status":"publish","type":"post","link":"http:\/\/maismagazine.pt\/index.php\/2024\/12\/20\/inovacao-e-investimento-em-tecnologia-e-conforto-para-o-doente\/","title":{"rendered":"Inova\u00e7\u00e3o e investimento em tecnologia e conforto para o doente"},"content":{"rendered":"\n<p>\u201cQuando se trabalha e o seu fruto \u00e9 vis\u00edvel, fica-nos uma sensa\u00e7\u00e3o do dever cumprido e todo o nosso ser se transforma num aut\u00eantico manancial de ideias que v\u00e3o sendo cada vez mais inovadoras, mais criativas, num devir (transforma\u00e7\u00e3o) constante.<\/p>\n\n\n\n<p><\/p>\n\n\n\n<p>Esse trabalho torna-se ainda mais motivador quando temos equipas unidas, empenhadas, todas no mesmo caminho, tornando esta institui\u00e7\u00e3o sempre maior e mais qualificada. Esta tem sido a minha constata\u00e7\u00e3o ao longo do tempo nesta minha fun\u00e7\u00e3o de Provedor. Temos feito tudo para dar o conforto suficiente a esta nobre gente, utentes e doentes que funcionam como o cora\u00e7\u00e3o desta nossa j\u00e1 grande casa. Tenho sido incans\u00e1vel para pagar os sal\u00e1rios dentro dos prazos legais para que cada um possa contar com o fruto do seu trabalho para satisfazer as suas necessidades financeiras.<\/p>\n\n\n\n<p><\/p>\n\n\n\n<p>Completamos 25 anos em que a Miseric\u00f3rdia recuperou, em 1997\/98, o Hospital que tinha sido nacionalizado pelo Estado no per\u00edodo do 25 de Abril de 1974 e que tinha sido fundado pela Miseric\u00f3rdia em 1947. Este mal\u00e9fico per\u00edodo deitou por terra todos os projetos que vinham a ser desenvolvidos, causando um retrocesso sem precedentes, deixando o pr\u00f3prio edif\u00edcio completamente degradado.<\/p>\n\n\n\n<p><\/p>\n\n\n\n<p>Este per\u00edodo, ap\u00f3s a desnacionaliza\u00e7\u00e3o, no in\u00edcio do nosso mandato, at\u00e9 aos dias de hoje, gra\u00e7as a Deus, t\u00eam sido anos de progressos infind\u00e1veis, podendo afirmar que, hoje, temos um hospital que compete com os melhores, com in\u00fameras val\u00eancias e com excelentes profissionais de sa\u00fade e de tantos outros que mant\u00eam esta m\u00e1quina a funcionar com toda a efici\u00eancia. Al\u00e9m de equipamentos, de exames, blocos operat\u00f3rios, consult\u00f3rios, an\u00e1lises cl\u00ednicas, gabinetes&#8230;. Temos um edif\u00edcio de topo e atendemos cerca de 3 mil pessoas por dia.<\/p>\n\n\n\n<p><\/p>\n\n\n\n<p>Uma palavra de agradecimento aos Profissionais de Sa\u00fade. M\u00e9dicos incans\u00e1veis no empenho, enfermeiros e todos os t\u00e9cnicos. Um muito obriga- do, n\u00e3o s\u00f3 em nome da SCMVV, mas dos doentes.<\/p>\n\n\n\n<p><\/p>\n\n\n\n<p>Termino, agradecendo ao Presidente Dr. Manuel Lemos e \u00e0 Uni\u00e3o das Miseric\u00f3rdias de Portugal todo o apoio, mas n\u00e3o posso deixar de agradecer \u00e0 C\u00e2mara Municipal de Vila Verde, na pessoa da Sra. Presidente, Dra. J\u00falia Fernandes, por todo o aux\u00edlio que nos tem prestado e aos seus t\u00e9cnicos e a todo o pessoal que nos tem ajudado nesta luta constante\u201d.<\/p>\n\n\n\n<p><\/p>\n\n\n\n<p><\/p>\n\n\n\n<h2 class=\"wp-block-heading has-text-align-center\">Hospital da Santa Casa de Vila Verde:<\/h2>\n\n\n\n<h2 class=\"wp-block-heading has-text-align-center\">Uma unidade de sa\u00fade de excel\u00eancia<\/h2>\n\n\n\n<p><strong>O Hospital da Santa Casa da Miseric\u00f3rdia de Vila Verde \u00e9 uma refer\u00eancia na sa\u00fade em Portugal e um expoente da afirma\u00e7\u00e3o do concelho de Vila Verde como territ\u00f3rio de excel\u00eancia na miss\u00e3o de bem-fazer.<\/strong><\/p>\n\n\n<div class=\"wp-block-image\">\n<figure class=\"aligncenter size-large is-resized\"><img loading=\"lazy\" decoding=\"async\" width=\"1024\" height=\"683\" src=\"https:\/\/maismagazine.pt\/wp-content\/uploads\/2024\/12\/Fachada-Hospital-1-1024x683.jpg\" alt=\"\" class=\"wp-image-11072\" style=\"aspect-ratio:1.499267935578331;width:484px;height:auto\" srcset=\"http:\/\/maismagazine.pt\/wp-content\/uploads\/2024\/12\/Fachada-Hospital-1-1024x683.jpg 1024w, http:\/\/maismagazine.pt\/wp-content\/uploads\/2024\/12\/Fachada-Hospital-1-300x200.jpg 300w, http:\/\/maismagazine.pt\/wp-content\/uploads\/2024\/12\/Fachada-Hospital-1-768x512.jpg 768w, http:\/\/maismagazine.pt\/wp-content\/uploads\/2024\/12\/Fachada-Hospital-1-1536x1024.jpg 1536w, http:\/\/maismagazine.pt\/wp-content\/uploads\/2024\/12\/Fachada-Hospital-1-2048x1366.jpg 2048w, http:\/\/maismagazine.pt\/wp-content\/uploads\/2024\/12\/Fachada-Hospital-1-150x100.jpg 150w\" sizes=\"auto, (max-width: 1024px) 100vw, 1024px\" \/><figcaption class=\"wp-element-caption\">Fachada Hospital<\/figcaption><\/figure><\/div>\n\n\n<p><strong>&#8220;Aderimos ao Plano e Emerg\u00eancia M\u00e9dica com a cria\u00e7\u00e3o do C.A.C 24 horas\/365 dias por ano para receber doentes das urg\u00eancias centrais e ao Plano de Curto Prazo da Melhoria do Acesso a Cirurgia N\u00e3o Oncol\u00f3gica&#8221;<\/strong><\/p>\n\n\n\n<p>Provedor Bento Morai<\/p>\n\n\n\n<p><\/p>\n\n\n\n<p>Dotado de equipamento de \u00faltima tec-nologia e uma equipa de profissionais de excel\u00eancia, \u00e9 uma unidade de sa\u00fade com todas as especialidades e exames, com acordos com seguros, subsistemas, ADSE e Servi\u00e7o Nacional de Sa\u00fade.<\/p>\n\n\n<div class=\"wp-block-image\">\n<figure class=\"alignleft size-large is-resized\"><img loading=\"lazy\" decoding=\"async\" width=\"1024\" height=\"498\" src=\"https:\/\/maismagazine.pt\/wp-content\/uploads\/2024\/12\/Nova-maquina-TC-1-1024x498.jpg\" alt=\"\" class=\"wp-image-11075\" style=\"aspect-ratio:2.0562248995983934;width:325px;height:auto\" srcset=\"http:\/\/maismagazine.pt\/wp-content\/uploads\/2024\/12\/Nova-maquina-TC-1-1024x498.jpg 1024w, http:\/\/maismagazine.pt\/wp-content\/uploads\/2024\/12\/Nova-maquina-TC-1-300x146.jpg 300w, http:\/\/maismagazine.pt\/wp-content\/uploads\/2024\/12\/Nova-maquina-TC-1-768x373.jpg 768w, http:\/\/maismagazine.pt\/wp-content\/uploads\/2024\/12\/Nova-maquina-TC-1.jpg 1080w\" sizes=\"auto, (max-width: 1024px) 100vw, 1024px\" \/><figcaption class=\"wp-element-caption\">Nova m\u00e1quina TC<\/figcaption><\/figure><\/div>\n\n\n<p>Possui um centro de imagiologia ao n\u00edvel dos melhores do pa\u00eds, com a Resson\u00e2ncia Magn\u00e9tica que se destaca pela sua inova\u00e7\u00e3o. Ecografias, Mamografias, ECG \u0301s, Ecocar-diogramas, Provas de Esfor\u00e7o s\u00e3o feitas por t\u00e9cnicos experientes e m\u00e9dicos com experi\u00eancia que d\u00e3o garantias na avalia\u00e7\u00e3o da doen\u00e7a.<\/p>\n\n\n\n<p><\/p>\n\n\n\n<p>O Bloco do Hospital da Miseric\u00f3rdia de Vila Verde \u00e9 uma estrutura dotada de meios humanos excelentes, nas mais diversas \u00e1reas de atividade, com profissionais altamente qualificados, dedicados e que centralizam no doente toda a sua aten\u00e7\u00e3o e saber. Em termos estruturais e tecnol\u00f3gicos estamos dotados de equipamentos de \u00faltima gera\u00e7\u00e3o, procurando fornecer o melhor suporte tecnol\u00f3gico poss\u00edvel, \u00e0 diferencia\u00e7\u00e3o cient\u00edfico-t\u00e9cnica das nossas equipas m\u00e9dico-cir\u00fargicas.<\/p>\n\n\n\n<p><\/p>\n\n\n\n<p>Tem laborat\u00f3rio de an\u00e1lises, servi\u00e7o de Fisioterapia, Servi\u00e7o de Atendimento Permanente (SAP) 24 horas aberto, Gastro, Oftalmologia, Ortopedia e \u00e9 certificado pela norma Iso9001 e pela Entidade Reguladora da Sa\u00fade assumindo um papel fundamental na regi\u00e3o e no pa\u00eds na \u00e1rea da sa\u00fade. <\/p>\n\n\n\n<p><\/p>\n\n\n\n<p>Os 25 anos deste hospital, ao servi\u00e7o da comunidade, pautam-se por um cont\u00ednuo investimento na melhoria da sua organiza\u00e7\u00e3o, na inova\u00e7\u00e3o e no apetrechamento das m\u00faltiplas especialidades, para um servi\u00e7o de excel\u00eancia tamb\u00e9m assente na valoriza\u00e7\u00e3o dos seus recursos humanos de reconhecida abnega\u00e7\u00e3o e dedica\u00e7\u00e3o a um servi\u00e7o fulcral para a qualidade de vida das pessoas.<\/p>\n\n\n<div class=\"wp-block-image\">\n<figure class=\"alignright size-large is-resized\"><img loading=\"lazy\" decoding=\"async\" width=\"1024\" height=\"683\" src=\"https:\/\/maismagazine.pt\/wp-content\/uploads\/2024\/12\/Hospital-Vila-Verde--1024x683.jpg\" alt=\"\" class=\"wp-image-11077\" style=\"aspect-ratio:1.499267935578331;width:355px;height:auto\" srcset=\"http:\/\/maismagazine.pt\/wp-content\/uploads\/2024\/12\/Hospital-Vila-Verde--1024x683.jpg 1024w, http:\/\/maismagazine.pt\/wp-content\/uploads\/2024\/12\/Hospital-Vila-Verde--300x200.jpg 300w, http:\/\/maismagazine.pt\/wp-content\/uploads\/2024\/12\/Hospital-Vila-Verde--768x512.jpg 768w, http:\/\/maismagazine.pt\/wp-content\/uploads\/2024\/12\/Hospital-Vila-Verde--1536x1024.jpg 1536w, http:\/\/maismagazine.pt\/wp-content\/uploads\/2024\/12\/Hospital-Vila-Verde--2048x1365.jpg 2048w, http:\/\/maismagazine.pt\/wp-content\/uploads\/2024\/12\/Hospital-Vila-Verde--150x100.jpg 150w\" sizes=\"auto, (max-width: 1024px) 100vw, 1024px\" \/><figcaption class=\"wp-element-caption\">Hospital Vila Verde<\/figcaption><\/figure><\/div>\n\n\n<p>Com um edif\u00edcio moderno e com arquitetura futurista \u00e9 dotado de internamento com instala\u00e7\u00f5es de topo, com TV Cabo, Internet e Climatiza\u00e7\u00e3o num ambiente calmo e com uma equipa dedicada e experiente. Para mais informa\u00e7\u00f5es ligue 253310123 ou visite o site www.hospitalvilaverde.pt <\/p>\n\n\n\n<p><\/p>\n\n\n\n<p>\u201cAderimos ao Plano e Emerg\u00eancia M\u00e9dica com a cria\u00e7\u00e3o do C.A.C 24 horas\/365 dias por ano para receber doentes das urg\u00eancias centrais e ao Plano de Curto Prazo da Melhoria do Acesso a Cirurgia N\u00e3o Oncol\u00f3gica\u201d, refere o Provedor Bento Morais. <\/p>\n\n\n\n<p><\/p>\n\n\n\n<p>Nesta quadra natal\u00edcia a Santa Casa de Vila Verde deseja a todos os seus dirigentes, irm\u00e3os, doentes, utentes, crian\u00e7as, familiares, amigos, fornecedores e benfeitores umas boas festas. <\/p>\n\n\n\n<p><\/p>\n\n\n\n<p><\/p>\n\n\n\n<p><\/p>\n","protected":false},"excerpt":{"rendered":"<p>\u201cQuando se trabalha e o seu fruto \u00e9 vis\u00edvel, fica-nos uma sensa\u00e7\u00e3o do dever cumprido e todo o nosso ser se transforma num aut\u00eantico manancial de ideias que v\u00e3o sendo cada vez mais inovadoras, mais criativas, num devir (transforma\u00e7\u00e3o) constante. Esse trabalho torna-se ainda mais motivador quando temos equipas unidas,&hellip;<\/p>\n","protected":false},"author":18,"featured_media":11066,"comment_status":"closed","ping_status":"open","sticky":false,"template":"","format":"standard","meta":{"advgb_blocks_editor_width":"","advgb_blocks_columns_visual_guide":"","_monsterinsights_skip_tracking":false,"_monsterinsights_sitenote_active":false,"_monsterinsights_sitenote_note":"","_monsterinsights_sitenote_category":0,"footnotes":""},"categories":[313],"tags":[2236,872],"class_list":["post-11063","post","type-post","status-publish","format-standard","has-post-thumbnail","hentry","category-saude","tag-santa-casa-da-misericordia-de-vila-verde","tag-vila-verde"],"yoast_head":"<!-- This site is optimized with the Yoast SEO plugin v24.4 - https:\/\/yoast.com\/wordpress\/plugins\/seo\/ -->\n<title>Inova\u00e7\u00e3o e investimento em tecnologia e conforto para o doente - Mais Magazine<\/title>\n<meta name=\"robots\" content=\"index, follow, max-snippet:-1, max-image-preview:large, max-video-preview:-1\" \/>\n<link rel=\"canonical\" href=\"https:\/\/maismagazine.pt\/index.php\/2024\/12\/20\/inovacao-e-investimento-em-tecnologia-e-conforto-para-o-doente\/\" \/>\n<meta property=\"og:locale\" content=\"pt_PT\" \/>\n<meta property=\"og:type\" content=\"article\" \/>\n<meta property=\"og:title\" content=\"Inova\u00e7\u00e3o e investimento em tecnologia e conforto para o doente - Mais Magazine\" \/>\n<meta property=\"og:description\" content=\"\u201cQuando se trabalha e o seu fruto \u00e9 vis\u00edvel, fica-nos uma sensa\u00e7\u00e3o do dever cumprido e todo o nosso ser se transforma num aut\u00eantico manancial de ideias que v\u00e3o sendo cada vez mais inovadoras, mais criativas, num devir (transforma\u00e7\u00e3o) constante. Esse trabalho torna-se ainda mais motivador quando temos equipas unidas,&hellip;\" \/>\n<meta property=\"og:url\" content=\"https:\/\/maismagazine.pt\/index.php\/2024\/12\/20\/inovacao-e-investimento-em-tecnologia-e-conforto-para-o-doente\/\" \/>\n<meta property=\"og:site_name\" content=\"Mais Magazine\" \/>\n<meta property=\"article:published_time\" content=\"2024-12-20T07:00:00+00:00\" \/>\n<meta property=\"og:image\" content=\"https:\/\/maismagazine.pt\/wp-content\/uploads\/2024\/12\/Provedor-Fachada-1.jpg\" \/>\n\t<meta property=\"og:image:width\" content=\"1241\" \/>\n\t<meta property=\"og:image:height\" content=\"897\" \/>\n\t<meta property=\"og:image:type\" content=\"image\/jpeg\" \/>\n<meta name=\"author\" content=\"Tatiana Martins\" \/>\n<meta name=\"twitter:card\" content=\"summary_large_image\" \/>\n<meta name=\"twitter:label1\" content=\"Escrito por\" \/>\n\t<meta name=\"twitter:data1\" content=\"\" \/>\n\t<meta name=\"twitter:label2\" content=\"Tempo estimado de leitura\" \/>\n\t<meta name=\"twitter:data2\" content=\"6 minutos\" \/>\n<script type=\"application\/ld+json\" class=\"yoast-schema-graph\">{\"@context\":\"https:\/\/schema.org\",\"@graph\":[{\"@type\":\"Article\",\"@id\":\"https:\/\/maismagazine.pt\/index.php\/2024\/12\/20\/inovacao-e-investimento-em-tecnologia-e-conforto-para-o-doente\/#article\",\"isPartOf\":{\"@id\":\"https:\/\/maismagazine.pt\/index.php\/2024\/12\/20\/inovacao-e-investimento-em-tecnologia-e-conforto-para-o-doente\/\"},\"author\":{\"name\":\"Tatiana Martins\",\"@id\":\"https:\/\/maismagazine.pt\/#\/schema\/person\/7426e2caeb8df32a1b56aa48dae778c9\"},\"headline\":\"Inova\u00e7\u00e3o e investimento em tecnologia e conforto para o doente\",\"datePublished\":\"2024-12-20T07:00:00+00:00\",\"mainEntityOfPage\":{\"@id\":\"https:\/\/maismagazine.pt\/index.php\/2024\/12\/20\/inovacao-e-investimento-em-tecnologia-e-conforto-para-o-doente\/\"},\"wordCount\":939,\"publisher\":{\"@id\":\"https:\/\/maismagazine.pt\/#organization\"},\"image\":{\"@id\":\"https:\/\/maismagazine.pt\/index.php\/2024\/12\/20\/inovacao-e-investimento-em-tecnologia-e-conforto-para-o-doente\/#primaryimage\"},\"thumbnailUrl\":\"http:\/\/maismagazine.pt\/wp-content\/uploads\/2024\/12\/Provedor-Fachada-1.jpg\",\"keywords\":[\"Santa Casa da Miseric\u00f3rdia de Vila Verde\",\"Vila Verde\"],\"articleSection\":[\"Sa\u00fade\"],\"inLanguage\":\"pt-PT\"},{\"@type\":\"WebPage\",\"@id\":\"https:\/\/maismagazine.pt\/index.php\/2024\/12\/20\/inovacao-e-investimento-em-tecnologia-e-conforto-para-o-doente\/\",\"url\":\"https:\/\/maismagazine.pt\/index.php\/2024\/12\/20\/inovacao-e-investimento-em-tecnologia-e-conforto-para-o-doente\/\",\"name\":\"Inova\u00e7\u00e3o e investimento em tecnologia e conforto para o doente - Mais Magazine\",\"isPartOf\":{\"@id\":\"https:\/\/maismagazine.pt\/#website\"},\"primaryImageOfPage\":{\"@id\":\"https:\/\/maismagazine.pt\/index.php\/2024\/12\/20\/inovacao-e-investimento-em-tecnologia-e-conforto-para-o-doente\/#primaryimage\"},\"image\":{\"@id\":\"https:\/\/maismagazine.pt\/index.php\/2024\/12\/20\/inovacao-e-investimento-em-tecnologia-e-conforto-para-o-doente\/#primaryimage\"},\"thumbnailUrl\":\"http:\/\/maismagazine.pt\/wp-content\/uploads\/2024\/12\/Provedor-Fachada-1.jpg\",\"datePublished\":\"2024-12-20T07:00:00+00:00\",\"breadcrumb\":{\"@id\":\"https:\/\/maismagazine.pt\/index.php\/2024\/12\/20\/inovacao-e-investimento-em-tecnologia-e-conforto-para-o-doente\/#breadcrumb\"},\"inLanguage\":\"pt-PT\",\"potentialAction\":[{\"@type\":\"ReadAction\",\"target\":[\"https:\/\/maismagazine.pt\/index.php\/2024\/12\/20\/inovacao-e-investimento-em-tecnologia-e-conforto-para-o-doente\/\"]}]},{\"@type\":\"ImageObject\",\"inLanguage\":\"pt-PT\",\"@id\":\"https:\/\/maismagazine.pt\/index.php\/2024\/12\/20\/inovacao-e-investimento-em-tecnologia-e-conforto-para-o-doente\/#primaryimage\",\"url\":\"http:\/\/maismagazine.pt\/wp-content\/uploads\/2024\/12\/Provedor-Fachada-1.jpg\",\"contentUrl\":\"http:\/\/maismagazine.pt\/wp-content\/uploads\/2024\/12\/Provedor-Fachada-1.jpg\",\"width\":1241,\"height\":897},{\"@type\":\"BreadcrumbList\",\"@id\":\"https:\/\/maismagazine.pt\/index.php\/2024\/12\/20\/inovacao-e-investimento-em-tecnologia-e-conforto-para-o-doente\/#breadcrumb\",\"itemListElement\":[{\"@type\":\"ListItem\",\"position\":1,\"name\":\"Home\",\"item\":\"https:\/\/maismagazine.pt\/\"},{\"@type\":\"ListItem\",\"position\":2,\"name\":\"Inova\u00e7\u00e3o e investimento em tecnologia e conforto para o doente\"}]},{\"@type\":\"WebSite\",\"@id\":\"https:\/\/maismagazine.pt\/#website\",\"url\":\"https:\/\/maismagazine.pt\/\",\"name\":\"Mais Magazine\",\"description\":\"\",\"publisher\":{\"@id\":\"https:\/\/maismagazine.pt\/#organization\"},\"potentialAction\":[{\"@type\":\"SearchAction\",\"target\":{\"@type\":\"EntryPoint\",\"urlTemplate\":\"https:\/\/maismagazine.pt\/?s={search_term_string}\"},\"query-input\":{\"@type\":\"PropertyValueSpecification\",\"valueRequired\":true,\"valueName\":\"search_term_string\"}}],\"inLanguage\":\"pt-PT\"},{\"@type\":\"Organization\",\"@id\":\"https:\/\/maismagazine.pt\/#organization\",\"name\":\"Mais Magazine\",\"url\":\"https:\/\/maismagazine.pt\/\",\"logo\":{\"@type\":\"ImageObject\",\"inLanguage\":\"pt-PT\",\"@id\":\"https:\/\/maismagazine.pt\/#\/schema\/logo\/image\/\",\"url\":\"http:\/\/maismagazine.pt\/wp-content\/uploads\/2020\/04\/cropped-cropped-mais-magazine-site-logo-2.png\",\"contentUrl\":\"http:\/\/maismagazine.pt\/wp-content\/uploads\/2020\/04\/cropped-cropped-mais-magazine-site-logo-2.png\",\"width\":581,\"height\":90,\"caption\":\"Mais Magazine\"},\"image\":{\"@id\":\"https:\/\/maismagazine.pt\/#\/schema\/logo\/image\/\"}},{\"@type\":\"Person\",\"@id\":\"https:\/\/maismagazine.pt\/#\/schema\/person\/7426e2caeb8df32a1b56aa48dae778c9\",\"name\":\"Tatiana Martins\",\"image\":{\"@type\":\"ImageObject\",\"inLanguage\":\"pt-PT\",\"@id\":\"https:\/\/maismagazine.pt\/#\/schema\/person\/image\/\",\"url\":\"https:\/\/secure.gravatar.com\/avatar\/4b24a57f5d0425f2eb20981c4b53244e?s=96&d=mm&r=g\",\"contentUrl\":\"https:\/\/secure.gravatar.com\/avatar\/4b24a57f5d0425f2eb20981c4b53244e?s=96&d=mm&r=g\",\"caption\":\"Tatiana Martins\"},\"url\":\"http:\/\/maismagazine.pt\/index.php\/author\/tatiana\/\"}]}<\/script>\n<!-- \/ Yoast SEO plugin. -->","yoast_head_json":{"title":"Inova\u00e7\u00e3o e investimento em tecnologia e conforto para o doente - Mais Magazine","robots":{"index":"index","follow":"follow","max-snippet":"max-snippet:-1","max-image-preview":"max-image-preview:large","max-video-preview":"max-video-preview:-1"},"canonical":"https:\/\/maismagazine.pt\/index.php\/2024\/12\/20\/inovacao-e-investimento-em-tecnologia-e-conforto-para-o-doente\/","og_locale":"pt_PT","og_type":"article","og_title":"Inova\u00e7\u00e3o e investimento em tecnologia e conforto para o doente - Mais Magazine","og_description":"\u201cQuando se trabalha e o seu fruto \u00e9 vis\u00edvel, fica-nos uma sensa\u00e7\u00e3o do dever cumprido e todo o nosso ser se transforma num aut\u00eantico manancial de ideias que v\u00e3o sendo cada vez mais inovadoras, mais criativas, num devir (transforma\u00e7\u00e3o) constante. Esse trabalho torna-se ainda mais motivador quando temos equipas unidas,&hellip;","og_url":"https:\/\/maismagazine.pt\/index.php\/2024\/12\/20\/inovacao-e-investimento-em-tecnologia-e-conforto-para-o-doente\/","og_site_name":"Mais Magazine","article_published_time":"2024-12-20T07:00:00+00:00","og_image":[{"width":1241,"height":897,"url":"https:\/\/maismagazine.pt\/wp-content\/uploads\/2024\/12\/Provedor-Fachada-1.jpg","type":"image\/jpeg"}],"author":"Tatiana Martins","twitter_card":"summary_large_image","twitter_misc":{"Escrito por":false,"Tempo estimado de leitura":"6 minutos"},"schema":{"@context":"https:\/\/schema.org","@graph":[{"@type":"Article","@id":"https:\/\/maismagazine.pt\/index.php\/2024\/12\/20\/inovacao-e-investimento-em-tecnologia-e-conforto-para-o-doente\/#article","isPartOf":{"@id":"https:\/\/maismagazine.pt\/index.php\/2024\/12\/20\/inovacao-e-investimento-em-tecnologia-e-conforto-para-o-doente\/"},"author":{"name":"Tatiana Martins","@id":"https:\/\/maismagazine.pt\/#\/schema\/person\/7426e2caeb8df32a1b56aa48dae778c9"},"headline":"Inova\u00e7\u00e3o e investimento em tecnologia e conforto para o doente","datePublished":"2024-12-20T07:00:00+00:00","mainEntityOfPage":{"@id":"https:\/\/maismagazine.pt\/index.php\/2024\/12\/20\/inovacao-e-investimento-em-tecnologia-e-conforto-para-o-doente\/"},"wordCount":939,"publisher":{"@id":"https:\/\/maismagazine.pt\/#organization"},"image":{"@id":"https:\/\/maismagazine.pt\/index.php\/2024\/12\/20\/inovacao-e-investimento-em-tecnologia-e-conforto-para-o-doente\/#primaryimage"},"thumbnailUrl":"http:\/\/maismagazine.pt\/wp-content\/uploads\/2024\/12\/Provedor-Fachada-1.jpg","keywords":["Santa Casa da Miseric\u00f3rdia de Vila Verde","Vila Verde"],"articleSection":["Sa\u00fade"],"inLanguage":"pt-PT"},{"@type":"WebPage","@id":"https:\/\/maismagazine.pt\/index.php\/2024\/12\/20\/inovacao-e-investimento-em-tecnologia-e-conforto-para-o-doente\/","url":"https:\/\/maismagazine.pt\/index.php\/2024\/12\/20\/inovacao-e-investimento-em-tecnologia-e-conforto-para-o-doente\/","name":"Inova\u00e7\u00e3o e investimento em tecnologia e conforto para o doente - Mais Magazine","isPartOf":{"@id":"https:\/\/maismagazine.pt\/#website"},"primaryImageOfPage":{"@id":"https:\/\/maismagazine.pt\/index.php\/2024\/12\/20\/inovacao-e-investimento-em-tecnologia-e-conforto-para-o-doente\/#primaryimage"},"image":{"@id":"https:\/\/maismagazine.pt\/index.php\/2024\/12\/20\/inovacao-e-investimento-em-tecnologia-e-conforto-para-o-doente\/#primaryimage"},"thumbnailUrl":"http:\/\/maismagazine.pt\/wp-content\/uploads\/2024\/12\/Provedor-Fachada-1.jpg","datePublished":"2024-12-20T07:00:00+00:00","breadcrumb":{"@id":"https:\/\/maismagazine.pt\/index.php\/2024\/12\/20\/inovacao-e-investimento-em-tecnologia-e-conforto-para-o-doente\/#breadcrumb"},"inLanguage":"pt-PT","potentialAction":[{"@type":"ReadAction","target":["https:\/\/maismagazine.pt\/index.php\/2024\/12\/20\/inovacao-e-investimento-em-tecnologia-e-conforto-para-o-doente\/"]}]},{"@type":"ImageObject","inLanguage":"pt-PT","@id":"https:\/\/maismagazine.pt\/index.php\/2024\/12\/20\/inovacao-e-investimento-em-tecnologia-e-conforto-para-o-doente\/#primaryimage","url":"http:\/\/maismagazine.pt\/wp-content\/uploads\/2024\/12\/Provedor-Fachada-1.jpg","contentUrl":"http:\/\/maismagazine.pt\/wp-content\/uploads\/2024\/12\/Provedor-Fachada-1.jpg","width":1241,"height":897},{"@type":"BreadcrumbList","@id":"https:\/\/maismagazine.pt\/index.php\/2024\/12\/20\/inovacao-e-investimento-em-tecnologia-e-conforto-para-o-doente\/#breadcrumb","itemListElement":[{"@type":"ListItem","position":1,"name":"Home","item":"https:\/\/maismagazine.pt\/"},{"@type":"ListItem","position":2,"name":"Inova\u00e7\u00e3o e investimento em tecnologia e conforto para o doente"}]},{"@type":"WebSite","@id":"https:\/\/maismagazine.pt\/#website","url":"https:\/\/maismagazine.pt\/","name":"Mais Magazine","description":"","publisher":{"@id":"https:\/\/maismagazine.pt\/#organization"},"potentialAction":[{"@type":"SearchAction","target":{"@type":"EntryPoint","urlTemplate":"https:\/\/maismagazine.pt\/?s={search_term_string}"},"query-input":{"@type":"PropertyValueSpecification","valueRequired":true,"valueName":"search_term_string"}}],"inLanguage":"pt-PT"},{"@type":"Organization","@id":"https:\/\/maismagazine.pt\/#organization","name":"Mais Magazine","url":"https:\/\/maismagazine.pt\/","logo":{"@type":"ImageObject","inLanguage":"pt-PT","@id":"https:\/\/maismagazine.pt\/#\/schema\/logo\/image\/","url":"http:\/\/maismagazine.pt\/wp-content\/uploads\/2020\/04\/cropped-cropped-mais-magazine-site-logo-2.png","contentUrl":"http:\/\/maismagazine.pt\/wp-content\/uploads\/2020\/04\/cropped-cropped-mais-magazine-site-logo-2.png","width":581,"height":90,"caption":"Mais Magazine"},"image":{"@id":"https:\/\/maismagazine.pt\/#\/schema\/logo\/image\/"}},{"@type":"Person","@id":"https:\/\/maismagazine.pt\/#\/schema\/person\/7426e2caeb8df32a1b56aa48dae778c9","name":"Tatiana Martins","image":{"@type":"ImageObject","inLanguage":"pt-PT","@id":"https:\/\/maismagazine.pt\/#\/schema\/person\/image\/","url":"https:\/\/secure.gravatar.com\/avatar\/4b24a57f5d0425f2eb20981c4b53244e?s=96&d=mm&r=g","contentUrl":"https:\/\/secure.gravatar.com\/avatar\/4b24a57f5d0425f2eb20981c4b53244e?s=96&d=mm&r=g","caption":"Tatiana Martins"},"url":"http:\/\/maismagazine.pt\/index.php\/author\/tatiana\/"}]}},"author_meta":{"display_name":false,"author_link":"http:\/\/maismagazine.pt\/index.php\/author\/tatiana\/"},"featured_img":"http:\/\/maismagazine.pt\/wp-content\/uploads\/2024\/12\/Provedor-Fachada-1-300x217.jpg","coauthors":[],"tax_additional":{"categories":{"linked":["<a href=\"http:\/\/maismagazine.pt\/index.php\/category\/mundo-empresarial\/saude\/\" class=\"advgb-post-tax-term\">Sa\u00fade<\/a>"],"unlinked":["<span class=\"advgb-post-tax-term\">Sa\u00fade<\/span>"]},"tags":{"linked":["<a href=\"http:\/\/maismagazine.pt\/index.php\/category\/mundo-empresarial\/saude\/\" class=\"advgb-post-tax-term\">Santa Casa da Miseric\u00f3rdia de Vila Verde<\/a>","<a href=\"http:\/\/maismagazine.pt\/index.php\/category\/mundo-empresarial\/saude\/\" class=\"advgb-post-tax-term\">Vila Verde<\/a>"],"unlinked":["<span class=\"advgb-post-tax-term\">Santa Casa da Miseric\u00f3rdia de Vila Verde<\/span>","<span class=\"advgb-post-tax-term\">Vila Verde<\/span>"]}},"comment_count":"0","relative_dates":{"created":"Posted 1 ano ago","modified":"Updated 1 ano ago"},"absolute_dates":{"created":"Posted on 20 de Dezembro, 2024","modified":"Updated on 16 de Dezembro, 2024"},"absolute_dates_time":{"created":"Posted on 20 de Dezembro, 2024 7:00","modified":"Updated on 16 de Dezembro, 2024 16:08"},"featured_img_caption":"","series_order":"","_links":{"self":[{"href":"http:\/\/maismagazine.pt\/index.php\/wp-json\/wp\/v2\/posts\/11063","targetHints":{"allow":["GET"]}}],"collection":[{"href":"http:\/\/maismagazine.pt\/index.php\/wp-json\/wp\/v2\/posts"}],"about":[{"href":"http:\/\/maismagazine.pt\/index.php\/wp-json\/wp\/v2\/types\/post"}],"author":[{"embeddable":true,"href":"http:\/\/maismagazine.pt\/index.php\/wp-json\/wp\/v2\/users\/18"}],"replies":[{"embeddable":true,"href":"http:\/\/maismagazine.pt\/index.php\/wp-json\/wp\/v2\/comments?post=11063"}],"version-history":[{"count":1,"href":"http:\/\/maismagazine.pt\/index.php\/wp-json\/wp\/v2\/posts\/11063\/revisions"}],"predecessor-version":[{"id":11078,"href":"http:\/\/maismagazine.pt\/index.php\/wp-json\/wp\/v2\/posts\/11063\/revisions\/11078"}],"wp:featuredmedia":[{"embeddable":true,"href":"http:\/\/maismagazine.pt\/index.php\/wp-json\/wp\/v2\/media\/11066"}],"wp:attachment":[{"href":"http:\/\/maismagazine.pt\/index.php\/wp-json\/wp\/v2\/media?parent=11063"}],"wp:term":[{"taxonomy":"category","embeddable":true,"href":"http:\/\/maismagazine.pt\/index.php\/wp-json\/wp\/v2\/categories?post=11063"},{"taxonomy":"post_tag","embeddable":true,"href":"http:\/\/maismagazine.pt\/index.php\/wp-json\/wp\/v2\/tags?post=11063"}],"curies":[{"name":"wp","href":"https:\/\/api.w.org\/{rel}","templated":true}]}}