{"id":11001,"date":"2024-12-20T07:00:00","date_gmt":"2024-12-20T07:00:00","guid":{"rendered":"https:\/\/maismagazine.pt\/?p=11001"},"modified":"2024-12-16T15:25:20","modified_gmt":"2024-12-16T15:25:20","slug":"porsche-porto","status":"publish","type":"post","link":"http:\/\/maismagazine.pt\/index.php\/2024\/12\/20\/porsche-porto\/","title":{"rendered":"Porsche Porto"},"content":{"rendered":"\n<p><strong>O novo Taycan totalmente el\u00e9trico!<\/strong><\/p>\n\n\n\n<p><\/p>\n\n\n\n<p>Porqu\u00ea andar quando se pode voar?<\/p>\n\n\n\n<p><\/p>\n\n\n\n<p>Com o novo Porsche Taycan totalmente el\u00e9trico, conduza em dire\u00e7\u00e3o ao futuro. Explore estradas sinuosas ou navegue pela cidade com liberdade e desempenho!<\/p>\n\n\n\n<p><\/p>\n\n\n\n<p><strong>Centro Porsche Porto<\/strong><\/p>\n\n\n\n<p>Rua Manuel Pinto de Azevedo, 414 4100-320 Porto \u00b7 Portugal<\/p>\n\n\n\n<p>Tel: +351 226 167 280 (Chamada para rede fixa nacional)<\/p>\n","protected":false},"excerpt":{"rendered":"<p>O novo Taycan totalmente el\u00e9trico! Porqu\u00ea andar quando se pode voar? Com o novo Porsche Taycan totalmente el\u00e9trico, conduza em dire\u00e7\u00e3o ao futuro. Explore estradas sinuosas ou navegue pela cidade com liberdade e desempenho! Centro Porsche Porto Rua Manuel Pinto de Azevedo, 414 4100-320 Porto \u00b7 Portugal Tel: +351 226&hellip;<\/p>\n","protected":false},"author":17,"featured_media":11006,"comment_status":"closed","ping_status":"open","sticky":false,"template":"","format":"standard","meta":{"advgb_blocks_editor_width":"","advgb_blocks_columns_visual_guide":"","_monsterinsights_skip_tracking":false,"_monsterinsights_sitenote_active":false,"_monsterinsights_sitenote_note":"","_monsterinsights_sitenote_category":0,"footnotes":""},"categories":[161,79],"tags":[2221],"class_list":["post-11001","post","type-post","status-publish","format-standard","has-post-thumbnail","hentry","category-mundo-empresarial","category-tecnologia-e-inovacao","tag-porsche-porto"],"yoast_head":"<!-- This site is optimized with the Yoast SEO plugin v24.4 - https:\/\/yoast.com\/wordpress\/plugins\/seo\/ -->\n<title>Porsche Porto - Mais Magazine<\/title>\n<meta name=\"description\" content=\"O novo Taycan totalmente el\u00e9trico!\" \/>\n<meta name=\"robots\" content=\"index, follow, max-snippet:-1, max-image-preview:large, max-video-preview:-1\" \/>\n<link rel=\"canonical\" href=\"http:\/\/maismagazine.pt\/index.php\/2024\/12\/20\/porsche-porto\/\" \/>\n<meta property=\"og:locale\" content=\"pt_PT\" \/>\n<meta property=\"og:type\" content=\"article\" \/>\n<meta property=\"og:title\" content=\"Porsche Porto - Mais Magazine\" \/>\n<meta property=\"og:description\" content=\"O novo Taycan totalmente el\u00e9trico!\" \/>\n<meta property=\"og:url\" content=\"http:\/\/maismagazine.pt\/index.php\/2024\/12\/20\/porsche-porto\/\" \/>\n<meta property=\"og:site_name\" content=\"Mais Magazine\" \/>\n<meta property=\"article:published_time\" content=\"2024-12-20T07:00:00+00:00\" \/>\n<meta property=\"og:image\" content=\"http:\/\/maismagazine.pt\/wp-content\/uploads\/2024\/12\/464918310_973996588106050_4856721395671316358_n.jpg\" \/>\n\t<meta property=\"og:image:width\" content=\"1709\" \/>\n\t<meta property=\"og:image:height\" content=\"657\" \/>\n\t<meta property=\"og:image:type\" content=\"image\/jpeg\" \/>\n<meta name=\"author\" content=\"Tiago Costa\" \/>\n<meta name=\"twitter:card\" content=\"summary_large_image\" \/>\n<meta name=\"twitter:label1\" content=\"Escrito por\" \/>\n\t<meta name=\"twitter:data1\" content=\"\" \/>\n\t<meta name=\"twitter:label2\" content=\"Tempo estimado de leitura\" \/>\n\t<meta name=\"twitter:data2\" content=\"1 minuto\" \/>\n<script type=\"application\/ld+json\" class=\"yoast-schema-graph\">{\"@context\":\"https:\/\/schema.org\",\"@graph\":[{\"@type\":\"Article\",\"@id\":\"http:\/\/maismagazine.pt\/index.php\/2024\/12\/20\/porsche-porto\/#article\",\"isPartOf\":{\"@id\":\"http:\/\/maismagazine.pt\/index.php\/2024\/12\/20\/porsche-porto\/\"},\"author\":{\"name\":\"Tiago Costa\",\"@id\":\"https:\/\/maismagazine.pt\/#\/schema\/person\/c6c5bfccc886434cbd11c74e035f9646\"},\"headline\":\"Porsche Porto\",\"datePublished\":\"2024-12-20T07:00:00+00:00\",\"mainEntityOfPage\":{\"@id\":\"http:\/\/maismagazine.pt\/index.php\/2024\/12\/20\/porsche-porto\/\"},\"wordCount\":56,\"publisher\":{\"@id\":\"https:\/\/maismagazine.pt\/#organization\"},\"image\":{\"@id\":\"http:\/\/maismagazine.pt\/index.php\/2024\/12\/20\/porsche-porto\/#primaryimage\"},\"thumbnailUrl\":\"http:\/\/maismagazine.pt\/wp-content\/uploads\/2024\/12\/464918310_973996588106050_4856721395671316358_n.jpg\",\"keywords\":[\"Porsche Porto\"],\"articleSection\":[\"Mundo Empresarial\",\"Tecnologia e Inova\u00e7\u00e3o\"],\"inLanguage\":\"pt-PT\"},{\"@type\":\"WebPage\",\"@id\":\"http:\/\/maismagazine.pt\/index.php\/2024\/12\/20\/porsche-porto\/\",\"url\":\"http:\/\/maismagazine.pt\/index.php\/2024\/12\/20\/porsche-porto\/\",\"name\":\"Porsche Porto - Mais Magazine\",\"isPartOf\":{\"@id\":\"https:\/\/maismagazine.pt\/#website\"},\"primaryImageOfPage\":{\"@id\":\"http:\/\/maismagazine.pt\/index.php\/2024\/12\/20\/porsche-porto\/#primaryimage\"},\"image\":{\"@id\":\"http:\/\/maismagazine.pt\/index.php\/2024\/12\/20\/porsche-porto\/#primaryimage\"},\"thumbnailUrl\":\"http:\/\/maismagazine.pt\/wp-content\/uploads\/2024\/12\/464918310_973996588106050_4856721395671316358_n.jpg\",\"datePublished\":\"2024-12-20T07:00:00+00:00\",\"description\":\"O novo Taycan totalmente el\u00e9trico!\",\"breadcrumb\":{\"@id\":\"http:\/\/maismagazine.pt\/index.php\/2024\/12\/20\/porsche-porto\/#breadcrumb\"},\"inLanguage\":\"pt-PT\",\"potentialAction\":[{\"@type\":\"ReadAction\",\"target\":[\"http:\/\/maismagazine.pt\/index.php\/2024\/12\/20\/porsche-porto\/\"]}]},{\"@type\":\"ImageObject\",\"inLanguage\":\"pt-PT\",\"@id\":\"http:\/\/maismagazine.pt\/index.php\/2024\/12\/20\/porsche-porto\/#primaryimage\",\"url\":\"http:\/\/maismagazine.pt\/wp-content\/uploads\/2024\/12\/464918310_973996588106050_4856721395671316358_n.jpg\",\"contentUrl\":\"http:\/\/maismagazine.pt\/wp-content\/uploads\/2024\/12\/464918310_973996588106050_4856721395671316358_n.jpg\",\"width\":1709,\"height\":657},{\"@type\":\"BreadcrumbList\",\"@id\":\"http:\/\/maismagazine.pt\/index.php\/2024\/12\/20\/porsche-porto\/#breadcrumb\",\"itemListElement\":[{\"@type\":\"ListItem\",\"position\":1,\"name\":\"Home\",\"item\":\"https:\/\/maismagazine.pt\/\"},{\"@type\":\"ListItem\",\"position\":2,\"name\":\"Porsche Porto\"}]},{\"@type\":\"WebSite\",\"@id\":\"https:\/\/maismagazine.pt\/#website\",\"url\":\"https:\/\/maismagazine.pt\/\",\"name\":\"Mais Magazine\",\"description\":\"\",\"publisher\":{\"@id\":\"https:\/\/maismagazine.pt\/#organization\"},\"potentialAction\":[{\"@type\":\"SearchAction\",\"target\":{\"@type\":\"EntryPoint\",\"urlTemplate\":\"https:\/\/maismagazine.pt\/?s={search_term_string}\"},\"query-input\":{\"@type\":\"PropertyValueSpecification\",\"valueRequired\":true,\"valueName\":\"search_term_string\"}}],\"inLanguage\":\"pt-PT\"},{\"@type\":\"Organization\",\"@id\":\"https:\/\/maismagazine.pt\/#organization\",\"name\":\"Mais Magazine\",\"url\":\"https:\/\/maismagazine.pt\/\",\"logo\":{\"@type\":\"ImageObject\",\"inLanguage\":\"pt-PT\",\"@id\":\"https:\/\/maismagazine.pt\/#\/schema\/logo\/image\/\",\"url\":\"http:\/\/maismagazine.pt\/wp-content\/uploads\/2020\/04\/cropped-cropped-mais-magazine-site-logo-2.png\",\"contentUrl\":\"http:\/\/maismagazine.pt\/wp-content\/uploads\/2020\/04\/cropped-cropped-mais-magazine-site-logo-2.png\",\"width\":581,\"height\":90,\"caption\":\"Mais Magazine\"},\"image\":{\"@id\":\"https:\/\/maismagazine.pt\/#\/schema\/logo\/image\/\"}},{\"@type\":\"Person\",\"@id\":\"https:\/\/maismagazine.pt\/#\/schema\/person\/c6c5bfccc886434cbd11c74e035f9646\",\"name\":\"Tiago Costa\",\"image\":{\"@type\":\"ImageObject\",\"inLanguage\":\"pt-PT\",\"@id\":\"https:\/\/maismagazine.pt\/#\/schema\/person\/image\/\",\"url\":\"https:\/\/secure.gravatar.com\/avatar\/c599b2bce16c9870429198cbad5ee022?s=96&d=mm&r=g\",\"contentUrl\":\"https:\/\/secure.gravatar.com\/avatar\/c599b2bce16c9870429198cbad5ee022?s=96&d=mm&r=g\",\"caption\":\"Tiago Costa\"},\"url\":\"http:\/\/maismagazine.pt\/index.php\/author\/tiago\/\"}]}<\/script>\n<!-- \/ Yoast SEO plugin. -->","yoast_head_json":{"title":"Porsche Porto - Mais Magazine","description":"O novo Taycan totalmente el\u00e9trico!","robots":{"index":"index","follow":"follow","max-snippet":"max-snippet:-1","max-image-preview":"max-image-preview:large","max-video-preview":"max-video-preview:-1"},"canonical":"http:\/\/maismagazine.pt\/index.php\/2024\/12\/20\/porsche-porto\/","og_locale":"pt_PT","og_type":"article","og_title":"Porsche Porto - Mais Magazine","og_description":"O novo Taycan totalmente el\u00e9trico!","og_url":"http:\/\/maismagazine.pt\/index.php\/2024\/12\/20\/porsche-porto\/","og_site_name":"Mais Magazine","article_published_time":"2024-12-20T07:00:00+00:00","og_image":[{"width":1709,"height":657,"url":"http:\/\/maismagazine.pt\/wp-content\/uploads\/2024\/12\/464918310_973996588106050_4856721395671316358_n.jpg","type":"image\/jpeg"}],"author":"Tiago Costa","twitter_card":"summary_large_image","twitter_misc":{"Escrito por":false,"Tempo estimado de leitura":"1 minuto"},"schema":{"@context":"https:\/\/schema.org","@graph":[{"@type":"Article","@id":"http:\/\/maismagazine.pt\/index.php\/2024\/12\/20\/porsche-porto\/#article","isPartOf":{"@id":"http:\/\/maismagazine.pt\/index.php\/2024\/12\/20\/porsche-porto\/"},"author":{"name":"Tiago Costa","@id":"https:\/\/maismagazine.pt\/#\/schema\/person\/c6c5bfccc886434cbd11c74e035f9646"},"headline":"Porsche Porto","datePublished":"2024-12-20T07:00:00+00:00","mainEntityOfPage":{"@id":"http:\/\/maismagazine.pt\/index.php\/2024\/12\/20\/porsche-porto\/"},"wordCount":56,"publisher":{"@id":"https:\/\/maismagazine.pt\/#organization"},"image":{"@id":"http:\/\/maismagazine.pt\/index.php\/2024\/12\/20\/porsche-porto\/#primaryimage"},"thumbnailUrl":"http:\/\/maismagazine.pt\/wp-content\/uploads\/2024\/12\/464918310_973996588106050_4856721395671316358_n.jpg","keywords":["Porsche Porto"],"articleSection":["Mundo Empresarial","Tecnologia e Inova\u00e7\u00e3o"],"inLanguage":"pt-PT"},{"@type":"WebPage","@id":"http:\/\/maismagazine.pt\/index.php\/2024\/12\/20\/porsche-porto\/","url":"http:\/\/maismagazine.pt\/index.php\/2024\/12\/20\/porsche-porto\/","name":"Porsche Porto - Mais Magazine","isPartOf":{"@id":"https:\/\/maismagazine.pt\/#website"},"primaryImageOfPage":{"@id":"http:\/\/maismagazine.pt\/index.php\/2024\/12\/20\/porsche-porto\/#primaryimage"},"image":{"@id":"http:\/\/maismagazine.pt\/index.php\/2024\/12\/20\/porsche-porto\/#primaryimage"},"thumbnailUrl":"http:\/\/maismagazine.pt\/wp-content\/uploads\/2024\/12\/464918310_973996588106050_4856721395671316358_n.jpg","datePublished":"2024-12-20T07:00:00+00:00","description":"O novo Taycan totalmente el\u00e9trico!","breadcrumb":{"@id":"http:\/\/maismagazine.pt\/index.php\/2024\/12\/20\/porsche-porto\/#breadcrumb"},"inLanguage":"pt-PT","potentialAction":[{"@type":"ReadAction","target":["http:\/\/maismagazine.pt\/index.php\/2024\/12\/20\/porsche-porto\/"]}]},{"@type":"ImageObject","inLanguage":"pt-PT","@id":"http:\/\/maismagazine.pt\/index.php\/2024\/12\/20\/porsche-porto\/#primaryimage","url":"http:\/\/maismagazine.pt\/wp-content\/uploads\/2024\/12\/464918310_973996588106050_4856721395671316358_n.jpg","contentUrl":"http:\/\/maismagazine.pt\/wp-content\/uploads\/2024\/12\/464918310_973996588106050_4856721395671316358_n.jpg","width":1709,"height":657},{"@type":"BreadcrumbList","@id":"http:\/\/maismagazine.pt\/index.php\/2024\/12\/20\/porsche-porto\/#breadcrumb","itemListElement":[{"@type":"ListItem","position":1,"name":"Home","item":"https:\/\/maismagazine.pt\/"},{"@type":"ListItem","position":2,"name":"Porsche Porto"}]},{"@type":"WebSite","@id":"https:\/\/maismagazine.pt\/#website","url":"https:\/\/maismagazine.pt\/","name":"Mais Magazine","description":"","publisher":{"@id":"https:\/\/maismagazine.pt\/#organization"},"potentialAction":[{"@type":"SearchAction","target":{"@type":"EntryPoint","urlTemplate":"https:\/\/maismagazine.pt\/?s={search_term_string}"},"query-input":{"@type":"PropertyValueSpecification","valueRequired":true,"valueName":"search_term_string"}}],"inLanguage":"pt-PT"},{"@type":"Organization","@id":"https:\/\/maismagazine.pt\/#organization","name":"Mais Magazine","url":"https:\/\/maismagazine.pt\/","logo":{"@type":"ImageObject","inLanguage":"pt-PT","@id":"https:\/\/maismagazine.pt\/#\/schema\/logo\/image\/","url":"http:\/\/maismagazine.pt\/wp-content\/uploads\/2020\/04\/cropped-cropped-mais-magazine-site-logo-2.png","contentUrl":"http:\/\/maismagazine.pt\/wp-content\/uploads\/2020\/04\/cropped-cropped-mais-magazine-site-logo-2.png","width":581,"height":90,"caption":"Mais Magazine"},"image":{"@id":"https:\/\/maismagazine.pt\/#\/schema\/logo\/image\/"}},{"@type":"Person","@id":"https:\/\/maismagazine.pt\/#\/schema\/person\/c6c5bfccc886434cbd11c74e035f9646","name":"Tiago Costa","image":{"@type":"ImageObject","inLanguage":"pt-PT","@id":"https:\/\/maismagazine.pt\/#\/schema\/person\/image\/","url":"https:\/\/secure.gravatar.com\/avatar\/c599b2bce16c9870429198cbad5ee022?s=96&d=mm&r=g","contentUrl":"https:\/\/secure.gravatar.com\/avatar\/c599b2bce16c9870429198cbad5ee022?s=96&d=mm&r=g","caption":"Tiago Costa"},"url":"http:\/\/maismagazine.pt\/index.php\/author\/tiago\/"}]}},"author_meta":{"display_name":false,"author_link":"http:\/\/maismagazine.pt\/index.php\/author\/tiago\/"},"featured_img":"http:\/\/maismagazine.pt\/wp-content\/uploads\/2024\/12\/464918310_973996588106050_4856721395671316358_n-300x115.jpg","coauthors":[],"tax_additional":{"categories":{"linked":["<a href=\"http:\/\/maismagazine.pt\/index.php\/category\/mundo-empresarial\/\" class=\"advgb-post-tax-term\">Mundo Empresarial<\/a>","<a href=\"http:\/\/maismagazine.pt\/index.php\/category\/empreendedorismo\/tecnologia-e-inovacao\/\" class=\"advgb-post-tax-term\">Tecnologia e Inova\u00e7\u00e3o<\/a>"],"unlinked":["<span class=\"advgb-post-tax-term\">Mundo Empresarial<\/span>","<span class=\"advgb-post-tax-term\">Tecnologia e Inova\u00e7\u00e3o<\/span>"]},"tags":{"linked":["<a href=\"http:\/\/maismagazine.pt\/index.php\/category\/empreendedorismo\/tecnologia-e-inovacao\/\" class=\"advgb-post-tax-term\">Porsche Porto<\/a>"],"unlinked":["<span class=\"advgb-post-tax-term\">Porsche Porto<\/span>"]}},"comment_count":"0","relative_dates":{"created":"Posted 1 ano ago","modified":"Updated 1 ano ago"},"absolute_dates":{"created":"Posted on 20 de Dezembro, 2024","modified":"Updated on 16 de Dezembro, 2024"},"absolute_dates_time":{"created":"Posted on 20 de Dezembro, 2024 7:00","modified":"Updated on 16 de Dezembro, 2024 15:25"},"featured_img_caption":"","series_order":"","_links":{"self":[{"href":"http:\/\/maismagazine.pt\/index.php\/wp-json\/wp\/v2\/posts\/11001","targetHints":{"allow":["GET"]}}],"collection":[{"href":"http:\/\/maismagazine.pt\/index.php\/wp-json\/wp\/v2\/posts"}],"about":[{"href":"http:\/\/maismagazine.pt\/index.php\/wp-json\/wp\/v2\/types\/post"}],"author":[{"embeddable":true,"href":"http:\/\/maismagazine.pt\/index.php\/wp-json\/wp\/v2\/users\/17"}],"replies":[{"embeddable":true,"href":"http:\/\/maismagazine.pt\/index.php\/wp-json\/wp\/v2\/comments?post=11001"}],"version-history":[{"count":1,"href":"http:\/\/maismagazine.pt\/index.php\/wp-json\/wp\/v2\/posts\/11001\/revisions"}],"predecessor-version":[{"id":11007,"href":"http:\/\/maismagazine.pt\/index.php\/wp-json\/wp\/v2\/posts\/11001\/revisions\/11007"}],"wp:featuredmedia":[{"embeddable":true,"href":"http:\/\/maismagazine.pt\/index.php\/wp-json\/wp\/v2\/media\/11006"}],"wp:attachment":[{"href":"http:\/\/maismagazine.pt\/index.php\/wp-json\/wp\/v2\/media?parent=11001"}],"wp:term":[{"taxonomy":"category","embeddable":true,"href":"http:\/\/maismagazine.pt\/index.php\/wp-json\/wp\/v2\/categories?post=11001"},{"taxonomy":"post_tag","embeddable":true,"href":"http:\/\/maismagazine.pt\/index.php\/wp-json\/wp\/v2\/tags?post=11001"}],"curies":[{"name":"wp","href":"https:\/\/api.w.org\/{rel}","templated":true}]}}