{"id":10964,"date":"2024-12-20T07:00:00","date_gmt":"2024-12-20T07:00:00","guid":{"rendered":"https:\/\/maismagazine.pt\/?p=10964"},"modified":"2024-12-16T14:59:49","modified_gmt":"2024-12-16T14:59:49","slug":"uma-ode-ao-leitao-assado","status":"publish","type":"post","link":"http:\/\/maismagazine.pt\/index.php\/2024\/12\/20\/uma-ode-ao-leitao-assado\/","title":{"rendered":"Uma ode ao leit\u00e3o assado"},"content":{"rendered":"\n<p><strong>Sa\u00fal Sousa e Patr\u00edcia, sua esposa, come\u00e7aram com uma pequena brincadeiraa vender sandes de leit\u00e3o e hoje s\u00e3o um caso s\u00e9rio de sucesso no setor da restaura\u00e7\u00e3o. Em entrevista \u00e0 Mais Magazine, o empres\u00e1rio Sa\u00fal Sousa revela a hist\u00f3ria por detr\u00e1s da cria\u00e7\u00e3o da marca O Cabe\u00e7as e levanta o v\u00e9u sobre o novo espa\u00e7o que ir\u00e1 abrir na zona dos Carvalhos, em Vila Nova de Gaia.<\/strong><\/p>\n\n\n<div class=\"wp-block-image\">\n<figure class=\"aligncenter size-large is-resized\"><img loading=\"lazy\" decoding=\"async\" width=\"1024\" height=\"683\" src=\"https:\/\/maismagazine.pt\/wp-content\/uploads\/2024\/12\/IMG_1585-1024x683.jpg\" alt=\"\" class=\"wp-image-10972\" style=\"aspect-ratio:1.499267935578331;width:412px;height:auto\" srcset=\"http:\/\/maismagazine.pt\/wp-content\/uploads\/2024\/12\/IMG_1585-1024x683.jpg 1024w, http:\/\/maismagazine.pt\/wp-content\/uploads\/2024\/12\/IMG_1585-300x200.jpg 300w, http:\/\/maismagazine.pt\/wp-content\/uploads\/2024\/12\/IMG_1585-768x512.jpg 768w, http:\/\/maismagazine.pt\/wp-content\/uploads\/2024\/12\/IMG_1585-150x100.jpg 150w, http:\/\/maismagazine.pt\/wp-content\/uploads\/2024\/12\/IMG_1585.jpg 1371w\" sizes=\"auto, (max-width: 1024px) 100vw, 1024px\" \/><\/figure><\/div>\n\n\n<p>O percurso profissional de Sa\u00fal Sousa est\u00e1 inegavelmente ligado \u00e0s sandes de leit\u00e3o. Era ainda muito jovem quando come\u00e7ou a vender estas iguarias numa rulote, junto aos est\u00e1dios de futebol, em feiras medievais ou em algumas das romarias mais conhecidas do Grande Porto, como o Senhor de Matosinhos ou a Nossa Senhora da Sa\u00fade, nos Carvalhos. \u201cN\u00f3s n\u00e3o par\u00e1vamos\u201d, come\u00e7a por contar Sa\u00fal Sousa. Foi assim que a marca O Cabe\u00e7as come\u00e7ou a ganhar notoriedade e hoje, embora j\u00e1 n\u00e3o utilizem a rulote, continuam a marcar presen\u00e7a em algumas romarias. \u201cIsso \u00e9 o que me d\u00e1 mais gozo: ter de montar um restaurante no meio do monte para 200 ou 300 pessoas sentadas\u201d, revela.<\/p>\n\n\n<div class=\"wp-block-image\">\n<figure class=\"alignright size-full is-resized\"><img loading=\"lazy\" decoding=\"async\" width=\"468\" height=\"702\" src=\"https:\/\/maismagazine.pt\/wp-content\/uploads\/2024\/12\/IMG_1261.jpg\" alt=\"\" class=\"wp-image-10970\" style=\"aspect-ratio:0.6666666666666666;width:251px;height:auto\" srcset=\"http:\/\/maismagazine.pt\/wp-content\/uploads\/2024\/12\/IMG_1261.jpg 468w, http:\/\/maismagazine.pt\/wp-content\/uploads\/2024\/12\/IMG_1261-200x300.jpg 200w\" sizes=\"auto, (max-width: 468px) 100vw, 468px\" \/><\/figure><\/div>\n\n\n<p>Com o passar do tempo, Sa\u00fal come\u00e7ou a sentir a necessidade de abrir o seu primeiro espa\u00e7o f\u00edsico e, em 2013, surgiu a oportunidade que tanto esperava. Assim nasceu a Casa dos Leit\u00f5es, em Matosinhos. Inicialmente funcionava como restauran-te, mas hoje opera essencialmente como take-away devido \u00e0 falta de estaciona-mento. \u201cMatosinhos tem a maior zona de restaura\u00e7\u00e3o da Europa por m2, mas o estacionamento \u00e9 um problema muito s\u00e9rio\u201d, constata.<\/p>\n\n\n\n<p><\/p>\n\n\n\n<p>Posteriormente, Sa\u00fal come\u00e7ou a pensar que fazia sentido abrir um espa\u00e7o onde as pessoas pudessem comer o leit\u00e3o, tal como faziam nas feiras. Assim, inaugurou o Armaz\u00e9m das Sandes, em Rio Tinto, que, como explica, \u201c\u00e9 um caso de sucesso, tendo completado cinco anos em novembro\u201d. Mais tarde, surgiu a oportunidade de abrir um novo restaurante, desta vez na zona dos Carvalhos, em Vila Nova de Gaia. Contudo, este projeto acabou por ficar em \u201cstand-by\u201d porque, entretanto, foi inaugurada a Catedral das Sandes, situada em Ermesinde, nas proximidades do Santu\u00e1rio de Santa Rita. Trata-se de um espa\u00e7o \u201cmuito bonito, com capacidade para sentar 120 pessoas\u201d.<\/p>\n\n\n\n<p><\/p>\n\n\n\n<p>Quanto ao card\u00e1pio, h\u00e1 op\u00e7\u00f5es para praticamente todos os gostos. Para al\u00e9m das t\u00edpicas sandes de leit\u00e3o, n\u2019O Cabe\u00e7as pode encontrar o preguinho em p\u00e3o, a bifana \u00e0 lavrador, o cachorro tradicional e as sopas (caldo verde, caldo de nabos e, durante os meses de inverno, as papas de sarrabulho). \u201cS\u00f3 para ter uma no\u00e7\u00e3o, h\u00e1 dias em que vendo mais sopas do que sandes de leit\u00e3o\u201d, revela o empres\u00e1rio.<\/p>\n\n\n\n<p><\/p>\n\n\n\n<p>Contudo, o ex-l\u00edbris da casa \u00e9 mesmo o leit\u00e3o. O Cabe\u00e7as \u00e9 uma verdadeira refer\u00eancia no Grande Porto no que diz respeito ao leit\u00e3o assado. Quando confrontado com o segredo para o sucesso desta iguaria nos seus restaurantes, Sa\u00fal explica que est\u00e1 na qualidade dos produtos escolhidos: \u201cN\u00f3s tentamos oferecer sempre o melhor aos nossos clientes. O vinho utilizado para fazer o molho do leit\u00e3o, por exemplo, \u00e9 o melhor do mercado\u201d, acrescenta, frisando que \u201c\u00e9 assim que se vai conquistando a confian\u00e7a de quem nos visita\u201d. <\/p>\n\n\n<div class=\"wp-block-image\">\n<figure class=\"alignleft size-large is-resized\"><img loading=\"lazy\" decoding=\"async\" width=\"1024\" height=\"683\" src=\"https:\/\/maismagazine.pt\/wp-content\/uploads\/2024\/12\/IMG_1608-1024x683.jpg\" alt=\"\" class=\"wp-image-10974\" style=\"aspect-ratio:1.499267935578331;width:364px;height:auto\" srcset=\"http:\/\/maismagazine.pt\/wp-content\/uploads\/2024\/12\/IMG_1608-1024x683.jpg 1024w, http:\/\/maismagazine.pt\/wp-content\/uploads\/2024\/12\/IMG_1608-300x200.jpg 300w, http:\/\/maismagazine.pt\/wp-content\/uploads\/2024\/12\/IMG_1608-768x512.jpg 768w, http:\/\/maismagazine.pt\/wp-content\/uploads\/2024\/12\/IMG_1608-150x100.jpg 150w, http:\/\/maismagazine.pt\/wp-content\/uploads\/2024\/12\/IMG_1608.jpg 1404w\" sizes=\"auto, (max-width: 1024px) 100vw, 1024px\" \/><\/figure><\/div>\n\n\n<p>E por falar em molho, o empres\u00e1rio est\u00e1 atento aos h\u00e1bitos dos seus clientes. Por isso, nos \u00faltimos anos, tem efetuado algumas altera\u00e7\u00f5es na receita. \u201cJ\u00e1 asso leit\u00f5es h\u00e1 sensivelmente 36 anos e, desde ent\u00e3o, j\u00e1 reduzi para metade a quantidade de pimenta e de sal. Hoje em dia, o molho do leit\u00e3o est\u00e1 mais suave, n\u00e3o \u00e9 t\u00e3o agressivo como quando comecei\u201d, explica. <\/p>\n\n\n\n<p><\/p>\n\n\n\n<p>O Cabe\u00e7as destaca-se tamb\u00e9m pela sua vertente solid\u00e1ria. Todos os anos oferece in\u00fameras refei\u00e7\u00f5es aos peregrinos. \u201cEste ano, por exemplo, no dia 9 de maio, mont\u00e1mos uma tenda em Coimbra e oferecemos cerca de 3 200 refei\u00e7\u00f5es\u201d, conta. Durante a pandemia, chegaram a oferecer sandes de leit\u00e3o aos profissionais de sa\u00fade que combatiam o v\u00edrus. Estas a\u00e7\u00f5es, promovidas por Sa\u00fal e pela sua equipa, acabam por ser uma mais-valia para os seus restaurantes, pois, como explica o empres\u00e1rio, \u201cpara al\u00e9m de ajudar as pessoas, estamos a dar a conhecer o nosso trabalho\u201d. <\/p>\n\n\n\n<p><\/p>\n\n\n\n<p>Relativamente \u00e0 nova casa que Sa\u00fal ir\u00e1 abrir na zona dos Carvalhos, admite que numa primeira fase, ao ver o espa\u00e7o, ponderou recus\u00e1-lo, mas acabou por arriscar. O projeto j\u00e1 est\u00e1 a ser desenvolvido h\u00e1 cerca de dois anos e meio, com a inaugura\u00e7\u00e3o prevista para fevereiro de 2025. \u201cA Senhora das Sandes, localizada na EN1, junto ao monte da Nossa Senhora da Sa\u00fade, vai ser a maior at\u00e9 agora&#8230; \u00c9 um projeto lind\u00edssimo e, na minha opini\u00e3o, ser\u00e1 uma das melhores casas a trabalhar em Vila Nova de Gaia\u201d, garante. <\/p>\n\n\n<div class=\"wp-block-image\">\n<figure class=\"aligncenter size-large is-resized\"><img loading=\"lazy\" decoding=\"async\" width=\"1024\" height=\"647\" src=\"https:\/\/maismagazine.pt\/wp-content\/uploads\/2024\/12\/3-Maquete-dO-Cabecas-Senhora-das-Sandes-1024x647.jpeg\" alt=\"\" class=\"wp-image-10971\" style=\"aspect-ratio:1.5826893353941267;width:385px;height:auto\" srcset=\"http:\/\/maismagazine.pt\/wp-content\/uploads\/2024\/12\/3-Maquete-dO-Cabecas-Senhora-das-Sandes-1024x647.jpeg 1024w, http:\/\/maismagazine.pt\/wp-content\/uploads\/2024\/12\/3-Maquete-dO-Cabecas-Senhora-das-Sandes-300x190.jpeg 300w, http:\/\/maismagazine.pt\/wp-content\/uploads\/2024\/12\/3-Maquete-dO-Cabecas-Senhora-das-Sandes-768x486.jpeg 768w, http:\/\/maismagazine.pt\/wp-content\/uploads\/2024\/12\/3-Maquete-dO-Cabecas-Senhora-das-Sandes-1536x971.jpeg 1536w, http:\/\/maismagazine.pt\/wp-content\/uploads\/2024\/12\/3-Maquete-dO-Cabecas-Senhora-das-Sandes.jpeg 1599w\" sizes=\"auto, (max-width: 1024px) 100vw, 1024px\" \/><figcaption class=\"wp-element-caption\">Maquete d\u2019O Cabe\u00e7as &#8211; Senhora das Sandes<\/figcaption><\/figure><\/div>\n\n\n<p>Neste momento, a prioridade de Sa\u00fal passa pela abertura do restaurante a Senhora das Sandes. Quanto ao futuro, admite que j\u00e1 sente algum cansa\u00e7o e, por isso, depois de ter os quatro espa\u00e7os a funcionar, gostaria de passar o \u201ctestemunho\u201d aos seus familiares. <\/p>\n\n\n\n<p><\/p>\n\n\n\n<p>Por fim, Sa\u00fal Sousa deixa um convite a todos os leitores para visitarem O Cabe\u00e7as. \u201cSe quiser comer uma boa sandes de leit\u00e3o ou um bom preguinho, visite-nos. Estamos c\u00e1 para isso\u201d. Al\u00e9m disso, garante que est\u00e1 sempre aberto a cr\u00edticas: \u201cCaso tenham alguma reclama\u00e7\u00e3o a fazer, fa\u00e7am-no ao balc\u00e3o. Estamos sempre abertos a sugest\u00f5es e dispostos a melhorar\u201d. <\/p>\n\n\n\n<p><\/p>\n\n\n\n<p>O Cabe\u00e7as conta atualmente com 48 colaboradores e, com a abertura da Senhora das Sandes, esse n\u00famero aumentar\u00e1 para 70. Como Sa\u00fal explica, \u201cningu\u00e9m nasce ensinado e todos podemos errar\u201d, mas assegura que a sua equipa d\u00e1 sempre o melhor para satisfazer os clientes. \u201cEm dez, s\u00f3 podemos errar uma\u201d, reitera. Prova do excelente trabalho que t\u00eam desenvolvido \u00e9 o facto de este m\u00eas a marca O Cabe\u00e7as ter sido distinguida, pela 5\u00aa vez consecutiva, como PME Excel\u00eancia. <\/p>\n\n\n\n<p><\/p>\n\n\n\n<p>O empres\u00e1rio aproveita ainda para agradecer o empenho e a dedica\u00e7\u00e3o de todos os seus funcion\u00e1rios, deixando uma mensagem especial \u00e0 esposa, Patr\u00edcia Sousa, que considera o seu \u201cmaior pilar\u201d: \u201cobrigada por todo o apoio que me tens dado ao longo destes anos\u201d. <\/p>\n\n\n\n<p><\/p>\n\n\n\n<p>\u201cUm forte abra\u00e7o a todos e votos de um Feliz Natal!\u201d, conclui.<\/p>\n\n\n\n<p><\/p>\n\n\n\n<p><\/p>\n","protected":false},"excerpt":{"rendered":"<p>Sa\u00fal Sousa e Patr\u00edcia, sua esposa, come\u00e7aram com uma pequena brincadeiraa vender sandes de leit\u00e3o e hoje s\u00e3o um caso s\u00e9rio de sucesso no setor da restaura\u00e7\u00e3o. Em entrevista \u00e0 Mais Magazine, o empres\u00e1rio Sa\u00fal Sousa revela a hist\u00f3ria por detr\u00e1s da cria\u00e7\u00e3o da marca O Cabe\u00e7as e levanta o&hellip;<\/p>\n","protected":false},"author":18,"featured_media":10969,"comment_status":"closed","ping_status":"open","sticky":false,"template":"","format":"standard","meta":{"advgb_blocks_editor_width":"","advgb_blocks_columns_visual_guide":"","_monsterinsights_skip_tracking":false,"_monsterinsights_sitenote_active":false,"_monsterinsights_sitenote_note":"","_monsterinsights_sitenote_category":0,"footnotes":""},"categories":[50],"tags":[2216,259,277],"class_list":["post-10964","post","type-post","status-publish","format-standard","has-post-thumbnail","hentry","category-destaques","tag-o-cabecas","tag-porto","tag-restauracao"],"yoast_head":"<!-- This site is optimized with the Yoast SEO plugin v24.4 - https:\/\/yoast.com\/wordpress\/plugins\/seo\/ -->\n<title>Uma ode ao leit\u00e3o assado - Mais Magazine<\/title>\n<meta name=\"robots\" content=\"index, follow, max-snippet:-1, max-image-preview:large, max-video-preview:-1\" \/>\n<link rel=\"canonical\" href=\"http:\/\/maismagazine.pt\/index.php\/2024\/12\/20\/uma-ode-ao-leitao-assado\/\" \/>\n<meta property=\"og:locale\" content=\"pt_PT\" \/>\n<meta property=\"og:type\" content=\"article\" \/>\n<meta property=\"og:title\" content=\"Uma ode ao leit\u00e3o assado - Mais Magazine\" \/>\n<meta property=\"og:description\" content=\"Sa\u00fal Sousa e Patr\u00edcia, sua esposa, come\u00e7aram com uma pequena brincadeiraa vender sandes de leit\u00e3o e hoje s\u00e3o um caso s\u00e9rio de sucesso no setor da restaura\u00e7\u00e3o. Em entrevista \u00e0 Mais Magazine, o empres\u00e1rio Sa\u00fal Sousa revela a hist\u00f3ria por detr\u00e1s da cria\u00e7\u00e3o da marca O Cabe\u00e7as e levanta o&hellip;\" \/>\n<meta property=\"og:url\" content=\"http:\/\/maismagazine.pt\/index.php\/2024\/12\/20\/uma-ode-ao-leitao-assado\/\" \/>\n<meta property=\"og:site_name\" content=\"Mais Magazine\" \/>\n<meta property=\"article:published_time\" content=\"2024-12-20T07:00:00+00:00\" \/>\n<meta property=\"og:image\" content=\"http:\/\/maismagazine.pt\/wp-content\/uploads\/2024\/12\/IMG_1516-1.jpg\" \/>\n\t<meta property=\"og:image:width\" content=\"468\" \/>\n\t<meta property=\"og:image:height\" content=\"702\" \/>\n\t<meta property=\"og:image:type\" content=\"image\/jpeg\" \/>\n<meta name=\"author\" content=\"Tatiana Martins\" \/>\n<meta name=\"twitter:card\" content=\"summary_large_image\" \/>\n<meta name=\"twitter:label1\" content=\"Escrito por\" \/>\n\t<meta name=\"twitter:data1\" content=\"\" \/>\n\t<meta name=\"twitter:label2\" content=\"Tempo estimado de leitura\" \/>\n\t<meta name=\"twitter:data2\" content=\"7 minutos\" \/>\n<script type=\"application\/ld+json\" class=\"yoast-schema-graph\">{\"@context\":\"https:\/\/schema.org\",\"@graph\":[{\"@type\":\"Article\",\"@id\":\"http:\/\/maismagazine.pt\/index.php\/2024\/12\/20\/uma-ode-ao-leitao-assado\/#article\",\"isPartOf\":{\"@id\":\"http:\/\/maismagazine.pt\/index.php\/2024\/12\/20\/uma-ode-ao-leitao-assado\/\"},\"author\":{\"name\":\"Tatiana Martins\",\"@id\":\"http:\/\/maismagazine.pt\/#\/schema\/person\/7426e2caeb8df32a1b56aa48dae778c9\"},\"headline\":\"Uma ode ao leit\u00e3o assado\",\"datePublished\":\"2024-12-20T07:00:00+00:00\",\"mainEntityOfPage\":{\"@id\":\"http:\/\/maismagazine.pt\/index.php\/2024\/12\/20\/uma-ode-ao-leitao-assado\/\"},\"wordCount\":1100,\"publisher\":{\"@id\":\"http:\/\/maismagazine.pt\/#organization\"},\"image\":{\"@id\":\"http:\/\/maismagazine.pt\/index.php\/2024\/12\/20\/uma-ode-ao-leitao-assado\/#primaryimage\"},\"thumbnailUrl\":\"http:\/\/maismagazine.pt\/wp-content\/uploads\/2024\/12\/IMG_1516-1.jpg\",\"keywords\":[\"O Cabe\u00e7as\",\"porto\",\"restaura\u00e7\u00e3o\"],\"articleSection\":[\"Destaques\"],\"inLanguage\":\"pt-PT\"},{\"@type\":\"WebPage\",\"@id\":\"http:\/\/maismagazine.pt\/index.php\/2024\/12\/20\/uma-ode-ao-leitao-assado\/\",\"url\":\"http:\/\/maismagazine.pt\/index.php\/2024\/12\/20\/uma-ode-ao-leitao-assado\/\",\"name\":\"Uma ode ao leit\u00e3o assado - Mais Magazine\",\"isPartOf\":{\"@id\":\"http:\/\/maismagazine.pt\/#website\"},\"primaryImageOfPage\":{\"@id\":\"http:\/\/maismagazine.pt\/index.php\/2024\/12\/20\/uma-ode-ao-leitao-assado\/#primaryimage\"},\"image\":{\"@id\":\"http:\/\/maismagazine.pt\/index.php\/2024\/12\/20\/uma-ode-ao-leitao-assado\/#primaryimage\"},\"thumbnailUrl\":\"http:\/\/maismagazine.pt\/wp-content\/uploads\/2024\/12\/IMG_1516-1.jpg\",\"datePublished\":\"2024-12-20T07:00:00+00:00\",\"breadcrumb\":{\"@id\":\"http:\/\/maismagazine.pt\/index.php\/2024\/12\/20\/uma-ode-ao-leitao-assado\/#breadcrumb\"},\"inLanguage\":\"pt-PT\",\"potentialAction\":[{\"@type\":\"ReadAction\",\"target\":[\"http:\/\/maismagazine.pt\/index.php\/2024\/12\/20\/uma-ode-ao-leitao-assado\/\"]}]},{\"@type\":\"ImageObject\",\"inLanguage\":\"pt-PT\",\"@id\":\"http:\/\/maismagazine.pt\/index.php\/2024\/12\/20\/uma-ode-ao-leitao-assado\/#primaryimage\",\"url\":\"http:\/\/maismagazine.pt\/wp-content\/uploads\/2024\/12\/IMG_1516-1.jpg\",\"contentUrl\":\"http:\/\/maismagazine.pt\/wp-content\/uploads\/2024\/12\/IMG_1516-1.jpg\",\"width\":468,\"height\":702},{\"@type\":\"BreadcrumbList\",\"@id\":\"http:\/\/maismagazine.pt\/index.php\/2024\/12\/20\/uma-ode-ao-leitao-assado\/#breadcrumb\",\"itemListElement\":[{\"@type\":\"ListItem\",\"position\":1,\"name\":\"Home\",\"item\":\"http:\/\/maismagazine.pt\/\"},{\"@type\":\"ListItem\",\"position\":2,\"name\":\"Uma ode ao leit\u00e3o assado\"}]},{\"@type\":\"WebSite\",\"@id\":\"http:\/\/maismagazine.pt\/#website\",\"url\":\"http:\/\/maismagazine.pt\/\",\"name\":\"Mais Magazine\",\"description\":\"\",\"publisher\":{\"@id\":\"http:\/\/maismagazine.pt\/#organization\"},\"potentialAction\":[{\"@type\":\"SearchAction\",\"target\":{\"@type\":\"EntryPoint\",\"urlTemplate\":\"http:\/\/maismagazine.pt\/?s={search_term_string}\"},\"query-input\":{\"@type\":\"PropertyValueSpecification\",\"valueRequired\":true,\"valueName\":\"search_term_string\"}}],\"inLanguage\":\"pt-PT\"},{\"@type\":\"Organization\",\"@id\":\"http:\/\/maismagazine.pt\/#organization\",\"name\":\"Mais Magazine\",\"url\":\"http:\/\/maismagazine.pt\/\",\"logo\":{\"@type\":\"ImageObject\",\"inLanguage\":\"pt-PT\",\"@id\":\"http:\/\/maismagazine.pt\/#\/schema\/logo\/image\/\",\"url\":\"http:\/\/maismagazine.pt\/wp-content\/uploads\/2020\/04\/cropped-cropped-mais-magazine-site-logo-2.png\",\"contentUrl\":\"http:\/\/maismagazine.pt\/wp-content\/uploads\/2020\/04\/cropped-cropped-mais-magazine-site-logo-2.png\",\"width\":581,\"height\":90,\"caption\":\"Mais Magazine\"},\"image\":{\"@id\":\"http:\/\/maismagazine.pt\/#\/schema\/logo\/image\/\"}},{\"@type\":\"Person\",\"@id\":\"http:\/\/maismagazine.pt\/#\/schema\/person\/7426e2caeb8df32a1b56aa48dae778c9\",\"name\":\"Tatiana Martins\",\"image\":{\"@type\":\"ImageObject\",\"inLanguage\":\"pt-PT\",\"@id\":\"http:\/\/maismagazine.pt\/#\/schema\/person\/image\/\",\"url\":\"https:\/\/secure.gravatar.com\/avatar\/4b24a57f5d0425f2eb20981c4b53244e?s=96&d=mm&r=g\",\"contentUrl\":\"https:\/\/secure.gravatar.com\/avatar\/4b24a57f5d0425f2eb20981c4b53244e?s=96&d=mm&r=g\",\"caption\":\"Tatiana Martins\"},\"url\":\"http:\/\/maismagazine.pt\/index.php\/author\/tatiana\/\"}]}<\/script>\n<!-- \/ Yoast SEO plugin. -->","yoast_head_json":{"title":"Uma ode ao leit\u00e3o assado - Mais Magazine","robots":{"index":"index","follow":"follow","max-snippet":"max-snippet:-1","max-image-preview":"max-image-preview:large","max-video-preview":"max-video-preview:-1"},"canonical":"http:\/\/maismagazine.pt\/index.php\/2024\/12\/20\/uma-ode-ao-leitao-assado\/","og_locale":"pt_PT","og_type":"article","og_title":"Uma ode ao leit\u00e3o assado - Mais Magazine","og_description":"Sa\u00fal Sousa e Patr\u00edcia, sua esposa, come\u00e7aram com uma pequena brincadeiraa vender sandes de leit\u00e3o e hoje s\u00e3o um caso s\u00e9rio de sucesso no setor da restaura\u00e7\u00e3o. Em entrevista \u00e0 Mais Magazine, o empres\u00e1rio Sa\u00fal Sousa revela a hist\u00f3ria por detr\u00e1s da cria\u00e7\u00e3o da marca O Cabe\u00e7as e levanta o&hellip;","og_url":"http:\/\/maismagazine.pt\/index.php\/2024\/12\/20\/uma-ode-ao-leitao-assado\/","og_site_name":"Mais Magazine","article_published_time":"2024-12-20T07:00:00+00:00","og_image":[{"width":468,"height":702,"url":"http:\/\/maismagazine.pt\/wp-content\/uploads\/2024\/12\/IMG_1516-1.jpg","type":"image\/jpeg"}],"author":"Tatiana Martins","twitter_card":"summary_large_image","twitter_misc":{"Escrito por":false,"Tempo estimado de leitura":"7 minutos"},"schema":{"@context":"https:\/\/schema.org","@graph":[{"@type":"Article","@id":"http:\/\/maismagazine.pt\/index.php\/2024\/12\/20\/uma-ode-ao-leitao-assado\/#article","isPartOf":{"@id":"http:\/\/maismagazine.pt\/index.php\/2024\/12\/20\/uma-ode-ao-leitao-assado\/"},"author":{"name":"Tatiana Martins","@id":"http:\/\/maismagazine.pt\/#\/schema\/person\/7426e2caeb8df32a1b56aa48dae778c9"},"headline":"Uma ode ao leit\u00e3o assado","datePublished":"2024-12-20T07:00:00+00:00","mainEntityOfPage":{"@id":"http:\/\/maismagazine.pt\/index.php\/2024\/12\/20\/uma-ode-ao-leitao-assado\/"},"wordCount":1100,"publisher":{"@id":"http:\/\/maismagazine.pt\/#organization"},"image":{"@id":"http:\/\/maismagazine.pt\/index.php\/2024\/12\/20\/uma-ode-ao-leitao-assado\/#primaryimage"},"thumbnailUrl":"http:\/\/maismagazine.pt\/wp-content\/uploads\/2024\/12\/IMG_1516-1.jpg","keywords":["O Cabe\u00e7as","porto","restaura\u00e7\u00e3o"],"articleSection":["Destaques"],"inLanguage":"pt-PT"},{"@type":"WebPage","@id":"http:\/\/maismagazine.pt\/index.php\/2024\/12\/20\/uma-ode-ao-leitao-assado\/","url":"http:\/\/maismagazine.pt\/index.php\/2024\/12\/20\/uma-ode-ao-leitao-assado\/","name":"Uma ode ao leit\u00e3o assado - Mais Magazine","isPartOf":{"@id":"http:\/\/maismagazine.pt\/#website"},"primaryImageOfPage":{"@id":"http:\/\/maismagazine.pt\/index.php\/2024\/12\/20\/uma-ode-ao-leitao-assado\/#primaryimage"},"image":{"@id":"http:\/\/maismagazine.pt\/index.php\/2024\/12\/20\/uma-ode-ao-leitao-assado\/#primaryimage"},"thumbnailUrl":"http:\/\/maismagazine.pt\/wp-content\/uploads\/2024\/12\/IMG_1516-1.jpg","datePublished":"2024-12-20T07:00:00+00:00","breadcrumb":{"@id":"http:\/\/maismagazine.pt\/index.php\/2024\/12\/20\/uma-ode-ao-leitao-assado\/#breadcrumb"},"inLanguage":"pt-PT","potentialAction":[{"@type":"ReadAction","target":["http:\/\/maismagazine.pt\/index.php\/2024\/12\/20\/uma-ode-ao-leitao-assado\/"]}]},{"@type":"ImageObject","inLanguage":"pt-PT","@id":"http:\/\/maismagazine.pt\/index.php\/2024\/12\/20\/uma-ode-ao-leitao-assado\/#primaryimage","url":"http:\/\/maismagazine.pt\/wp-content\/uploads\/2024\/12\/IMG_1516-1.jpg","contentUrl":"http:\/\/maismagazine.pt\/wp-content\/uploads\/2024\/12\/IMG_1516-1.jpg","width":468,"height":702},{"@type":"BreadcrumbList","@id":"http:\/\/maismagazine.pt\/index.php\/2024\/12\/20\/uma-ode-ao-leitao-assado\/#breadcrumb","itemListElement":[{"@type":"ListItem","position":1,"name":"Home","item":"http:\/\/maismagazine.pt\/"},{"@type":"ListItem","position":2,"name":"Uma ode ao leit\u00e3o assado"}]},{"@type":"WebSite","@id":"http:\/\/maismagazine.pt\/#website","url":"http:\/\/maismagazine.pt\/","name":"Mais Magazine","description":"","publisher":{"@id":"http:\/\/maismagazine.pt\/#organization"},"potentialAction":[{"@type":"SearchAction","target":{"@type":"EntryPoint","urlTemplate":"http:\/\/maismagazine.pt\/?s={search_term_string}"},"query-input":{"@type":"PropertyValueSpecification","valueRequired":true,"valueName":"search_term_string"}}],"inLanguage":"pt-PT"},{"@type":"Organization","@id":"http:\/\/maismagazine.pt\/#organization","name":"Mais Magazine","url":"http:\/\/maismagazine.pt\/","logo":{"@type":"ImageObject","inLanguage":"pt-PT","@id":"http:\/\/maismagazine.pt\/#\/schema\/logo\/image\/","url":"http:\/\/maismagazine.pt\/wp-content\/uploads\/2020\/04\/cropped-cropped-mais-magazine-site-logo-2.png","contentUrl":"http:\/\/maismagazine.pt\/wp-content\/uploads\/2020\/04\/cropped-cropped-mais-magazine-site-logo-2.png","width":581,"height":90,"caption":"Mais Magazine"},"image":{"@id":"http:\/\/maismagazine.pt\/#\/schema\/logo\/image\/"}},{"@type":"Person","@id":"http:\/\/maismagazine.pt\/#\/schema\/person\/7426e2caeb8df32a1b56aa48dae778c9","name":"Tatiana Martins","image":{"@type":"ImageObject","inLanguage":"pt-PT","@id":"http:\/\/maismagazine.pt\/#\/schema\/person\/image\/","url":"https:\/\/secure.gravatar.com\/avatar\/4b24a57f5d0425f2eb20981c4b53244e?s=96&d=mm&r=g","contentUrl":"https:\/\/secure.gravatar.com\/avatar\/4b24a57f5d0425f2eb20981c4b53244e?s=96&d=mm&r=g","caption":"Tatiana Martins"},"url":"http:\/\/maismagazine.pt\/index.php\/author\/tatiana\/"}]}},"author_meta":{"display_name":false,"author_link":"http:\/\/maismagazine.pt\/index.php\/author\/tatiana\/"},"featured_img":"http:\/\/maismagazine.pt\/wp-content\/uploads\/2024\/12\/IMG_1516-1-200x300.jpg","coauthors":[],"tax_additional":{"categories":{"linked":["<a href=\"http:\/\/maismagazine.pt\/index.php\/category\/destaques\/\" class=\"advgb-post-tax-term\">Destaques<\/a>"],"unlinked":["<span class=\"advgb-post-tax-term\">Destaques<\/span>"]},"tags":{"linked":["<a href=\"http:\/\/maismagazine.pt\/index.php\/category\/destaques\/\" class=\"advgb-post-tax-term\">O Cabe\u00e7as<\/a>","<a href=\"http:\/\/maismagazine.pt\/index.php\/category\/destaques\/\" class=\"advgb-post-tax-term\">porto<\/a>","<a href=\"http:\/\/maismagazine.pt\/index.php\/category\/destaques\/\" class=\"advgb-post-tax-term\">restaura\u00e7\u00e3o<\/a>"],"unlinked":["<span class=\"advgb-post-tax-term\">O Cabe\u00e7as<\/span>","<span class=\"advgb-post-tax-term\">porto<\/span>","<span class=\"advgb-post-tax-term\">restaura\u00e7\u00e3o<\/span>"]}},"comment_count":"0","relative_dates":{"created":"Posted 1 ano ago","modified":"Updated 1 ano ago"},"absolute_dates":{"created":"Posted on 20 de Dezembro, 2024","modified":"Updated on 16 de Dezembro, 2024"},"absolute_dates_time":{"created":"Posted on 20 de Dezembro, 2024 7:00","modified":"Updated on 16 de Dezembro, 2024 14:59"},"featured_img_caption":"","series_order":"","_links":{"self":[{"href":"http:\/\/maismagazine.pt\/index.php\/wp-json\/wp\/v2\/posts\/10964","targetHints":{"allow":["GET"]}}],"collection":[{"href":"http:\/\/maismagazine.pt\/index.php\/wp-json\/wp\/v2\/posts"}],"about":[{"href":"http:\/\/maismagazine.pt\/index.php\/wp-json\/wp\/v2\/types\/post"}],"author":[{"embeddable":true,"href":"http:\/\/maismagazine.pt\/index.php\/wp-json\/wp\/v2\/users\/18"}],"replies":[{"embeddable":true,"href":"http:\/\/maismagazine.pt\/index.php\/wp-json\/wp\/v2\/comments?post=10964"}],"version-history":[{"count":1,"href":"http:\/\/maismagazine.pt\/index.php\/wp-json\/wp\/v2\/posts\/10964\/revisions"}],"predecessor-version":[{"id":10975,"href":"http:\/\/maismagazine.pt\/index.php\/wp-json\/wp\/v2\/posts\/10964\/revisions\/10975"}],"wp:featuredmedia":[{"embeddable":true,"href":"http:\/\/maismagazine.pt\/index.php\/wp-json\/wp\/v2\/media\/10969"}],"wp:attachment":[{"href":"http:\/\/maismagazine.pt\/index.php\/wp-json\/wp\/v2\/media?parent=10964"}],"wp:term":[{"taxonomy":"category","embeddable":true,"href":"http:\/\/maismagazine.pt\/index.php\/wp-json\/wp\/v2\/categories?post=10964"},{"taxonomy":"post_tag","embeddable":true,"href":"http:\/\/maismagazine.pt\/index.php\/wp-json\/wp\/v2\/tags?post=10964"}],"curies":[{"name":"wp","href":"https:\/\/api.w.org\/{rel}","templated":true}]}}