{"id":10933,"date":"2024-11-27T13:03:25","date_gmt":"2024-11-27T13:03:25","guid":{"rendered":"https:\/\/maismagazine.pt\/?p=10933"},"modified":"2024-11-27T13:03:30","modified_gmt":"2024-11-27T13:03:30","slug":"diretor-de-projetos-de-seguranca-na-onu-especialista-em-ciberseguranca-vai-estar-no-porto-para-reforcar-importancia-da-protecao-de-dados-nas-autarquias-e-nas-pmes","status":"publish","type":"post","link":"http:\/\/maismagazine.pt\/index.php\/2024\/11\/27\/diretor-de-projetos-de-seguranca-na-onu-especialista-em-ciberseguranca-vai-estar-no-porto-para-reforcar-importancia-da-protecao-de-dados-nas-autarquias-e-nas-pmes\/","title":{"rendered":"Diretor de projetos de seguran\u00e7a na ONU, especialista em ciberseguran\u00e7a, vai estar no Porto para refor\u00e7ar import\u00e2ncia da prote\u00e7\u00e3o de dados nas autarquias e nas PMES"},"content":{"rendered":"\n<p><strong>Ben Shariati, diretor do Programa de P\u00f3s-Gradua\u00e7\u00e3o em Ciberseguran\u00e7a na Universidade de Maryland, EUA, vai estar em Portugal, no \u00e2mbito da implementa\u00e7\u00e3o do projeto C-HUB &#8211; P\u00f3lo de Inova\u00e7\u00e3o Digital de Ciberseguran\u00e7a, que visa potenciar a transforma\u00e7\u00e3o digital e a ciber-resili\u00eancia de PMEs e da Administra\u00e7\u00e3o P\u00fablica.\u00a0 O especialista em ciberseguran\u00e7a vai juntar-se a Ant\u00f3nio Costa, do Centro Nacional de Ciberseguran\u00e7a (CNCS), Carlos Ribeiro do INESC INOV Lab, Nelson Escravana, Bernardo Pacheco e Gon\u00e7alo Cadete, da \u00e1rea de Ciberseguran\u00e7a do INOV e Lu\u00eds Antunes e Rolando Martins, ambos do C3P da Universidade do Porto, sensibilizar as empresas e entidades p\u00fablicas para a import\u00e2ncia de protegerem os seus dados.<u> No dia 28, o palco ser\u00e1 a Porto Business School, no Porto.<\/u><\/strong><\/p>\n\n\n\n<p><\/p>\n\n\n\n<p>\u201cSomam-se as v\u00edtimas de ataques inform\u00e1ticos em Portugal. H\u00e1 muito que este deixou de ser um problema apenas para as \u201cgrandes empresas\u201d, pelo que, cada vez mais, \u00e9 importante que as pequenas e m\u00e9dias empresas (PMEs) e entidades da Administra\u00e7\u00e3o P\u00fablica estejam atentas aos processos de transforma\u00e7\u00e3o digital e salvaguardem os seus dados com sistemas de prote\u00e7\u00e3o avan\u00e7ados\u201d. A refer\u00eancia \u00e9 dada pelo Centro de Compet\u00eancias em Ciberseguran\u00e7a e Privacidade (C3P) da Universidade do Porto, que, conhecedor da vulnerabilidade da esmagadora maioria dos sistemas implementados, est\u00e1 a promover em conjunto com o CNCS, no quadro do C-HUB &#8211; P\u00f3lo Europeu de Inova\u00e7\u00e3o Digital de Ciberseguran\u00e7a, sess\u00f5es gratuitas que trabalham a consciencializa\u00e7\u00e3o dos riscos e identificam os produtos e servi\u00e7os dispon\u00edveis no mercado para os mitigar.<\/p>\n\n\n\n<p>O objetivo da iniciativa \u00e9 criar sinergias, potenciar a acelera\u00e7\u00e3o e transforma\u00e7\u00e3o digital das PMEs e da Administra\u00e7\u00e3o P\u00fablica e, simultaneamente, promover a sua ciber resili\u00eancia. \u201cH\u00e1 um risco muito elevado junto destas entidades, sobretudo as que t\u00eam uma base de dados antiga, elaborada numa altura em que nem sequer se falava em ciberseguran\u00e7a. Naturalmente, n\u00e3o foram acautelados mecanismos de defesa que atualmente s\u00e3o cruciais para preservamos dados e informa\u00e7\u00e3o confidenciais\u201d, alerta o C3P.<\/p>\n\n\n\n<p>O programa de cada uma das sess\u00f5es inclui a apresenta\u00e7\u00e3o geral do C-Hub, uma avalia\u00e7\u00e3o da maturidade digital (Digital Maturity Assessment da UE) das entidades participantes e um servi\u00e7o de consultoria especializada em an\u00e1lise de privacidade e seguran\u00e7a de informa\u00e7\u00e3o. &nbsp;A participa\u00e7\u00e3o nas sess\u00f5es \u00e9 de inscri\u00e7\u00e3o obrigat\u00f3ria. O formul\u00e1rio de inscri\u00e7\u00e3o j\u00e1 est\u00e1 dispon\u00edvel (<a href=\"https:\/\/forms.gle\/UaUQ8icBCiq1u9yT6\">https:\/\/forms.gle\/UaUQ8icBCiq1u9yT6<\/a>).<\/p>\n","protected":false},"excerpt":{"rendered":"<p>Ben Shariati, diretor do Programa de P\u00f3s-Gradua\u00e7\u00e3o em Ciberseguran\u00e7a na Universidade de Maryland, EUA, vai estar em Portugal, no \u00e2mbito da implementa\u00e7\u00e3o do projeto C-HUB &#8211; P\u00f3lo de Inova\u00e7\u00e3o Digital de Ciberseguran\u00e7a, que visa potenciar a transforma\u00e7\u00e3o digital e a ciber-resili\u00eancia de PMEs e da Administra\u00e7\u00e3o P\u00fablica.\u00a0 O especialista em&hellip;<\/p>\n","protected":false},"author":17,"featured_media":10934,"comment_status":"closed","ping_status":"open","sticky":false,"template":"","format":"standard","meta":{"advgb_blocks_editor_width":"","advgb_blocks_columns_visual_guide":"","_monsterinsights_skip_tracking":false,"_monsterinsights_sitenote_active":false,"_monsterinsights_sitenote_note":"","_monsterinsights_sitenote_category":0,"footnotes":""},"categories":[7],"tags":[490,2212],"class_list":["post-10933","post","type-post","status-publish","format-standard","has-post-thumbnail","hentry","category-noticias","tag-ciberseguranca","tag-onu"],"yoast_head":"<!-- This site is optimized with the Yoast SEO plugin v24.4 - https:\/\/yoast.com\/wordpress\/plugins\/seo\/ -->\n<title>Diretor de projetos de seguran\u00e7a na ONU, especialista em ciberseguran\u00e7a, vai estar no Porto para refor\u00e7ar import\u00e2ncia da prote\u00e7\u00e3o de dados nas autarquias e nas PMES - Mais Magazine<\/title>\n<meta name=\"description\" content=\"Ben Shariati, diretor do Programa de P\u00f3s-Gradua\u00e7\u00e3o em Ciberseguran\u00e7a na Universidade de Maryland, EUA, vai estar em Portugal, no \u00e2mbito da implementa\u00e7\u00e3o do projeto C-HUB - P\u00f3lo de Inova\u00e7\u00e3o Digital de Ciberseguran\u00e7a, que visa potenciar a transforma\u00e7\u00e3o digital e a ciber-resili\u00eancia de PMEs e da Administra\u00e7\u00e3o P\u00fablica. O especialista em ciberseguran\u00e7a vai juntar-se a Ant\u00f3nio Costa, do Centro Nacional de Ciberseguran\u00e7a (CNCS), Carlos Ribeiro do INESC INOV Lab, Nelson Escravana, Bernardo Pacheco e Gon\u00e7alo Cadete, da \u00e1rea de Ciberseguran\u00e7a do INOV e Lu\u00eds Antunes e Rolando Martins, ambos do C3P da Universidade do Porto, sensibilizar as empresas e entidades p\u00fablicas para a import\u00e2ncia de protegerem os seus dados. No dia 28, o palco ser\u00e1 a Porto Business School, no Porto.\" \/>\n<meta name=\"robots\" content=\"index, follow, max-snippet:-1, max-image-preview:large, max-video-preview:-1\" \/>\n<link rel=\"canonical\" href=\"http:\/\/maismagazine.pt\/index.php\/2024\/11\/27\/diretor-de-projetos-de-seguranca-na-onu-especialista-em-ciberseguranca-vai-estar-no-porto-para-reforcar-importancia-da-protecao-de-dados-nas-autarquias-e-nas-pmes\/\" \/>\n<meta property=\"og:locale\" content=\"pt_PT\" \/>\n<meta property=\"og:type\" content=\"article\" \/>\n<meta property=\"og:title\" content=\"Diretor de projetos de seguran\u00e7a na ONU, especialista em ciberseguran\u00e7a, vai estar no Porto para refor\u00e7ar import\u00e2ncia da prote\u00e7\u00e3o de dados nas autarquias e nas PMES - Mais Magazine\" \/>\n<meta property=\"og:description\" content=\"Ben Shariati, diretor do Programa de P\u00f3s-Gradua\u00e7\u00e3o em Ciberseguran\u00e7a na Universidade de Maryland, EUA, vai estar em Portugal, no \u00e2mbito da implementa\u00e7\u00e3o do projeto C-HUB - P\u00f3lo de Inova\u00e7\u00e3o Digital de Ciberseguran\u00e7a, que visa potenciar a transforma\u00e7\u00e3o digital e a ciber-resili\u00eancia de PMEs e da Administra\u00e7\u00e3o P\u00fablica. O especialista em ciberseguran\u00e7a vai juntar-se a Ant\u00f3nio Costa, do Centro Nacional de Ciberseguran\u00e7a (CNCS), Carlos Ribeiro do INESC INOV Lab, Nelson Escravana, Bernardo Pacheco e Gon\u00e7alo Cadete, da \u00e1rea de Ciberseguran\u00e7a do INOV e Lu\u00eds Antunes e Rolando Martins, ambos do C3P da Universidade do Porto, sensibilizar as empresas e entidades p\u00fablicas para a import\u00e2ncia de protegerem os seus dados. No dia 28, o palco ser\u00e1 a Porto Business School, no Porto.\" \/>\n<meta property=\"og:url\" content=\"http:\/\/maismagazine.pt\/index.php\/2024\/11\/27\/diretor-de-projetos-de-seguranca-na-onu-especialista-em-ciberseguranca-vai-estar-no-porto-para-reforcar-importancia-da-protecao-de-dados-nas-autarquias-e-nas-pmes\/\" \/>\n<meta property=\"og:site_name\" content=\"Mais Magazine\" \/>\n<meta property=\"article:published_time\" content=\"2024-11-27T13:03:25+00:00\" \/>\n<meta property=\"article:modified_time\" content=\"2024-11-27T13:03:30+00:00\" \/>\n<meta property=\"og:image\" content=\"http:\/\/maismagazine.pt\/wp-content\/uploads\/2024\/11\/Captura-de-ecra-2024-11-27-130244.png\" \/>\n\t<meta property=\"og:image:width\" content=\"1093\" \/>\n\t<meta property=\"og:image:height\" content=\"403\" \/>\n\t<meta property=\"og:image:type\" content=\"image\/png\" \/>\n<meta name=\"author\" content=\"Tiago Costa\" \/>\n<meta name=\"twitter:card\" content=\"summary_large_image\" \/>\n<meta name=\"twitter:label1\" content=\"Escrito por\" \/>\n\t<meta name=\"twitter:data1\" content=\"\" \/>\n\t<meta name=\"twitter:label2\" content=\"Tempo estimado de leitura\" \/>\n\t<meta name=\"twitter:data2\" content=\"3 minutos\" \/>\n<script type=\"application\/ld+json\" class=\"yoast-schema-graph\">{\"@context\":\"https:\/\/schema.org\",\"@graph\":[{\"@type\":\"Article\",\"@id\":\"http:\/\/maismagazine.pt\/index.php\/2024\/11\/27\/diretor-de-projetos-de-seguranca-na-onu-especialista-em-ciberseguranca-vai-estar-no-porto-para-reforcar-importancia-da-protecao-de-dados-nas-autarquias-e-nas-pmes\/#article\",\"isPartOf\":{\"@id\":\"http:\/\/maismagazine.pt\/index.php\/2024\/11\/27\/diretor-de-projetos-de-seguranca-na-onu-especialista-em-ciberseguranca-vai-estar-no-porto-para-reforcar-importancia-da-protecao-de-dados-nas-autarquias-e-nas-pmes\/\"},\"author\":{\"name\":\"Tiago Costa\",\"@id\":\"http:\/\/maismagazine.pt\/#\/schema\/person\/c6c5bfccc886434cbd11c74e035f9646\"},\"headline\":\"Diretor de projetos de seguran\u00e7a na ONU, especialista em ciberseguran\u00e7a, vai estar no Porto para refor\u00e7ar import\u00e2ncia da prote\u00e7\u00e3o de dados nas autarquias e nas PMES\",\"datePublished\":\"2024-11-27T13:03:25+00:00\",\"dateModified\":\"2024-11-27T13:03:30+00:00\",\"mainEntityOfPage\":{\"@id\":\"http:\/\/maismagazine.pt\/index.php\/2024\/11\/27\/diretor-de-projetos-de-seguranca-na-onu-especialista-em-ciberseguranca-vai-estar-no-porto-para-reforcar-importancia-da-protecao-de-dados-nas-autarquias-e-nas-pmes\/\"},\"wordCount\":472,\"publisher\":{\"@id\":\"http:\/\/maismagazine.pt\/#organization\"},\"image\":{\"@id\":\"http:\/\/maismagazine.pt\/index.php\/2024\/11\/27\/diretor-de-projetos-de-seguranca-na-onu-especialista-em-ciberseguranca-vai-estar-no-porto-para-reforcar-importancia-da-protecao-de-dados-nas-autarquias-e-nas-pmes\/#primaryimage\"},\"thumbnailUrl\":\"http:\/\/maismagazine.pt\/wp-content\/uploads\/2024\/11\/Captura-de-ecra-2024-11-27-130244.png\",\"keywords\":[\"ciberseguran\u00e7a\",\"ONU\"],\"articleSection\":[\"Not\u00edcias\"],\"inLanguage\":\"pt-PT\"},{\"@type\":\"WebPage\",\"@id\":\"http:\/\/maismagazine.pt\/index.php\/2024\/11\/27\/diretor-de-projetos-de-seguranca-na-onu-especialista-em-ciberseguranca-vai-estar-no-porto-para-reforcar-importancia-da-protecao-de-dados-nas-autarquias-e-nas-pmes\/\",\"url\":\"http:\/\/maismagazine.pt\/index.php\/2024\/11\/27\/diretor-de-projetos-de-seguranca-na-onu-especialista-em-ciberseguranca-vai-estar-no-porto-para-reforcar-importancia-da-protecao-de-dados-nas-autarquias-e-nas-pmes\/\",\"name\":\"Diretor de projetos de seguran\u00e7a na ONU, especialista em ciberseguran\u00e7a, vai estar no Porto para refor\u00e7ar import\u00e2ncia da prote\u00e7\u00e3o de dados nas autarquias e nas PMES - Mais Magazine\",\"isPartOf\":{\"@id\":\"http:\/\/maismagazine.pt\/#website\"},\"primaryImageOfPage\":{\"@id\":\"http:\/\/maismagazine.pt\/index.php\/2024\/11\/27\/diretor-de-projetos-de-seguranca-na-onu-especialista-em-ciberseguranca-vai-estar-no-porto-para-reforcar-importancia-da-protecao-de-dados-nas-autarquias-e-nas-pmes\/#primaryimage\"},\"image\":{\"@id\":\"http:\/\/maismagazine.pt\/index.php\/2024\/11\/27\/diretor-de-projetos-de-seguranca-na-onu-especialista-em-ciberseguranca-vai-estar-no-porto-para-reforcar-importancia-da-protecao-de-dados-nas-autarquias-e-nas-pmes\/#primaryimage\"},\"thumbnailUrl\":\"http:\/\/maismagazine.pt\/wp-content\/uploads\/2024\/11\/Captura-de-ecra-2024-11-27-130244.png\",\"datePublished\":\"2024-11-27T13:03:25+00:00\",\"dateModified\":\"2024-11-27T13:03:30+00:00\",\"description\":\"Ben Shariati, diretor do Programa de P\u00f3s-Gradua\u00e7\u00e3o em Ciberseguran\u00e7a na Universidade de Maryland, EUA, vai estar em Portugal, no \u00e2mbito da implementa\u00e7\u00e3o do projeto C-HUB - P\u00f3lo de Inova\u00e7\u00e3o Digital de Ciberseguran\u00e7a, que visa potenciar a transforma\u00e7\u00e3o digital e a ciber-resili\u00eancia de PMEs e da Administra\u00e7\u00e3o P\u00fablica. O especialista em ciberseguran\u00e7a vai juntar-se a Ant\u00f3nio Costa, do Centro Nacional de Ciberseguran\u00e7a (CNCS), Carlos Ribeiro do INESC INOV Lab, Nelson Escravana, Bernardo Pacheco e Gon\u00e7alo Cadete, da \u00e1rea de Ciberseguran\u00e7a do INOV e Lu\u00eds Antunes e Rolando Martins, ambos do C3P da Universidade do Porto, sensibilizar as empresas e entidades p\u00fablicas para a import\u00e2ncia de protegerem os seus dados. No dia 28, o palco ser\u00e1 a Porto Business School, no Porto.\",\"breadcrumb\":{\"@id\":\"http:\/\/maismagazine.pt\/index.php\/2024\/11\/27\/diretor-de-projetos-de-seguranca-na-onu-especialista-em-ciberseguranca-vai-estar-no-porto-para-reforcar-importancia-da-protecao-de-dados-nas-autarquias-e-nas-pmes\/#breadcrumb\"},\"inLanguage\":\"pt-PT\",\"potentialAction\":[{\"@type\":\"ReadAction\",\"target\":[\"http:\/\/maismagazine.pt\/index.php\/2024\/11\/27\/diretor-de-projetos-de-seguranca-na-onu-especialista-em-ciberseguranca-vai-estar-no-porto-para-reforcar-importancia-da-protecao-de-dados-nas-autarquias-e-nas-pmes\/\"]}]},{\"@type\":\"ImageObject\",\"inLanguage\":\"pt-PT\",\"@id\":\"http:\/\/maismagazine.pt\/index.php\/2024\/11\/27\/diretor-de-projetos-de-seguranca-na-onu-especialista-em-ciberseguranca-vai-estar-no-porto-para-reforcar-importancia-da-protecao-de-dados-nas-autarquias-e-nas-pmes\/#primaryimage\",\"url\":\"http:\/\/maismagazine.pt\/wp-content\/uploads\/2024\/11\/Captura-de-ecra-2024-11-27-130244.png\",\"contentUrl\":\"http:\/\/maismagazine.pt\/wp-content\/uploads\/2024\/11\/Captura-de-ecra-2024-11-27-130244.png\",\"width\":1093,\"height\":403},{\"@type\":\"BreadcrumbList\",\"@id\":\"http:\/\/maismagazine.pt\/index.php\/2024\/11\/27\/diretor-de-projetos-de-seguranca-na-onu-especialista-em-ciberseguranca-vai-estar-no-porto-para-reforcar-importancia-da-protecao-de-dados-nas-autarquias-e-nas-pmes\/#breadcrumb\",\"itemListElement\":[{\"@type\":\"ListItem\",\"position\":1,\"name\":\"Home\",\"item\":\"http:\/\/maismagazine.pt\/\"},{\"@type\":\"ListItem\",\"position\":2,\"name\":\"Diretor de projetos de seguran\u00e7a na ONU, especialista em ciberseguran\u00e7a, vai estar no Porto para refor\u00e7ar import\u00e2ncia da prote\u00e7\u00e3o de dados nas autarquias e nas PMES\"}]},{\"@type\":\"WebSite\",\"@id\":\"http:\/\/maismagazine.pt\/#website\",\"url\":\"http:\/\/maismagazine.pt\/\",\"name\":\"Mais Magazine\",\"description\":\"\",\"publisher\":{\"@id\":\"http:\/\/maismagazine.pt\/#organization\"},\"potentialAction\":[{\"@type\":\"SearchAction\",\"target\":{\"@type\":\"EntryPoint\",\"urlTemplate\":\"http:\/\/maismagazine.pt\/?s={search_term_string}\"},\"query-input\":{\"@type\":\"PropertyValueSpecification\",\"valueRequired\":true,\"valueName\":\"search_term_string\"}}],\"inLanguage\":\"pt-PT\"},{\"@type\":\"Organization\",\"@id\":\"http:\/\/maismagazine.pt\/#organization\",\"name\":\"Mais Magazine\",\"url\":\"http:\/\/maismagazine.pt\/\",\"logo\":{\"@type\":\"ImageObject\",\"inLanguage\":\"pt-PT\",\"@id\":\"http:\/\/maismagazine.pt\/#\/schema\/logo\/image\/\",\"url\":\"http:\/\/maismagazine.pt\/wp-content\/uploads\/2020\/04\/cropped-cropped-mais-magazine-site-logo-2.png\",\"contentUrl\":\"http:\/\/maismagazine.pt\/wp-content\/uploads\/2020\/04\/cropped-cropped-mais-magazine-site-logo-2.png\",\"width\":581,\"height\":90,\"caption\":\"Mais Magazine\"},\"image\":{\"@id\":\"http:\/\/maismagazine.pt\/#\/schema\/logo\/image\/\"}},{\"@type\":\"Person\",\"@id\":\"http:\/\/maismagazine.pt\/#\/schema\/person\/c6c5bfccc886434cbd11c74e035f9646\",\"name\":\"Tiago Costa\",\"image\":{\"@type\":\"ImageObject\",\"inLanguage\":\"pt-PT\",\"@id\":\"http:\/\/maismagazine.pt\/#\/schema\/person\/image\/\",\"url\":\"https:\/\/secure.gravatar.com\/avatar\/c599b2bce16c9870429198cbad5ee022?s=96&d=mm&r=g\",\"contentUrl\":\"https:\/\/secure.gravatar.com\/avatar\/c599b2bce16c9870429198cbad5ee022?s=96&d=mm&r=g\",\"caption\":\"Tiago Costa\"},\"url\":\"http:\/\/maismagazine.pt\/index.php\/author\/tiago\/\"}]}<\/script>\n<!-- \/ Yoast SEO plugin. -->","yoast_head_json":{"title":"Diretor de projetos de seguran\u00e7a na ONU, especialista em ciberseguran\u00e7a, vai estar no Porto para refor\u00e7ar import\u00e2ncia da prote\u00e7\u00e3o de dados nas autarquias e nas PMES - Mais Magazine","description":"Ben Shariati, diretor do Programa de P\u00f3s-Gradua\u00e7\u00e3o em Ciberseguran\u00e7a na Universidade de Maryland, EUA, vai estar em Portugal, no \u00e2mbito da implementa\u00e7\u00e3o do projeto C-HUB - P\u00f3lo de Inova\u00e7\u00e3o Digital de Ciberseguran\u00e7a, que visa potenciar a transforma\u00e7\u00e3o digital e a ciber-resili\u00eancia de PMEs e da Administra\u00e7\u00e3o P\u00fablica. O especialista em ciberseguran\u00e7a vai juntar-se a Ant\u00f3nio Costa, do Centro Nacional de Ciberseguran\u00e7a (CNCS), Carlos Ribeiro do INESC INOV Lab, Nelson Escravana, Bernardo Pacheco e Gon\u00e7alo Cadete, da \u00e1rea de Ciberseguran\u00e7a do INOV e Lu\u00eds Antunes e Rolando Martins, ambos do C3P da Universidade do Porto, sensibilizar as empresas e entidades p\u00fablicas para a import\u00e2ncia de protegerem os seus dados. No dia 28, o palco ser\u00e1 a Porto Business School, no Porto.","robots":{"index":"index","follow":"follow","max-snippet":"max-snippet:-1","max-image-preview":"max-image-preview:large","max-video-preview":"max-video-preview:-1"},"canonical":"http:\/\/maismagazine.pt\/index.php\/2024\/11\/27\/diretor-de-projetos-de-seguranca-na-onu-especialista-em-ciberseguranca-vai-estar-no-porto-para-reforcar-importancia-da-protecao-de-dados-nas-autarquias-e-nas-pmes\/","og_locale":"pt_PT","og_type":"article","og_title":"Diretor de projetos de seguran\u00e7a na ONU, especialista em ciberseguran\u00e7a, vai estar no Porto para refor\u00e7ar import\u00e2ncia da prote\u00e7\u00e3o de dados nas autarquias e nas PMES - Mais Magazine","og_description":"Ben Shariati, diretor do Programa de P\u00f3s-Gradua\u00e7\u00e3o em Ciberseguran\u00e7a na Universidade de Maryland, EUA, vai estar em Portugal, no \u00e2mbito da implementa\u00e7\u00e3o do projeto C-HUB - P\u00f3lo de Inova\u00e7\u00e3o Digital de Ciberseguran\u00e7a, que visa potenciar a transforma\u00e7\u00e3o digital e a ciber-resili\u00eancia de PMEs e da Administra\u00e7\u00e3o P\u00fablica. O especialista em ciberseguran\u00e7a vai juntar-se a Ant\u00f3nio Costa, do Centro Nacional de Ciberseguran\u00e7a (CNCS), Carlos Ribeiro do INESC INOV Lab, Nelson Escravana, Bernardo Pacheco e Gon\u00e7alo Cadete, da \u00e1rea de Ciberseguran\u00e7a do INOV e Lu\u00eds Antunes e Rolando Martins, ambos do C3P da Universidade do Porto, sensibilizar as empresas e entidades p\u00fablicas para a import\u00e2ncia de protegerem os seus dados. No dia 28, o palco ser\u00e1 a Porto Business School, no Porto.","og_url":"http:\/\/maismagazine.pt\/index.php\/2024\/11\/27\/diretor-de-projetos-de-seguranca-na-onu-especialista-em-ciberseguranca-vai-estar-no-porto-para-reforcar-importancia-da-protecao-de-dados-nas-autarquias-e-nas-pmes\/","og_site_name":"Mais Magazine","article_published_time":"2024-11-27T13:03:25+00:00","article_modified_time":"2024-11-27T13:03:30+00:00","og_image":[{"width":1093,"height":403,"url":"http:\/\/maismagazine.pt\/wp-content\/uploads\/2024\/11\/Captura-de-ecra-2024-11-27-130244.png","type":"image\/png"}],"author":"Tiago Costa","twitter_card":"summary_large_image","twitter_misc":{"Escrito por":false,"Tempo estimado de leitura":"3 minutos"},"schema":{"@context":"https:\/\/schema.org","@graph":[{"@type":"Article","@id":"http:\/\/maismagazine.pt\/index.php\/2024\/11\/27\/diretor-de-projetos-de-seguranca-na-onu-especialista-em-ciberseguranca-vai-estar-no-porto-para-reforcar-importancia-da-protecao-de-dados-nas-autarquias-e-nas-pmes\/#article","isPartOf":{"@id":"http:\/\/maismagazine.pt\/index.php\/2024\/11\/27\/diretor-de-projetos-de-seguranca-na-onu-especialista-em-ciberseguranca-vai-estar-no-porto-para-reforcar-importancia-da-protecao-de-dados-nas-autarquias-e-nas-pmes\/"},"author":{"name":"Tiago Costa","@id":"http:\/\/maismagazine.pt\/#\/schema\/person\/c6c5bfccc886434cbd11c74e035f9646"},"headline":"Diretor de projetos de seguran\u00e7a na ONU, especialista em ciberseguran\u00e7a, vai estar no Porto para refor\u00e7ar import\u00e2ncia da prote\u00e7\u00e3o de dados nas autarquias e nas PMES","datePublished":"2024-11-27T13:03:25+00:00","dateModified":"2024-11-27T13:03:30+00:00","mainEntityOfPage":{"@id":"http:\/\/maismagazine.pt\/index.php\/2024\/11\/27\/diretor-de-projetos-de-seguranca-na-onu-especialista-em-ciberseguranca-vai-estar-no-porto-para-reforcar-importancia-da-protecao-de-dados-nas-autarquias-e-nas-pmes\/"},"wordCount":472,"publisher":{"@id":"http:\/\/maismagazine.pt\/#organization"},"image":{"@id":"http:\/\/maismagazine.pt\/index.php\/2024\/11\/27\/diretor-de-projetos-de-seguranca-na-onu-especialista-em-ciberseguranca-vai-estar-no-porto-para-reforcar-importancia-da-protecao-de-dados-nas-autarquias-e-nas-pmes\/#primaryimage"},"thumbnailUrl":"http:\/\/maismagazine.pt\/wp-content\/uploads\/2024\/11\/Captura-de-ecra-2024-11-27-130244.png","keywords":["ciberseguran\u00e7a","ONU"],"articleSection":["Not\u00edcias"],"inLanguage":"pt-PT"},{"@type":"WebPage","@id":"http:\/\/maismagazine.pt\/index.php\/2024\/11\/27\/diretor-de-projetos-de-seguranca-na-onu-especialista-em-ciberseguranca-vai-estar-no-porto-para-reforcar-importancia-da-protecao-de-dados-nas-autarquias-e-nas-pmes\/","url":"http:\/\/maismagazine.pt\/index.php\/2024\/11\/27\/diretor-de-projetos-de-seguranca-na-onu-especialista-em-ciberseguranca-vai-estar-no-porto-para-reforcar-importancia-da-protecao-de-dados-nas-autarquias-e-nas-pmes\/","name":"Diretor de projetos de seguran\u00e7a na ONU, especialista em ciberseguran\u00e7a, vai estar no Porto para refor\u00e7ar import\u00e2ncia da prote\u00e7\u00e3o de dados nas autarquias e nas PMES - Mais Magazine","isPartOf":{"@id":"http:\/\/maismagazine.pt\/#website"},"primaryImageOfPage":{"@id":"http:\/\/maismagazine.pt\/index.php\/2024\/11\/27\/diretor-de-projetos-de-seguranca-na-onu-especialista-em-ciberseguranca-vai-estar-no-porto-para-reforcar-importancia-da-protecao-de-dados-nas-autarquias-e-nas-pmes\/#primaryimage"},"image":{"@id":"http:\/\/maismagazine.pt\/index.php\/2024\/11\/27\/diretor-de-projetos-de-seguranca-na-onu-especialista-em-ciberseguranca-vai-estar-no-porto-para-reforcar-importancia-da-protecao-de-dados-nas-autarquias-e-nas-pmes\/#primaryimage"},"thumbnailUrl":"http:\/\/maismagazine.pt\/wp-content\/uploads\/2024\/11\/Captura-de-ecra-2024-11-27-130244.png","datePublished":"2024-11-27T13:03:25+00:00","dateModified":"2024-11-27T13:03:30+00:00","description":"Ben Shariati, diretor do Programa de P\u00f3s-Gradua\u00e7\u00e3o em Ciberseguran\u00e7a na Universidade de Maryland, EUA, vai estar em Portugal, no \u00e2mbito da implementa\u00e7\u00e3o do projeto C-HUB - P\u00f3lo de Inova\u00e7\u00e3o Digital de Ciberseguran\u00e7a, que visa potenciar a transforma\u00e7\u00e3o digital e a ciber-resili\u00eancia de PMEs e da Administra\u00e7\u00e3o P\u00fablica. O especialista em ciberseguran\u00e7a vai juntar-se a Ant\u00f3nio Costa, do Centro Nacional de Ciberseguran\u00e7a (CNCS), Carlos Ribeiro do INESC INOV Lab, Nelson Escravana, Bernardo Pacheco e Gon\u00e7alo Cadete, da \u00e1rea de Ciberseguran\u00e7a do INOV e Lu\u00eds Antunes e Rolando Martins, ambos do C3P da Universidade do Porto, sensibilizar as empresas e entidades p\u00fablicas para a import\u00e2ncia de protegerem os seus dados. No dia 28, o palco ser\u00e1 a Porto Business School, no Porto.","breadcrumb":{"@id":"http:\/\/maismagazine.pt\/index.php\/2024\/11\/27\/diretor-de-projetos-de-seguranca-na-onu-especialista-em-ciberseguranca-vai-estar-no-porto-para-reforcar-importancia-da-protecao-de-dados-nas-autarquias-e-nas-pmes\/#breadcrumb"},"inLanguage":"pt-PT","potentialAction":[{"@type":"ReadAction","target":["http:\/\/maismagazine.pt\/index.php\/2024\/11\/27\/diretor-de-projetos-de-seguranca-na-onu-especialista-em-ciberseguranca-vai-estar-no-porto-para-reforcar-importancia-da-protecao-de-dados-nas-autarquias-e-nas-pmes\/"]}]},{"@type":"ImageObject","inLanguage":"pt-PT","@id":"http:\/\/maismagazine.pt\/index.php\/2024\/11\/27\/diretor-de-projetos-de-seguranca-na-onu-especialista-em-ciberseguranca-vai-estar-no-porto-para-reforcar-importancia-da-protecao-de-dados-nas-autarquias-e-nas-pmes\/#primaryimage","url":"http:\/\/maismagazine.pt\/wp-content\/uploads\/2024\/11\/Captura-de-ecra-2024-11-27-130244.png","contentUrl":"http:\/\/maismagazine.pt\/wp-content\/uploads\/2024\/11\/Captura-de-ecra-2024-11-27-130244.png","width":1093,"height":403},{"@type":"BreadcrumbList","@id":"http:\/\/maismagazine.pt\/index.php\/2024\/11\/27\/diretor-de-projetos-de-seguranca-na-onu-especialista-em-ciberseguranca-vai-estar-no-porto-para-reforcar-importancia-da-protecao-de-dados-nas-autarquias-e-nas-pmes\/#breadcrumb","itemListElement":[{"@type":"ListItem","position":1,"name":"Home","item":"http:\/\/maismagazine.pt\/"},{"@type":"ListItem","position":2,"name":"Diretor de projetos de seguran\u00e7a na ONU, especialista em ciberseguran\u00e7a, vai estar no Porto para refor\u00e7ar import\u00e2ncia da prote\u00e7\u00e3o de dados nas autarquias e nas PMES"}]},{"@type":"WebSite","@id":"http:\/\/maismagazine.pt\/#website","url":"http:\/\/maismagazine.pt\/","name":"Mais Magazine","description":"","publisher":{"@id":"http:\/\/maismagazine.pt\/#organization"},"potentialAction":[{"@type":"SearchAction","target":{"@type":"EntryPoint","urlTemplate":"http:\/\/maismagazine.pt\/?s={search_term_string}"},"query-input":{"@type":"PropertyValueSpecification","valueRequired":true,"valueName":"search_term_string"}}],"inLanguage":"pt-PT"},{"@type":"Organization","@id":"http:\/\/maismagazine.pt\/#organization","name":"Mais Magazine","url":"http:\/\/maismagazine.pt\/","logo":{"@type":"ImageObject","inLanguage":"pt-PT","@id":"http:\/\/maismagazine.pt\/#\/schema\/logo\/image\/","url":"http:\/\/maismagazine.pt\/wp-content\/uploads\/2020\/04\/cropped-cropped-mais-magazine-site-logo-2.png","contentUrl":"http:\/\/maismagazine.pt\/wp-content\/uploads\/2020\/04\/cropped-cropped-mais-magazine-site-logo-2.png","width":581,"height":90,"caption":"Mais Magazine"},"image":{"@id":"http:\/\/maismagazine.pt\/#\/schema\/logo\/image\/"}},{"@type":"Person","@id":"http:\/\/maismagazine.pt\/#\/schema\/person\/c6c5bfccc886434cbd11c74e035f9646","name":"Tiago Costa","image":{"@type":"ImageObject","inLanguage":"pt-PT","@id":"http:\/\/maismagazine.pt\/#\/schema\/person\/image\/","url":"https:\/\/secure.gravatar.com\/avatar\/c599b2bce16c9870429198cbad5ee022?s=96&d=mm&r=g","contentUrl":"https:\/\/secure.gravatar.com\/avatar\/c599b2bce16c9870429198cbad5ee022?s=96&d=mm&r=g","caption":"Tiago Costa"},"url":"http:\/\/maismagazine.pt\/index.php\/author\/tiago\/"}]}},"author_meta":{"display_name":false,"author_link":"http:\/\/maismagazine.pt\/index.php\/author\/tiago\/"},"featured_img":"http:\/\/maismagazine.pt\/wp-content\/uploads\/2024\/11\/Captura-de-ecra-2024-11-27-130244-300x111.png","coauthors":[],"tax_additional":{"categories":{"linked":["<a href=\"http:\/\/maismagazine.pt\/index.php\/category\/noticias\/\" class=\"advgb-post-tax-term\">Not\u00edcias<\/a>"],"unlinked":["<span class=\"advgb-post-tax-term\">Not\u00edcias<\/span>"]},"tags":{"linked":["<a href=\"http:\/\/maismagazine.pt\/index.php\/category\/noticias\/\" class=\"advgb-post-tax-term\">ciberseguran\u00e7a<\/a>","<a href=\"http:\/\/maismagazine.pt\/index.php\/category\/noticias\/\" class=\"advgb-post-tax-term\">ONU<\/a>"],"unlinked":["<span class=\"advgb-post-tax-term\">ciberseguran\u00e7a<\/span>","<span class=\"advgb-post-tax-term\">ONU<\/span>"]}},"comment_count":"0","relative_dates":{"created":"Posted 1 ano ago","modified":"Updated 1 ano ago"},"absolute_dates":{"created":"Posted on 27 de Novembro, 2024","modified":"Updated on 27 de Novembro, 2024"},"absolute_dates_time":{"created":"Posted on 27 de Novembro, 2024 13:03","modified":"Updated on 27 de Novembro, 2024 13:03"},"featured_img_caption":"","series_order":"","_links":{"self":[{"href":"http:\/\/maismagazine.pt\/index.php\/wp-json\/wp\/v2\/posts\/10933","targetHints":{"allow":["GET"]}}],"collection":[{"href":"http:\/\/maismagazine.pt\/index.php\/wp-json\/wp\/v2\/posts"}],"about":[{"href":"http:\/\/maismagazine.pt\/index.php\/wp-json\/wp\/v2\/types\/post"}],"author":[{"embeddable":true,"href":"http:\/\/maismagazine.pt\/index.php\/wp-json\/wp\/v2\/users\/17"}],"replies":[{"embeddable":true,"href":"http:\/\/maismagazine.pt\/index.php\/wp-json\/wp\/v2\/comments?post=10933"}],"version-history":[{"count":1,"href":"http:\/\/maismagazine.pt\/index.php\/wp-json\/wp\/v2\/posts\/10933\/revisions"}],"predecessor-version":[{"id":10935,"href":"http:\/\/maismagazine.pt\/index.php\/wp-json\/wp\/v2\/posts\/10933\/revisions\/10935"}],"wp:featuredmedia":[{"embeddable":true,"href":"http:\/\/maismagazine.pt\/index.php\/wp-json\/wp\/v2\/media\/10934"}],"wp:attachment":[{"href":"http:\/\/maismagazine.pt\/index.php\/wp-json\/wp\/v2\/media?parent=10933"}],"wp:term":[{"taxonomy":"category","embeddable":true,"href":"http:\/\/maismagazine.pt\/index.php\/wp-json\/wp\/v2\/categories?post=10933"},{"taxonomy":"post_tag","embeddable":true,"href":"http:\/\/maismagazine.pt\/index.php\/wp-json\/wp\/v2\/tags?post=10933"}],"curies":[{"name":"wp","href":"https:\/\/api.w.org\/{rel}","templated":true}]}}