{"id":10929,"date":"2024-11-26T17:00:49","date_gmt":"2024-11-26T17:00:49","guid":{"rendered":"https:\/\/maismagazine.pt\/?p=10929"},"modified":"2024-11-26T17:00:53","modified_gmt":"2024-11-26T17:00:53","slug":"piscinas-municipais-da-batalha-reabrem-ao-publico-apos-obra-de-requalificacao-para-melhoria-da-eficiencia-energetica","status":"publish","type":"post","link":"http:\/\/maismagazine.pt\/index.php\/2024\/11\/26\/piscinas-municipais-da-batalha-reabrem-ao-publico-apos-obra-de-requalificacao-para-melhoria-da-eficiencia-energetica\/","title":{"rendered":"Piscinas Municipais da Batalha reabrem ao p\u00fablico ap\u00f3s obra de requalifica\u00e7\u00e3o para melhoria da efici\u00eancia energ\u00e9tica"},"content":{"rendered":"\n<p><strong>Munic\u00edpio da Batalha anuncia in\u00edcio de funcionamento a 27 de novembro<\/strong>.<\/p>\n\n\n\n<p><\/p>\n\n\n\n<p>O Munic\u00edpio da Batalha anuncia a reabertura das Piscinas Municipais j\u00e1 esta quarta-feira, dia 27 de novembro, ap\u00f3s encerramento em abril para a primeira interven\u00e7\u00e3o de requalifica\u00e7\u00e3o da infraestrutura desde a sua inaugura\u00e7\u00e3o, em outubro de 1995, para melhorar a efici\u00eancia energ\u00e9tica. Esta obra, com um investimento total de 725.983,70 euros, foi recentemente objeto de candidatura ao CENTRO2030, no \u00e2mbito do concurso \u201cEfici\u00eancia Energ\u00e9tica na Administra\u00e7\u00e3o Local \u2013 ITI CIM\u201d (CENTRO2030-2024-28), onde se prop\u00f5e um montante de financiamento FEDER de 584.334,48 euros, para um investimento eleg\u00edvel de 687.452,33 euros.<\/p>\n\n\n\n<p><\/p>\n\n\n\n<p>A empreitada, que decorreu entre os meses de abril e novembro, integrou a reformula\u00e7\u00e3o da central t\u00e9rmica e o fornecimento de uma caldeira de condensa\u00e7\u00e3o para \u00e1guas quentes sanit\u00e1rias, a instala\u00e7\u00e3o de ventila\u00e7\u00e3o nos balne\u00e1rios e \u00e1reas adjacentes, a substitui\u00e7\u00e3o parcial dos v\u00e3os envidra\u00e7ados e do sistema de filtragem e tratamento de \u00e1gua, e a adapta\u00e7\u00e3o e substitui\u00e7\u00e3o de lumin\u00e1rias para tecnologia LED.\u00a0 O projeto incluiu ainda a coloca\u00e7\u00e3o de pain\u00e9is fotovoltaicos, a implementa\u00e7\u00e3o de um sistema de gest\u00e3o integrada central que controla a partir de agora todos os equipamentos, e a reformula\u00e7\u00e3o da rede de g\u00e1s.<\/p>\n\n\n\n<p><\/p>\n\n\n\n<p>Esta requalifica\u00e7\u00e3o permitiu contribuir para a redu\u00e7\u00e3o das emiss\u00f5es de gases com efeito de estufa, aumentar a efici\u00eancia energ\u00e9tica do edif\u00edcio, e promover o fomento da utiliza\u00e7\u00e3o de energias renov\u00e1veis na produ\u00e7\u00e3o de eletricidade e a redu\u00e7\u00e3o da depend\u00eancia energ\u00e9tica proveniente do exterior.<\/p>\n","protected":false},"excerpt":{"rendered":"<p>Munic\u00edpio da Batalha anuncia in\u00edcio de funcionamento a 27 de novembro. O Munic\u00edpio da Batalha anuncia a reabertura das Piscinas Municipais j\u00e1 esta quarta-feira, dia 27 de novembro, ap\u00f3s encerramento em abril para a primeira interven\u00e7\u00e3o de requalifica\u00e7\u00e3o da infraestrutura desde a sua inaugura\u00e7\u00e3o, em outubro de 1995, para melhorar&hellip;<\/p>\n","protected":false},"author":18,"featured_media":10930,"comment_status":"closed","ping_status":"open","sticky":false,"template":"","format":"standard","meta":{"advgb_blocks_editor_width":"","advgb_blocks_columns_visual_guide":"","_monsterinsights_skip_tracking":false,"_monsterinsights_sitenote_active":false,"_monsterinsights_sitenote_note":"","_monsterinsights_sitenote_category":0,"footnotes":""},"categories":[7],"tags":[1904,2211],"class_list":["post-10929","post","type-post","status-publish","format-standard","has-post-thumbnail","hentry","category-noticias","tag-batalha","tag-piscinas-municipais"],"yoast_head":"<!-- This site is optimized with the Yoast SEO plugin v24.4 - https:\/\/yoast.com\/wordpress\/plugins\/seo\/ -->\n<title>Piscinas Municipais da Batalha reabrem ao p\u00fablico ap\u00f3s obra de requalifica\u00e7\u00e3o para melhoria da efici\u00eancia energ\u00e9tica - Mais Magazine<\/title>\n<meta name=\"robots\" content=\"index, follow, max-snippet:-1, max-image-preview:large, max-video-preview:-1\" \/>\n<link rel=\"canonical\" href=\"http:\/\/maismagazine.pt\/index.php\/2024\/11\/26\/piscinas-municipais-da-batalha-reabrem-ao-publico-apos-obra-de-requalificacao-para-melhoria-da-eficiencia-energetica\/\" \/>\n<meta property=\"og:locale\" content=\"pt_PT\" \/>\n<meta property=\"og:type\" content=\"article\" \/>\n<meta property=\"og:title\" content=\"Piscinas Municipais da Batalha reabrem ao p\u00fablico ap\u00f3s obra de requalifica\u00e7\u00e3o para melhoria da efici\u00eancia energ\u00e9tica - Mais Magazine\" \/>\n<meta property=\"og:description\" content=\"Munic\u00edpio da Batalha anuncia in\u00edcio de funcionamento a 27 de novembro. O Munic\u00edpio da Batalha anuncia a reabertura das Piscinas Municipais j\u00e1 esta quarta-feira, dia 27 de novembro, ap\u00f3s encerramento em abril para a primeira interven\u00e7\u00e3o de requalifica\u00e7\u00e3o da infraestrutura desde a sua inaugura\u00e7\u00e3o, em outubro de 1995, para melhorar&hellip;\" \/>\n<meta property=\"og:url\" content=\"http:\/\/maismagazine.pt\/index.php\/2024\/11\/26\/piscinas-municipais-da-batalha-reabrem-ao-publico-apos-obra-de-requalificacao-para-melhoria-da-eficiencia-energetica\/\" \/>\n<meta property=\"og:site_name\" content=\"Mais Magazine\" \/>\n<meta property=\"article:published_time\" content=\"2024-11-26T17:00:49+00:00\" \/>\n<meta property=\"article:modified_time\" content=\"2024-11-26T17:00:53+00:00\" \/>\n<meta property=\"og:image\" content=\"http:\/\/maismagazine.pt\/wp-content\/uploads\/2024\/11\/logotipo_hor_mini.png\" \/>\n\t<meta property=\"og:image:width\" content=\"450\" \/>\n\t<meta property=\"og:image:height\" content=\"169\" \/>\n\t<meta property=\"og:image:type\" content=\"image\/png\" \/>\n<meta name=\"author\" content=\"Tatiana Martins\" \/>\n<meta name=\"twitter:card\" content=\"summary_large_image\" \/>\n<meta name=\"twitter:label1\" content=\"Escrito por\" \/>\n\t<meta name=\"twitter:data1\" content=\"\" \/>\n\t<meta name=\"twitter:label2\" content=\"Tempo estimado de leitura\" \/>\n\t<meta name=\"twitter:data2\" content=\"2 minutos\" \/>\n<script type=\"application\/ld+json\" class=\"yoast-schema-graph\">{\"@context\":\"https:\/\/schema.org\",\"@graph\":[{\"@type\":\"Article\",\"@id\":\"http:\/\/maismagazine.pt\/index.php\/2024\/11\/26\/piscinas-municipais-da-batalha-reabrem-ao-publico-apos-obra-de-requalificacao-para-melhoria-da-eficiencia-energetica\/#article\",\"isPartOf\":{\"@id\":\"http:\/\/maismagazine.pt\/index.php\/2024\/11\/26\/piscinas-municipais-da-batalha-reabrem-ao-publico-apos-obra-de-requalificacao-para-melhoria-da-eficiencia-energetica\/\"},\"author\":{\"name\":\"Tatiana Martins\",\"@id\":\"http:\/\/maismagazine.pt\/#\/schema\/person\/7426e2caeb8df32a1b56aa48dae778c9\"},\"headline\":\"Piscinas Municipais da Batalha reabrem ao p\u00fablico ap\u00f3s obra de requalifica\u00e7\u00e3o para melhoria da efici\u00eancia energ\u00e9tica\",\"datePublished\":\"2024-11-26T17:00:49+00:00\",\"dateModified\":\"2024-11-26T17:00:53+00:00\",\"mainEntityOfPage\":{\"@id\":\"http:\/\/maismagazine.pt\/index.php\/2024\/11\/26\/piscinas-municipais-da-batalha-reabrem-ao-publico-apos-obra-de-requalificacao-para-melhoria-da-eficiencia-energetica\/\"},\"wordCount\":301,\"publisher\":{\"@id\":\"http:\/\/maismagazine.pt\/#organization\"},\"image\":{\"@id\":\"http:\/\/maismagazine.pt\/index.php\/2024\/11\/26\/piscinas-municipais-da-batalha-reabrem-ao-publico-apos-obra-de-requalificacao-para-melhoria-da-eficiencia-energetica\/#primaryimage\"},\"thumbnailUrl\":\"http:\/\/maismagazine.pt\/wp-content\/uploads\/2024\/11\/logotipo_hor_mini.png\",\"keywords\":[\"Batalha\",\"Piscinas Municipais\"],\"articleSection\":[\"Not\u00edcias\"],\"inLanguage\":\"pt-PT\"},{\"@type\":\"WebPage\",\"@id\":\"http:\/\/maismagazine.pt\/index.php\/2024\/11\/26\/piscinas-municipais-da-batalha-reabrem-ao-publico-apos-obra-de-requalificacao-para-melhoria-da-eficiencia-energetica\/\",\"url\":\"http:\/\/maismagazine.pt\/index.php\/2024\/11\/26\/piscinas-municipais-da-batalha-reabrem-ao-publico-apos-obra-de-requalificacao-para-melhoria-da-eficiencia-energetica\/\",\"name\":\"Piscinas Municipais da Batalha reabrem ao p\u00fablico ap\u00f3s obra de requalifica\u00e7\u00e3o para melhoria da efici\u00eancia energ\u00e9tica - Mais Magazine\",\"isPartOf\":{\"@id\":\"http:\/\/maismagazine.pt\/#website\"},\"primaryImageOfPage\":{\"@id\":\"http:\/\/maismagazine.pt\/index.php\/2024\/11\/26\/piscinas-municipais-da-batalha-reabrem-ao-publico-apos-obra-de-requalificacao-para-melhoria-da-eficiencia-energetica\/#primaryimage\"},\"image\":{\"@id\":\"http:\/\/maismagazine.pt\/index.php\/2024\/11\/26\/piscinas-municipais-da-batalha-reabrem-ao-publico-apos-obra-de-requalificacao-para-melhoria-da-eficiencia-energetica\/#primaryimage\"},\"thumbnailUrl\":\"http:\/\/maismagazine.pt\/wp-content\/uploads\/2024\/11\/logotipo_hor_mini.png\",\"datePublished\":\"2024-11-26T17:00:49+00:00\",\"dateModified\":\"2024-11-26T17:00:53+00:00\",\"breadcrumb\":{\"@id\":\"http:\/\/maismagazine.pt\/index.php\/2024\/11\/26\/piscinas-municipais-da-batalha-reabrem-ao-publico-apos-obra-de-requalificacao-para-melhoria-da-eficiencia-energetica\/#breadcrumb\"},\"inLanguage\":\"pt-PT\",\"potentialAction\":[{\"@type\":\"ReadAction\",\"target\":[\"http:\/\/maismagazine.pt\/index.php\/2024\/11\/26\/piscinas-municipais-da-batalha-reabrem-ao-publico-apos-obra-de-requalificacao-para-melhoria-da-eficiencia-energetica\/\"]}]},{\"@type\":\"ImageObject\",\"inLanguage\":\"pt-PT\",\"@id\":\"http:\/\/maismagazine.pt\/index.php\/2024\/11\/26\/piscinas-municipais-da-batalha-reabrem-ao-publico-apos-obra-de-requalificacao-para-melhoria-da-eficiencia-energetica\/#primaryimage\",\"url\":\"http:\/\/maismagazine.pt\/wp-content\/uploads\/2024\/11\/logotipo_hor_mini.png\",\"contentUrl\":\"http:\/\/maismagazine.pt\/wp-content\/uploads\/2024\/11\/logotipo_hor_mini.png\",\"width\":450,\"height\":169},{\"@type\":\"BreadcrumbList\",\"@id\":\"http:\/\/maismagazine.pt\/index.php\/2024\/11\/26\/piscinas-municipais-da-batalha-reabrem-ao-publico-apos-obra-de-requalificacao-para-melhoria-da-eficiencia-energetica\/#breadcrumb\",\"itemListElement\":[{\"@type\":\"ListItem\",\"position\":1,\"name\":\"Home\",\"item\":\"http:\/\/maismagazine.pt\/\"},{\"@type\":\"ListItem\",\"position\":2,\"name\":\"Piscinas Municipais da Batalha reabrem ao p\u00fablico ap\u00f3s obra de requalifica\u00e7\u00e3o para melhoria da efici\u00eancia energ\u00e9tica\"}]},{\"@type\":\"WebSite\",\"@id\":\"http:\/\/maismagazine.pt\/#website\",\"url\":\"http:\/\/maismagazine.pt\/\",\"name\":\"Mais Magazine\",\"description\":\"\",\"publisher\":{\"@id\":\"http:\/\/maismagazine.pt\/#organization\"},\"potentialAction\":[{\"@type\":\"SearchAction\",\"target\":{\"@type\":\"EntryPoint\",\"urlTemplate\":\"http:\/\/maismagazine.pt\/?s={search_term_string}\"},\"query-input\":{\"@type\":\"PropertyValueSpecification\",\"valueRequired\":true,\"valueName\":\"search_term_string\"}}],\"inLanguage\":\"pt-PT\"},{\"@type\":\"Organization\",\"@id\":\"http:\/\/maismagazine.pt\/#organization\",\"name\":\"Mais Magazine\",\"url\":\"http:\/\/maismagazine.pt\/\",\"logo\":{\"@type\":\"ImageObject\",\"inLanguage\":\"pt-PT\",\"@id\":\"http:\/\/maismagazine.pt\/#\/schema\/logo\/image\/\",\"url\":\"http:\/\/maismagazine.pt\/wp-content\/uploads\/2020\/04\/cropped-cropped-mais-magazine-site-logo-2.png\",\"contentUrl\":\"http:\/\/maismagazine.pt\/wp-content\/uploads\/2020\/04\/cropped-cropped-mais-magazine-site-logo-2.png\",\"width\":581,\"height\":90,\"caption\":\"Mais Magazine\"},\"image\":{\"@id\":\"http:\/\/maismagazine.pt\/#\/schema\/logo\/image\/\"}},{\"@type\":\"Person\",\"@id\":\"http:\/\/maismagazine.pt\/#\/schema\/person\/7426e2caeb8df32a1b56aa48dae778c9\",\"name\":\"Tatiana Martins\",\"image\":{\"@type\":\"ImageObject\",\"inLanguage\":\"pt-PT\",\"@id\":\"http:\/\/maismagazine.pt\/#\/schema\/person\/image\/\",\"url\":\"https:\/\/secure.gravatar.com\/avatar\/4b24a57f5d0425f2eb20981c4b53244e?s=96&d=mm&r=g\",\"contentUrl\":\"https:\/\/secure.gravatar.com\/avatar\/4b24a57f5d0425f2eb20981c4b53244e?s=96&d=mm&r=g\",\"caption\":\"Tatiana Martins\"},\"url\":\"http:\/\/maismagazine.pt\/index.php\/author\/tatiana\/\"}]}<\/script>\n<!-- \/ Yoast SEO plugin. -->","yoast_head_json":{"title":"Piscinas Municipais da Batalha reabrem ao p\u00fablico ap\u00f3s obra de requalifica\u00e7\u00e3o para melhoria da efici\u00eancia energ\u00e9tica - Mais Magazine","robots":{"index":"index","follow":"follow","max-snippet":"max-snippet:-1","max-image-preview":"max-image-preview:large","max-video-preview":"max-video-preview:-1"},"canonical":"http:\/\/maismagazine.pt\/index.php\/2024\/11\/26\/piscinas-municipais-da-batalha-reabrem-ao-publico-apos-obra-de-requalificacao-para-melhoria-da-eficiencia-energetica\/","og_locale":"pt_PT","og_type":"article","og_title":"Piscinas Municipais da Batalha reabrem ao p\u00fablico ap\u00f3s obra de requalifica\u00e7\u00e3o para melhoria da efici\u00eancia energ\u00e9tica - Mais Magazine","og_description":"Munic\u00edpio da Batalha anuncia in\u00edcio de funcionamento a 27 de novembro. O Munic\u00edpio da Batalha anuncia a reabertura das Piscinas Municipais j\u00e1 esta quarta-feira, dia 27 de novembro, ap\u00f3s encerramento em abril para a primeira interven\u00e7\u00e3o de requalifica\u00e7\u00e3o da infraestrutura desde a sua inaugura\u00e7\u00e3o, em outubro de 1995, para melhorar&hellip;","og_url":"http:\/\/maismagazine.pt\/index.php\/2024\/11\/26\/piscinas-municipais-da-batalha-reabrem-ao-publico-apos-obra-de-requalificacao-para-melhoria-da-eficiencia-energetica\/","og_site_name":"Mais Magazine","article_published_time":"2024-11-26T17:00:49+00:00","article_modified_time":"2024-11-26T17:00:53+00:00","og_image":[{"width":450,"height":169,"url":"http:\/\/maismagazine.pt\/wp-content\/uploads\/2024\/11\/logotipo_hor_mini.png","type":"image\/png"}],"author":"Tatiana Martins","twitter_card":"summary_large_image","twitter_misc":{"Escrito por":false,"Tempo estimado de leitura":"2 minutos"},"schema":{"@context":"https:\/\/schema.org","@graph":[{"@type":"Article","@id":"http:\/\/maismagazine.pt\/index.php\/2024\/11\/26\/piscinas-municipais-da-batalha-reabrem-ao-publico-apos-obra-de-requalificacao-para-melhoria-da-eficiencia-energetica\/#article","isPartOf":{"@id":"http:\/\/maismagazine.pt\/index.php\/2024\/11\/26\/piscinas-municipais-da-batalha-reabrem-ao-publico-apos-obra-de-requalificacao-para-melhoria-da-eficiencia-energetica\/"},"author":{"name":"Tatiana Martins","@id":"http:\/\/maismagazine.pt\/#\/schema\/person\/7426e2caeb8df32a1b56aa48dae778c9"},"headline":"Piscinas Municipais da Batalha reabrem ao p\u00fablico ap\u00f3s obra de requalifica\u00e7\u00e3o para melhoria da efici\u00eancia energ\u00e9tica","datePublished":"2024-11-26T17:00:49+00:00","dateModified":"2024-11-26T17:00:53+00:00","mainEntityOfPage":{"@id":"http:\/\/maismagazine.pt\/index.php\/2024\/11\/26\/piscinas-municipais-da-batalha-reabrem-ao-publico-apos-obra-de-requalificacao-para-melhoria-da-eficiencia-energetica\/"},"wordCount":301,"publisher":{"@id":"http:\/\/maismagazine.pt\/#organization"},"image":{"@id":"http:\/\/maismagazine.pt\/index.php\/2024\/11\/26\/piscinas-municipais-da-batalha-reabrem-ao-publico-apos-obra-de-requalificacao-para-melhoria-da-eficiencia-energetica\/#primaryimage"},"thumbnailUrl":"http:\/\/maismagazine.pt\/wp-content\/uploads\/2024\/11\/logotipo_hor_mini.png","keywords":["Batalha","Piscinas Municipais"],"articleSection":["Not\u00edcias"],"inLanguage":"pt-PT"},{"@type":"WebPage","@id":"http:\/\/maismagazine.pt\/index.php\/2024\/11\/26\/piscinas-municipais-da-batalha-reabrem-ao-publico-apos-obra-de-requalificacao-para-melhoria-da-eficiencia-energetica\/","url":"http:\/\/maismagazine.pt\/index.php\/2024\/11\/26\/piscinas-municipais-da-batalha-reabrem-ao-publico-apos-obra-de-requalificacao-para-melhoria-da-eficiencia-energetica\/","name":"Piscinas Municipais da Batalha reabrem ao p\u00fablico ap\u00f3s obra de requalifica\u00e7\u00e3o para melhoria da efici\u00eancia energ\u00e9tica - Mais Magazine","isPartOf":{"@id":"http:\/\/maismagazine.pt\/#website"},"primaryImageOfPage":{"@id":"http:\/\/maismagazine.pt\/index.php\/2024\/11\/26\/piscinas-municipais-da-batalha-reabrem-ao-publico-apos-obra-de-requalificacao-para-melhoria-da-eficiencia-energetica\/#primaryimage"},"image":{"@id":"http:\/\/maismagazine.pt\/index.php\/2024\/11\/26\/piscinas-municipais-da-batalha-reabrem-ao-publico-apos-obra-de-requalificacao-para-melhoria-da-eficiencia-energetica\/#primaryimage"},"thumbnailUrl":"http:\/\/maismagazine.pt\/wp-content\/uploads\/2024\/11\/logotipo_hor_mini.png","datePublished":"2024-11-26T17:00:49+00:00","dateModified":"2024-11-26T17:00:53+00:00","breadcrumb":{"@id":"http:\/\/maismagazine.pt\/index.php\/2024\/11\/26\/piscinas-municipais-da-batalha-reabrem-ao-publico-apos-obra-de-requalificacao-para-melhoria-da-eficiencia-energetica\/#breadcrumb"},"inLanguage":"pt-PT","potentialAction":[{"@type":"ReadAction","target":["http:\/\/maismagazine.pt\/index.php\/2024\/11\/26\/piscinas-municipais-da-batalha-reabrem-ao-publico-apos-obra-de-requalificacao-para-melhoria-da-eficiencia-energetica\/"]}]},{"@type":"ImageObject","inLanguage":"pt-PT","@id":"http:\/\/maismagazine.pt\/index.php\/2024\/11\/26\/piscinas-municipais-da-batalha-reabrem-ao-publico-apos-obra-de-requalificacao-para-melhoria-da-eficiencia-energetica\/#primaryimage","url":"http:\/\/maismagazine.pt\/wp-content\/uploads\/2024\/11\/logotipo_hor_mini.png","contentUrl":"http:\/\/maismagazine.pt\/wp-content\/uploads\/2024\/11\/logotipo_hor_mini.png","width":450,"height":169},{"@type":"BreadcrumbList","@id":"http:\/\/maismagazine.pt\/index.php\/2024\/11\/26\/piscinas-municipais-da-batalha-reabrem-ao-publico-apos-obra-de-requalificacao-para-melhoria-da-eficiencia-energetica\/#breadcrumb","itemListElement":[{"@type":"ListItem","position":1,"name":"Home","item":"http:\/\/maismagazine.pt\/"},{"@type":"ListItem","position":2,"name":"Piscinas Municipais da Batalha reabrem ao p\u00fablico ap\u00f3s obra de requalifica\u00e7\u00e3o para melhoria da efici\u00eancia energ\u00e9tica"}]},{"@type":"WebSite","@id":"http:\/\/maismagazine.pt\/#website","url":"http:\/\/maismagazine.pt\/","name":"Mais Magazine","description":"","publisher":{"@id":"http:\/\/maismagazine.pt\/#organization"},"potentialAction":[{"@type":"SearchAction","target":{"@type":"EntryPoint","urlTemplate":"http:\/\/maismagazine.pt\/?s={search_term_string}"},"query-input":{"@type":"PropertyValueSpecification","valueRequired":true,"valueName":"search_term_string"}}],"inLanguage":"pt-PT"},{"@type":"Organization","@id":"http:\/\/maismagazine.pt\/#organization","name":"Mais Magazine","url":"http:\/\/maismagazine.pt\/","logo":{"@type":"ImageObject","inLanguage":"pt-PT","@id":"http:\/\/maismagazine.pt\/#\/schema\/logo\/image\/","url":"http:\/\/maismagazine.pt\/wp-content\/uploads\/2020\/04\/cropped-cropped-mais-magazine-site-logo-2.png","contentUrl":"http:\/\/maismagazine.pt\/wp-content\/uploads\/2020\/04\/cropped-cropped-mais-magazine-site-logo-2.png","width":581,"height":90,"caption":"Mais Magazine"},"image":{"@id":"http:\/\/maismagazine.pt\/#\/schema\/logo\/image\/"}},{"@type":"Person","@id":"http:\/\/maismagazine.pt\/#\/schema\/person\/7426e2caeb8df32a1b56aa48dae778c9","name":"Tatiana Martins","image":{"@type":"ImageObject","inLanguage":"pt-PT","@id":"http:\/\/maismagazine.pt\/#\/schema\/person\/image\/","url":"https:\/\/secure.gravatar.com\/avatar\/4b24a57f5d0425f2eb20981c4b53244e?s=96&d=mm&r=g","contentUrl":"https:\/\/secure.gravatar.com\/avatar\/4b24a57f5d0425f2eb20981c4b53244e?s=96&d=mm&r=g","caption":"Tatiana Martins"},"url":"http:\/\/maismagazine.pt\/index.php\/author\/tatiana\/"}]}},"author_meta":{"display_name":false,"author_link":"http:\/\/maismagazine.pt\/index.php\/author\/tatiana\/"},"featured_img":"http:\/\/maismagazine.pt\/wp-content\/uploads\/2024\/11\/logotipo_hor_mini-300x113.png","coauthors":[],"tax_additional":{"categories":{"linked":["<a href=\"http:\/\/maismagazine.pt\/index.php\/category\/noticias\/\" class=\"advgb-post-tax-term\">Not\u00edcias<\/a>"],"unlinked":["<span class=\"advgb-post-tax-term\">Not\u00edcias<\/span>"]},"tags":{"linked":["<a href=\"http:\/\/maismagazine.pt\/index.php\/category\/noticias\/\" class=\"advgb-post-tax-term\">Batalha<\/a>","<a href=\"http:\/\/maismagazine.pt\/index.php\/category\/noticias\/\" class=\"advgb-post-tax-term\">Piscinas Municipais<\/a>"],"unlinked":["<span class=\"advgb-post-tax-term\">Batalha<\/span>","<span class=\"advgb-post-tax-term\">Piscinas Municipais<\/span>"]}},"comment_count":"0","relative_dates":{"created":"Posted 1 ano ago","modified":"Updated 1 ano ago"},"absolute_dates":{"created":"Posted on 26 de Novembro, 2024","modified":"Updated on 26 de Novembro, 2024"},"absolute_dates_time":{"created":"Posted on 26 de Novembro, 2024 17:00","modified":"Updated on 26 de Novembro, 2024 17:00"},"featured_img_caption":"","series_order":"","_links":{"self":[{"href":"http:\/\/maismagazine.pt\/index.php\/wp-json\/wp\/v2\/posts\/10929","targetHints":{"allow":["GET"]}}],"collection":[{"href":"http:\/\/maismagazine.pt\/index.php\/wp-json\/wp\/v2\/posts"}],"about":[{"href":"http:\/\/maismagazine.pt\/index.php\/wp-json\/wp\/v2\/types\/post"}],"author":[{"embeddable":true,"href":"http:\/\/maismagazine.pt\/index.php\/wp-json\/wp\/v2\/users\/18"}],"replies":[{"embeddable":true,"href":"http:\/\/maismagazine.pt\/index.php\/wp-json\/wp\/v2\/comments?post=10929"}],"version-history":[{"count":1,"href":"http:\/\/maismagazine.pt\/index.php\/wp-json\/wp\/v2\/posts\/10929\/revisions"}],"predecessor-version":[{"id":10931,"href":"http:\/\/maismagazine.pt\/index.php\/wp-json\/wp\/v2\/posts\/10929\/revisions\/10931"}],"wp:featuredmedia":[{"embeddable":true,"href":"http:\/\/maismagazine.pt\/index.php\/wp-json\/wp\/v2\/media\/10930"}],"wp:attachment":[{"href":"http:\/\/maismagazine.pt\/index.php\/wp-json\/wp\/v2\/media?parent=10929"}],"wp:term":[{"taxonomy":"category","embeddable":true,"href":"http:\/\/maismagazine.pt\/index.php\/wp-json\/wp\/v2\/categories?post=10929"},{"taxonomy":"post_tag","embeddable":true,"href":"http:\/\/maismagazine.pt\/index.php\/wp-json\/wp\/v2\/tags?post=10929"}],"curies":[{"name":"wp","href":"https:\/\/api.w.org\/{rel}","templated":true}]}}