{"id":10926,"date":"2024-11-26T11:55:08","date_gmt":"2024-11-26T11:55:08","guid":{"rendered":"https:\/\/maismagazine.pt\/?p=10926"},"modified":"2024-11-26T11:55:12","modified_gmt":"2024-11-26T11:55:12","slug":"ayvens-distinguida-como-gestora-de-frota-2024-nos-fleet-awards-portugal","status":"publish","type":"post","link":"http:\/\/maismagazine.pt\/index.php\/2024\/11\/26\/ayvens-distinguida-como-gestora-de-frota-2024-nos-fleet-awards-portugal\/","title":{"rendered":"Ayvens distinguida como \u201cGestora de Frota 2024\u201d nos FLEET AWARDS Portugal"},"content":{"rendered":"\n<p><strong>Ayvens vence pr\u00e9mio pela quinta vez consecutiva e pela d\u00e9cima vez na hist\u00f3ria.<\/strong><\/p>\n\n\n\n<p><\/p>\n\n\n\n<p>A <strong>Ayvens<\/strong>, empresa l\u00edder no mercado nacional de <em>car-as-a-service<\/em> e solu\u00e7\u00f5es de mobilidade, foi eleita \u201cGestora de Frota 2024\u201d nos <strong>FLEET AWARDS Portugal<\/strong>.<\/p>\n\n\n\n<p>A marca, que sucedeu \u00e0 LeasePlan ap\u00f3s ter sido adquirida pela ALD Automotive, ganhou o pr\u00e9mio pela quinta vez consecutiva, sendo que esta \u00e9 a d\u00e9cima vez que recebe esta distin\u00e7\u00e3o. Assim, a <strong>Ayvens<\/strong> mostra que, mesmo em anos de adapta\u00e7\u00e3o e de mudan\u00e7a, \u00e9 poss\u00edvel manter os n\u00edveis de excel\u00eancia, e oferecer &nbsp;servi\u00e7os que v\u00e3o ao encontro das expectativas dos clientes.<\/p>\n\n\n\n<p>Num ano em que se verificaram altera\u00e7\u00f5es no modelo de avalia\u00e7\u00e3o da categoria \u201cGestora de Frota\u201d, a <strong>Ayvens<\/strong> voltou a ser a concorrente preferida do j\u00fari dos <strong>FLEET AWARDS Portugal<\/strong>, que nesta edi\u00e7\u00e3o analisou os temas submetidos a vota\u00e7\u00e3o com um espectro de an\u00e1lise mais alargado, introduzindo a modalidade de voto eletr\u00f3nico.<\/p>\n\n\n\n<p>Al\u00e9m da vota\u00e7\u00e3o realizada por um j\u00fari residente, as empresas em concurso contaram com um n\u00famero adicional de clientes com direito a voto, que o manifestaram numa plataforma disponibilizada pela <strong>Fleet Magazine<\/strong>. O objetivo da publica\u00e7\u00e3o, enquanto organizadora dos <strong>FLEET AWARDS Portugal<\/strong>, passou por manter princ\u00edpios de equidade, seriedade e transpar\u00eancia.<\/p>\n\n\n\n<p>No j\u00fari online, a Ayvens destacou-se como a Gestora de Frotas que conquistou maior n\u00famero de votos. Para al\u00e9m disto, 41 dos 48 membros do j\u00fari online atribu\u00edram pontos \u00e0 Ayvens, consolidando a sua posi\u00e7\u00e3o de destaque. No j\u00fari residente, o desempenho foi igualmente not\u00e1vel: 9 dos 11 membros reconheceram a excel\u00eancia da Ayvens. Em ambas as modalidades, tanto no j\u00fari online como no residente, a Ayvens foi a Gestora de Frotas que alcan\u00e7ou a maior pontua\u00e7\u00e3o nas categorias avaliadas no Boletim de Voto. Estas inclu\u00edram crit\u00e9rios como a rapidez na elabora\u00e7\u00e3o de propostas, flexibilidade na negocia\u00e7\u00e3o, acompanhamento personalizado, efici\u00eancia na resolu\u00e7\u00e3o de problemas, oferta de solu\u00e7\u00f5es inovadoras e servi\u00e7os de consultoria.<\/p>\n\n\n\n<p>\u201c<em>Receber, pela quinta vez consecutiva e pela d\u00e9cima vez na nossa hist\u00f3ria, o pr\u00e9mio de Gestora de Frota \u00e9 um feito que nos orgulha, porque se trata de um reconhecimento pelo trabalho que temos vindo a realizar ao longo dos anos \u2013 e, em especial, em 2024, ano em que ocorreu a transforma\u00e7\u00e3o da Ayvens<\/em>. <em>Termos sido distinguidos com este pr\u00e9mio, sabendo que a dimens\u00e3o do j\u00fari foi alargada, d\u00e1-nos ainda mais for\u00e7a, pois ficamos a saber que mais pessoas confiam nos nossos servi\u00e7os<\/em>\u201d, aponta <strong>Ant\u00f3nio Oliveira Martins, Diretor Geral da Ayvens<\/strong>.<\/p>\n","protected":false},"excerpt":{"rendered":"<p>Ayvens vence pr\u00e9mio pela quinta vez consecutiva e pela d\u00e9cima vez na hist\u00f3ria. A Ayvens, empresa l\u00edder no mercado nacional de car-as-a-service e solu\u00e7\u00f5es de mobilidade, foi eleita \u201cGestora de Frota 2024\u201d nos FLEET AWARDS Portugal. A marca, que sucedeu \u00e0 LeasePlan ap\u00f3s ter sido adquirida pela ALD Automotive, ganhou&hellip;<\/p>\n","protected":false},"author":18,"featured_media":10927,"comment_status":"closed","ping_status":"open","sticky":false,"template":"","format":"standard","meta":{"advgb_blocks_editor_width":"","advgb_blocks_columns_visual_guide":"","_monsterinsights_skip_tracking":false,"_monsterinsights_sitenote_active":false,"_monsterinsights_sitenote_note":"","_monsterinsights_sitenote_category":0,"footnotes":""},"categories":[7],"tags":[2190,2210],"class_list":["post-10926","post","type-post","status-publish","format-standard","has-post-thumbnail","hentry","category-noticias","tag-ayvens","tag-fleet-awards-portugal"],"yoast_head":"<!-- This site is optimized with the Yoast SEO plugin v24.4 - https:\/\/yoast.com\/wordpress\/plugins\/seo\/ -->\n<title>Ayvens distinguida como \u201cGestora de Frota 2024\u201d nos FLEET AWARDS Portugal - Mais Magazine<\/title>\n<meta name=\"robots\" content=\"index, follow, max-snippet:-1, max-image-preview:large, max-video-preview:-1\" \/>\n<link rel=\"canonical\" href=\"http:\/\/maismagazine.pt\/index.php\/2024\/11\/26\/ayvens-distinguida-como-gestora-de-frota-2024-nos-fleet-awards-portugal\/\" \/>\n<meta property=\"og:locale\" content=\"pt_PT\" \/>\n<meta property=\"og:type\" content=\"article\" \/>\n<meta property=\"og:title\" content=\"Ayvens distinguida como \u201cGestora de Frota 2024\u201d nos FLEET AWARDS Portugal - Mais Magazine\" \/>\n<meta property=\"og:description\" content=\"Ayvens vence pr\u00e9mio pela quinta vez consecutiva e pela d\u00e9cima vez na hist\u00f3ria. A Ayvens, empresa l\u00edder no mercado nacional de car-as-a-service e solu\u00e7\u00f5es de mobilidade, foi eleita \u201cGestora de Frota 2024\u201d nos FLEET AWARDS Portugal. A marca, que sucedeu \u00e0 LeasePlan ap\u00f3s ter sido adquirida pela ALD Automotive, ganhou&hellip;\" \/>\n<meta property=\"og:url\" content=\"http:\/\/maismagazine.pt\/index.php\/2024\/11\/26\/ayvens-distinguida-como-gestora-de-frota-2024-nos-fleet-awards-portugal\/\" \/>\n<meta property=\"og:site_name\" content=\"Mais Magazine\" \/>\n<meta property=\"article:published_time\" content=\"2024-11-26T11:55:08+00:00\" \/>\n<meta property=\"article:modified_time\" content=\"2024-11-26T11:55:12+00:00\" \/>\n<meta property=\"og:image\" content=\"http:\/\/maismagazine.pt\/wp-content\/uploads\/2024\/11\/Imagem1.png\" \/>\n\t<meta property=\"og:image:width\" content=\"265\" \/>\n\t<meta property=\"og:image:height\" content=\"76\" \/>\n\t<meta property=\"og:image:type\" content=\"image\/png\" \/>\n<meta name=\"author\" content=\"Tatiana Martins\" \/>\n<meta name=\"twitter:card\" content=\"summary_large_image\" \/>\n<meta name=\"twitter:label1\" content=\"Escrito por\" \/>\n\t<meta name=\"twitter:data1\" content=\"\" \/>\n\t<meta name=\"twitter:label2\" content=\"Tempo estimado de leitura\" \/>\n\t<meta name=\"twitter:data2\" content=\"3 minutos\" \/>\n<script type=\"application\/ld+json\" class=\"yoast-schema-graph\">{\"@context\":\"https:\/\/schema.org\",\"@graph\":[{\"@type\":\"Article\",\"@id\":\"http:\/\/maismagazine.pt\/index.php\/2024\/11\/26\/ayvens-distinguida-como-gestora-de-frota-2024-nos-fleet-awards-portugal\/#article\",\"isPartOf\":{\"@id\":\"http:\/\/maismagazine.pt\/index.php\/2024\/11\/26\/ayvens-distinguida-como-gestora-de-frota-2024-nos-fleet-awards-portugal\/\"},\"author\":{\"name\":\"Tatiana Martins\",\"@id\":\"http:\/\/maismagazine.pt\/#\/schema\/person\/7426e2caeb8df32a1b56aa48dae778c9\"},\"headline\":\"Ayvens distinguida como \u201cGestora de Frota 2024\u201d nos FLEET AWARDS Portugal\",\"datePublished\":\"2024-11-26T11:55:08+00:00\",\"dateModified\":\"2024-11-26T11:55:12+00:00\",\"mainEntityOfPage\":{\"@id\":\"http:\/\/maismagazine.pt\/index.php\/2024\/11\/26\/ayvens-distinguida-como-gestora-de-frota-2024-nos-fleet-awards-portugal\/\"},\"wordCount\":465,\"publisher\":{\"@id\":\"http:\/\/maismagazine.pt\/#organization\"},\"image\":{\"@id\":\"http:\/\/maismagazine.pt\/index.php\/2024\/11\/26\/ayvens-distinguida-como-gestora-de-frota-2024-nos-fleet-awards-portugal\/#primaryimage\"},\"thumbnailUrl\":\"http:\/\/maismagazine.pt\/wp-content\/uploads\/2024\/11\/Imagem1.png\",\"keywords\":[\"Ayvens\",\"Fleet Awards Portugal\"],\"articleSection\":[\"Not\u00edcias\"],\"inLanguage\":\"pt-PT\"},{\"@type\":\"WebPage\",\"@id\":\"http:\/\/maismagazine.pt\/index.php\/2024\/11\/26\/ayvens-distinguida-como-gestora-de-frota-2024-nos-fleet-awards-portugal\/\",\"url\":\"http:\/\/maismagazine.pt\/index.php\/2024\/11\/26\/ayvens-distinguida-como-gestora-de-frota-2024-nos-fleet-awards-portugal\/\",\"name\":\"Ayvens distinguida como \u201cGestora de Frota 2024\u201d nos FLEET AWARDS Portugal - Mais Magazine\",\"isPartOf\":{\"@id\":\"http:\/\/maismagazine.pt\/#website\"},\"primaryImageOfPage\":{\"@id\":\"http:\/\/maismagazine.pt\/index.php\/2024\/11\/26\/ayvens-distinguida-como-gestora-de-frota-2024-nos-fleet-awards-portugal\/#primaryimage\"},\"image\":{\"@id\":\"http:\/\/maismagazine.pt\/index.php\/2024\/11\/26\/ayvens-distinguida-como-gestora-de-frota-2024-nos-fleet-awards-portugal\/#primaryimage\"},\"thumbnailUrl\":\"http:\/\/maismagazine.pt\/wp-content\/uploads\/2024\/11\/Imagem1.png\",\"datePublished\":\"2024-11-26T11:55:08+00:00\",\"dateModified\":\"2024-11-26T11:55:12+00:00\",\"breadcrumb\":{\"@id\":\"http:\/\/maismagazine.pt\/index.php\/2024\/11\/26\/ayvens-distinguida-como-gestora-de-frota-2024-nos-fleet-awards-portugal\/#breadcrumb\"},\"inLanguage\":\"pt-PT\",\"potentialAction\":[{\"@type\":\"ReadAction\",\"target\":[\"http:\/\/maismagazine.pt\/index.php\/2024\/11\/26\/ayvens-distinguida-como-gestora-de-frota-2024-nos-fleet-awards-portugal\/\"]}]},{\"@type\":\"ImageObject\",\"inLanguage\":\"pt-PT\",\"@id\":\"http:\/\/maismagazine.pt\/index.php\/2024\/11\/26\/ayvens-distinguida-como-gestora-de-frota-2024-nos-fleet-awards-portugal\/#primaryimage\",\"url\":\"http:\/\/maismagazine.pt\/wp-content\/uploads\/2024\/11\/Imagem1.png\",\"contentUrl\":\"http:\/\/maismagazine.pt\/wp-content\/uploads\/2024\/11\/Imagem1.png\",\"width\":265,\"height\":76},{\"@type\":\"BreadcrumbList\",\"@id\":\"http:\/\/maismagazine.pt\/index.php\/2024\/11\/26\/ayvens-distinguida-como-gestora-de-frota-2024-nos-fleet-awards-portugal\/#breadcrumb\",\"itemListElement\":[{\"@type\":\"ListItem\",\"position\":1,\"name\":\"Home\",\"item\":\"http:\/\/maismagazine.pt\/\"},{\"@type\":\"ListItem\",\"position\":2,\"name\":\"Ayvens distinguida como \u201cGestora de Frota 2024\u201d nos FLEET AWARDS Portugal\"}]},{\"@type\":\"WebSite\",\"@id\":\"http:\/\/maismagazine.pt\/#website\",\"url\":\"http:\/\/maismagazine.pt\/\",\"name\":\"Mais Magazine\",\"description\":\"\",\"publisher\":{\"@id\":\"http:\/\/maismagazine.pt\/#organization\"},\"potentialAction\":[{\"@type\":\"SearchAction\",\"target\":{\"@type\":\"EntryPoint\",\"urlTemplate\":\"http:\/\/maismagazine.pt\/?s={search_term_string}\"},\"query-input\":{\"@type\":\"PropertyValueSpecification\",\"valueRequired\":true,\"valueName\":\"search_term_string\"}}],\"inLanguage\":\"pt-PT\"},{\"@type\":\"Organization\",\"@id\":\"http:\/\/maismagazine.pt\/#organization\",\"name\":\"Mais Magazine\",\"url\":\"http:\/\/maismagazine.pt\/\",\"logo\":{\"@type\":\"ImageObject\",\"inLanguage\":\"pt-PT\",\"@id\":\"http:\/\/maismagazine.pt\/#\/schema\/logo\/image\/\",\"url\":\"http:\/\/maismagazine.pt\/wp-content\/uploads\/2020\/04\/cropped-cropped-mais-magazine-site-logo-2.png\",\"contentUrl\":\"http:\/\/maismagazine.pt\/wp-content\/uploads\/2020\/04\/cropped-cropped-mais-magazine-site-logo-2.png\",\"width\":581,\"height\":90,\"caption\":\"Mais Magazine\"},\"image\":{\"@id\":\"http:\/\/maismagazine.pt\/#\/schema\/logo\/image\/\"}},{\"@type\":\"Person\",\"@id\":\"http:\/\/maismagazine.pt\/#\/schema\/person\/7426e2caeb8df32a1b56aa48dae778c9\",\"name\":\"Tatiana Martins\",\"image\":{\"@type\":\"ImageObject\",\"inLanguage\":\"pt-PT\",\"@id\":\"http:\/\/maismagazine.pt\/#\/schema\/person\/image\/\",\"url\":\"https:\/\/secure.gravatar.com\/avatar\/4b24a57f5d0425f2eb20981c4b53244e?s=96&d=mm&r=g\",\"contentUrl\":\"https:\/\/secure.gravatar.com\/avatar\/4b24a57f5d0425f2eb20981c4b53244e?s=96&d=mm&r=g\",\"caption\":\"Tatiana Martins\"},\"url\":\"http:\/\/maismagazine.pt\/index.php\/author\/tatiana\/\"}]}<\/script>\n<!-- \/ Yoast SEO plugin. -->","yoast_head_json":{"title":"Ayvens distinguida como \u201cGestora de Frota 2024\u201d nos FLEET AWARDS Portugal - Mais Magazine","robots":{"index":"index","follow":"follow","max-snippet":"max-snippet:-1","max-image-preview":"max-image-preview:large","max-video-preview":"max-video-preview:-1"},"canonical":"http:\/\/maismagazine.pt\/index.php\/2024\/11\/26\/ayvens-distinguida-como-gestora-de-frota-2024-nos-fleet-awards-portugal\/","og_locale":"pt_PT","og_type":"article","og_title":"Ayvens distinguida como \u201cGestora de Frota 2024\u201d nos FLEET AWARDS Portugal - Mais Magazine","og_description":"Ayvens vence pr\u00e9mio pela quinta vez consecutiva e pela d\u00e9cima vez na hist\u00f3ria. A Ayvens, empresa l\u00edder no mercado nacional de car-as-a-service e solu\u00e7\u00f5es de mobilidade, foi eleita \u201cGestora de Frota 2024\u201d nos FLEET AWARDS Portugal. A marca, que sucedeu \u00e0 LeasePlan ap\u00f3s ter sido adquirida pela ALD Automotive, ganhou&hellip;","og_url":"http:\/\/maismagazine.pt\/index.php\/2024\/11\/26\/ayvens-distinguida-como-gestora-de-frota-2024-nos-fleet-awards-portugal\/","og_site_name":"Mais Magazine","article_published_time":"2024-11-26T11:55:08+00:00","article_modified_time":"2024-11-26T11:55:12+00:00","og_image":[{"width":265,"height":76,"url":"http:\/\/maismagazine.pt\/wp-content\/uploads\/2024\/11\/Imagem1.png","type":"image\/png"}],"author":"Tatiana Martins","twitter_card":"summary_large_image","twitter_misc":{"Escrito por":false,"Tempo estimado de leitura":"3 minutos"},"schema":{"@context":"https:\/\/schema.org","@graph":[{"@type":"Article","@id":"http:\/\/maismagazine.pt\/index.php\/2024\/11\/26\/ayvens-distinguida-como-gestora-de-frota-2024-nos-fleet-awards-portugal\/#article","isPartOf":{"@id":"http:\/\/maismagazine.pt\/index.php\/2024\/11\/26\/ayvens-distinguida-como-gestora-de-frota-2024-nos-fleet-awards-portugal\/"},"author":{"name":"Tatiana Martins","@id":"http:\/\/maismagazine.pt\/#\/schema\/person\/7426e2caeb8df32a1b56aa48dae778c9"},"headline":"Ayvens distinguida como \u201cGestora de Frota 2024\u201d nos FLEET AWARDS Portugal","datePublished":"2024-11-26T11:55:08+00:00","dateModified":"2024-11-26T11:55:12+00:00","mainEntityOfPage":{"@id":"http:\/\/maismagazine.pt\/index.php\/2024\/11\/26\/ayvens-distinguida-como-gestora-de-frota-2024-nos-fleet-awards-portugal\/"},"wordCount":465,"publisher":{"@id":"http:\/\/maismagazine.pt\/#organization"},"image":{"@id":"http:\/\/maismagazine.pt\/index.php\/2024\/11\/26\/ayvens-distinguida-como-gestora-de-frota-2024-nos-fleet-awards-portugal\/#primaryimage"},"thumbnailUrl":"http:\/\/maismagazine.pt\/wp-content\/uploads\/2024\/11\/Imagem1.png","keywords":["Ayvens","Fleet Awards Portugal"],"articleSection":["Not\u00edcias"],"inLanguage":"pt-PT"},{"@type":"WebPage","@id":"http:\/\/maismagazine.pt\/index.php\/2024\/11\/26\/ayvens-distinguida-como-gestora-de-frota-2024-nos-fleet-awards-portugal\/","url":"http:\/\/maismagazine.pt\/index.php\/2024\/11\/26\/ayvens-distinguida-como-gestora-de-frota-2024-nos-fleet-awards-portugal\/","name":"Ayvens distinguida como \u201cGestora de Frota 2024\u201d nos FLEET AWARDS Portugal - Mais Magazine","isPartOf":{"@id":"http:\/\/maismagazine.pt\/#website"},"primaryImageOfPage":{"@id":"http:\/\/maismagazine.pt\/index.php\/2024\/11\/26\/ayvens-distinguida-como-gestora-de-frota-2024-nos-fleet-awards-portugal\/#primaryimage"},"image":{"@id":"http:\/\/maismagazine.pt\/index.php\/2024\/11\/26\/ayvens-distinguida-como-gestora-de-frota-2024-nos-fleet-awards-portugal\/#primaryimage"},"thumbnailUrl":"http:\/\/maismagazine.pt\/wp-content\/uploads\/2024\/11\/Imagem1.png","datePublished":"2024-11-26T11:55:08+00:00","dateModified":"2024-11-26T11:55:12+00:00","breadcrumb":{"@id":"http:\/\/maismagazine.pt\/index.php\/2024\/11\/26\/ayvens-distinguida-como-gestora-de-frota-2024-nos-fleet-awards-portugal\/#breadcrumb"},"inLanguage":"pt-PT","potentialAction":[{"@type":"ReadAction","target":["http:\/\/maismagazine.pt\/index.php\/2024\/11\/26\/ayvens-distinguida-como-gestora-de-frota-2024-nos-fleet-awards-portugal\/"]}]},{"@type":"ImageObject","inLanguage":"pt-PT","@id":"http:\/\/maismagazine.pt\/index.php\/2024\/11\/26\/ayvens-distinguida-como-gestora-de-frota-2024-nos-fleet-awards-portugal\/#primaryimage","url":"http:\/\/maismagazine.pt\/wp-content\/uploads\/2024\/11\/Imagem1.png","contentUrl":"http:\/\/maismagazine.pt\/wp-content\/uploads\/2024\/11\/Imagem1.png","width":265,"height":76},{"@type":"BreadcrumbList","@id":"http:\/\/maismagazine.pt\/index.php\/2024\/11\/26\/ayvens-distinguida-como-gestora-de-frota-2024-nos-fleet-awards-portugal\/#breadcrumb","itemListElement":[{"@type":"ListItem","position":1,"name":"Home","item":"http:\/\/maismagazine.pt\/"},{"@type":"ListItem","position":2,"name":"Ayvens distinguida como \u201cGestora de Frota 2024\u201d nos FLEET AWARDS Portugal"}]},{"@type":"WebSite","@id":"http:\/\/maismagazine.pt\/#website","url":"http:\/\/maismagazine.pt\/","name":"Mais Magazine","description":"","publisher":{"@id":"http:\/\/maismagazine.pt\/#organization"},"potentialAction":[{"@type":"SearchAction","target":{"@type":"EntryPoint","urlTemplate":"http:\/\/maismagazine.pt\/?s={search_term_string}"},"query-input":{"@type":"PropertyValueSpecification","valueRequired":true,"valueName":"search_term_string"}}],"inLanguage":"pt-PT"},{"@type":"Organization","@id":"http:\/\/maismagazine.pt\/#organization","name":"Mais Magazine","url":"http:\/\/maismagazine.pt\/","logo":{"@type":"ImageObject","inLanguage":"pt-PT","@id":"http:\/\/maismagazine.pt\/#\/schema\/logo\/image\/","url":"http:\/\/maismagazine.pt\/wp-content\/uploads\/2020\/04\/cropped-cropped-mais-magazine-site-logo-2.png","contentUrl":"http:\/\/maismagazine.pt\/wp-content\/uploads\/2020\/04\/cropped-cropped-mais-magazine-site-logo-2.png","width":581,"height":90,"caption":"Mais Magazine"},"image":{"@id":"http:\/\/maismagazine.pt\/#\/schema\/logo\/image\/"}},{"@type":"Person","@id":"http:\/\/maismagazine.pt\/#\/schema\/person\/7426e2caeb8df32a1b56aa48dae778c9","name":"Tatiana Martins","image":{"@type":"ImageObject","inLanguage":"pt-PT","@id":"http:\/\/maismagazine.pt\/#\/schema\/person\/image\/","url":"https:\/\/secure.gravatar.com\/avatar\/4b24a57f5d0425f2eb20981c4b53244e?s=96&d=mm&r=g","contentUrl":"https:\/\/secure.gravatar.com\/avatar\/4b24a57f5d0425f2eb20981c4b53244e?s=96&d=mm&r=g","caption":"Tatiana Martins"},"url":"http:\/\/maismagazine.pt\/index.php\/author\/tatiana\/"}]}},"author_meta":{"display_name":false,"author_link":"http:\/\/maismagazine.pt\/index.php\/author\/tatiana\/"},"featured_img":"http:\/\/maismagazine.pt\/wp-content\/uploads\/2024\/11\/Imagem1.png","coauthors":[],"tax_additional":{"categories":{"linked":["<a href=\"http:\/\/maismagazine.pt\/index.php\/category\/noticias\/\" class=\"advgb-post-tax-term\">Not\u00edcias<\/a>"],"unlinked":["<span class=\"advgb-post-tax-term\">Not\u00edcias<\/span>"]},"tags":{"linked":["<a href=\"http:\/\/maismagazine.pt\/index.php\/category\/noticias\/\" class=\"advgb-post-tax-term\">Ayvens<\/a>","<a href=\"http:\/\/maismagazine.pt\/index.php\/category\/noticias\/\" class=\"advgb-post-tax-term\">Fleet Awards Portugal<\/a>"],"unlinked":["<span class=\"advgb-post-tax-term\">Ayvens<\/span>","<span class=\"advgb-post-tax-term\">Fleet Awards Portugal<\/span>"]}},"comment_count":"0","relative_dates":{"created":"Posted 1 ano ago","modified":"Updated 1 ano ago"},"absolute_dates":{"created":"Posted on 26 de Novembro, 2024","modified":"Updated on 26 de Novembro, 2024"},"absolute_dates_time":{"created":"Posted on 26 de Novembro, 2024 11:55","modified":"Updated on 26 de Novembro, 2024 11:55"},"featured_img_caption":"","series_order":"","_links":{"self":[{"href":"http:\/\/maismagazine.pt\/index.php\/wp-json\/wp\/v2\/posts\/10926","targetHints":{"allow":["GET"]}}],"collection":[{"href":"http:\/\/maismagazine.pt\/index.php\/wp-json\/wp\/v2\/posts"}],"about":[{"href":"http:\/\/maismagazine.pt\/index.php\/wp-json\/wp\/v2\/types\/post"}],"author":[{"embeddable":true,"href":"http:\/\/maismagazine.pt\/index.php\/wp-json\/wp\/v2\/users\/18"}],"replies":[{"embeddable":true,"href":"http:\/\/maismagazine.pt\/index.php\/wp-json\/wp\/v2\/comments?post=10926"}],"version-history":[{"count":1,"href":"http:\/\/maismagazine.pt\/index.php\/wp-json\/wp\/v2\/posts\/10926\/revisions"}],"predecessor-version":[{"id":10928,"href":"http:\/\/maismagazine.pt\/index.php\/wp-json\/wp\/v2\/posts\/10926\/revisions\/10928"}],"wp:featuredmedia":[{"embeddable":true,"href":"http:\/\/maismagazine.pt\/index.php\/wp-json\/wp\/v2\/media\/10927"}],"wp:attachment":[{"href":"http:\/\/maismagazine.pt\/index.php\/wp-json\/wp\/v2\/media?parent=10926"}],"wp:term":[{"taxonomy":"category","embeddable":true,"href":"http:\/\/maismagazine.pt\/index.php\/wp-json\/wp\/v2\/categories?post=10926"},{"taxonomy":"post_tag","embeddable":true,"href":"http:\/\/maismagazine.pt\/index.php\/wp-json\/wp\/v2\/tags?post=10926"}],"curies":[{"name":"wp","href":"https:\/\/api.w.org\/{rel}","templated":true}]}}