{"id":10906,"date":"2024-11-21T09:21:50","date_gmt":"2024-11-21T09:21:50","guid":{"rendered":"https:\/\/maismagazine.pt\/?p=10906"},"modified":"2024-11-21T09:21:54","modified_gmt":"2024-11-21T09:21:54","slug":"a-vaisala-traz-a-forca-empresarial-para-as-pmes-do-setor-com-o-lancamento-da-infraestrutura-de-medicao-echo","status":"publish","type":"post","link":"http:\/\/maismagazine.pt\/index.php\/2024\/11\/21\/a-vaisala-traz-a-forca-empresarial-para-as-pmes-do-setor-com-o-lancamento-da-infraestrutura-de-medicao-echo\/","title":{"rendered":"A Vaisala traz a for\u00e7a empresarial para as PMEs do setor com o lan\u00e7amento da infraestrutura de medi\u00e7\u00e3o Echo"},"content":{"rendered":"\n<p><strong>A <a href=\"https:\/\/connect-eu.notified.com\/Tracker?data=fO0IdM8eHMZPfJeKZONyJGAXxoFDAeL_yIM2TGfG-GOwutMHv0vDzzeHJNqiS9hWQsmPbc_W5nh4c8_mZJw4D9Pg9-3CJUgKU6oruB566CA8XBcskeJndTGEstADbM_DyXGmrphZJUfV-xcCc5qAiUbzJ3XbFlvi8nT-NW-AJ0Z-u9b4-DHQG05ZzwOkzTYkZHayE4za9a9e2all2iW_yUyW-2934zZY7LWGg4gATvpi5Ugq7MQvq_zXiQ7WqKfd000317359964\">Vaisala <\/a>traz a for\u00e7a empresarial para as PMEs do setor com o lan\u00e7amento da infraestrutura de medi\u00e7\u00e3o Echo<\/strong>.<\/p>\n\n\n\n<p><\/p>\n\n\n\n<p>Muitos participantes do setor dependem de medi\u00e7\u00f5es precisas do ambiente interno na produ\u00e7\u00e3o e em outras instala\u00e7\u00f5es. No entanto, apenas as grandes corpora\u00e7\u00f5es tiveram os recursos para construir infraestruturas de medi\u00e7\u00e3o que oferecem fun\u00e7\u00f5es como monitoramento remoto ou f\u00e1cil escalabilidade. A Vaisala Echo foi projetada para fornecer os benef\u00edcios de uma infraestrutura inteligente de medi\u00e7\u00e3o interna, mas como um recurso integrado a alguns produtos e solu\u00e7\u00f5es de medi\u00e7\u00e3o da Vaisala.<\/p>\n\n\n\n<p>A Vaisala, l\u00edder global em tecnologia de medi\u00e7\u00e3o, est\u00e1 lan\u00e7ando uma nova solu\u00e7\u00e3o para medi\u00e7\u00f5es industriais internas e de processos, a Vaisala Echo. A Echo conecta dispositivos de medi\u00e7\u00e3o e software de monitoramento da Vaisala para criar uma infraestrutura de medi\u00e7\u00e3o inteligente. Na pr\u00e1tica, os clientes n\u00e3o compram a Echo separadamente, mas ela \u00e9 um recurso integrado aos produtos de medi\u00e7\u00e3o da Vaisala compat\u00edveis com a Echo.<\/p>\n\n\n\n<p>&#8220;Com a Echo, n\u00e3o existe mais a configura\u00e7\u00e3o manual de sistemas de monitoramento de interior. A infraestrutura Echo oferece acesso f\u00e1cil, confi\u00e1vel e sempre ativo a dados e alertas de todos os dispositivos compat\u00edveis. Voc\u00ea escolhe o que precisa com base nas suas necessidades de medi\u00e7\u00e3o, supervis\u00e3o e relat\u00f3rios \u2014 e a Vaisala garante que todos os instrumentos se comuniquem com o software de monitoramento, de forma segura e sem falhas&#8221;, explica <strong>Jarno Mitjonen<\/strong>, gerente de produtos de software da Vaisala.<\/p>\n\n\n\n<p>De acordo com Mitjonen, alguns setores sens\u00edveis \u00e0s condi\u00e7\u00f5es se beneficiam mais de infraestruturas de medi\u00e7\u00e3o como a Echo. Como exemplos, ele menciona a produ\u00e7\u00e3o industrial, a ind\u00fastria farmac\u00eautica e os laborat\u00f3rios, os museus e os arquivos, e a agricultura interna e vertical. Muitos deles precisam medir condi\u00e7\u00f5es em v\u00e1rios par\u00e2metros como umidade, temperatura, CO2 ou ponto de orvalho.<\/p>\n\n\n\n<p>Embora as grandes corpora\u00e7\u00f5es tamb\u00e9m se beneficiem da f\u00e1cil instala\u00e7\u00e3o e conectividade da Echo, Mitjonen acredita que os benef\u00edcios da Echo s\u00e3o mais bem vistos em pequenas e m\u00e9dias empresas, onde a manuten\u00e7\u00e3o de condi\u00e7\u00f5es ideais \u00e9 fundamental, mas os recursos n\u00e3o permitem criar sistemas personalizados, frequentemente vistos em empresas maiores.<\/p>\n\n\n\n<p>\u201cAcreditamos que as empresas do setor devem ter acesso a todos os dados de medi\u00e7\u00e3o necess\u00e1rios, quando e onde precisarem, independentemente do or\u00e7amento de TI dispon\u00edvel. Com esse lan\u00e7amento, a Vaisala quer nivelar o campo de atua\u00e7\u00e3o. O foco dos clientes deve estar nos neg\u00f3cios, e n\u00e3o na cria\u00e7\u00e3o ou gest\u00e3o de sistemas de medi\u00e7\u00e3o&#8221;, afirma Mitjonen.<\/p>\n\n\n\n<p><\/p>\n\n\n\n<p><strong>O monitoramento remoto seguro economiza recursos<\/strong><\/p>\n\n\n\n<p>Um grande benef\u00edcio da Echo \u00e9 o acesso f\u00e1cil a relat\u00f3rios completos \u2014 atuais e passados. Os relat\u00f3rios da Echo sobre as condi\u00e7\u00f5es do ambiente tamb\u00e9m s\u00e3o em tempo real e permitem notifica\u00e7\u00f5es e alertas. O acesso remoto a dados confi\u00e1veis e compar\u00e1veis pode ajudar empresas geograficamente dispersas a comparar locais para detectar anomalias e tomar as medidas adequadas para atingir as metas corporativas. Isso ajuda a reduzir custos, pois elimina a necessidade de viajar para verificar os dados.<\/p>\n\n\n\n<p>Como o monitoramento remoto exige que os dados estejam acess\u00edveis on-line, a seguran\u00e7a dos dados foi uma das principais prioridades da Vaisala ao projetar a Echo. Mitjonen comenta:<\/p>\n\n\n\n<p>&#8220;Criamos a Echo para ser segura de f\u00e1brica. Todos os dados s\u00e3o criptografados em tr\u00e2nsito e em repouso e protegidos com certificados autenticados. A Echo tamb\u00e9m oferece atualiza\u00e7\u00f5es remotas de firmware para todos os dispositivos conectados. No mundo moderno, as empresas precisam atualizar os dispositivos conectados sempre que necess\u00e1rio. O resultado \u00e9 uma seguran\u00e7a sempre em dia durante todo o ciclo de vida da infraestrutura de medi\u00e7\u00e3o.&#8221;<\/p>\n\n\n\n<p><\/p>\n","protected":false},"excerpt":{"rendered":"<p>A Vaisala traz a for\u00e7a empresarial para as PMEs do setor com o lan\u00e7amento da infraestrutura de medi\u00e7\u00e3o Echo. Muitos participantes do setor dependem de medi\u00e7\u00f5es precisas do ambiente interno na produ\u00e7\u00e3o e em outras instala\u00e7\u00f5es. No entanto, apenas as grandes corpora\u00e7\u00f5es tiveram os recursos para construir infraestruturas de medi\u00e7\u00e3o&hellip;<\/p>\n","protected":false},"author":17,"featured_media":10908,"comment_status":"closed","ping_status":"open","sticky":false,"template":"","format":"standard","meta":{"advgb_blocks_editor_width":"","advgb_blocks_columns_visual_guide":"","_monsterinsights_skip_tracking":false,"_monsterinsights_sitenote_active":false,"_monsterinsights_sitenote_note":"","_monsterinsights_sitenote_category":0,"footnotes":""},"categories":[7],"tags":[2206],"class_list":["post-10906","post","type-post","status-publish","format-standard","has-post-thumbnail","hentry","category-noticias","tag-vaisala"],"yoast_head":"<!-- This site is optimized with the Yoast SEO plugin v24.4 - https:\/\/yoast.com\/wordpress\/plugins\/seo\/ -->\n<title>A Vaisala traz a for\u00e7a empresarial para as PMEs do setor com o lan\u00e7amento da infraestrutura de medi\u00e7\u00e3o Echo - Mais Magazine<\/title>\n<meta name=\"description\" content=\"A Vaisala traz a for\u00e7a empresarial para as PMEs do setor com o lan\u00e7amento da infraestrutura de medi\u00e7\u00e3o Echo.\" \/>\n<meta name=\"robots\" content=\"index, follow, max-snippet:-1, max-image-preview:large, max-video-preview:-1\" \/>\n<link rel=\"canonical\" href=\"https:\/\/maismagazine.pt\/index.php\/2024\/11\/21\/a-vaisala-traz-a-forca-empresarial-para-as-pmes-do-setor-com-o-lancamento-da-infraestrutura-de-medicao-echo\/\" \/>\n<meta property=\"og:locale\" content=\"pt_PT\" \/>\n<meta property=\"og:type\" content=\"article\" \/>\n<meta property=\"og:title\" content=\"A Vaisala traz a for\u00e7a empresarial para as PMEs do setor com o lan\u00e7amento da infraestrutura de medi\u00e7\u00e3o Echo - Mais Magazine\" \/>\n<meta property=\"og:description\" content=\"A Vaisala traz a for\u00e7a empresarial para as PMEs do setor com o lan\u00e7amento da infraestrutura de medi\u00e7\u00e3o Echo.\" \/>\n<meta property=\"og:url\" content=\"https:\/\/maismagazine.pt\/index.php\/2024\/11\/21\/a-vaisala-traz-a-forca-empresarial-para-as-pmes-do-setor-com-o-lancamento-da-infraestrutura-de-medicao-echo\/\" \/>\n<meta property=\"og:site_name\" content=\"Mais Magazine\" \/>\n<meta property=\"article:published_time\" content=\"2024-11-21T09:21:50+00:00\" \/>\n<meta property=\"article:modified_time\" content=\"2024-11-21T09:21:54+00:00\" \/>\n<meta property=\"og:image\" content=\"https:\/\/maismagazine.pt\/wp-content\/uploads\/2024\/11\/432249403_918655983596757_8927645579295635978_n.jpg\" \/>\n\t<meta property=\"og:image:width\" content=\"320\" \/>\n\t<meta property=\"og:image:height\" content=\"320\" \/>\n\t<meta property=\"og:image:type\" content=\"image\/jpeg\" \/>\n<meta name=\"author\" content=\"Tiago Costa\" \/>\n<meta name=\"twitter:card\" content=\"summary_large_image\" \/>\n<meta name=\"twitter:label1\" content=\"Escrito por\" \/>\n\t<meta name=\"twitter:data1\" content=\"\" \/>\n\t<meta name=\"twitter:label2\" content=\"Tempo estimado de leitura\" \/>\n\t<meta name=\"twitter:data2\" content=\"4 minutos\" \/>\n<script type=\"application\/ld+json\" class=\"yoast-schema-graph\">{\"@context\":\"https:\/\/schema.org\",\"@graph\":[{\"@type\":\"Article\",\"@id\":\"https:\/\/maismagazine.pt\/index.php\/2024\/11\/21\/a-vaisala-traz-a-forca-empresarial-para-as-pmes-do-setor-com-o-lancamento-da-infraestrutura-de-medicao-echo\/#article\",\"isPartOf\":{\"@id\":\"https:\/\/maismagazine.pt\/index.php\/2024\/11\/21\/a-vaisala-traz-a-forca-empresarial-para-as-pmes-do-setor-com-o-lancamento-da-infraestrutura-de-medicao-echo\/\"},\"author\":{\"name\":\"Tiago Costa\",\"@id\":\"https:\/\/maismagazine.pt\/#\/schema\/person\/c6c5bfccc886434cbd11c74e035f9646\"},\"headline\":\"A Vaisala traz a for\u00e7a empresarial para as PMEs do setor com o lan\u00e7amento da infraestrutura de medi\u00e7\u00e3o Echo\",\"datePublished\":\"2024-11-21T09:21:50+00:00\",\"dateModified\":\"2024-11-21T09:21:54+00:00\",\"mainEntityOfPage\":{\"@id\":\"https:\/\/maismagazine.pt\/index.php\/2024\/11\/21\/a-vaisala-traz-a-forca-empresarial-para-as-pmes-do-setor-com-o-lancamento-da-infraestrutura-de-medicao-echo\/\"},\"wordCount\":684,\"publisher\":{\"@id\":\"https:\/\/maismagazine.pt\/#organization\"},\"image\":{\"@id\":\"https:\/\/maismagazine.pt\/index.php\/2024\/11\/21\/a-vaisala-traz-a-forca-empresarial-para-as-pmes-do-setor-com-o-lancamento-da-infraestrutura-de-medicao-echo\/#primaryimage\"},\"thumbnailUrl\":\"http:\/\/maismagazine.pt\/wp-content\/uploads\/2024\/11\/432249403_918655983596757_8927645579295635978_n.jpg\",\"keywords\":[\"Vaisala\"],\"articleSection\":[\"Not\u00edcias\"],\"inLanguage\":\"pt-PT\"},{\"@type\":\"WebPage\",\"@id\":\"https:\/\/maismagazine.pt\/index.php\/2024\/11\/21\/a-vaisala-traz-a-forca-empresarial-para-as-pmes-do-setor-com-o-lancamento-da-infraestrutura-de-medicao-echo\/\",\"url\":\"https:\/\/maismagazine.pt\/index.php\/2024\/11\/21\/a-vaisala-traz-a-forca-empresarial-para-as-pmes-do-setor-com-o-lancamento-da-infraestrutura-de-medicao-echo\/\",\"name\":\"A Vaisala traz a for\u00e7a empresarial para as PMEs do setor com o lan\u00e7amento da infraestrutura de medi\u00e7\u00e3o Echo - Mais Magazine\",\"isPartOf\":{\"@id\":\"https:\/\/maismagazine.pt\/#website\"},\"primaryImageOfPage\":{\"@id\":\"https:\/\/maismagazine.pt\/index.php\/2024\/11\/21\/a-vaisala-traz-a-forca-empresarial-para-as-pmes-do-setor-com-o-lancamento-da-infraestrutura-de-medicao-echo\/#primaryimage\"},\"image\":{\"@id\":\"https:\/\/maismagazine.pt\/index.php\/2024\/11\/21\/a-vaisala-traz-a-forca-empresarial-para-as-pmes-do-setor-com-o-lancamento-da-infraestrutura-de-medicao-echo\/#primaryimage\"},\"thumbnailUrl\":\"http:\/\/maismagazine.pt\/wp-content\/uploads\/2024\/11\/432249403_918655983596757_8927645579295635978_n.jpg\",\"datePublished\":\"2024-11-21T09:21:50+00:00\",\"dateModified\":\"2024-11-21T09:21:54+00:00\",\"description\":\"A Vaisala traz a for\u00e7a empresarial para as PMEs do setor com o lan\u00e7amento da infraestrutura de medi\u00e7\u00e3o Echo.\",\"breadcrumb\":{\"@id\":\"https:\/\/maismagazine.pt\/index.php\/2024\/11\/21\/a-vaisala-traz-a-forca-empresarial-para-as-pmes-do-setor-com-o-lancamento-da-infraestrutura-de-medicao-echo\/#breadcrumb\"},\"inLanguage\":\"pt-PT\",\"potentialAction\":[{\"@type\":\"ReadAction\",\"target\":[\"https:\/\/maismagazine.pt\/index.php\/2024\/11\/21\/a-vaisala-traz-a-forca-empresarial-para-as-pmes-do-setor-com-o-lancamento-da-infraestrutura-de-medicao-echo\/\"]}]},{\"@type\":\"ImageObject\",\"inLanguage\":\"pt-PT\",\"@id\":\"https:\/\/maismagazine.pt\/index.php\/2024\/11\/21\/a-vaisala-traz-a-forca-empresarial-para-as-pmes-do-setor-com-o-lancamento-da-infraestrutura-de-medicao-echo\/#primaryimage\",\"url\":\"http:\/\/maismagazine.pt\/wp-content\/uploads\/2024\/11\/432249403_918655983596757_8927645579295635978_n.jpg\",\"contentUrl\":\"http:\/\/maismagazine.pt\/wp-content\/uploads\/2024\/11\/432249403_918655983596757_8927645579295635978_n.jpg\",\"width\":320,\"height\":320},{\"@type\":\"BreadcrumbList\",\"@id\":\"https:\/\/maismagazine.pt\/index.php\/2024\/11\/21\/a-vaisala-traz-a-forca-empresarial-para-as-pmes-do-setor-com-o-lancamento-da-infraestrutura-de-medicao-echo\/#breadcrumb\",\"itemListElement\":[{\"@type\":\"ListItem\",\"position\":1,\"name\":\"Home\",\"item\":\"https:\/\/maismagazine.pt\/\"},{\"@type\":\"ListItem\",\"position\":2,\"name\":\"A Vaisala traz a for\u00e7a empresarial para as PMEs do setor com o lan\u00e7amento da infraestrutura de medi\u00e7\u00e3o Echo\"}]},{\"@type\":\"WebSite\",\"@id\":\"https:\/\/maismagazine.pt\/#website\",\"url\":\"https:\/\/maismagazine.pt\/\",\"name\":\"Mais Magazine\",\"description\":\"\",\"publisher\":{\"@id\":\"https:\/\/maismagazine.pt\/#organization\"},\"potentialAction\":[{\"@type\":\"SearchAction\",\"target\":{\"@type\":\"EntryPoint\",\"urlTemplate\":\"https:\/\/maismagazine.pt\/?s={search_term_string}\"},\"query-input\":{\"@type\":\"PropertyValueSpecification\",\"valueRequired\":true,\"valueName\":\"search_term_string\"}}],\"inLanguage\":\"pt-PT\"},{\"@type\":\"Organization\",\"@id\":\"https:\/\/maismagazine.pt\/#organization\",\"name\":\"Mais Magazine\",\"url\":\"https:\/\/maismagazine.pt\/\",\"logo\":{\"@type\":\"ImageObject\",\"inLanguage\":\"pt-PT\",\"@id\":\"https:\/\/maismagazine.pt\/#\/schema\/logo\/image\/\",\"url\":\"http:\/\/maismagazine.pt\/wp-content\/uploads\/2020\/04\/cropped-cropped-mais-magazine-site-logo-2.png\",\"contentUrl\":\"http:\/\/maismagazine.pt\/wp-content\/uploads\/2020\/04\/cropped-cropped-mais-magazine-site-logo-2.png\",\"width\":581,\"height\":90,\"caption\":\"Mais Magazine\"},\"image\":{\"@id\":\"https:\/\/maismagazine.pt\/#\/schema\/logo\/image\/\"}},{\"@type\":\"Person\",\"@id\":\"https:\/\/maismagazine.pt\/#\/schema\/person\/c6c5bfccc886434cbd11c74e035f9646\",\"name\":\"Tiago Costa\",\"image\":{\"@type\":\"ImageObject\",\"inLanguage\":\"pt-PT\",\"@id\":\"https:\/\/maismagazine.pt\/#\/schema\/person\/image\/\",\"url\":\"https:\/\/secure.gravatar.com\/avatar\/c599b2bce16c9870429198cbad5ee022?s=96&d=mm&r=g\",\"contentUrl\":\"https:\/\/secure.gravatar.com\/avatar\/c599b2bce16c9870429198cbad5ee022?s=96&d=mm&r=g\",\"caption\":\"Tiago Costa\"},\"url\":\"http:\/\/maismagazine.pt\/index.php\/author\/tiago\/\"}]}<\/script>\n<!-- \/ Yoast SEO plugin. -->","yoast_head_json":{"title":"A Vaisala traz a for\u00e7a empresarial para as PMEs do setor com o lan\u00e7amento da infraestrutura de medi\u00e7\u00e3o Echo - Mais Magazine","description":"A Vaisala traz a for\u00e7a empresarial para as PMEs do setor com o lan\u00e7amento da infraestrutura de medi\u00e7\u00e3o Echo.","robots":{"index":"index","follow":"follow","max-snippet":"max-snippet:-1","max-image-preview":"max-image-preview:large","max-video-preview":"max-video-preview:-1"},"canonical":"https:\/\/maismagazine.pt\/index.php\/2024\/11\/21\/a-vaisala-traz-a-forca-empresarial-para-as-pmes-do-setor-com-o-lancamento-da-infraestrutura-de-medicao-echo\/","og_locale":"pt_PT","og_type":"article","og_title":"A Vaisala traz a for\u00e7a empresarial para as PMEs do setor com o lan\u00e7amento da infraestrutura de medi\u00e7\u00e3o Echo - Mais Magazine","og_description":"A Vaisala traz a for\u00e7a empresarial para as PMEs do setor com o lan\u00e7amento da infraestrutura de medi\u00e7\u00e3o Echo.","og_url":"https:\/\/maismagazine.pt\/index.php\/2024\/11\/21\/a-vaisala-traz-a-forca-empresarial-para-as-pmes-do-setor-com-o-lancamento-da-infraestrutura-de-medicao-echo\/","og_site_name":"Mais Magazine","article_published_time":"2024-11-21T09:21:50+00:00","article_modified_time":"2024-11-21T09:21:54+00:00","og_image":[{"width":320,"height":320,"url":"https:\/\/maismagazine.pt\/wp-content\/uploads\/2024\/11\/432249403_918655983596757_8927645579295635978_n.jpg","type":"image\/jpeg"}],"author":"Tiago Costa","twitter_card":"summary_large_image","twitter_misc":{"Escrito por":false,"Tempo estimado de leitura":"4 minutos"},"schema":{"@context":"https:\/\/schema.org","@graph":[{"@type":"Article","@id":"https:\/\/maismagazine.pt\/index.php\/2024\/11\/21\/a-vaisala-traz-a-forca-empresarial-para-as-pmes-do-setor-com-o-lancamento-da-infraestrutura-de-medicao-echo\/#article","isPartOf":{"@id":"https:\/\/maismagazine.pt\/index.php\/2024\/11\/21\/a-vaisala-traz-a-forca-empresarial-para-as-pmes-do-setor-com-o-lancamento-da-infraestrutura-de-medicao-echo\/"},"author":{"name":"Tiago Costa","@id":"https:\/\/maismagazine.pt\/#\/schema\/person\/c6c5bfccc886434cbd11c74e035f9646"},"headline":"A Vaisala traz a for\u00e7a empresarial para as PMEs do setor com o lan\u00e7amento da infraestrutura de medi\u00e7\u00e3o Echo","datePublished":"2024-11-21T09:21:50+00:00","dateModified":"2024-11-21T09:21:54+00:00","mainEntityOfPage":{"@id":"https:\/\/maismagazine.pt\/index.php\/2024\/11\/21\/a-vaisala-traz-a-forca-empresarial-para-as-pmes-do-setor-com-o-lancamento-da-infraestrutura-de-medicao-echo\/"},"wordCount":684,"publisher":{"@id":"https:\/\/maismagazine.pt\/#organization"},"image":{"@id":"https:\/\/maismagazine.pt\/index.php\/2024\/11\/21\/a-vaisala-traz-a-forca-empresarial-para-as-pmes-do-setor-com-o-lancamento-da-infraestrutura-de-medicao-echo\/#primaryimage"},"thumbnailUrl":"http:\/\/maismagazine.pt\/wp-content\/uploads\/2024\/11\/432249403_918655983596757_8927645579295635978_n.jpg","keywords":["Vaisala"],"articleSection":["Not\u00edcias"],"inLanguage":"pt-PT"},{"@type":"WebPage","@id":"https:\/\/maismagazine.pt\/index.php\/2024\/11\/21\/a-vaisala-traz-a-forca-empresarial-para-as-pmes-do-setor-com-o-lancamento-da-infraestrutura-de-medicao-echo\/","url":"https:\/\/maismagazine.pt\/index.php\/2024\/11\/21\/a-vaisala-traz-a-forca-empresarial-para-as-pmes-do-setor-com-o-lancamento-da-infraestrutura-de-medicao-echo\/","name":"A Vaisala traz a for\u00e7a empresarial para as PMEs do setor com o lan\u00e7amento da infraestrutura de medi\u00e7\u00e3o Echo - Mais Magazine","isPartOf":{"@id":"https:\/\/maismagazine.pt\/#website"},"primaryImageOfPage":{"@id":"https:\/\/maismagazine.pt\/index.php\/2024\/11\/21\/a-vaisala-traz-a-forca-empresarial-para-as-pmes-do-setor-com-o-lancamento-da-infraestrutura-de-medicao-echo\/#primaryimage"},"image":{"@id":"https:\/\/maismagazine.pt\/index.php\/2024\/11\/21\/a-vaisala-traz-a-forca-empresarial-para-as-pmes-do-setor-com-o-lancamento-da-infraestrutura-de-medicao-echo\/#primaryimage"},"thumbnailUrl":"http:\/\/maismagazine.pt\/wp-content\/uploads\/2024\/11\/432249403_918655983596757_8927645579295635978_n.jpg","datePublished":"2024-11-21T09:21:50+00:00","dateModified":"2024-11-21T09:21:54+00:00","description":"A Vaisala traz a for\u00e7a empresarial para as PMEs do setor com o lan\u00e7amento da infraestrutura de medi\u00e7\u00e3o Echo.","breadcrumb":{"@id":"https:\/\/maismagazine.pt\/index.php\/2024\/11\/21\/a-vaisala-traz-a-forca-empresarial-para-as-pmes-do-setor-com-o-lancamento-da-infraestrutura-de-medicao-echo\/#breadcrumb"},"inLanguage":"pt-PT","potentialAction":[{"@type":"ReadAction","target":["https:\/\/maismagazine.pt\/index.php\/2024\/11\/21\/a-vaisala-traz-a-forca-empresarial-para-as-pmes-do-setor-com-o-lancamento-da-infraestrutura-de-medicao-echo\/"]}]},{"@type":"ImageObject","inLanguage":"pt-PT","@id":"https:\/\/maismagazine.pt\/index.php\/2024\/11\/21\/a-vaisala-traz-a-forca-empresarial-para-as-pmes-do-setor-com-o-lancamento-da-infraestrutura-de-medicao-echo\/#primaryimage","url":"http:\/\/maismagazine.pt\/wp-content\/uploads\/2024\/11\/432249403_918655983596757_8927645579295635978_n.jpg","contentUrl":"http:\/\/maismagazine.pt\/wp-content\/uploads\/2024\/11\/432249403_918655983596757_8927645579295635978_n.jpg","width":320,"height":320},{"@type":"BreadcrumbList","@id":"https:\/\/maismagazine.pt\/index.php\/2024\/11\/21\/a-vaisala-traz-a-forca-empresarial-para-as-pmes-do-setor-com-o-lancamento-da-infraestrutura-de-medicao-echo\/#breadcrumb","itemListElement":[{"@type":"ListItem","position":1,"name":"Home","item":"https:\/\/maismagazine.pt\/"},{"@type":"ListItem","position":2,"name":"A Vaisala traz a for\u00e7a empresarial para as PMEs do setor com o lan\u00e7amento da infraestrutura de medi\u00e7\u00e3o Echo"}]},{"@type":"WebSite","@id":"https:\/\/maismagazine.pt\/#website","url":"https:\/\/maismagazine.pt\/","name":"Mais Magazine","description":"","publisher":{"@id":"https:\/\/maismagazine.pt\/#organization"},"potentialAction":[{"@type":"SearchAction","target":{"@type":"EntryPoint","urlTemplate":"https:\/\/maismagazine.pt\/?s={search_term_string}"},"query-input":{"@type":"PropertyValueSpecification","valueRequired":true,"valueName":"search_term_string"}}],"inLanguage":"pt-PT"},{"@type":"Organization","@id":"https:\/\/maismagazine.pt\/#organization","name":"Mais Magazine","url":"https:\/\/maismagazine.pt\/","logo":{"@type":"ImageObject","inLanguage":"pt-PT","@id":"https:\/\/maismagazine.pt\/#\/schema\/logo\/image\/","url":"http:\/\/maismagazine.pt\/wp-content\/uploads\/2020\/04\/cropped-cropped-mais-magazine-site-logo-2.png","contentUrl":"http:\/\/maismagazine.pt\/wp-content\/uploads\/2020\/04\/cropped-cropped-mais-magazine-site-logo-2.png","width":581,"height":90,"caption":"Mais Magazine"},"image":{"@id":"https:\/\/maismagazine.pt\/#\/schema\/logo\/image\/"}},{"@type":"Person","@id":"https:\/\/maismagazine.pt\/#\/schema\/person\/c6c5bfccc886434cbd11c74e035f9646","name":"Tiago Costa","image":{"@type":"ImageObject","inLanguage":"pt-PT","@id":"https:\/\/maismagazine.pt\/#\/schema\/person\/image\/","url":"https:\/\/secure.gravatar.com\/avatar\/c599b2bce16c9870429198cbad5ee022?s=96&d=mm&r=g","contentUrl":"https:\/\/secure.gravatar.com\/avatar\/c599b2bce16c9870429198cbad5ee022?s=96&d=mm&r=g","caption":"Tiago Costa"},"url":"http:\/\/maismagazine.pt\/index.php\/author\/tiago\/"}]}},"author_meta":{"display_name":false,"author_link":"http:\/\/maismagazine.pt\/index.php\/author\/tiago\/"},"featured_img":"http:\/\/maismagazine.pt\/wp-content\/uploads\/2024\/11\/432249403_918655983596757_8927645579295635978_n-300x300.jpg","coauthors":[],"tax_additional":{"categories":{"linked":["<a href=\"http:\/\/maismagazine.pt\/index.php\/category\/noticias\/\" class=\"advgb-post-tax-term\">Not\u00edcias<\/a>"],"unlinked":["<span class=\"advgb-post-tax-term\">Not\u00edcias<\/span>"]},"tags":{"linked":["<a href=\"http:\/\/maismagazine.pt\/index.php\/category\/noticias\/\" class=\"advgb-post-tax-term\">Vaisala<\/a>"],"unlinked":["<span class=\"advgb-post-tax-term\">Vaisala<\/span>"]}},"comment_count":"0","relative_dates":{"created":"Posted 1 ano ago","modified":"Updated 1 ano ago"},"absolute_dates":{"created":"Posted on 21 de Novembro, 2024","modified":"Updated on 21 de Novembro, 2024"},"absolute_dates_time":{"created":"Posted on 21 de Novembro, 2024 9:21","modified":"Updated on 21 de Novembro, 2024 9:21"},"featured_img_caption":"","series_order":"","_links":{"self":[{"href":"http:\/\/maismagazine.pt\/index.php\/wp-json\/wp\/v2\/posts\/10906","targetHints":{"allow":["GET"]}}],"collection":[{"href":"http:\/\/maismagazine.pt\/index.php\/wp-json\/wp\/v2\/posts"}],"about":[{"href":"http:\/\/maismagazine.pt\/index.php\/wp-json\/wp\/v2\/types\/post"}],"author":[{"embeddable":true,"href":"http:\/\/maismagazine.pt\/index.php\/wp-json\/wp\/v2\/users\/17"}],"replies":[{"embeddable":true,"href":"http:\/\/maismagazine.pt\/index.php\/wp-json\/wp\/v2\/comments?post=10906"}],"version-history":[{"count":1,"href":"http:\/\/maismagazine.pt\/index.php\/wp-json\/wp\/v2\/posts\/10906\/revisions"}],"predecessor-version":[{"id":10909,"href":"http:\/\/maismagazine.pt\/index.php\/wp-json\/wp\/v2\/posts\/10906\/revisions\/10909"}],"wp:featuredmedia":[{"embeddable":true,"href":"http:\/\/maismagazine.pt\/index.php\/wp-json\/wp\/v2\/media\/10908"}],"wp:attachment":[{"href":"http:\/\/maismagazine.pt\/index.php\/wp-json\/wp\/v2\/media?parent=10906"}],"wp:term":[{"taxonomy":"category","embeddable":true,"href":"http:\/\/maismagazine.pt\/index.php\/wp-json\/wp\/v2\/categories?post=10906"},{"taxonomy":"post_tag","embeddable":true,"href":"http:\/\/maismagazine.pt\/index.php\/wp-json\/wp\/v2\/tags?post=10906"}],"curies":[{"name":"wp","href":"https:\/\/api.w.org\/{rel}","templated":true}]}}