{"id":10592,"date":"2024-10-25T07:00:00","date_gmt":"2024-10-25T06:00:00","guid":{"rendered":"https:\/\/maismagazine.pt\/?p=10592"},"modified":"2024-10-22T15:05:00","modified_gmt":"2024-10-22T14:05:00","slug":"a-ponte-diplomatica-entre-angola-e-as-beiras-e-tras-os-montes","status":"publish","type":"post","link":"http:\/\/maismagazine.pt\/index.php\/2024\/10\/25\/a-ponte-diplomatica-entre-angola-e-as-beiras-e-tras-os-montes\/","title":{"rendered":"A ponte diplom\u00e1tica entre Angola e as Beiras e Tr\u00e1s-os-Montes"},"content":{"rendered":"\n<p><strong>Criado no norte de Portugal e apaixonado pelo povo angolano, Ant\u00f3nio Cunha tem dedicado a sua vida \u00e0 nobre miss\u00e3o de auxiliar as comunidades angolanas e garantir o seu desenvolvimento, tal como conta \u00e0 Mais Magazine. Foi com esse pensamento em mente que se tornou C\u00f4nsul-Honor\u00e1rio da Rep\u00fablica de Angola para os distritos de Vila Real, Viseu, Bragan\u00e7a e Guarda, e fundou a sua empresa, o <a href=\"http:\/\/www.7cunhas.com\">Grupo 7 Cunhas<\/a>, respons\u00e1vel pela cria\u00e7\u00e3o de milhares de postos de trabalho. <\/strong><\/p>\n\n\n\n<p><\/p>\n\n\n\n<p><strong>De que forma o seu Consulado \u00e9 um importante meio para aproximar e cimentar as rela\u00e7\u00f5es entre Angola e os distritos de Vila Real, Viseu, Bragan\u00e7a e Guarda? <\/strong><\/p>\n\n\n\n<p>Uma das principais fun\u00e7\u00f5es a que me propus, na condi\u00e7\u00e3o de C\u00f4nsul-Honor\u00e1rio da Rep\u00fablica de Angola, foi ajudar para a resolu\u00e7\u00e3o dos problemas das comunidades angolanas que vivem nestas regi\u00f5es do interior e que t\u00eam menos acesso \u00e0s representa\u00e7\u00f5es diplom\u00e1ticas das grandes cidades. As \u00e1reas abrangidas pelos distritos onde exer\u00e7o fun\u00e7\u00f5es t\u00eam muitos estudantes angolanos, a frequentar universidades e institutos superiores. Por outro lado, pretendo tamb\u00e9m dar a conhecer aos empres\u00e1rios e empreendedores portugueses oportunidades em Angola, onde foi criado um ambiente de neg\u00f3cios, mais transparente e amigo do investimento com as medidas implementadas pelo Presidente Jo\u00e3o Louren\u00e7o. Al\u00e9m disso, tamb\u00e9m quero abrir portas a investidores angolanos para projetos empresariais que existem nestes distritos portugueses. <\/p>\n\n\n\n<p><\/p>\n\n\n\n<figure class=\"wp-block-gallery has-nested-images columns-default is-cropped wp-block-gallery-1 is-layout-flex wp-block-gallery-is-layout-flex\">\n<figure class=\"wp-block-image size-large\"><img loading=\"lazy\" decoding=\"async\" width=\"471\" height=\"509\" data-id=\"10593\" src=\"https:\/\/maismagazine.pt\/wp-content\/uploads\/2024\/10\/Antonio-Cunha-Consul-Honorario-da-Republica-de-Angola-para-os-distritos-de-Vila-Real-Viseu-Braganca-e-Guarda.jpg\" alt=\"\" class=\"wp-image-10593\" srcset=\"http:\/\/maismagazine.pt\/wp-content\/uploads\/2024\/10\/Antonio-Cunha-Consul-Honorario-da-Republica-de-Angola-para-os-distritos-de-Vila-Real-Viseu-Braganca-e-Guarda.jpg 471w, http:\/\/maismagazine.pt\/wp-content\/uploads\/2024\/10\/Antonio-Cunha-Consul-Honorario-da-Republica-de-Angola-para-os-distritos-de-Vila-Real-Viseu-Braganca-e-Guarda-278x300.jpg 278w\" sizes=\"auto, (max-width: 471px) 100vw, 471px\" \/><figcaption class=\"wp-element-caption\">Ant\u00f3nio Cunha, C\u00f4nsul-Honor\u00e1rio da Rep\u00fablica de Angola para os distritos de Vila Real, Viseu, Bragan\u00e7a e Guarda<\/figcaption><\/figure>\n\n\n\n<figure class=\"wp-block-image size-large\"><img loading=\"lazy\" decoding=\"async\" width=\"666\" height=\"562\" data-id=\"10594\" src=\"https:\/\/maismagazine.pt\/wp-content\/uploads\/2024\/10\/Luis-Montenegro-Primeiro-Ministro-de-Portugal-e-Antonio-Cunha-Consul-Honorario-da-Republica-de-Angola.jpg\" alt=\"\" class=\"wp-image-10594\" srcset=\"http:\/\/maismagazine.pt\/wp-content\/uploads\/2024\/10\/Luis-Montenegro-Primeiro-Ministro-de-Portugal-e-Antonio-Cunha-Consul-Honorario-da-Republica-de-Angola.jpg 666w, http:\/\/maismagazine.pt\/wp-content\/uploads\/2024\/10\/Luis-Montenegro-Primeiro-Ministro-de-Portugal-e-Antonio-Cunha-Consul-Honorario-da-Republica-de-Angola-300x253.jpg 300w\" sizes=\"auto, (max-width: 666px) 100vw, 666px\" \/><figcaption class=\"wp-element-caption\">Lu\u00eds Montenegro, Primeiro Ministro de Portugal, e Ant\u00f3nio Cunha, C\u00f4nsul-Honor\u00e1rio da Rep\u00fablica de Angola<\/figcaption><\/figure>\n<\/figure>\n\n\n\n<p><\/p>\n\n\n\n<p><strong>Quais as principais \u00e1reas de neg\u00f3cio existente entre Angola e os distritos portugueses que defende? De que forma o Consulado \u00e9 uma voz ativa na procura de investimentos de Portugal para Angola e vice-versa? <\/strong><\/p>\n\n\n\n<p>O objetivo fulcral da minha a\u00e7\u00e3o diplom\u00e1tica consiste em aumentar o n\u00famero de empres\u00e1rios e investidores, oriundos e baseados nestes distritos, que estejam preparados para investir na economia angolana, bem como facilitar a a\u00e7\u00e3o de empres\u00e1rios e investidores angolanos nestas regi\u00f5es de Portugal. Temos empresas inovadoras a funcionar em variados dom\u00ednios, temos os vinhos, o azeite, com formas de produ\u00e7\u00e3o que podem ser aplicadas em Angola ou que podem contar com investimento angolano. Por outro lado, estes projetos podem ser replicados na Rep\u00fablica de Angola. E pretendo, tamb\u00e9m, alargar a atividade diplom\u00e1tica com o estabelecimento de contactos regulares com a comunidade estudantil angolana, que frequente as Universidades e Institutos Polit\u00e9cnicos destas regi\u00f5es, e \u00e0 qual ser\u00e1 prestado todo o tipo de suporte diplom\u00e1tico, consular e informativo. Ali\u00e1s, um dos compromissos mais importantes do C\u00f4nsul&#8211;Honor\u00e1rio da Rep\u00fablica de Angola \u00e9 o estabelecimento de parcerias culturais que permitam a identifica\u00e7\u00e3o e capta\u00e7\u00e3o de talentos destas universidades portuguesas e que possam vir a protagonizar, muito em breve, uma efetiva transmiss\u00e3o de conhecimentos a jovens estudantes e empreendedores angolanos. <\/p>\n\n\n\n<p><\/p>\n\n\n\n<p><strong>Quais as principais metas a curto\/m\u00e9dio prazo que o seu Consulado Honor\u00e1rio pretende alcan\u00e7ar? <\/strong><\/p>\n\n\n\n<p>Um dos aspetos mais importantes da minha miss\u00e3o \u00e9 dar a conhecer, a todos os que habitam e trabalham nestes distritos, a realidade atual da Rep\u00fablica de Angola. \u00c9, seguramente, um pa\u00eds diferente do que muitos pensam. Sua Excel\u00eancia, o Presidente da Rep\u00fablica e chefe do Executivo, Jo\u00e3o Louren\u00e7o, implementou desde o in\u00edcio do seu mandato um conjunto de reformas econ\u00f3micas e sociais para mitigar a excessiva depend\u00eancia da economia angolana do sector petrol\u00edfero. A prioridade dos investimentos passou a ser direcionada para outras \u00e1reas fundamentais para se alcan\u00e7ar a sustentabilidade econ\u00f3mica como sejam a agricultura, agropecu\u00e1ria, minera\u00e7\u00e3o, produ\u00e7\u00e3o de energia e abastecimento de \u00e1gua. Foram implementadas uma s\u00e9rie de medidas para combater a corrup\u00e7\u00e3o e criar um bom ambiente de neg\u00f3cios, mais transparente, que foram, ali\u00e1s, amplamente elogiadas por organiza\u00e7\u00f5es internacionais como o FMI e Banco Mundial e organiza\u00e7\u00f5es n\u00e3o governamentais. <\/p>\n\n\n\n<p><\/p>\n\n\n<div class=\"wp-block-image\">\n<figure class=\"aligncenter size-large is-resized\"><img loading=\"lazy\" decoding=\"async\" width=\"1024\" height=\"771\" src=\"https:\/\/maismagazine.pt\/wp-content\/uploads\/2024\/10\/Inauguracao-1024x771.jpg\" alt=\"\" class=\"wp-image-10599\" style=\"aspect-ratio:1.3281452658884565;width:402px;height:auto\" srcset=\"http:\/\/maismagazine.pt\/wp-content\/uploads\/2024\/10\/Inauguracao-1024x771.jpg 1024w, http:\/\/maismagazine.pt\/wp-content\/uploads\/2024\/10\/Inauguracao-300x226.jpg 300w, http:\/\/maismagazine.pt\/wp-content\/uploads\/2024\/10\/Inauguracao-768x578.jpg 768w, http:\/\/maismagazine.pt\/wp-content\/uploads\/2024\/10\/Inauguracao-1536x1157.jpg 1536w, http:\/\/maismagazine.pt\/wp-content\/uploads\/2024\/10\/Inauguracao.jpg 2048w\" sizes=\"auto, (max-width: 1024px) 100vw, 1024px\" \/><\/figure><\/div>\n\n\n<p><\/p>\n\n\n\n<p><strong>Virando agora o foco para o lado pessoal, d\u00ea-se a conhecer melhor aos nossos leitores. Qual o seu trajeto profissional? De eu forma surgiu a oportunidade de chegar a C\u00f4nsul? Por que raz\u00e3o decidiu juntar-se ao Consulado Honor\u00e1rio de Angola em Portugal para os distritos de Vila Real, Viseu, Bragan\u00e7a e Guarda?  <\/strong> <\/p>\n\n\n\n<p>Iniciei a minha atividade profissional muito cedo. Entre os 16 e os 18 anos conciliei os estudos com trabalhos administrativos e outros neg\u00f3cios, quando fundei a Tintas Europa no Distrito de Vila Real, empresa que ainda hoje constitui uma refer\u00eancia no mundo empresarial da regi\u00e3o norte do territ\u00f3rio portugu\u00eas, que comecei a afirmar-me como um empres\u00e1rio bem-sucedido, respeitado pelos meus pares e, sobretudo, pelos meus trabalhadores, clientes e fornecedores. A expans\u00e3o da atividade empresarial levou-me at\u00e9 Angola, na d\u00e9cada de 80, do s\u00e9culo passado, onde fundei o Grupo 7 Cunhas que se notabilizou pela capacidade de erigir infraestruturas indispens\u00e1veis ao desenvolvimento da Rep\u00fablica de Angola. H\u00e1 poucos anos alarg\u00e1mos o ramo empresarial aos seguros, com a cria\u00e7\u00e3o da Trevo Seguros, j\u00e1 uma refer\u00eancia no sector em Angola, e que vem mantendo uma rela\u00e7\u00e3o exemplar com os clientes e com os colaboradores .Em 2016, foi-me concedida a nacionalidade angolana, mais tarde cheguei a C\u00f4nsul-Honor\u00e1rio por candidatura atrav\u00e9s do Minist\u00e9rio das Rela\u00e7\u00f5es Exterior (MIREX), o que muito me honrou. Em mais de 30 anos de viv\u00eancia na Rep\u00fablica de Angola conheci a fundo a sociedade angolana, a sua estratifica\u00e7\u00e3o et\u00e1ria, econ\u00f3mica, social e pol\u00edtica, e fui dos poucos que n\u00e3o saiu quando surgiu a crise que se viveu a partir de 2015. Reduzimos as atividades, mas o Grupo 7 Cunhas continuou a trabalhar, especialmente nos projetos mais urgentes e que eram vitais para a seguran\u00e7a, bem-estar e melhoria das condi\u00e7\u00f5es das popula\u00e7\u00f5es angolanas. Mesmo com o agravamento da crise, e apesar dos confinamentos e estabelecimento de cercas sanit\u00e1rias, devido \u00e0 pandemia da Covid-19, viajei muito pelo territ\u00f3rio angolano de forma a inteirar&#8211;me, pessoalmente, dos problemas que afetavam as popula\u00e7\u00f5es, e a apresentar solu\u00e7\u00f5es que minorassem o impacto negativo de uma das mais complicadas situa\u00e7\u00f5es com que a esp\u00e9cie humana se confrontou nos \u00faltimos anos. A instala\u00e7\u00e3o do Consulado Honor\u00e1rio, nos distritos de Vila Real, Bragan\u00e7a, Guarda e Viseu tem a ver com as minhas origens a n\u00edvel empresarial. Nasci em Ca\u00edde de Rei, e penso que posso ajudar a melhorar a fluidez das rela\u00e7\u00f5es entre os povos portugu\u00eas e angolano. Temos a sede em Vila Real e, brevemente, teremos a nossa presen\u00e7a em Bragan\u00e7a, Guarda e Viseu. <\/p>\n\n\n\n<p><\/p>\n\n\n\n<p><strong>Foi em solo angolano que abriu a sua pr\u00f3pria empresa: o Grupo 7 Cunhas. Como surgiu essa oportunidade? <\/strong><\/p>\n\n\n\n<p>A 7 Cunhas surgiu do meu esp\u00edrito empresarial em Angola e espalhou-se por prov\u00edncias t\u00e3o d\u00edspares como: Luanda, Lunda Sul, Lunda Norte, Moxico, Malange, U\u00edge, Zaire, Namibe e Cuanza Norte. Tem esta designa\u00e7\u00e3o porque fomos 7 irm\u00e3os e optamos em estar em 7 Prov\u00edncias, os valores familiares sempre tiveram grande import\u00e2ncia para mim. Criamos mais de 3 mil empregos, na sua grande maioria de nacionalidade angolana j\u00e1 que tive sempre a preocupa\u00e7\u00e3o que mesmo os t\u00e9cnicos expatriados, por mais qualificados que fossem, dispusessem parte do seu tempo para transmitir conhecimentos aos colaboradores angolanos. <\/p>\n\n\n\n<p><\/p>\n\n\n<div class=\"wp-block-image\">\n<figure class=\"aligncenter size-large is-resized\"><img loading=\"lazy\" decoding=\"async\" width=\"1024\" height=\"683\" src=\"https:\/\/maismagazine.pt\/wp-content\/uploads\/2024\/10\/hj-1024x683.jpg\" alt=\"\" class=\"wp-image-10604\" style=\"aspect-ratio:1.499267935578331;width:397px;height:auto\" srcset=\"http:\/\/maismagazine.pt\/wp-content\/uploads\/2024\/10\/hj-1024x683.jpg 1024w, http:\/\/maismagazine.pt\/wp-content\/uploads\/2024\/10\/hj-300x200.jpg 300w, http:\/\/maismagazine.pt\/wp-content\/uploads\/2024\/10\/hj-768x512.jpg 768w, http:\/\/maismagazine.pt\/wp-content\/uploads\/2024\/10\/hj-1536x1024.jpg 1536w, http:\/\/maismagazine.pt\/wp-content\/uploads\/2024\/10\/hj-2048x1365.jpg 2048w, http:\/\/maismagazine.pt\/wp-content\/uploads\/2024\/10\/hj-150x100.jpg 150w\" sizes=\"auto, (max-width: 1024px) 100vw, 1024px\" \/><\/figure><\/div>\n\n\n<p><\/p>\n\n\n\n<p><strong>Quais os servi\u00e7os que a sua empresa disponibiliza no mercado? <\/strong><\/p>\n\n\n\n<p>O Grupo 7 Cunhas dedicou-se \u00e0 \u00e1rea da constru\u00e7\u00e3o e obras p\u00fablicas, na constru\u00e7\u00e3o de hospitais, postos m\u00e9dicos, escolas, estradas e vias urbanas, \u00e1guas e saneamento, combate e estancamento de ravinas, recolha de lixo e hotelaria. Mais recente, entr\u00e1mos no ramo dos seguros com a cria\u00e7\u00e3o da companhia Trevo Seguros. <\/p>\n\n\n\n<p><\/p>\n\n\n\n<p><strong>O Grupo 7 Cunhas desde sempre teve uma preocupa\u00e7\u00e3o especial com a educa\u00e7\u00e3o em Angola, preserva\u00e7\u00e3o ambiental e proximidade com a comunidade. Fale-nos sobre os projetos que a sua empresa mant\u00e9m nestes campos. <\/strong> <\/p>\n\n\n\n<p>Um dos vetores que norteou sempre a nossa atividade em Angola foi a transmiss\u00e3o de conhecimento. Todos os nossos quadros, sejam engenheiros, t\u00e9cnicos especialistas, oper\u00e1rios e operadores especializados, al\u00e9m das fun\u00e7\u00f5es que exercem t\u00eam a obriga\u00e7\u00e3o de transmitir os seus conhecimentos profissionais aos colaboradores angolanos que trabalham nas diversas empresas do grupo 7 Cunhas. Al\u00e9m do mais, esfor\u00e7amo-nos por ganhar concursos, sob a vis\u00e3o \u201cconstruir bem e nos prazos\u201d, mesmo que sejam nas zonas mais rec\u00f4nditas do imenso territ\u00f3rio angolano, colaborando com v\u00e1rios governos provinciais na pol\u00edtica ambiental de recolha de lixo e res\u00edduos que implica tamb\u00e9m uma transforma\u00e7\u00e3o de mentalidade da popula\u00e7\u00e3o que, ali\u00e1s, tem vindo a verificar-se de forma gradual nos \u00faltimos anos. <\/p>\n\n\n\n<p><\/p>\n\n\n\n<p><\/p>\n\n\n<div class=\"wp-block-image\">\n<figure class=\"aligncenter size-full is-resized\"><img loading=\"lazy\" decoding=\"async\" width=\"742\" height=\"742\" src=\"https:\/\/maismagazine.pt\/wp-content\/uploads\/2024\/10\/300834223_592646589315613_8183837699326561159_n.jpg\" alt=\"\" class=\"wp-image-10603\" style=\"aspect-ratio:1;width:274px;height:auto\" srcset=\"http:\/\/maismagazine.pt\/wp-content\/uploads\/2024\/10\/300834223_592646589315613_8183837699326561159_n.jpg 742w, http:\/\/maismagazine.pt\/wp-content\/uploads\/2024\/10\/300834223_592646589315613_8183837699326561159_n-300x300.jpg 300w, http:\/\/maismagazine.pt\/wp-content\/uploads\/2024\/10\/300834223_592646589315613_8183837699326561159_n-150x150.jpg 150w\" sizes=\"auto, (max-width: 742px) 100vw, 742px\" \/><\/figure><\/div>","protected":false},"excerpt":{"rendered":"<p>Criado no norte de Portugal e apaixonado pelo povo angolano, Ant\u00f3nio Cunha tem dedicado a sua vida \u00e0 nobre miss\u00e3o de auxiliar as comunidades angolanas e garantir o seu desenvolvimento, tal como conta \u00e0 Mais Magazine. Foi com esse pensamento em mente que se tornou C\u00f4nsul-Honor\u00e1rio da Rep\u00fablica de Angola&hellip;<\/p>\n","protected":false},"author":17,"featured_media":10606,"comment_status":"closed","ping_status":"open","sticky":false,"template":"","format":"standard","meta":{"advgb_blocks_editor_width":"","advgb_blocks_columns_visual_guide":"","_monsterinsights_skip_tracking":false,"_monsterinsights_sitenote_active":false,"_monsterinsights_sitenote_note":"","_monsterinsights_sitenote_category":0,"footnotes":""},"categories":[6,161],"tags":[2154,2149,2153],"class_list":["post-10592","post","type-post","status-publish","format-standard","has-post-thumbnail","hentry","category-empreendedorismo","category-mundo-empresarial","tag-7-cunhas","tag-angola","tag-consul-antonio-cunha"],"yoast_head":"<!-- This site is optimized with the Yoast SEO plugin v24.4 - https:\/\/yoast.com\/wordpress\/plugins\/seo\/ -->\n<title>A ponte diplom\u00e1tica entre Angola e as Beiras e Tr\u00e1s-os-Montes - Mais Magazine<\/title>\n<meta name=\"description\" content=\"Criado no norte de Portugal e apaixonado pelo povo angolano, Ant\u00f3nio Cunha tem dedicado a sua vida \u00e0 nobre miss\u00e3o de auxiliar as comunidades angolanas e garantir o seu desenvolvimento, tal como conta \u00e0 Mais Magazine. Foi com esse pensamento em mente que se tornou C\u00f4nsul-Honor\u00e1rio da Rep\u00fablica de Angola para os distritos de Vila Real, Viseu, Bragan\u00e7a e Guarda, e fundou a sua empresa, o Grupo 7 Cunhas, respons\u00e1vel pela cria\u00e7\u00e3o de milhares de postos de trabalho.\" \/>\n<meta name=\"robots\" content=\"index, follow, max-snippet:-1, max-image-preview:large, max-video-preview:-1\" \/>\n<link rel=\"canonical\" href=\"http:\/\/maismagazine.pt\/index.php\/2024\/10\/25\/a-ponte-diplomatica-entre-angola-e-as-beiras-e-tras-os-montes\/\" \/>\n<meta property=\"og:locale\" content=\"pt_PT\" \/>\n<meta property=\"og:type\" content=\"article\" \/>\n<meta property=\"og:title\" content=\"A ponte diplom\u00e1tica entre Angola e as Beiras e Tr\u00e1s-os-Montes - Mais Magazine\" \/>\n<meta property=\"og:description\" content=\"Criado no norte de Portugal e apaixonado pelo povo angolano, Ant\u00f3nio Cunha tem dedicado a sua vida \u00e0 nobre miss\u00e3o de auxiliar as comunidades angolanas e garantir o seu desenvolvimento, tal como conta \u00e0 Mais Magazine. Foi com esse pensamento em mente que se tornou C\u00f4nsul-Honor\u00e1rio da Rep\u00fablica de Angola para os distritos de Vila Real, Viseu, Bragan\u00e7a e Guarda, e fundou a sua empresa, o Grupo 7 Cunhas, respons\u00e1vel pela cria\u00e7\u00e3o de milhares de postos de trabalho.\" \/>\n<meta property=\"og:url\" content=\"http:\/\/maismagazine.pt\/index.php\/2024\/10\/25\/a-ponte-diplomatica-entre-angola-e-as-beiras-e-tras-os-montes\/\" \/>\n<meta property=\"og:site_name\" content=\"Mais Magazine\" \/>\n<meta property=\"article:published_time\" content=\"2024-10-25T06:00:00+00:00\" \/>\n<meta property=\"og:image\" content=\"http:\/\/maismagazine.pt\/wp-content\/uploads\/2024\/10\/g-scaled.jpg\" \/>\n\t<meta property=\"og:image:width\" content=\"2560\" \/>\n\t<meta property=\"og:image:height\" content=\"1278\" \/>\n\t<meta property=\"og:image:type\" content=\"image\/jpeg\" \/>\n<meta name=\"author\" content=\"Tiago Costa\" \/>\n<meta name=\"twitter:card\" content=\"summary_large_image\" \/>\n<meta name=\"twitter:label1\" content=\"Escrito por\" \/>\n\t<meta name=\"twitter:data1\" content=\"\" \/>\n\t<meta name=\"twitter:label2\" content=\"Tempo estimado de leitura\" \/>\n\t<meta name=\"twitter:data2\" content=\"9 minutos\" \/>\n<script type=\"application\/ld+json\" class=\"yoast-schema-graph\">{\"@context\":\"https:\/\/schema.org\",\"@graph\":[{\"@type\":\"Article\",\"@id\":\"http:\/\/maismagazine.pt\/index.php\/2024\/10\/25\/a-ponte-diplomatica-entre-angola-e-as-beiras-e-tras-os-montes\/#article\",\"isPartOf\":{\"@id\":\"http:\/\/maismagazine.pt\/index.php\/2024\/10\/25\/a-ponte-diplomatica-entre-angola-e-as-beiras-e-tras-os-montes\/\"},\"author\":{\"name\":\"Tiago Costa\",\"@id\":\"http:\/\/maismagazine.pt\/#\/schema\/person\/c6c5bfccc886434cbd11c74e035f9646\"},\"headline\":\"A ponte diplom\u00e1tica entre Angola e as Beiras e Tr\u00e1s-os-Montes\",\"datePublished\":\"2024-10-25T06:00:00+00:00\",\"mainEntityOfPage\":{\"@id\":\"http:\/\/maismagazine.pt\/index.php\/2024\/10\/25\/a-ponte-diplomatica-entre-angola-e-as-beiras-e-tras-os-montes\/\"},\"wordCount\":1520,\"publisher\":{\"@id\":\"http:\/\/maismagazine.pt\/#organization\"},\"image\":{\"@id\":\"http:\/\/maismagazine.pt\/index.php\/2024\/10\/25\/a-ponte-diplomatica-entre-angola-e-as-beiras-e-tras-os-montes\/#primaryimage\"},\"thumbnailUrl\":\"http:\/\/maismagazine.pt\/wp-content\/uploads\/2024\/10\/g-scaled.jpg\",\"keywords\":[\"7 Cunhas\",\"Angola\",\"C\u00f4nsul Ant\u00f3nio Cunha\"],\"articleSection\":[\"Empreendedorismo\",\"Mundo Empresarial\"],\"inLanguage\":\"pt-PT\"},{\"@type\":\"WebPage\",\"@id\":\"http:\/\/maismagazine.pt\/index.php\/2024\/10\/25\/a-ponte-diplomatica-entre-angola-e-as-beiras-e-tras-os-montes\/\",\"url\":\"http:\/\/maismagazine.pt\/index.php\/2024\/10\/25\/a-ponte-diplomatica-entre-angola-e-as-beiras-e-tras-os-montes\/\",\"name\":\"A ponte diplom\u00e1tica entre Angola e as Beiras e Tr\u00e1s-os-Montes - Mais Magazine\",\"isPartOf\":{\"@id\":\"http:\/\/maismagazine.pt\/#website\"},\"primaryImageOfPage\":{\"@id\":\"http:\/\/maismagazine.pt\/index.php\/2024\/10\/25\/a-ponte-diplomatica-entre-angola-e-as-beiras-e-tras-os-montes\/#primaryimage\"},\"image\":{\"@id\":\"http:\/\/maismagazine.pt\/index.php\/2024\/10\/25\/a-ponte-diplomatica-entre-angola-e-as-beiras-e-tras-os-montes\/#primaryimage\"},\"thumbnailUrl\":\"http:\/\/maismagazine.pt\/wp-content\/uploads\/2024\/10\/g-scaled.jpg\",\"datePublished\":\"2024-10-25T06:00:00+00:00\",\"description\":\"Criado no norte de Portugal e apaixonado pelo povo angolano, Ant\u00f3nio Cunha tem dedicado a sua vida \u00e0 nobre miss\u00e3o de auxiliar as comunidades angolanas e garantir o seu desenvolvimento, tal como conta \u00e0 Mais Magazine. Foi com esse pensamento em mente que se tornou C\u00f4nsul-Honor\u00e1rio da Rep\u00fablica de Angola para os distritos de Vila Real, Viseu, Bragan\u00e7a e Guarda, e fundou a sua empresa, o Grupo 7 Cunhas, respons\u00e1vel pela cria\u00e7\u00e3o de milhares de postos de trabalho.\",\"breadcrumb\":{\"@id\":\"http:\/\/maismagazine.pt\/index.php\/2024\/10\/25\/a-ponte-diplomatica-entre-angola-e-as-beiras-e-tras-os-montes\/#breadcrumb\"},\"inLanguage\":\"pt-PT\",\"potentialAction\":[{\"@type\":\"ReadAction\",\"target\":[\"http:\/\/maismagazine.pt\/index.php\/2024\/10\/25\/a-ponte-diplomatica-entre-angola-e-as-beiras-e-tras-os-montes\/\"]}]},{\"@type\":\"ImageObject\",\"inLanguage\":\"pt-PT\",\"@id\":\"http:\/\/maismagazine.pt\/index.php\/2024\/10\/25\/a-ponte-diplomatica-entre-angola-e-as-beiras-e-tras-os-montes\/#primaryimage\",\"url\":\"http:\/\/maismagazine.pt\/wp-content\/uploads\/2024\/10\/g-scaled.jpg\",\"contentUrl\":\"http:\/\/maismagazine.pt\/wp-content\/uploads\/2024\/10\/g-scaled.jpg\",\"width\":2560,\"height\":1278},{\"@type\":\"BreadcrumbList\",\"@id\":\"http:\/\/maismagazine.pt\/index.php\/2024\/10\/25\/a-ponte-diplomatica-entre-angola-e-as-beiras-e-tras-os-montes\/#breadcrumb\",\"itemListElement\":[{\"@type\":\"ListItem\",\"position\":1,\"name\":\"Home\",\"item\":\"http:\/\/maismagazine.pt\/\"},{\"@type\":\"ListItem\",\"position\":2,\"name\":\"A ponte diplom\u00e1tica entre Angola e as Beiras e Tr\u00e1s-os-Montes\"}]},{\"@type\":\"WebSite\",\"@id\":\"http:\/\/maismagazine.pt\/#website\",\"url\":\"http:\/\/maismagazine.pt\/\",\"name\":\"Mais Magazine\",\"description\":\"\",\"publisher\":{\"@id\":\"http:\/\/maismagazine.pt\/#organization\"},\"potentialAction\":[{\"@type\":\"SearchAction\",\"target\":{\"@type\":\"EntryPoint\",\"urlTemplate\":\"http:\/\/maismagazine.pt\/?s={search_term_string}\"},\"query-input\":{\"@type\":\"PropertyValueSpecification\",\"valueRequired\":true,\"valueName\":\"search_term_string\"}}],\"inLanguage\":\"pt-PT\"},{\"@type\":\"Organization\",\"@id\":\"http:\/\/maismagazine.pt\/#organization\",\"name\":\"Mais Magazine\",\"url\":\"http:\/\/maismagazine.pt\/\",\"logo\":{\"@type\":\"ImageObject\",\"inLanguage\":\"pt-PT\",\"@id\":\"http:\/\/maismagazine.pt\/#\/schema\/logo\/image\/\",\"url\":\"http:\/\/maismagazine.pt\/wp-content\/uploads\/2020\/04\/cropped-cropped-mais-magazine-site-logo-2.png\",\"contentUrl\":\"http:\/\/maismagazine.pt\/wp-content\/uploads\/2020\/04\/cropped-cropped-mais-magazine-site-logo-2.png\",\"width\":581,\"height\":90,\"caption\":\"Mais Magazine\"},\"image\":{\"@id\":\"http:\/\/maismagazine.pt\/#\/schema\/logo\/image\/\"}},{\"@type\":\"Person\",\"@id\":\"http:\/\/maismagazine.pt\/#\/schema\/person\/c6c5bfccc886434cbd11c74e035f9646\",\"name\":\"Tiago Costa\",\"image\":{\"@type\":\"ImageObject\",\"inLanguage\":\"pt-PT\",\"@id\":\"http:\/\/maismagazine.pt\/#\/schema\/person\/image\/\",\"url\":\"https:\/\/secure.gravatar.com\/avatar\/c599b2bce16c9870429198cbad5ee022?s=96&d=mm&r=g\",\"contentUrl\":\"https:\/\/secure.gravatar.com\/avatar\/c599b2bce16c9870429198cbad5ee022?s=96&d=mm&r=g\",\"caption\":\"Tiago Costa\"},\"url\":\"http:\/\/maismagazine.pt\/index.php\/author\/tiago\/\"}]}<\/script>\n<!-- \/ Yoast SEO plugin. -->","yoast_head_json":{"title":"A ponte diplom\u00e1tica entre Angola e as Beiras e Tr\u00e1s-os-Montes - Mais Magazine","description":"Criado no norte de Portugal e apaixonado pelo povo angolano, Ant\u00f3nio Cunha tem dedicado a sua vida \u00e0 nobre miss\u00e3o de auxiliar as comunidades angolanas e garantir o seu desenvolvimento, tal como conta \u00e0 Mais Magazine. Foi com esse pensamento em mente que se tornou C\u00f4nsul-Honor\u00e1rio da Rep\u00fablica de Angola para os distritos de Vila Real, Viseu, Bragan\u00e7a e Guarda, e fundou a sua empresa, o Grupo 7 Cunhas, respons\u00e1vel pela cria\u00e7\u00e3o de milhares de postos de trabalho.","robots":{"index":"index","follow":"follow","max-snippet":"max-snippet:-1","max-image-preview":"max-image-preview:large","max-video-preview":"max-video-preview:-1"},"canonical":"http:\/\/maismagazine.pt\/index.php\/2024\/10\/25\/a-ponte-diplomatica-entre-angola-e-as-beiras-e-tras-os-montes\/","og_locale":"pt_PT","og_type":"article","og_title":"A ponte diplom\u00e1tica entre Angola e as Beiras e Tr\u00e1s-os-Montes - Mais Magazine","og_description":"Criado no norte de Portugal e apaixonado pelo povo angolano, Ant\u00f3nio Cunha tem dedicado a sua vida \u00e0 nobre miss\u00e3o de auxiliar as comunidades angolanas e garantir o seu desenvolvimento, tal como conta \u00e0 Mais Magazine. Foi com esse pensamento em mente que se tornou C\u00f4nsul-Honor\u00e1rio da Rep\u00fablica de Angola para os distritos de Vila Real, Viseu, Bragan\u00e7a e Guarda, e fundou a sua empresa, o Grupo 7 Cunhas, respons\u00e1vel pela cria\u00e7\u00e3o de milhares de postos de trabalho.","og_url":"http:\/\/maismagazine.pt\/index.php\/2024\/10\/25\/a-ponte-diplomatica-entre-angola-e-as-beiras-e-tras-os-montes\/","og_site_name":"Mais Magazine","article_published_time":"2024-10-25T06:00:00+00:00","og_image":[{"width":2560,"height":1278,"url":"http:\/\/maismagazine.pt\/wp-content\/uploads\/2024\/10\/g-scaled.jpg","type":"image\/jpeg"}],"author":"Tiago Costa","twitter_card":"summary_large_image","twitter_misc":{"Escrito por":false,"Tempo estimado de leitura":"9 minutos"},"schema":{"@context":"https:\/\/schema.org","@graph":[{"@type":"Article","@id":"http:\/\/maismagazine.pt\/index.php\/2024\/10\/25\/a-ponte-diplomatica-entre-angola-e-as-beiras-e-tras-os-montes\/#article","isPartOf":{"@id":"http:\/\/maismagazine.pt\/index.php\/2024\/10\/25\/a-ponte-diplomatica-entre-angola-e-as-beiras-e-tras-os-montes\/"},"author":{"name":"Tiago Costa","@id":"http:\/\/maismagazine.pt\/#\/schema\/person\/c6c5bfccc886434cbd11c74e035f9646"},"headline":"A ponte diplom\u00e1tica entre Angola e as Beiras e Tr\u00e1s-os-Montes","datePublished":"2024-10-25T06:00:00+00:00","mainEntityOfPage":{"@id":"http:\/\/maismagazine.pt\/index.php\/2024\/10\/25\/a-ponte-diplomatica-entre-angola-e-as-beiras-e-tras-os-montes\/"},"wordCount":1520,"publisher":{"@id":"http:\/\/maismagazine.pt\/#organization"},"image":{"@id":"http:\/\/maismagazine.pt\/index.php\/2024\/10\/25\/a-ponte-diplomatica-entre-angola-e-as-beiras-e-tras-os-montes\/#primaryimage"},"thumbnailUrl":"http:\/\/maismagazine.pt\/wp-content\/uploads\/2024\/10\/g-scaled.jpg","keywords":["7 Cunhas","Angola","C\u00f4nsul Ant\u00f3nio Cunha"],"articleSection":["Empreendedorismo","Mundo Empresarial"],"inLanguage":"pt-PT"},{"@type":"WebPage","@id":"http:\/\/maismagazine.pt\/index.php\/2024\/10\/25\/a-ponte-diplomatica-entre-angola-e-as-beiras-e-tras-os-montes\/","url":"http:\/\/maismagazine.pt\/index.php\/2024\/10\/25\/a-ponte-diplomatica-entre-angola-e-as-beiras-e-tras-os-montes\/","name":"A ponte diplom\u00e1tica entre Angola e as Beiras e Tr\u00e1s-os-Montes - Mais Magazine","isPartOf":{"@id":"http:\/\/maismagazine.pt\/#website"},"primaryImageOfPage":{"@id":"http:\/\/maismagazine.pt\/index.php\/2024\/10\/25\/a-ponte-diplomatica-entre-angola-e-as-beiras-e-tras-os-montes\/#primaryimage"},"image":{"@id":"http:\/\/maismagazine.pt\/index.php\/2024\/10\/25\/a-ponte-diplomatica-entre-angola-e-as-beiras-e-tras-os-montes\/#primaryimage"},"thumbnailUrl":"http:\/\/maismagazine.pt\/wp-content\/uploads\/2024\/10\/g-scaled.jpg","datePublished":"2024-10-25T06:00:00+00:00","description":"Criado no norte de Portugal e apaixonado pelo povo angolano, Ant\u00f3nio Cunha tem dedicado a sua vida \u00e0 nobre miss\u00e3o de auxiliar as comunidades angolanas e garantir o seu desenvolvimento, tal como conta \u00e0 Mais Magazine. Foi com esse pensamento em mente que se tornou C\u00f4nsul-Honor\u00e1rio da Rep\u00fablica de Angola para os distritos de Vila Real, Viseu, Bragan\u00e7a e Guarda, e fundou a sua empresa, o Grupo 7 Cunhas, respons\u00e1vel pela cria\u00e7\u00e3o de milhares de postos de trabalho.","breadcrumb":{"@id":"http:\/\/maismagazine.pt\/index.php\/2024\/10\/25\/a-ponte-diplomatica-entre-angola-e-as-beiras-e-tras-os-montes\/#breadcrumb"},"inLanguage":"pt-PT","potentialAction":[{"@type":"ReadAction","target":["http:\/\/maismagazine.pt\/index.php\/2024\/10\/25\/a-ponte-diplomatica-entre-angola-e-as-beiras-e-tras-os-montes\/"]}]},{"@type":"ImageObject","inLanguage":"pt-PT","@id":"http:\/\/maismagazine.pt\/index.php\/2024\/10\/25\/a-ponte-diplomatica-entre-angola-e-as-beiras-e-tras-os-montes\/#primaryimage","url":"http:\/\/maismagazine.pt\/wp-content\/uploads\/2024\/10\/g-scaled.jpg","contentUrl":"http:\/\/maismagazine.pt\/wp-content\/uploads\/2024\/10\/g-scaled.jpg","width":2560,"height":1278},{"@type":"BreadcrumbList","@id":"http:\/\/maismagazine.pt\/index.php\/2024\/10\/25\/a-ponte-diplomatica-entre-angola-e-as-beiras-e-tras-os-montes\/#breadcrumb","itemListElement":[{"@type":"ListItem","position":1,"name":"Home","item":"http:\/\/maismagazine.pt\/"},{"@type":"ListItem","position":2,"name":"A ponte diplom\u00e1tica entre Angola e as Beiras e Tr\u00e1s-os-Montes"}]},{"@type":"WebSite","@id":"http:\/\/maismagazine.pt\/#website","url":"http:\/\/maismagazine.pt\/","name":"Mais Magazine","description":"","publisher":{"@id":"http:\/\/maismagazine.pt\/#organization"},"potentialAction":[{"@type":"SearchAction","target":{"@type":"EntryPoint","urlTemplate":"http:\/\/maismagazine.pt\/?s={search_term_string}"},"query-input":{"@type":"PropertyValueSpecification","valueRequired":true,"valueName":"search_term_string"}}],"inLanguage":"pt-PT"},{"@type":"Organization","@id":"http:\/\/maismagazine.pt\/#organization","name":"Mais Magazine","url":"http:\/\/maismagazine.pt\/","logo":{"@type":"ImageObject","inLanguage":"pt-PT","@id":"http:\/\/maismagazine.pt\/#\/schema\/logo\/image\/","url":"http:\/\/maismagazine.pt\/wp-content\/uploads\/2020\/04\/cropped-cropped-mais-magazine-site-logo-2.png","contentUrl":"http:\/\/maismagazine.pt\/wp-content\/uploads\/2020\/04\/cropped-cropped-mais-magazine-site-logo-2.png","width":581,"height":90,"caption":"Mais Magazine"},"image":{"@id":"http:\/\/maismagazine.pt\/#\/schema\/logo\/image\/"}},{"@type":"Person","@id":"http:\/\/maismagazine.pt\/#\/schema\/person\/c6c5bfccc886434cbd11c74e035f9646","name":"Tiago Costa","image":{"@type":"ImageObject","inLanguage":"pt-PT","@id":"http:\/\/maismagazine.pt\/#\/schema\/person\/image\/","url":"https:\/\/secure.gravatar.com\/avatar\/c599b2bce16c9870429198cbad5ee022?s=96&d=mm&r=g","contentUrl":"https:\/\/secure.gravatar.com\/avatar\/c599b2bce16c9870429198cbad5ee022?s=96&d=mm&r=g","caption":"Tiago Costa"},"url":"http:\/\/maismagazine.pt\/index.php\/author\/tiago\/"}]}},"author_meta":{"display_name":false,"author_link":"http:\/\/maismagazine.pt\/index.php\/author\/tiago\/"},"featured_img":"http:\/\/maismagazine.pt\/wp-content\/uploads\/2024\/10\/g-300x150.jpg","coauthors":[],"tax_additional":{"categories":{"linked":["<a href=\"http:\/\/maismagazine.pt\/index.php\/category\/empreendedorismo\/\" class=\"advgb-post-tax-term\">Empreendedorismo<\/a>","<a href=\"http:\/\/maismagazine.pt\/index.php\/category\/mundo-empresarial\/\" class=\"advgb-post-tax-term\">Mundo Empresarial<\/a>"],"unlinked":["<span class=\"advgb-post-tax-term\">Empreendedorismo<\/span>","<span class=\"advgb-post-tax-term\">Mundo Empresarial<\/span>"]},"tags":{"linked":["<a href=\"http:\/\/maismagazine.pt\/index.php\/category\/mundo-empresarial\/\" class=\"advgb-post-tax-term\">7 Cunhas<\/a>","<a href=\"http:\/\/maismagazine.pt\/index.php\/category\/mundo-empresarial\/\" class=\"advgb-post-tax-term\">Angola<\/a>","<a href=\"http:\/\/maismagazine.pt\/index.php\/category\/mundo-empresarial\/\" class=\"advgb-post-tax-term\">C\u00f4nsul Ant\u00f3nio Cunha<\/a>"],"unlinked":["<span class=\"advgb-post-tax-term\">7 Cunhas<\/span>","<span class=\"advgb-post-tax-term\">Angola<\/span>","<span class=\"advgb-post-tax-term\">C\u00f4nsul Ant\u00f3nio Cunha<\/span>"]}},"comment_count":"0","relative_dates":{"created":"Posted 2 anos ago","modified":"Updated 2 anos ago"},"absolute_dates":{"created":"Posted on 25 de Outubro, 2024","modified":"Updated on 22 de Outubro, 2024"},"absolute_dates_time":{"created":"Posted on 25 de Outubro, 2024 7:00","modified":"Updated on 22 de Outubro, 2024 15:05"},"featured_img_caption":"","series_order":"","_links":{"self":[{"href":"http:\/\/maismagazine.pt\/index.php\/wp-json\/wp\/v2\/posts\/10592","targetHints":{"allow":["GET"]}}],"collection":[{"href":"http:\/\/maismagazine.pt\/index.php\/wp-json\/wp\/v2\/posts"}],"about":[{"href":"http:\/\/maismagazine.pt\/index.php\/wp-json\/wp\/v2\/types\/post"}],"author":[{"embeddable":true,"href":"http:\/\/maismagazine.pt\/index.php\/wp-json\/wp\/v2\/users\/17"}],"replies":[{"embeddable":true,"href":"http:\/\/maismagazine.pt\/index.php\/wp-json\/wp\/v2\/comments?post=10592"}],"version-history":[{"count":3,"href":"http:\/\/maismagazine.pt\/index.php\/wp-json\/wp\/v2\/posts\/10592\/revisions"}],"predecessor-version":[{"id":10611,"href":"http:\/\/maismagazine.pt\/index.php\/wp-json\/wp\/v2\/posts\/10592\/revisions\/10611"}],"wp:featuredmedia":[{"embeddable":true,"href":"http:\/\/maismagazine.pt\/index.php\/wp-json\/wp\/v2\/media\/10606"}],"wp:attachment":[{"href":"http:\/\/maismagazine.pt\/index.php\/wp-json\/wp\/v2\/media?parent=10592"}],"wp:term":[{"taxonomy":"category","embeddable":true,"href":"http:\/\/maismagazine.pt\/index.php\/wp-json\/wp\/v2\/categories?post=10592"},{"taxonomy":"post_tag","embeddable":true,"href":"http:\/\/maismagazine.pt\/index.php\/wp-json\/wp\/v2\/tags?post=10592"}],"curies":[{"name":"wp","href":"https:\/\/api.w.org\/{rel}","templated":true}]}}