{"id":10588,"date":"2024-10-25T07:00:00","date_gmt":"2024-10-25T06:00:00","guid":{"rendered":"https:\/\/maismagazine.pt\/?p=10588"},"modified":"2024-10-22T14:56:19","modified_gmt":"2024-10-22T13:56:19","slug":"santiago-do-cacem-um-destino-onde-serra-planicie-e-mar-se-encontram","status":"publish","type":"post","link":"http:\/\/maismagazine.pt\/index.php\/2024\/10\/25\/santiago-do-cacem-um-destino-onde-serra-planicie-e-mar-se-encontram\/","title":{"rendered":"Santiago do Cac\u00e9m: Um destino onde serra, plan\u00edcie e mar se encontram"},"content":{"rendered":"\n<p><strong>Com uma estrat\u00e9gia focada em valorizar o seu rico patrim\u00f3nio hist\u00f3rico, cultural e natural, o munic\u00edpio de <a href=\"http:\/\/www.cm-santiagocacem.pt\">Santiago do Cac\u00e9m<\/a> trabalha para se consolidar como um destino tur\u00edstico de destaque. Promovendo eventos e iniciativas que real\u00e7am as suas paisagens e a diversidade gastron\u00f3mica, a regi\u00e3o oferece experi\u00eancias que v\u00e3o desde as rotas culturais aos festivais tradicionais, tornando-se um ponto imperd\u00edvel para quem deseja conhecer o melhor do Alentejo.<\/strong><\/p>\n\n\n\n<p><\/p>\n\n\n\n<p><strong>De que forma a C\u00e2mara Municipal de Santiago do Cac\u00e9m tem trabalhado para promover o turismo na regi\u00e3o e consolidar o munic\u00edpio como um destino de refer\u00eancia no Alentejo?<\/strong><\/p>\n\n\n\n<p>A C\u00e2mara Municipal Santiago do Cac\u00e9m tem desenvolvido uma pol\u00edtica tur\u00edstica muito equilibrada entre a zona costeira e o interior de serras e plan\u00edcies e a dimens\u00e3o ligada \u00e0 cultura, \u00e0 hist\u00f3ria, ao patrim\u00f3nio e \u00e0 gastronomia. A nossa estrat\u00e9gia aposta na promo\u00e7\u00e3o do Concelho na participa\u00e7\u00e3o em eventos como a Bolsa de Turismo de Lisboa, a cria\u00e7\u00e3o da Rota dos Museus, a parceria com a Dire\u00e7\u00e3o Regional de Cultura do Alentejo para a dinamiza\u00e7\u00e3o das Ru\u00ednas Romanas de Mir\u00f3briga, ser membro fundador da Associa\u00e7\u00e3o de Munic\u00edpios do Portugal Romano. O Concelho faz parte dos Caminhos de Santiago e \u00e9 ponto de partida da Rota Vicentina. A revis\u00e3o do Plano Diretor Municipal possibilitou um consider\u00e1vel conjunto de investimentos, nomeadamente, de turismo em espa\u00e7o rural.<\/p>\n\n\n\n<p><\/p>\n\n\n\n<p><strong>Para quem visita a regi\u00e3o, quais considera serem os locais de visita obrigat\u00f3ria?<\/strong><\/p>\n\n\n\n<p>Destaque para a Rota dos Museus, criada pela C\u00e2mara Municipal. A n\u00e3o perder o Festival da Enguia da Lagoa de Santo Andr\u00e9, a Santiagro \u2013 Feira Agropecu\u00e1ria e do Cavalo, a Feira do Monte e o Alvalade Medieval. De refer\u00eancia a n\u00edvel nacional encontramos o Badoca Safari Park e a Vila Do Gin da Destilaria Black Pig. A visita \u00e0 Reserva Natural da Lagoa de Santo Andr\u00e9 e da Sancha \u00e9 obrigat\u00f3ria.<\/p>\n\n\n\n<p><\/p>\n\n\n\n<p><strong>E, no que diz respeito \u00e0 gastronomia, que iguarias recomenda experimentar?<\/strong><\/p>\n\n\n\n<p>O bolo Santiago, as alcomonias, os rebu\u00e7ados de pinh\u00e3o, o mel de rosmaninho, o p\u00e3o, os queijos, os enchidos e o azeite de Abela e o do Lagar do Parral. As enguias, os pratos de ca\u00e7a, as migas com carne de porco, a a\u00e7orda \u00e0 alentejana, sabores acompanhados pelos vinhos das adegas da Herdade do Cebolal, do Des.apego, da Carochinha, do Almejado e de Conqueiros, e os gins das destilarias Black Pig e Botico.<\/p>\n\n\n\n<p><\/p>\n\n\n\n<p><strong>H\u00e1 algum evento que ir\u00e1 decorrer em breve no munic\u00edpio e que gostaria de destacar? <\/strong><\/p>\n\n\n\n<p>O 8.\u00ba Festival Gastron\u00f3mico da Lagoa de Santo Andr\u00e9, que decorre de 23 de outubro a 3 de novembro nos restaurantes aderentes na freguesia de Santo Andr\u00e9.H\u00e1 mais iniciativas em destaque na agenda do Munic\u00edpio que podem ser consultadas no nosso website.<\/p>\n\n\n\n<p><\/p>\n\n\n\n<p><strong>Qual \u00e9 a sua vis\u00e3o para o futuro de Santiago do Cac\u00e9m e quais considera serem os principais desafios que o munic\u00edpio enfrentar\u00e1?<\/strong><\/p>\n\n\n\n<p>Santiago do Cac\u00e9m tem um enorme potencial de crescimento nas mais variadas \u00e1reas e estamos a fazer o caminho para consolidar esse futuro. Reunimos condi\u00e7\u00f5es para sermos cada vez mais uma refer\u00eancia no turismo, somos um territ\u00f3rio que re\u00fane serra, plan\u00edcie e mar. A nossa localiza\u00e7\u00e3o privilegiada permite-nos acreditar no desenvolvimento e fixa\u00e7\u00e3o de empresas de apoio e presta\u00e7\u00e3o de servi\u00e7os ao Complexo Industrial e Portu\u00e1rio de Sines, que ser\u00e3o geradoras de riqueza a v\u00e1rios n\u00edveis.<\/p>\n\n\n\n<p><\/p>\n\n\n<div class=\"wp-block-image\">\n<figure class=\"aligncenter size-full is-resized\"><img loading=\"lazy\" decoding=\"async\" width=\"700\" height=\"207\" src=\"https:\/\/maismagazine.pt\/wp-content\/uploads\/2024\/10\/logo_santiago_1_700_400-1.png\" alt=\"\" class=\"wp-image-10596\" style=\"aspect-ratio:3.3816425120772946;width:450px;height:auto\" srcset=\"http:\/\/maismagazine.pt\/wp-content\/uploads\/2024\/10\/logo_santiago_1_700_400-1.png 700w, http:\/\/maismagazine.pt\/wp-content\/uploads\/2024\/10\/logo_santiago_1_700_400-1-300x89.png 300w\" sizes=\"auto, (max-width: 700px) 100vw, 700px\" \/><\/figure><\/div>","protected":false},"excerpt":{"rendered":"<p>Com uma estrat\u00e9gia focada em valorizar o seu rico patrim\u00f3nio hist\u00f3rico, cultural e natural, o munic\u00edpio de Santiago do Cac\u00e9m trabalha para se consolidar como um destino tur\u00edstico de destaque. Promovendo eventos e iniciativas que real\u00e7am as suas paisagens e a diversidade gastron\u00f3mica, a regi\u00e3o oferece experi\u00eancias que v\u00e3o desde&hellip;<\/p>\n","protected":false},"author":18,"featured_media":10595,"comment_status":"closed","ping_status":"open","sticky":false,"template":"","format":"standard","meta":{"advgb_blocks_editor_width":"","advgb_blocks_columns_visual_guide":"","_monsterinsights_skip_tracking":false,"_monsterinsights_sitenote_active":false,"_monsterinsights_sitenote_note":"","_monsterinsights_sitenote_category":0,"footnotes":""},"categories":[53],"tags":[310,70,1667],"class_list":["post-10588","post","type-post","status-publish","format-standard","has-post-thumbnail","hentry","category-turismo-restaurantes","tag-alentejo","tag-portugal","tag-santiago-do-cacem"],"yoast_head":"<!-- This site is optimized with the Yoast SEO plugin v24.4 - https:\/\/yoast.com\/wordpress\/plugins\/seo\/ -->\n<title>Santiago do Cac\u00e9m: Um destino onde serra, plan\u00edcie e mar se encontram - Mais Magazine<\/title>\n<meta name=\"robots\" content=\"index, follow, max-snippet:-1, max-image-preview:large, max-video-preview:-1\" \/>\n<link rel=\"canonical\" href=\"http:\/\/maismagazine.pt\/index.php\/2024\/10\/25\/santiago-do-cacem-um-destino-onde-serra-planicie-e-mar-se-encontram\/\" \/>\n<meta property=\"og:locale\" content=\"pt_PT\" \/>\n<meta property=\"og:type\" content=\"article\" \/>\n<meta property=\"og:title\" content=\"Santiago do Cac\u00e9m: Um destino onde serra, plan\u00edcie e mar se encontram - Mais Magazine\" \/>\n<meta property=\"og:description\" content=\"Com uma estrat\u00e9gia focada em valorizar o seu rico patrim\u00f3nio hist\u00f3rico, cultural e natural, o munic\u00edpio de Santiago do Cac\u00e9m trabalha para se consolidar como um destino tur\u00edstico de destaque. Promovendo eventos e iniciativas que real\u00e7am as suas paisagens e a diversidade gastron\u00f3mica, a regi\u00e3o oferece experi\u00eancias que v\u00e3o desde&hellip;\" \/>\n<meta property=\"og:url\" content=\"http:\/\/maismagazine.pt\/index.php\/2024\/10\/25\/santiago-do-cacem-um-destino-onde-serra-planicie-e-mar-se-encontram\/\" \/>\n<meta property=\"og:site_name\" content=\"Mais Magazine\" \/>\n<meta property=\"article:published_time\" content=\"2024-10-25T06:00:00+00:00\" \/>\n<meta property=\"og:image\" content=\"http:\/\/maismagazine.pt\/wp-content\/uploads\/2024\/10\/MOINHO_MUNICIPAL_DA_QUINTINHA_SANTIAGO_CACEM_foto_CMSC-3-1-scaled.jpg\" \/>\n\t<meta property=\"og:image:width\" content=\"2560\" \/>\n\t<meta property=\"og:image:height\" content=\"1693\" \/>\n\t<meta property=\"og:image:type\" content=\"image\/jpeg\" \/>\n<meta name=\"author\" content=\"Tatiana Martins\" \/>\n<meta name=\"twitter:card\" content=\"summary_large_image\" \/>\n<meta name=\"twitter:label1\" content=\"Escrito por\" \/>\n\t<meta name=\"twitter:data1\" content=\"\" \/>\n\t<meta name=\"twitter:label2\" content=\"Tempo estimado de leitura\" \/>\n\t<meta name=\"twitter:data2\" content=\"4 minutos\" \/>\n<script type=\"application\/ld+json\" class=\"yoast-schema-graph\">{\"@context\":\"https:\/\/schema.org\",\"@graph\":[{\"@type\":\"Article\",\"@id\":\"http:\/\/maismagazine.pt\/index.php\/2024\/10\/25\/santiago-do-cacem-um-destino-onde-serra-planicie-e-mar-se-encontram\/#article\",\"isPartOf\":{\"@id\":\"http:\/\/maismagazine.pt\/index.php\/2024\/10\/25\/santiago-do-cacem-um-destino-onde-serra-planicie-e-mar-se-encontram\/\"},\"author\":{\"name\":\"Tatiana Martins\",\"@id\":\"https:\/\/maismagazine.pt\/#\/schema\/person\/7426e2caeb8df32a1b56aa48dae778c9\"},\"headline\":\"Santiago do Cac\u00e9m: Um destino onde serra, plan\u00edcie e mar se encontram\",\"datePublished\":\"2024-10-25T06:00:00+00:00\",\"mainEntityOfPage\":{\"@id\":\"http:\/\/maismagazine.pt\/index.php\/2024\/10\/25\/santiago-do-cacem-um-destino-onde-serra-planicie-e-mar-se-encontram\/\"},\"wordCount\":621,\"publisher\":{\"@id\":\"https:\/\/maismagazine.pt\/#organization\"},\"image\":{\"@id\":\"http:\/\/maismagazine.pt\/index.php\/2024\/10\/25\/santiago-do-cacem-um-destino-onde-serra-planicie-e-mar-se-encontram\/#primaryimage\"},\"thumbnailUrl\":\"http:\/\/maismagazine.pt\/wp-content\/uploads\/2024\/10\/MOINHO_MUNICIPAL_DA_QUINTINHA_SANTIAGO_CACEM_foto_CMSC-3-1-scaled.jpg\",\"keywords\":[\"Alentejo\",\"Portugal\",\"Santiago do Cac\u00e9m\"],\"articleSection\":[\"Turismo | Vinhos | Gastronomia\"],\"inLanguage\":\"pt-PT\"},{\"@type\":\"WebPage\",\"@id\":\"http:\/\/maismagazine.pt\/index.php\/2024\/10\/25\/santiago-do-cacem-um-destino-onde-serra-planicie-e-mar-se-encontram\/\",\"url\":\"http:\/\/maismagazine.pt\/index.php\/2024\/10\/25\/santiago-do-cacem-um-destino-onde-serra-planicie-e-mar-se-encontram\/\",\"name\":\"Santiago do Cac\u00e9m: Um destino onde serra, plan\u00edcie e mar se encontram - Mais Magazine\",\"isPartOf\":{\"@id\":\"https:\/\/maismagazine.pt\/#website\"},\"primaryImageOfPage\":{\"@id\":\"http:\/\/maismagazine.pt\/index.php\/2024\/10\/25\/santiago-do-cacem-um-destino-onde-serra-planicie-e-mar-se-encontram\/#primaryimage\"},\"image\":{\"@id\":\"http:\/\/maismagazine.pt\/index.php\/2024\/10\/25\/santiago-do-cacem-um-destino-onde-serra-planicie-e-mar-se-encontram\/#primaryimage\"},\"thumbnailUrl\":\"http:\/\/maismagazine.pt\/wp-content\/uploads\/2024\/10\/MOINHO_MUNICIPAL_DA_QUINTINHA_SANTIAGO_CACEM_foto_CMSC-3-1-scaled.jpg\",\"datePublished\":\"2024-10-25T06:00:00+00:00\",\"breadcrumb\":{\"@id\":\"http:\/\/maismagazine.pt\/index.php\/2024\/10\/25\/santiago-do-cacem-um-destino-onde-serra-planicie-e-mar-se-encontram\/#breadcrumb\"},\"inLanguage\":\"pt-PT\",\"potentialAction\":[{\"@type\":\"ReadAction\",\"target\":[\"http:\/\/maismagazine.pt\/index.php\/2024\/10\/25\/santiago-do-cacem-um-destino-onde-serra-planicie-e-mar-se-encontram\/\"]}]},{\"@type\":\"ImageObject\",\"inLanguage\":\"pt-PT\",\"@id\":\"http:\/\/maismagazine.pt\/index.php\/2024\/10\/25\/santiago-do-cacem-um-destino-onde-serra-planicie-e-mar-se-encontram\/#primaryimage\",\"url\":\"http:\/\/maismagazine.pt\/wp-content\/uploads\/2024\/10\/MOINHO_MUNICIPAL_DA_QUINTINHA_SANTIAGO_CACEM_foto_CMSC-3-1-scaled.jpg\",\"contentUrl\":\"http:\/\/maismagazine.pt\/wp-content\/uploads\/2024\/10\/MOINHO_MUNICIPAL_DA_QUINTINHA_SANTIAGO_CACEM_foto_CMSC-3-1-scaled.jpg\",\"width\":2560,\"height\":1693},{\"@type\":\"BreadcrumbList\",\"@id\":\"http:\/\/maismagazine.pt\/index.php\/2024\/10\/25\/santiago-do-cacem-um-destino-onde-serra-planicie-e-mar-se-encontram\/#breadcrumb\",\"itemListElement\":[{\"@type\":\"ListItem\",\"position\":1,\"name\":\"Home\",\"item\":\"https:\/\/maismagazine.pt\/\"},{\"@type\":\"ListItem\",\"position\":2,\"name\":\"Santiago do Cac\u00e9m: Um destino onde serra, plan\u00edcie e mar se encontram\"}]},{\"@type\":\"WebSite\",\"@id\":\"https:\/\/maismagazine.pt\/#website\",\"url\":\"https:\/\/maismagazine.pt\/\",\"name\":\"Mais Magazine\",\"description\":\"\",\"publisher\":{\"@id\":\"https:\/\/maismagazine.pt\/#organization\"},\"potentialAction\":[{\"@type\":\"SearchAction\",\"target\":{\"@type\":\"EntryPoint\",\"urlTemplate\":\"https:\/\/maismagazine.pt\/?s={search_term_string}\"},\"query-input\":{\"@type\":\"PropertyValueSpecification\",\"valueRequired\":true,\"valueName\":\"search_term_string\"}}],\"inLanguage\":\"pt-PT\"},{\"@type\":\"Organization\",\"@id\":\"https:\/\/maismagazine.pt\/#organization\",\"name\":\"Mais Magazine\",\"url\":\"https:\/\/maismagazine.pt\/\",\"logo\":{\"@type\":\"ImageObject\",\"inLanguage\":\"pt-PT\",\"@id\":\"https:\/\/maismagazine.pt\/#\/schema\/logo\/image\/\",\"url\":\"http:\/\/maismagazine.pt\/wp-content\/uploads\/2020\/04\/cropped-cropped-mais-magazine-site-logo-2.png\",\"contentUrl\":\"http:\/\/maismagazine.pt\/wp-content\/uploads\/2020\/04\/cropped-cropped-mais-magazine-site-logo-2.png\",\"width\":581,\"height\":90,\"caption\":\"Mais Magazine\"},\"image\":{\"@id\":\"https:\/\/maismagazine.pt\/#\/schema\/logo\/image\/\"}},{\"@type\":\"Person\",\"@id\":\"https:\/\/maismagazine.pt\/#\/schema\/person\/7426e2caeb8df32a1b56aa48dae778c9\",\"name\":\"Tatiana Martins\",\"image\":{\"@type\":\"ImageObject\",\"inLanguage\":\"pt-PT\",\"@id\":\"https:\/\/maismagazine.pt\/#\/schema\/person\/image\/\",\"url\":\"https:\/\/secure.gravatar.com\/avatar\/4b24a57f5d0425f2eb20981c4b53244e?s=96&d=mm&r=g\",\"contentUrl\":\"https:\/\/secure.gravatar.com\/avatar\/4b24a57f5d0425f2eb20981c4b53244e?s=96&d=mm&r=g\",\"caption\":\"Tatiana Martins\"},\"url\":\"http:\/\/maismagazine.pt\/index.php\/author\/tatiana\/\"}]}<\/script>\n<!-- \/ Yoast SEO plugin. -->","yoast_head_json":{"title":"Santiago do Cac\u00e9m: Um destino onde serra, plan\u00edcie e mar se encontram - Mais Magazine","robots":{"index":"index","follow":"follow","max-snippet":"max-snippet:-1","max-image-preview":"max-image-preview:large","max-video-preview":"max-video-preview:-1"},"canonical":"http:\/\/maismagazine.pt\/index.php\/2024\/10\/25\/santiago-do-cacem-um-destino-onde-serra-planicie-e-mar-se-encontram\/","og_locale":"pt_PT","og_type":"article","og_title":"Santiago do Cac\u00e9m: Um destino onde serra, plan\u00edcie e mar se encontram - Mais Magazine","og_description":"Com uma estrat\u00e9gia focada em valorizar o seu rico patrim\u00f3nio hist\u00f3rico, cultural e natural, o munic\u00edpio de Santiago do Cac\u00e9m trabalha para se consolidar como um destino tur\u00edstico de destaque. Promovendo eventos e iniciativas que real\u00e7am as suas paisagens e a diversidade gastron\u00f3mica, a regi\u00e3o oferece experi\u00eancias que v\u00e3o desde&hellip;","og_url":"http:\/\/maismagazine.pt\/index.php\/2024\/10\/25\/santiago-do-cacem-um-destino-onde-serra-planicie-e-mar-se-encontram\/","og_site_name":"Mais Magazine","article_published_time":"2024-10-25T06:00:00+00:00","og_image":[{"width":2560,"height":1693,"url":"http:\/\/maismagazine.pt\/wp-content\/uploads\/2024\/10\/MOINHO_MUNICIPAL_DA_QUINTINHA_SANTIAGO_CACEM_foto_CMSC-3-1-scaled.jpg","type":"image\/jpeg"}],"author":"Tatiana Martins","twitter_card":"summary_large_image","twitter_misc":{"Escrito por":false,"Tempo estimado de leitura":"4 minutos"},"schema":{"@context":"https:\/\/schema.org","@graph":[{"@type":"Article","@id":"http:\/\/maismagazine.pt\/index.php\/2024\/10\/25\/santiago-do-cacem-um-destino-onde-serra-planicie-e-mar-se-encontram\/#article","isPartOf":{"@id":"http:\/\/maismagazine.pt\/index.php\/2024\/10\/25\/santiago-do-cacem-um-destino-onde-serra-planicie-e-mar-se-encontram\/"},"author":{"name":"Tatiana Martins","@id":"https:\/\/maismagazine.pt\/#\/schema\/person\/7426e2caeb8df32a1b56aa48dae778c9"},"headline":"Santiago do Cac\u00e9m: Um destino onde serra, plan\u00edcie e mar se encontram","datePublished":"2024-10-25T06:00:00+00:00","mainEntityOfPage":{"@id":"http:\/\/maismagazine.pt\/index.php\/2024\/10\/25\/santiago-do-cacem-um-destino-onde-serra-planicie-e-mar-se-encontram\/"},"wordCount":621,"publisher":{"@id":"https:\/\/maismagazine.pt\/#organization"},"image":{"@id":"http:\/\/maismagazine.pt\/index.php\/2024\/10\/25\/santiago-do-cacem-um-destino-onde-serra-planicie-e-mar-se-encontram\/#primaryimage"},"thumbnailUrl":"http:\/\/maismagazine.pt\/wp-content\/uploads\/2024\/10\/MOINHO_MUNICIPAL_DA_QUINTINHA_SANTIAGO_CACEM_foto_CMSC-3-1-scaled.jpg","keywords":["Alentejo","Portugal","Santiago do Cac\u00e9m"],"articleSection":["Turismo | Vinhos | Gastronomia"],"inLanguage":"pt-PT"},{"@type":"WebPage","@id":"http:\/\/maismagazine.pt\/index.php\/2024\/10\/25\/santiago-do-cacem-um-destino-onde-serra-planicie-e-mar-se-encontram\/","url":"http:\/\/maismagazine.pt\/index.php\/2024\/10\/25\/santiago-do-cacem-um-destino-onde-serra-planicie-e-mar-se-encontram\/","name":"Santiago do Cac\u00e9m: Um destino onde serra, plan\u00edcie e mar se encontram - Mais Magazine","isPartOf":{"@id":"https:\/\/maismagazine.pt\/#website"},"primaryImageOfPage":{"@id":"http:\/\/maismagazine.pt\/index.php\/2024\/10\/25\/santiago-do-cacem-um-destino-onde-serra-planicie-e-mar-se-encontram\/#primaryimage"},"image":{"@id":"http:\/\/maismagazine.pt\/index.php\/2024\/10\/25\/santiago-do-cacem-um-destino-onde-serra-planicie-e-mar-se-encontram\/#primaryimage"},"thumbnailUrl":"http:\/\/maismagazine.pt\/wp-content\/uploads\/2024\/10\/MOINHO_MUNICIPAL_DA_QUINTINHA_SANTIAGO_CACEM_foto_CMSC-3-1-scaled.jpg","datePublished":"2024-10-25T06:00:00+00:00","breadcrumb":{"@id":"http:\/\/maismagazine.pt\/index.php\/2024\/10\/25\/santiago-do-cacem-um-destino-onde-serra-planicie-e-mar-se-encontram\/#breadcrumb"},"inLanguage":"pt-PT","potentialAction":[{"@type":"ReadAction","target":["http:\/\/maismagazine.pt\/index.php\/2024\/10\/25\/santiago-do-cacem-um-destino-onde-serra-planicie-e-mar-se-encontram\/"]}]},{"@type":"ImageObject","inLanguage":"pt-PT","@id":"http:\/\/maismagazine.pt\/index.php\/2024\/10\/25\/santiago-do-cacem-um-destino-onde-serra-planicie-e-mar-se-encontram\/#primaryimage","url":"http:\/\/maismagazine.pt\/wp-content\/uploads\/2024\/10\/MOINHO_MUNICIPAL_DA_QUINTINHA_SANTIAGO_CACEM_foto_CMSC-3-1-scaled.jpg","contentUrl":"http:\/\/maismagazine.pt\/wp-content\/uploads\/2024\/10\/MOINHO_MUNICIPAL_DA_QUINTINHA_SANTIAGO_CACEM_foto_CMSC-3-1-scaled.jpg","width":2560,"height":1693},{"@type":"BreadcrumbList","@id":"http:\/\/maismagazine.pt\/index.php\/2024\/10\/25\/santiago-do-cacem-um-destino-onde-serra-planicie-e-mar-se-encontram\/#breadcrumb","itemListElement":[{"@type":"ListItem","position":1,"name":"Home","item":"https:\/\/maismagazine.pt\/"},{"@type":"ListItem","position":2,"name":"Santiago do Cac\u00e9m: Um destino onde serra, plan\u00edcie e mar se encontram"}]},{"@type":"WebSite","@id":"https:\/\/maismagazine.pt\/#website","url":"https:\/\/maismagazine.pt\/","name":"Mais Magazine","description":"","publisher":{"@id":"https:\/\/maismagazine.pt\/#organization"},"potentialAction":[{"@type":"SearchAction","target":{"@type":"EntryPoint","urlTemplate":"https:\/\/maismagazine.pt\/?s={search_term_string}"},"query-input":{"@type":"PropertyValueSpecification","valueRequired":true,"valueName":"search_term_string"}}],"inLanguage":"pt-PT"},{"@type":"Organization","@id":"https:\/\/maismagazine.pt\/#organization","name":"Mais Magazine","url":"https:\/\/maismagazine.pt\/","logo":{"@type":"ImageObject","inLanguage":"pt-PT","@id":"https:\/\/maismagazine.pt\/#\/schema\/logo\/image\/","url":"http:\/\/maismagazine.pt\/wp-content\/uploads\/2020\/04\/cropped-cropped-mais-magazine-site-logo-2.png","contentUrl":"http:\/\/maismagazine.pt\/wp-content\/uploads\/2020\/04\/cropped-cropped-mais-magazine-site-logo-2.png","width":581,"height":90,"caption":"Mais Magazine"},"image":{"@id":"https:\/\/maismagazine.pt\/#\/schema\/logo\/image\/"}},{"@type":"Person","@id":"https:\/\/maismagazine.pt\/#\/schema\/person\/7426e2caeb8df32a1b56aa48dae778c9","name":"Tatiana Martins","image":{"@type":"ImageObject","inLanguage":"pt-PT","@id":"https:\/\/maismagazine.pt\/#\/schema\/person\/image\/","url":"https:\/\/secure.gravatar.com\/avatar\/4b24a57f5d0425f2eb20981c4b53244e?s=96&d=mm&r=g","contentUrl":"https:\/\/secure.gravatar.com\/avatar\/4b24a57f5d0425f2eb20981c4b53244e?s=96&d=mm&r=g","caption":"Tatiana Martins"},"url":"http:\/\/maismagazine.pt\/index.php\/author\/tatiana\/"}]}},"author_meta":{"display_name":false,"author_link":"http:\/\/maismagazine.pt\/index.php\/author\/tatiana\/"},"featured_img":"http:\/\/maismagazine.pt\/wp-content\/uploads\/2024\/10\/MOINHO_MUNICIPAL_DA_QUINTINHA_SANTIAGO_CACEM_foto_CMSC-3-1-300x198.jpg","coauthors":[],"tax_additional":{"categories":{"linked":["<a href=\"http:\/\/maismagazine.pt\/index.php\/category\/turismo-restaurantes\/\" class=\"advgb-post-tax-term\">Turismo | Vinhos | Gastronomia<\/a>"],"unlinked":["<span class=\"advgb-post-tax-term\">Turismo | Vinhos | Gastronomia<\/span>"]},"tags":{"linked":["<a href=\"http:\/\/maismagazine.pt\/index.php\/category\/turismo-restaurantes\/\" class=\"advgb-post-tax-term\">Alentejo<\/a>","<a href=\"http:\/\/maismagazine.pt\/index.php\/category\/turismo-restaurantes\/\" class=\"advgb-post-tax-term\">Portugal<\/a>","<a href=\"http:\/\/maismagazine.pt\/index.php\/category\/turismo-restaurantes\/\" class=\"advgb-post-tax-term\">Santiago do Cac\u00e9m<\/a>"],"unlinked":["<span class=\"advgb-post-tax-term\">Alentejo<\/span>","<span class=\"advgb-post-tax-term\">Portugal<\/span>","<span class=\"advgb-post-tax-term\">Santiago do Cac\u00e9m<\/span>"]}},"comment_count":"0","relative_dates":{"created":"Posted 2 anos ago","modified":"Updated 2 anos ago"},"absolute_dates":{"created":"Posted on 25 de Outubro, 2024","modified":"Updated on 22 de Outubro, 2024"},"absolute_dates_time":{"created":"Posted on 25 de Outubro, 2024 7:00","modified":"Updated on 22 de Outubro, 2024 14:56"},"featured_img_caption":"","series_order":"","_links":{"self":[{"href":"http:\/\/maismagazine.pt\/index.php\/wp-json\/wp\/v2\/posts\/10588","targetHints":{"allow":["GET"]}}],"collection":[{"href":"http:\/\/maismagazine.pt\/index.php\/wp-json\/wp\/v2\/posts"}],"about":[{"href":"http:\/\/maismagazine.pt\/index.php\/wp-json\/wp\/v2\/types\/post"}],"author":[{"embeddable":true,"href":"http:\/\/maismagazine.pt\/index.php\/wp-json\/wp\/v2\/users\/18"}],"replies":[{"embeddable":true,"href":"http:\/\/maismagazine.pt\/index.php\/wp-json\/wp\/v2\/comments?post=10588"}],"version-history":[{"count":1,"href":"http:\/\/maismagazine.pt\/index.php\/wp-json\/wp\/v2\/posts\/10588\/revisions"}],"predecessor-version":[{"id":10597,"href":"http:\/\/maismagazine.pt\/index.php\/wp-json\/wp\/v2\/posts\/10588\/revisions\/10597"}],"wp:featuredmedia":[{"embeddable":true,"href":"http:\/\/maismagazine.pt\/index.php\/wp-json\/wp\/v2\/media\/10595"}],"wp:attachment":[{"href":"http:\/\/maismagazine.pt\/index.php\/wp-json\/wp\/v2\/media?parent=10588"}],"wp:term":[{"taxonomy":"category","embeddable":true,"href":"http:\/\/maismagazine.pt\/index.php\/wp-json\/wp\/v2\/categories?post=10588"},{"taxonomy":"post_tag","embeddable":true,"href":"http:\/\/maismagazine.pt\/index.php\/wp-json\/wp\/v2\/tags?post=10588"}],"curies":[{"name":"wp","href":"https:\/\/api.w.org\/{rel}","templated":true}]}}