{"id":10558,"date":"2024-10-25T07:00:00","date_gmt":"2024-10-25T06:00:00","guid":{"rendered":"https:\/\/maismagazine.pt\/?p=10558"},"modified":"2024-10-22T14:32:03","modified_gmt":"2024-10-22T13:32:03","slug":"artigo-de-opiniao-ana-povo","status":"publish","type":"post","link":"http:\/\/maismagazine.pt\/index.php\/2024\/10\/25\/artigo-de-opiniao-ana-povo\/","title":{"rendered":"Artigo de Opini\u00e3o &#8211; Ana Povo"},"content":{"rendered":"\n<p>As perturba\u00e7\u00f5es psiqui\u00e1tricas e os problemas de sa\u00fade mental tornaram-se a principal causa de incapacidade e uma das principais causas de morbilidade e morte prematura, especialmente nos pa\u00edses ocidentais industrializados. A Organiza\u00e7\u00e3o Mundial de Sa\u00fade (OMS) aponta que o conceito de sa\u00fade \u00e9 bem mais abrangente que a simples aus\u00eancia de doen\u00e7a: resulta da conjuga\u00e7\u00e3o de um estado de bem-estar f\u00edsico, mental e social. Nesse contexto, a promo\u00e7\u00e3o da sa\u00fade mental \u00e9 essencial para que o indiv\u00edduo tenha a capacidade necess\u00e1ria de executar as suas habilidades pessoais e profissionais. Uma das maiores barreiras ao tratamento da sa\u00fade mental continua a ser a presen\u00e7a de alguns estigmas e preconceitos associados \u00e0 mesma, dificuldades de acesso aos servi\u00e7os de sa\u00fade, problemas econ\u00f3micos e assimetrias regionais, o que impede que as popula\u00e7\u00f5es recebam cuidados de qualidade de forma equitativa.  <\/p>\n\n\n\n<p><\/p>\n\n\n\n<p>O Governo est\u00e1 comprometido com a ado\u00e7\u00e3o de pol\u00edticas que promovam a sa\u00fade mental de todas as gera\u00e7\u00f5es. Portugal \u00e9 o pa\u00eds da Europa que envelhece mais rapidamente e, por isso, a sa\u00fade mental na terceira idade \u00e9 um tema da maior import\u00e2ncia. \u00c9 uma etapa repleta de desafios constantes, como a perda de entes queridos, a reforma, altera\u00e7\u00f5es na sa\u00fade f\u00edsica e de mobilidade. A pr\u00f3pria aceita\u00e7\u00e3o do envelhecimento acarreta, por vezes, riscos para a sa\u00fade emocional do indiv\u00edduo. Estes fatores, entre outros, podem originar redu\u00e7\u00f5es significativas na qualidade de vida, originando comportamentos depressivos, um in\u00edcio ou progress\u00e3o acelerados de doen\u00e7as degenerativas, um aumento do risco de mortalidade e outros resultados adversos. A dem\u00eancia \u00e9 tamb\u00e9m um problema de sa\u00fade que afeta muitos idosos, sendo importante que seja diagnosticada e tratada o mais cedo poss\u00edvel. Nesse sentido, est\u00e3o em curso processos de contrata\u00e7\u00e3o de mais psic\u00f3logos para os cuidados de sa\u00fade prim\u00e1rios, com vista \u00e0 preven\u00e7\u00e3o, diagn\u00f3stico e tratamento junto das popula\u00e7\u00f5es. <\/p>\n\n\n\n<p><\/p>\n\n\n\n<p>Contudo, estamos tamb\u00e9m comprometidos com a sa\u00fade mental dos jovens portugueses, uma vez que a adolesc\u00eancia e o in\u00edcio da vida adulta s\u00e3o fases cheia de desafios, privil\u00e9gios e expetativas e um per\u00edodo de m\u00faltiplas transi\u00e7\u00f5es. Por isso, por vezes v\u00eam associadas a problemas de sa\u00fade mental como a ansiedade e a depress\u00e3o. Nesse sentido, o Governo criou a iniciativa do cheque-psic\u00f3logo, para facilitar o acesso a cuidados de sa\u00fade mental aos estudantes de institui\u00e7\u00f5es do ensino superior. Para concluir, a sa\u00fade mental \u00e9 uma das prioridades de atua\u00e7\u00e3o do atual Governo, tal como ficou plasmado no Plano de Emerg\u00eancia e Transforma\u00e7\u00e3o da Sa\u00fade, em que surge como um dos eixos estrat\u00e9gicos de atua\u00e7\u00e3o. O Minist\u00e9rio da Sa\u00fade est\u00e1 assim comprometido na ado\u00e7\u00e3o de medidas condizentes com as boas pr\u00e1ticas internacionais e em linha com as necessidades locais, uma vez que n\u00e3o h\u00e1 sa\u00fade sem sa\u00fade mental.  <\/p>\n\n\n\n<p><\/p>\n\n\n\n<p class=\"has-text-align-right\"><em>Ana Povo, Secret\u00e1ria de Estado da Sa\u00fade<\/em><\/p>\n","protected":false},"excerpt":{"rendered":"<p>As perturba\u00e7\u00f5es psiqui\u00e1tricas e os problemas de sa\u00fade mental tornaram-se a principal causa de incapacidade e uma das principais causas de morbilidade e morte prematura, especialmente nos pa\u00edses ocidentais industrializados. A Organiza\u00e7\u00e3o Mundial de Sa\u00fade (OMS) aponta que o conceito de sa\u00fade \u00e9 bem mais abrangente que a simples aus\u00eancia&hellip;<\/p>\n","protected":false},"author":17,"featured_media":10561,"comment_status":"closed","ping_status":"open","sticky":false,"template":"","format":"standard","meta":{"advgb_blocks_editor_width":"","advgb_blocks_columns_visual_guide":"","_monsterinsights_skip_tracking":false,"_monsterinsights_sitenote_active":false,"_monsterinsights_sitenote_note":"","_monsterinsights_sitenote_category":0,"footnotes":""},"categories":[52,51],"tags":[1118],"class_list":["post-10558","post","type-post","status-publish","format-standard","has-post-thumbnail","hentry","category-destaque","category-opiniao","tag-saude-mental"],"yoast_head":"<!-- This site is optimized with the Yoast SEO plugin v24.4 - https:\/\/yoast.com\/wordpress\/plugins\/seo\/ -->\n<title>Artigo de Opini\u00e3o - Ana Povo - Mais Magazine<\/title>\n<meta name=\"description\" content=\"As perturba\u00e7\u00f5es psiqui\u00e1tricas e os problemas de sa\u00fade mental tornaram-se a principal causa de incapacidade e uma das principais causas de morbilidade e morte prematura, especialmente nos pa\u00edses ocidentais industrializados. A Organiza\u00e7\u00e3o Mundial de Sa\u00fade (OMS) aponta que o conceito de sa\u00fade \u00e9 bem mais abrangente que a simples aus\u00eancia de doen\u00e7a: resulta da conjuga\u00e7\u00e3o de um estado de bem-estar f\u00edsico, mental e social. Nesse contexto, a promo\u00e7\u00e3o da sa\u00fade mental \u00e9 essencial para que o indiv\u00edduo tenha a capacidade necess\u00e1ria de executar as suas habilidades pessoais e profissionais. Uma das maiores barreiras ao tratamento da sa\u00fade mental continua a ser a presen\u00e7a de alguns estigmas e preconceitos associados \u00e0 mesma, dificuldades de acesso aos servi\u00e7os de sa\u00fade, problemas econ\u00f3micos e assimetrias regionais, o que impede que as popula\u00e7\u00f5es recebam cuidados de qualidade de forma equitativa.\" \/>\n<meta name=\"robots\" content=\"index, follow, max-snippet:-1, max-image-preview:large, max-video-preview:-1\" \/>\n<link rel=\"canonical\" href=\"https:\/\/maismagazine.pt\/index.php\/2024\/10\/25\/artigo-de-opiniao-ana-povo\/\" \/>\n<meta property=\"og:locale\" content=\"pt_PT\" \/>\n<meta property=\"og:type\" content=\"article\" \/>\n<meta property=\"og:title\" content=\"Artigo de Opini\u00e3o - Ana Povo - Mais Magazine\" \/>\n<meta property=\"og:description\" content=\"As perturba\u00e7\u00f5es psiqui\u00e1tricas e os problemas de sa\u00fade mental tornaram-se a principal causa de incapacidade e uma das principais causas de morbilidade e morte prematura, especialmente nos pa\u00edses ocidentais industrializados. A Organiza\u00e7\u00e3o Mundial de Sa\u00fade (OMS) aponta que o conceito de sa\u00fade \u00e9 bem mais abrangente que a simples aus\u00eancia de doen\u00e7a: resulta da conjuga\u00e7\u00e3o de um estado de bem-estar f\u00edsico, mental e social. Nesse contexto, a promo\u00e7\u00e3o da sa\u00fade mental \u00e9 essencial para que o indiv\u00edduo tenha a capacidade necess\u00e1ria de executar as suas habilidades pessoais e profissionais. Uma das maiores barreiras ao tratamento da sa\u00fade mental continua a ser a presen\u00e7a de alguns estigmas e preconceitos associados \u00e0 mesma, dificuldades de acesso aos servi\u00e7os de sa\u00fade, problemas econ\u00f3micos e assimetrias regionais, o que impede que as popula\u00e7\u00f5es recebam cuidados de qualidade de forma equitativa.\" \/>\n<meta property=\"og:url\" content=\"https:\/\/maismagazine.pt\/index.php\/2024\/10\/25\/artigo-de-opiniao-ana-povo\/\" \/>\n<meta property=\"og:site_name\" content=\"Mais Magazine\" \/>\n<meta property=\"article:published_time\" content=\"2024-10-25T06:00:00+00:00\" \/>\n<meta property=\"og:image\" content=\"https:\/\/maismagazine.pt\/wp-content\/uploads\/2024\/10\/Foto-1-1.jpg\" \/>\n\t<meta property=\"og:image:width\" content=\"400\" \/>\n\t<meta property=\"og:image:height\" content=\"514\" \/>\n\t<meta property=\"og:image:type\" content=\"image\/jpeg\" \/>\n<meta name=\"author\" content=\"Tiago Costa\" \/>\n<meta name=\"twitter:card\" content=\"summary_large_image\" \/>\n<meta name=\"twitter:label1\" content=\"Escrito por\" \/>\n\t<meta name=\"twitter:data1\" content=\"\" \/>\n\t<meta name=\"twitter:label2\" content=\"Tempo estimado de leitura\" \/>\n\t<meta name=\"twitter:data2\" content=\"3 minutos\" \/>\n<script type=\"application\/ld+json\" class=\"yoast-schema-graph\">{\"@context\":\"https:\/\/schema.org\",\"@graph\":[{\"@type\":\"Article\",\"@id\":\"https:\/\/maismagazine.pt\/index.php\/2024\/10\/25\/artigo-de-opiniao-ana-povo\/#article\",\"isPartOf\":{\"@id\":\"https:\/\/maismagazine.pt\/index.php\/2024\/10\/25\/artigo-de-opiniao-ana-povo\/\"},\"author\":{\"name\":\"Tiago Costa\",\"@id\":\"https:\/\/maismagazine.pt\/#\/schema\/person\/c6c5bfccc886434cbd11c74e035f9646\"},\"headline\":\"Artigo de Opini\u00e3o &#8211; Ana Povo\",\"datePublished\":\"2024-10-25T06:00:00+00:00\",\"mainEntityOfPage\":{\"@id\":\"https:\/\/maismagazine.pt\/index.php\/2024\/10\/25\/artigo-de-opiniao-ana-povo\/\"},\"wordCount\":533,\"publisher\":{\"@id\":\"https:\/\/maismagazine.pt\/#organization\"},\"image\":{\"@id\":\"https:\/\/maismagazine.pt\/index.php\/2024\/10\/25\/artigo-de-opiniao-ana-povo\/#primaryimage\"},\"thumbnailUrl\":\"http:\/\/maismagazine.pt\/wp-content\/uploads\/2024\/10\/Foto-1-1.jpg\",\"keywords\":[\"sa\u00fade mental\"],\"articleSection\":[\"Destaque lateral\",\"Opini\u00e3o\"],\"inLanguage\":\"pt-PT\"},{\"@type\":\"WebPage\",\"@id\":\"https:\/\/maismagazine.pt\/index.php\/2024\/10\/25\/artigo-de-opiniao-ana-povo\/\",\"url\":\"https:\/\/maismagazine.pt\/index.php\/2024\/10\/25\/artigo-de-opiniao-ana-povo\/\",\"name\":\"Artigo de Opini\u00e3o - Ana Povo - Mais Magazine\",\"isPartOf\":{\"@id\":\"https:\/\/maismagazine.pt\/#website\"},\"primaryImageOfPage\":{\"@id\":\"https:\/\/maismagazine.pt\/index.php\/2024\/10\/25\/artigo-de-opiniao-ana-povo\/#primaryimage\"},\"image\":{\"@id\":\"https:\/\/maismagazine.pt\/index.php\/2024\/10\/25\/artigo-de-opiniao-ana-povo\/#primaryimage\"},\"thumbnailUrl\":\"http:\/\/maismagazine.pt\/wp-content\/uploads\/2024\/10\/Foto-1-1.jpg\",\"datePublished\":\"2024-10-25T06:00:00+00:00\",\"description\":\"As perturba\u00e7\u00f5es psiqui\u00e1tricas e os problemas de sa\u00fade mental tornaram-se a principal causa de incapacidade e uma das principais causas de morbilidade e morte prematura, especialmente nos pa\u00edses ocidentais industrializados. A Organiza\u00e7\u00e3o Mundial de Sa\u00fade (OMS) aponta que o conceito de sa\u00fade \u00e9 bem mais abrangente que a simples aus\u00eancia de doen\u00e7a: resulta da conjuga\u00e7\u00e3o de um estado de bem-estar f\u00edsico, mental e social. Nesse contexto, a promo\u00e7\u00e3o da sa\u00fade mental \u00e9 essencial para que o indiv\u00edduo tenha a capacidade necess\u00e1ria de executar as suas habilidades pessoais e profissionais. Uma das maiores barreiras ao tratamento da sa\u00fade mental continua a ser a presen\u00e7a de alguns estigmas e preconceitos associados \u00e0 mesma, dificuldades de acesso aos servi\u00e7os de sa\u00fade, problemas econ\u00f3micos e assimetrias regionais, o que impede que as popula\u00e7\u00f5es recebam cuidados de qualidade de forma equitativa.\",\"breadcrumb\":{\"@id\":\"https:\/\/maismagazine.pt\/index.php\/2024\/10\/25\/artigo-de-opiniao-ana-povo\/#breadcrumb\"},\"inLanguage\":\"pt-PT\",\"potentialAction\":[{\"@type\":\"ReadAction\",\"target\":[\"https:\/\/maismagazine.pt\/index.php\/2024\/10\/25\/artigo-de-opiniao-ana-povo\/\"]}]},{\"@type\":\"ImageObject\",\"inLanguage\":\"pt-PT\",\"@id\":\"https:\/\/maismagazine.pt\/index.php\/2024\/10\/25\/artigo-de-opiniao-ana-povo\/#primaryimage\",\"url\":\"http:\/\/maismagazine.pt\/wp-content\/uploads\/2024\/10\/Foto-1-1.jpg\",\"contentUrl\":\"http:\/\/maismagazine.pt\/wp-content\/uploads\/2024\/10\/Foto-1-1.jpg\",\"width\":400,\"height\":514},{\"@type\":\"BreadcrumbList\",\"@id\":\"https:\/\/maismagazine.pt\/index.php\/2024\/10\/25\/artigo-de-opiniao-ana-povo\/#breadcrumb\",\"itemListElement\":[{\"@type\":\"ListItem\",\"position\":1,\"name\":\"Home\",\"item\":\"https:\/\/maismagazine.pt\/\"},{\"@type\":\"ListItem\",\"position\":2,\"name\":\"Artigo de Opini\u00e3o &#8211; Ana Povo\"}]},{\"@type\":\"WebSite\",\"@id\":\"https:\/\/maismagazine.pt\/#website\",\"url\":\"https:\/\/maismagazine.pt\/\",\"name\":\"Mais Magazine\",\"description\":\"\",\"publisher\":{\"@id\":\"https:\/\/maismagazine.pt\/#organization\"},\"potentialAction\":[{\"@type\":\"SearchAction\",\"target\":{\"@type\":\"EntryPoint\",\"urlTemplate\":\"https:\/\/maismagazine.pt\/?s={search_term_string}\"},\"query-input\":{\"@type\":\"PropertyValueSpecification\",\"valueRequired\":true,\"valueName\":\"search_term_string\"}}],\"inLanguage\":\"pt-PT\"},{\"@type\":\"Organization\",\"@id\":\"https:\/\/maismagazine.pt\/#organization\",\"name\":\"Mais Magazine\",\"url\":\"https:\/\/maismagazine.pt\/\",\"logo\":{\"@type\":\"ImageObject\",\"inLanguage\":\"pt-PT\",\"@id\":\"https:\/\/maismagazine.pt\/#\/schema\/logo\/image\/\",\"url\":\"http:\/\/maismagazine.pt\/wp-content\/uploads\/2020\/04\/cropped-cropped-mais-magazine-site-logo-2.png\",\"contentUrl\":\"http:\/\/maismagazine.pt\/wp-content\/uploads\/2020\/04\/cropped-cropped-mais-magazine-site-logo-2.png\",\"width\":581,\"height\":90,\"caption\":\"Mais Magazine\"},\"image\":{\"@id\":\"https:\/\/maismagazine.pt\/#\/schema\/logo\/image\/\"}},{\"@type\":\"Person\",\"@id\":\"https:\/\/maismagazine.pt\/#\/schema\/person\/c6c5bfccc886434cbd11c74e035f9646\",\"name\":\"Tiago Costa\",\"image\":{\"@type\":\"ImageObject\",\"inLanguage\":\"pt-PT\",\"@id\":\"https:\/\/maismagazine.pt\/#\/schema\/person\/image\/\",\"url\":\"https:\/\/secure.gravatar.com\/avatar\/c599b2bce16c9870429198cbad5ee022?s=96&d=mm&r=g\",\"contentUrl\":\"https:\/\/secure.gravatar.com\/avatar\/c599b2bce16c9870429198cbad5ee022?s=96&d=mm&r=g\",\"caption\":\"Tiago Costa\"},\"url\":\"http:\/\/maismagazine.pt\/index.php\/author\/tiago\/\"}]}<\/script>\n<!-- \/ Yoast SEO plugin. -->","yoast_head_json":{"title":"Artigo de Opini\u00e3o - Ana Povo - Mais Magazine","description":"As perturba\u00e7\u00f5es psiqui\u00e1tricas e os problemas de sa\u00fade mental tornaram-se a principal causa de incapacidade e uma das principais causas de morbilidade e morte prematura, especialmente nos pa\u00edses ocidentais industrializados. A Organiza\u00e7\u00e3o Mundial de Sa\u00fade (OMS) aponta que o conceito de sa\u00fade \u00e9 bem mais abrangente que a simples aus\u00eancia de doen\u00e7a: resulta da conjuga\u00e7\u00e3o de um estado de bem-estar f\u00edsico, mental e social. Nesse contexto, a promo\u00e7\u00e3o da sa\u00fade mental \u00e9 essencial para que o indiv\u00edduo tenha a capacidade necess\u00e1ria de executar as suas habilidades pessoais e profissionais. Uma das maiores barreiras ao tratamento da sa\u00fade mental continua a ser a presen\u00e7a de alguns estigmas e preconceitos associados \u00e0 mesma, dificuldades de acesso aos servi\u00e7os de sa\u00fade, problemas econ\u00f3micos e assimetrias regionais, o que impede que as popula\u00e7\u00f5es recebam cuidados de qualidade de forma equitativa.","robots":{"index":"index","follow":"follow","max-snippet":"max-snippet:-1","max-image-preview":"max-image-preview:large","max-video-preview":"max-video-preview:-1"},"canonical":"https:\/\/maismagazine.pt\/index.php\/2024\/10\/25\/artigo-de-opiniao-ana-povo\/","og_locale":"pt_PT","og_type":"article","og_title":"Artigo de Opini\u00e3o - Ana Povo - Mais Magazine","og_description":"As perturba\u00e7\u00f5es psiqui\u00e1tricas e os problemas de sa\u00fade mental tornaram-se a principal causa de incapacidade e uma das principais causas de morbilidade e morte prematura, especialmente nos pa\u00edses ocidentais industrializados. A Organiza\u00e7\u00e3o Mundial de Sa\u00fade (OMS) aponta que o conceito de sa\u00fade \u00e9 bem mais abrangente que a simples aus\u00eancia de doen\u00e7a: resulta da conjuga\u00e7\u00e3o de um estado de bem-estar f\u00edsico, mental e social. Nesse contexto, a promo\u00e7\u00e3o da sa\u00fade mental \u00e9 essencial para que o indiv\u00edduo tenha a capacidade necess\u00e1ria de executar as suas habilidades pessoais e profissionais. Uma das maiores barreiras ao tratamento da sa\u00fade mental continua a ser a presen\u00e7a de alguns estigmas e preconceitos associados \u00e0 mesma, dificuldades de acesso aos servi\u00e7os de sa\u00fade, problemas econ\u00f3micos e assimetrias regionais, o que impede que as popula\u00e7\u00f5es recebam cuidados de qualidade de forma equitativa.","og_url":"https:\/\/maismagazine.pt\/index.php\/2024\/10\/25\/artigo-de-opiniao-ana-povo\/","og_site_name":"Mais Magazine","article_published_time":"2024-10-25T06:00:00+00:00","og_image":[{"width":400,"height":514,"url":"https:\/\/maismagazine.pt\/wp-content\/uploads\/2024\/10\/Foto-1-1.jpg","type":"image\/jpeg"}],"author":"Tiago Costa","twitter_card":"summary_large_image","twitter_misc":{"Escrito por":false,"Tempo estimado de leitura":"3 minutos"},"schema":{"@context":"https:\/\/schema.org","@graph":[{"@type":"Article","@id":"https:\/\/maismagazine.pt\/index.php\/2024\/10\/25\/artigo-de-opiniao-ana-povo\/#article","isPartOf":{"@id":"https:\/\/maismagazine.pt\/index.php\/2024\/10\/25\/artigo-de-opiniao-ana-povo\/"},"author":{"name":"Tiago Costa","@id":"https:\/\/maismagazine.pt\/#\/schema\/person\/c6c5bfccc886434cbd11c74e035f9646"},"headline":"Artigo de Opini\u00e3o &#8211; Ana Povo","datePublished":"2024-10-25T06:00:00+00:00","mainEntityOfPage":{"@id":"https:\/\/maismagazine.pt\/index.php\/2024\/10\/25\/artigo-de-opiniao-ana-povo\/"},"wordCount":533,"publisher":{"@id":"https:\/\/maismagazine.pt\/#organization"},"image":{"@id":"https:\/\/maismagazine.pt\/index.php\/2024\/10\/25\/artigo-de-opiniao-ana-povo\/#primaryimage"},"thumbnailUrl":"http:\/\/maismagazine.pt\/wp-content\/uploads\/2024\/10\/Foto-1-1.jpg","keywords":["sa\u00fade mental"],"articleSection":["Destaque lateral","Opini\u00e3o"],"inLanguage":"pt-PT"},{"@type":"WebPage","@id":"https:\/\/maismagazine.pt\/index.php\/2024\/10\/25\/artigo-de-opiniao-ana-povo\/","url":"https:\/\/maismagazine.pt\/index.php\/2024\/10\/25\/artigo-de-opiniao-ana-povo\/","name":"Artigo de Opini\u00e3o - Ana Povo - Mais Magazine","isPartOf":{"@id":"https:\/\/maismagazine.pt\/#website"},"primaryImageOfPage":{"@id":"https:\/\/maismagazine.pt\/index.php\/2024\/10\/25\/artigo-de-opiniao-ana-povo\/#primaryimage"},"image":{"@id":"https:\/\/maismagazine.pt\/index.php\/2024\/10\/25\/artigo-de-opiniao-ana-povo\/#primaryimage"},"thumbnailUrl":"http:\/\/maismagazine.pt\/wp-content\/uploads\/2024\/10\/Foto-1-1.jpg","datePublished":"2024-10-25T06:00:00+00:00","description":"As perturba\u00e7\u00f5es psiqui\u00e1tricas e os problemas de sa\u00fade mental tornaram-se a principal causa de incapacidade e uma das principais causas de morbilidade e morte prematura, especialmente nos pa\u00edses ocidentais industrializados. A Organiza\u00e7\u00e3o Mundial de Sa\u00fade (OMS) aponta que o conceito de sa\u00fade \u00e9 bem mais abrangente que a simples aus\u00eancia de doen\u00e7a: resulta da conjuga\u00e7\u00e3o de um estado de bem-estar f\u00edsico, mental e social. Nesse contexto, a promo\u00e7\u00e3o da sa\u00fade mental \u00e9 essencial para que o indiv\u00edduo tenha a capacidade necess\u00e1ria de executar as suas habilidades pessoais e profissionais. Uma das maiores barreiras ao tratamento da sa\u00fade mental continua a ser a presen\u00e7a de alguns estigmas e preconceitos associados \u00e0 mesma, dificuldades de acesso aos servi\u00e7os de sa\u00fade, problemas econ\u00f3micos e assimetrias regionais, o que impede que as popula\u00e7\u00f5es recebam cuidados de qualidade de forma equitativa.","breadcrumb":{"@id":"https:\/\/maismagazine.pt\/index.php\/2024\/10\/25\/artigo-de-opiniao-ana-povo\/#breadcrumb"},"inLanguage":"pt-PT","potentialAction":[{"@type":"ReadAction","target":["https:\/\/maismagazine.pt\/index.php\/2024\/10\/25\/artigo-de-opiniao-ana-povo\/"]}]},{"@type":"ImageObject","inLanguage":"pt-PT","@id":"https:\/\/maismagazine.pt\/index.php\/2024\/10\/25\/artigo-de-opiniao-ana-povo\/#primaryimage","url":"http:\/\/maismagazine.pt\/wp-content\/uploads\/2024\/10\/Foto-1-1.jpg","contentUrl":"http:\/\/maismagazine.pt\/wp-content\/uploads\/2024\/10\/Foto-1-1.jpg","width":400,"height":514},{"@type":"BreadcrumbList","@id":"https:\/\/maismagazine.pt\/index.php\/2024\/10\/25\/artigo-de-opiniao-ana-povo\/#breadcrumb","itemListElement":[{"@type":"ListItem","position":1,"name":"Home","item":"https:\/\/maismagazine.pt\/"},{"@type":"ListItem","position":2,"name":"Artigo de Opini\u00e3o &#8211; Ana Povo"}]},{"@type":"WebSite","@id":"https:\/\/maismagazine.pt\/#website","url":"https:\/\/maismagazine.pt\/","name":"Mais Magazine","description":"","publisher":{"@id":"https:\/\/maismagazine.pt\/#organization"},"potentialAction":[{"@type":"SearchAction","target":{"@type":"EntryPoint","urlTemplate":"https:\/\/maismagazine.pt\/?s={search_term_string}"},"query-input":{"@type":"PropertyValueSpecification","valueRequired":true,"valueName":"search_term_string"}}],"inLanguage":"pt-PT"},{"@type":"Organization","@id":"https:\/\/maismagazine.pt\/#organization","name":"Mais Magazine","url":"https:\/\/maismagazine.pt\/","logo":{"@type":"ImageObject","inLanguage":"pt-PT","@id":"https:\/\/maismagazine.pt\/#\/schema\/logo\/image\/","url":"http:\/\/maismagazine.pt\/wp-content\/uploads\/2020\/04\/cropped-cropped-mais-magazine-site-logo-2.png","contentUrl":"http:\/\/maismagazine.pt\/wp-content\/uploads\/2020\/04\/cropped-cropped-mais-magazine-site-logo-2.png","width":581,"height":90,"caption":"Mais Magazine"},"image":{"@id":"https:\/\/maismagazine.pt\/#\/schema\/logo\/image\/"}},{"@type":"Person","@id":"https:\/\/maismagazine.pt\/#\/schema\/person\/c6c5bfccc886434cbd11c74e035f9646","name":"Tiago Costa","image":{"@type":"ImageObject","inLanguage":"pt-PT","@id":"https:\/\/maismagazine.pt\/#\/schema\/person\/image\/","url":"https:\/\/secure.gravatar.com\/avatar\/c599b2bce16c9870429198cbad5ee022?s=96&d=mm&r=g","contentUrl":"https:\/\/secure.gravatar.com\/avatar\/c599b2bce16c9870429198cbad5ee022?s=96&d=mm&r=g","caption":"Tiago Costa"},"url":"http:\/\/maismagazine.pt\/index.php\/author\/tiago\/"}]}},"author_meta":{"display_name":false,"author_link":"http:\/\/maismagazine.pt\/index.php\/author\/tiago\/"},"featured_img":"http:\/\/maismagazine.pt\/wp-content\/uploads\/2024\/10\/Foto-1-1-233x300.jpg","coauthors":[],"tax_additional":{"categories":{"linked":["<a href=\"http:\/\/maismagazine.pt\/index.php\/category\/destaque\/\" class=\"advgb-post-tax-term\">Destaque lateral<\/a>","<a href=\"http:\/\/maismagazine.pt\/index.php\/category\/noticias\/opiniao\/\" class=\"advgb-post-tax-term\">Opini\u00e3o<\/a>"],"unlinked":["<span class=\"advgb-post-tax-term\">Destaque lateral<\/span>","<span class=\"advgb-post-tax-term\">Opini\u00e3o<\/span>"]},"tags":{"linked":["<a href=\"http:\/\/maismagazine.pt\/index.php\/category\/noticias\/opiniao\/\" class=\"advgb-post-tax-term\">sa\u00fade mental<\/a>"],"unlinked":["<span class=\"advgb-post-tax-term\">sa\u00fade mental<\/span>"]}},"comment_count":"0","relative_dates":{"created":"Posted 2 anos ago","modified":"Updated 2 anos ago"},"absolute_dates":{"created":"Posted on 25 de Outubro, 2024","modified":"Updated on 22 de Outubro, 2024"},"absolute_dates_time":{"created":"Posted on 25 de Outubro, 2024 7:00","modified":"Updated on 22 de Outubro, 2024 14:32"},"featured_img_caption":"","series_order":"","_links":{"self":[{"href":"http:\/\/maismagazine.pt\/index.php\/wp-json\/wp\/v2\/posts\/10558","targetHints":{"allow":["GET"]}}],"collection":[{"href":"http:\/\/maismagazine.pt\/index.php\/wp-json\/wp\/v2\/posts"}],"about":[{"href":"http:\/\/maismagazine.pt\/index.php\/wp-json\/wp\/v2\/types\/post"}],"author":[{"embeddable":true,"href":"http:\/\/maismagazine.pt\/index.php\/wp-json\/wp\/v2\/users\/17"}],"replies":[{"embeddable":true,"href":"http:\/\/maismagazine.pt\/index.php\/wp-json\/wp\/v2\/comments?post=10558"}],"version-history":[{"count":1,"href":"http:\/\/maismagazine.pt\/index.php\/wp-json\/wp\/v2\/posts\/10558\/revisions"}],"predecessor-version":[{"id":10560,"href":"http:\/\/maismagazine.pt\/index.php\/wp-json\/wp\/v2\/posts\/10558\/revisions\/10560"}],"wp:featuredmedia":[{"embeddable":true,"href":"http:\/\/maismagazine.pt\/index.php\/wp-json\/wp\/v2\/media\/10561"}],"wp:attachment":[{"href":"http:\/\/maismagazine.pt\/index.php\/wp-json\/wp\/v2\/media?parent=10558"}],"wp:term":[{"taxonomy":"category","embeddable":true,"href":"http:\/\/maismagazine.pt\/index.php\/wp-json\/wp\/v2\/categories?post=10558"},{"taxonomy":"post_tag","embeddable":true,"href":"http:\/\/maismagazine.pt\/index.php\/wp-json\/wp\/v2\/tags?post=10558"}],"curies":[{"name":"wp","href":"https:\/\/api.w.org\/{rel}","templated":true}]}}