{"id":10404,"date":"2024-09-20T07:00:00","date_gmt":"2024-09-20T06:00:00","guid":{"rendered":"https:\/\/maismagazine.pt\/?p=10404"},"modified":"2024-09-16T15:52:49","modified_gmt":"2024-09-16T14:52:49","slug":"salvaterra-de-magos-onde-o-tejo-abraca-o-berco-da-falcoaria-portuguesa-abraca-o-berco-da-falcoaria-portugues","status":"publish","type":"post","link":"http:\/\/maismagazine.pt\/index.php\/2024\/09\/20\/salvaterra-de-magos-onde-o-tejo-abraca-o-berco-da-falcoaria-portuguesa-abraca-o-berco-da-falcoaria-portugues\/","title":{"rendered":"Salvaterra de Magos: Onde o Tejo abra\u00e7a o ber\u00e7o da falcoaria portuguesa abra\u00e7a o ber\u00e7o da falcoaria portugu\u00eas"},"content":{"rendered":"\n<p><strong>Intimamente ligada \u00e0 arte secular da Falcoaria, sendo mesmo reconhecido como a Capital Nacional da Falcoaria, o munic\u00edpio de <a href=\"http:\/\/www.cm-salvaterrademagos.pt\">Salvaterra de Magos<\/a> \u00e9 hoje um destino onde a tradi\u00e7\u00e3o, a natureza e a cultura se entrela\u00e7am. Banhada pelas tranquilas \u00e1guas do Tejo, este pitoresco peda\u00e7o de Ribatejo, outrora o ref\u00fagio de muitos reis e nobres, re\u00fane em si um conjunto muito rico de patrim\u00f3nio que orgulha quem est\u00e1 e surpreende quem visita.<\/strong><\/p>\n\n\n\n<p><\/p>\n\n\n\n<p>A C\u00e2mara Municipal, ciente da import\u00e2ncia da promo\u00e7\u00e3o e divulga\u00e7\u00e3o da Falcoaria Real de Salvaterra de Magos, adquiriu a uma casa agr\u00edcola h\u00e1 tr\u00eas d\u00e9cadas este edif\u00edcio do s\u00e9culo XVIII, que na altura era usado como celeiro. Este patrim\u00f3nio, \u00fanico na Pen\u00ednsula Ib\u00e9rica, foi, entretanto, transformado em espa\u00e7o museol\u00f3gico que conta a hist\u00f3ria, o percurso e o presente desta arte milenar que \u00e9 a ca\u00e7a com falc\u00f5es.<\/p>\n\n\n\n<p><\/p>\n\n\n\n<p>Em 2014, o munic\u00edpio registou a marca \u201cSalvaterra de Magos \u2013 Capital Nacional da Falcoaria\u201d e, em nome de Portugal, conseguiu em 2016, o reconhecimento pela UNESCO da inclus\u00e3o do nosso pa\u00eds no conjunto de na\u00e7\u00f5es onde esta pr\u00e1tica \u00e9 Patrim\u00f3nio Cultural Imaterial da Humanidade. A Falcoaria Real de Salvaterra de Magos tem hoje um Centro de Documenta\u00e7\u00e3o, Galerias de Exposi\u00e7\u00f5es permanentes e tempor\u00e1rias e mantem naquele espa\u00e7o mais de duas dezenas e meia de aves de presa cuidadas por uma equipa de falcoeiros, recebendo anualmente milhares de visitantes.<\/p>\n\n\n\n<p><\/p>\n\n\n\n<p><strong>Museu do Concelho<\/strong><\/p>\n\n\n\n<p>No dia 8 de setembro de 2024 foi inaugurado o Museu do Concelho que se situa junto ao Posto de Turismo no Edif\u00edcio do Cais da Vala, em Salvaterra de Magos, onde \u00e9 poss\u00edvel ter acesso \u00e0 mais relevante informa\u00e7\u00e3o hist\u00f3rica e patrimonial do Munic\u00edpio: n\u00e3o foram esquecidos a Festa Brava, a agricultura e pesca, a arqueologia, a etnografia e o artesanato, nomeadamente os Bordados de Gl\u00f3ria do Ribatejo, uma arte transmitida pelas mulheres glorianas, de gera\u00e7\u00e3o em gera\u00e7\u00e3o, que perdura at\u00e9 aos dias de hoje e que o munic\u00edpio conseguiu incluir no Invent\u00e1rio Nacional do Patrim\u00f3nio Cultural Imaterial em 2022. Existe tamb\u00e9m um espa\u00e7o com diversos recursos did\u00e1ticos a pensar nos mais novos, dando-lhes a conhecer as tradi\u00e7\u00f5es, usos e costumes do concelho, de forma apelativa.<\/p>\n\n\n\n<p><\/p>\n\n\n\n<p><strong>Um destino onde a natureza e a tradi\u00e7\u00e3o se fundem<\/strong><\/p>\n\n\n\n<p>A Barragem de Magos, localizada na V\u00e1rzea Fresca, Foros de Salvaterra, \u00e9 local de paragem obrigat\u00f3ria para quem visita o concelho, onde se localiza um restaurante panor\u00e2mico que \u00e9, simultaneamente, um espa\u00e7o de lazer e de conv\u00edvio com a natureza. Paralelamente, o concelho beneficia da localiza\u00e7\u00e3o junto ao Rio Tejo e da beleza da sua imensa fauna e flora, que os visitantes poder\u00e3o fruir num dos excelentes passeios de barco que os operadores tur\u00edsticos disponibilizam a partir da Aldeia Avieira do Escaroupim, onde tamb\u00e9m existe um restaurante panor\u00e2mico, um parque de merendas, o Museu \u201cEscaroupim e o Rio\u201d e a Casa T\u00edpica Avieira. <\/p>\n\n\n\n<p><\/p>\n\n\n\n<p>O Bico da Goiva e o Parque de Merendas da Praia Doce, em Salvaterra de Magos, os n\u00facleos museol\u00f3gicos e o Espa\u00e7o Jackson, em Gl\u00f3ria do Ribatejo, a esta\u00e7\u00e3o ferrovi\u00e1ria e o Mercado de Cultura de Marinhais, a Igreja Matriz, a Ponte Rainha Dona Am\u00e9lia e o Porto de Sabugueiro em Muge, o Parque Infantil e de Lazer do Granho s\u00e3o tamb\u00e9m outros dos muitos locais a visitar no concelho.<\/p>\n\n\n\n<p><\/p>\n\n\n\n<p>Destaque ainda para a gastronomia com os pratos tradicionais de enguia, torricado com bacalhau, cozido, furjoca, os vinhos, o azeite, o mel, a ginjinha e os licores, a cerveja artesanal, o p\u00e3o caseiro, os enchidos, o arroz, a batata, o tomate e a do\u00e7aria tradicional, como as queijadas &#8211; Barretes, os biscoitos, o arroz doce, as esturrecas, os bolinhos de manteiga, de erva-doce e de papelinho.<\/p>\n\n\n\n<p><\/p>\n\n\n\n<p><\/p>\n","protected":false},"excerpt":{"rendered":"<p>Intimamente ligada \u00e0 arte secular da Falcoaria, sendo mesmo reconhecido como a Capital Nacional da Falcoaria, o munic\u00edpio de Salvaterra de Magos \u00e9 hoje um destino onde a tradi\u00e7\u00e3o, a natureza e a cultura se entrela\u00e7am. Banhada pelas tranquilas \u00e1guas do Tejo, este pitoresco peda\u00e7o de Ribatejo, outrora o ref\u00fagio&hellip;<\/p>\n","protected":false},"author":18,"featured_media":10409,"comment_status":"closed","ping_status":"open","sticky":false,"template":"","format":"standard","meta":{"advgb_blocks_editor_width":"","advgb_blocks_columns_visual_guide":"","_monsterinsights_skip_tracking":false,"_monsterinsights_sitenote_active":false,"_monsterinsights_sitenote_note":"","_monsterinsights_sitenote_category":0,"footnotes":""},"categories":[53],"tags":[1288,1836,1287,1249],"class_list":["post-10404","post","type-post","status-publish","format-standard","has-post-thumbnail","hentry","category-turismo-restaurantes","tag-falcoaria","tag-falcoaria-real","tag-salvaterra-de-magos","tag-unesco"],"yoast_head":"<!-- This site is optimized with the Yoast SEO plugin v24.4 - https:\/\/yoast.com\/wordpress\/plugins\/seo\/ -->\n<title>Salvaterra de Magos: Onde o Tejo abra\u00e7a o ber\u00e7o da falcoaria portuguesa abra\u00e7a o ber\u00e7o da falcoaria portugu\u00eas - Mais Magazine<\/title>\n<meta name=\"robots\" content=\"index, follow, max-snippet:-1, max-image-preview:large, max-video-preview:-1\" \/>\n<link rel=\"canonical\" href=\"https:\/\/maismagazine.pt\/index.php\/2024\/09\/20\/salvaterra-de-magos-onde-o-tejo-abraca-o-berco-da-falcoaria-portuguesa-abraca-o-berco-da-falcoaria-portugues\/\" \/>\n<meta property=\"og:locale\" content=\"pt_PT\" \/>\n<meta property=\"og:type\" content=\"article\" \/>\n<meta property=\"og:title\" content=\"Salvaterra de Magos: Onde o Tejo abra\u00e7a o ber\u00e7o da falcoaria portuguesa abra\u00e7a o ber\u00e7o da falcoaria portugu\u00eas - Mais Magazine\" \/>\n<meta property=\"og:description\" content=\"Intimamente ligada \u00e0 arte secular da Falcoaria, sendo mesmo reconhecido como a Capital Nacional da Falcoaria, o munic\u00edpio de Salvaterra de Magos \u00e9 hoje um destino onde a tradi\u00e7\u00e3o, a natureza e a cultura se entrela\u00e7am. Banhada pelas tranquilas \u00e1guas do Tejo, este pitoresco peda\u00e7o de Ribatejo, outrora o ref\u00fagio&hellip;\" \/>\n<meta property=\"og:url\" content=\"https:\/\/maismagazine.pt\/index.php\/2024\/09\/20\/salvaterra-de-magos-onde-o-tejo-abraca-o-berco-da-falcoaria-portuguesa-abraca-o-berco-da-falcoaria-portugues\/\" \/>\n<meta property=\"og:site_name\" content=\"Mais Magazine\" \/>\n<meta property=\"article:published_time\" content=\"2024-09-20T06:00:00+00:00\" \/>\n<meta property=\"og:image\" content=\"https:\/\/maismagazine.pt\/wp-content\/uploads\/2024\/09\/Edificio-da-Falcoaria-Real-de-Salvaterra-de-Magos.jpg\" \/>\n\t<meta property=\"og:image:width\" content=\"1012\" \/>\n\t<meta property=\"og:image:height\" content=\"758\" \/>\n\t<meta property=\"og:image:type\" content=\"image\/jpeg\" \/>\n<meta name=\"author\" content=\"Tatiana Martins\" \/>\n<meta name=\"twitter:card\" content=\"summary_large_image\" \/>\n<meta name=\"twitter:label1\" content=\"Escrito por\" \/>\n\t<meta name=\"twitter:data1\" content=\"\" \/>\n\t<meta name=\"twitter:label2\" content=\"Tempo estimado de leitura\" \/>\n\t<meta name=\"twitter:data2\" content=\"4 minutos\" \/>\n<script type=\"application\/ld+json\" class=\"yoast-schema-graph\">{\"@context\":\"https:\/\/schema.org\",\"@graph\":[{\"@type\":\"Article\",\"@id\":\"https:\/\/maismagazine.pt\/index.php\/2024\/09\/20\/salvaterra-de-magos-onde-o-tejo-abraca-o-berco-da-falcoaria-portuguesa-abraca-o-berco-da-falcoaria-portugues\/#article\",\"isPartOf\":{\"@id\":\"https:\/\/maismagazine.pt\/index.php\/2024\/09\/20\/salvaterra-de-magos-onde-o-tejo-abraca-o-berco-da-falcoaria-portuguesa-abraca-o-berco-da-falcoaria-portugues\/\"},\"author\":{\"name\":\"Tatiana Martins\",\"@id\":\"https:\/\/maismagazine.pt\/#\/schema\/person\/7426e2caeb8df32a1b56aa48dae778c9\"},\"headline\":\"Salvaterra de Magos: Onde o Tejo abra\u00e7a o ber\u00e7o da falcoaria portuguesa abra\u00e7a o ber\u00e7o da falcoaria portugu\u00eas\",\"datePublished\":\"2024-09-20T06:00:00+00:00\",\"mainEntityOfPage\":{\"@id\":\"https:\/\/maismagazine.pt\/index.php\/2024\/09\/20\/salvaterra-de-magos-onde-o-tejo-abraca-o-berco-da-falcoaria-portuguesa-abraca-o-berco-da-falcoaria-portugues\/\"},\"wordCount\":689,\"publisher\":{\"@id\":\"https:\/\/maismagazine.pt\/#organization\"},\"image\":{\"@id\":\"https:\/\/maismagazine.pt\/index.php\/2024\/09\/20\/salvaterra-de-magos-onde-o-tejo-abraca-o-berco-da-falcoaria-portuguesa-abraca-o-berco-da-falcoaria-portugues\/#primaryimage\"},\"thumbnailUrl\":\"http:\/\/maismagazine.pt\/wp-content\/uploads\/2024\/09\/Edificio-da-Falcoaria-Real-de-Salvaterra-de-Magos.jpg\",\"keywords\":[\"Falcoaria\",\"Falcoaria Real\",\"Salvaterra de Magos\",\"UNESCO\"],\"articleSection\":[\"Turismo | Vinhos | Gastronomia\"],\"inLanguage\":\"pt-PT\"},{\"@type\":\"WebPage\",\"@id\":\"https:\/\/maismagazine.pt\/index.php\/2024\/09\/20\/salvaterra-de-magos-onde-o-tejo-abraca-o-berco-da-falcoaria-portuguesa-abraca-o-berco-da-falcoaria-portugues\/\",\"url\":\"https:\/\/maismagazine.pt\/index.php\/2024\/09\/20\/salvaterra-de-magos-onde-o-tejo-abraca-o-berco-da-falcoaria-portuguesa-abraca-o-berco-da-falcoaria-portugues\/\",\"name\":\"Salvaterra de Magos: Onde o Tejo abra\u00e7a o ber\u00e7o da falcoaria portuguesa abra\u00e7a o ber\u00e7o da falcoaria portugu\u00eas - Mais Magazine\",\"isPartOf\":{\"@id\":\"https:\/\/maismagazine.pt\/#website\"},\"primaryImageOfPage\":{\"@id\":\"https:\/\/maismagazine.pt\/index.php\/2024\/09\/20\/salvaterra-de-magos-onde-o-tejo-abraca-o-berco-da-falcoaria-portuguesa-abraca-o-berco-da-falcoaria-portugues\/#primaryimage\"},\"image\":{\"@id\":\"https:\/\/maismagazine.pt\/index.php\/2024\/09\/20\/salvaterra-de-magos-onde-o-tejo-abraca-o-berco-da-falcoaria-portuguesa-abraca-o-berco-da-falcoaria-portugues\/#primaryimage\"},\"thumbnailUrl\":\"http:\/\/maismagazine.pt\/wp-content\/uploads\/2024\/09\/Edificio-da-Falcoaria-Real-de-Salvaterra-de-Magos.jpg\",\"datePublished\":\"2024-09-20T06:00:00+00:00\",\"breadcrumb\":{\"@id\":\"https:\/\/maismagazine.pt\/index.php\/2024\/09\/20\/salvaterra-de-magos-onde-o-tejo-abraca-o-berco-da-falcoaria-portuguesa-abraca-o-berco-da-falcoaria-portugues\/#breadcrumb\"},\"inLanguage\":\"pt-PT\",\"potentialAction\":[{\"@type\":\"ReadAction\",\"target\":[\"https:\/\/maismagazine.pt\/index.php\/2024\/09\/20\/salvaterra-de-magos-onde-o-tejo-abraca-o-berco-da-falcoaria-portuguesa-abraca-o-berco-da-falcoaria-portugues\/\"]}]},{\"@type\":\"ImageObject\",\"inLanguage\":\"pt-PT\",\"@id\":\"https:\/\/maismagazine.pt\/index.php\/2024\/09\/20\/salvaterra-de-magos-onde-o-tejo-abraca-o-berco-da-falcoaria-portuguesa-abraca-o-berco-da-falcoaria-portugues\/#primaryimage\",\"url\":\"http:\/\/maismagazine.pt\/wp-content\/uploads\/2024\/09\/Edificio-da-Falcoaria-Real-de-Salvaterra-de-Magos.jpg\",\"contentUrl\":\"http:\/\/maismagazine.pt\/wp-content\/uploads\/2024\/09\/Edificio-da-Falcoaria-Real-de-Salvaterra-de-Magos.jpg\",\"width\":1012,\"height\":758},{\"@type\":\"BreadcrumbList\",\"@id\":\"https:\/\/maismagazine.pt\/index.php\/2024\/09\/20\/salvaterra-de-magos-onde-o-tejo-abraca-o-berco-da-falcoaria-portuguesa-abraca-o-berco-da-falcoaria-portugues\/#breadcrumb\",\"itemListElement\":[{\"@type\":\"ListItem\",\"position\":1,\"name\":\"Home\",\"item\":\"https:\/\/maismagazine.pt\/\"},{\"@type\":\"ListItem\",\"position\":2,\"name\":\"Salvaterra de Magos: Onde o Tejo abra\u00e7a o ber\u00e7o da falcoaria portuguesa abra\u00e7a o ber\u00e7o da falcoaria portugu\u00eas\"}]},{\"@type\":\"WebSite\",\"@id\":\"https:\/\/maismagazine.pt\/#website\",\"url\":\"https:\/\/maismagazine.pt\/\",\"name\":\"Mais Magazine\",\"description\":\"\",\"publisher\":{\"@id\":\"https:\/\/maismagazine.pt\/#organization\"},\"potentialAction\":[{\"@type\":\"SearchAction\",\"target\":{\"@type\":\"EntryPoint\",\"urlTemplate\":\"https:\/\/maismagazine.pt\/?s={search_term_string}\"},\"query-input\":{\"@type\":\"PropertyValueSpecification\",\"valueRequired\":true,\"valueName\":\"search_term_string\"}}],\"inLanguage\":\"pt-PT\"},{\"@type\":\"Organization\",\"@id\":\"https:\/\/maismagazine.pt\/#organization\",\"name\":\"Mais Magazine\",\"url\":\"https:\/\/maismagazine.pt\/\",\"logo\":{\"@type\":\"ImageObject\",\"inLanguage\":\"pt-PT\",\"@id\":\"https:\/\/maismagazine.pt\/#\/schema\/logo\/image\/\",\"url\":\"http:\/\/maismagazine.pt\/wp-content\/uploads\/2020\/04\/cropped-cropped-mais-magazine-site-logo-2.png\",\"contentUrl\":\"http:\/\/maismagazine.pt\/wp-content\/uploads\/2020\/04\/cropped-cropped-mais-magazine-site-logo-2.png\",\"width\":581,\"height\":90,\"caption\":\"Mais Magazine\"},\"image\":{\"@id\":\"https:\/\/maismagazine.pt\/#\/schema\/logo\/image\/\"}},{\"@type\":\"Person\",\"@id\":\"https:\/\/maismagazine.pt\/#\/schema\/person\/7426e2caeb8df32a1b56aa48dae778c9\",\"name\":\"Tatiana Martins\",\"image\":{\"@type\":\"ImageObject\",\"inLanguage\":\"pt-PT\",\"@id\":\"https:\/\/maismagazine.pt\/#\/schema\/person\/image\/\",\"url\":\"https:\/\/secure.gravatar.com\/avatar\/4b24a57f5d0425f2eb20981c4b53244e?s=96&d=mm&r=g\",\"contentUrl\":\"https:\/\/secure.gravatar.com\/avatar\/4b24a57f5d0425f2eb20981c4b53244e?s=96&d=mm&r=g\",\"caption\":\"Tatiana Martins\"},\"url\":\"http:\/\/maismagazine.pt\/index.php\/author\/tatiana\/\"}]}<\/script>\n<!-- \/ Yoast SEO plugin. -->","yoast_head_json":{"title":"Salvaterra de Magos: Onde o Tejo abra\u00e7a o ber\u00e7o da falcoaria portuguesa abra\u00e7a o ber\u00e7o da falcoaria portugu\u00eas - Mais Magazine","robots":{"index":"index","follow":"follow","max-snippet":"max-snippet:-1","max-image-preview":"max-image-preview:large","max-video-preview":"max-video-preview:-1"},"canonical":"https:\/\/maismagazine.pt\/index.php\/2024\/09\/20\/salvaterra-de-magos-onde-o-tejo-abraca-o-berco-da-falcoaria-portuguesa-abraca-o-berco-da-falcoaria-portugues\/","og_locale":"pt_PT","og_type":"article","og_title":"Salvaterra de Magos: Onde o Tejo abra\u00e7a o ber\u00e7o da falcoaria portuguesa abra\u00e7a o ber\u00e7o da falcoaria portugu\u00eas - Mais Magazine","og_description":"Intimamente ligada \u00e0 arte secular da Falcoaria, sendo mesmo reconhecido como a Capital Nacional da Falcoaria, o munic\u00edpio de Salvaterra de Magos \u00e9 hoje um destino onde a tradi\u00e7\u00e3o, a natureza e a cultura se entrela\u00e7am. Banhada pelas tranquilas \u00e1guas do Tejo, este pitoresco peda\u00e7o de Ribatejo, outrora o ref\u00fagio&hellip;","og_url":"https:\/\/maismagazine.pt\/index.php\/2024\/09\/20\/salvaterra-de-magos-onde-o-tejo-abraca-o-berco-da-falcoaria-portuguesa-abraca-o-berco-da-falcoaria-portugues\/","og_site_name":"Mais Magazine","article_published_time":"2024-09-20T06:00:00+00:00","og_image":[{"width":1012,"height":758,"url":"https:\/\/maismagazine.pt\/wp-content\/uploads\/2024\/09\/Edificio-da-Falcoaria-Real-de-Salvaterra-de-Magos.jpg","type":"image\/jpeg"}],"author":"Tatiana Martins","twitter_card":"summary_large_image","twitter_misc":{"Escrito por":false,"Tempo estimado de leitura":"4 minutos"},"schema":{"@context":"https:\/\/schema.org","@graph":[{"@type":"Article","@id":"https:\/\/maismagazine.pt\/index.php\/2024\/09\/20\/salvaterra-de-magos-onde-o-tejo-abraca-o-berco-da-falcoaria-portuguesa-abraca-o-berco-da-falcoaria-portugues\/#article","isPartOf":{"@id":"https:\/\/maismagazine.pt\/index.php\/2024\/09\/20\/salvaterra-de-magos-onde-o-tejo-abraca-o-berco-da-falcoaria-portuguesa-abraca-o-berco-da-falcoaria-portugues\/"},"author":{"name":"Tatiana Martins","@id":"https:\/\/maismagazine.pt\/#\/schema\/person\/7426e2caeb8df32a1b56aa48dae778c9"},"headline":"Salvaterra de Magos: Onde o Tejo abra\u00e7a o ber\u00e7o da falcoaria portuguesa abra\u00e7a o ber\u00e7o da falcoaria portugu\u00eas","datePublished":"2024-09-20T06:00:00+00:00","mainEntityOfPage":{"@id":"https:\/\/maismagazine.pt\/index.php\/2024\/09\/20\/salvaterra-de-magos-onde-o-tejo-abraca-o-berco-da-falcoaria-portuguesa-abraca-o-berco-da-falcoaria-portugues\/"},"wordCount":689,"publisher":{"@id":"https:\/\/maismagazine.pt\/#organization"},"image":{"@id":"https:\/\/maismagazine.pt\/index.php\/2024\/09\/20\/salvaterra-de-magos-onde-o-tejo-abraca-o-berco-da-falcoaria-portuguesa-abraca-o-berco-da-falcoaria-portugues\/#primaryimage"},"thumbnailUrl":"http:\/\/maismagazine.pt\/wp-content\/uploads\/2024\/09\/Edificio-da-Falcoaria-Real-de-Salvaterra-de-Magos.jpg","keywords":["Falcoaria","Falcoaria Real","Salvaterra de Magos","UNESCO"],"articleSection":["Turismo | Vinhos | Gastronomia"],"inLanguage":"pt-PT"},{"@type":"WebPage","@id":"https:\/\/maismagazine.pt\/index.php\/2024\/09\/20\/salvaterra-de-magos-onde-o-tejo-abraca-o-berco-da-falcoaria-portuguesa-abraca-o-berco-da-falcoaria-portugues\/","url":"https:\/\/maismagazine.pt\/index.php\/2024\/09\/20\/salvaterra-de-magos-onde-o-tejo-abraca-o-berco-da-falcoaria-portuguesa-abraca-o-berco-da-falcoaria-portugues\/","name":"Salvaterra de Magos: Onde o Tejo abra\u00e7a o ber\u00e7o da falcoaria portuguesa abra\u00e7a o ber\u00e7o da falcoaria portugu\u00eas - Mais Magazine","isPartOf":{"@id":"https:\/\/maismagazine.pt\/#website"},"primaryImageOfPage":{"@id":"https:\/\/maismagazine.pt\/index.php\/2024\/09\/20\/salvaterra-de-magos-onde-o-tejo-abraca-o-berco-da-falcoaria-portuguesa-abraca-o-berco-da-falcoaria-portugues\/#primaryimage"},"image":{"@id":"https:\/\/maismagazine.pt\/index.php\/2024\/09\/20\/salvaterra-de-magos-onde-o-tejo-abraca-o-berco-da-falcoaria-portuguesa-abraca-o-berco-da-falcoaria-portugues\/#primaryimage"},"thumbnailUrl":"http:\/\/maismagazine.pt\/wp-content\/uploads\/2024\/09\/Edificio-da-Falcoaria-Real-de-Salvaterra-de-Magos.jpg","datePublished":"2024-09-20T06:00:00+00:00","breadcrumb":{"@id":"https:\/\/maismagazine.pt\/index.php\/2024\/09\/20\/salvaterra-de-magos-onde-o-tejo-abraca-o-berco-da-falcoaria-portuguesa-abraca-o-berco-da-falcoaria-portugues\/#breadcrumb"},"inLanguage":"pt-PT","potentialAction":[{"@type":"ReadAction","target":["https:\/\/maismagazine.pt\/index.php\/2024\/09\/20\/salvaterra-de-magos-onde-o-tejo-abraca-o-berco-da-falcoaria-portuguesa-abraca-o-berco-da-falcoaria-portugues\/"]}]},{"@type":"ImageObject","inLanguage":"pt-PT","@id":"https:\/\/maismagazine.pt\/index.php\/2024\/09\/20\/salvaterra-de-magos-onde-o-tejo-abraca-o-berco-da-falcoaria-portuguesa-abraca-o-berco-da-falcoaria-portugues\/#primaryimage","url":"http:\/\/maismagazine.pt\/wp-content\/uploads\/2024\/09\/Edificio-da-Falcoaria-Real-de-Salvaterra-de-Magos.jpg","contentUrl":"http:\/\/maismagazine.pt\/wp-content\/uploads\/2024\/09\/Edificio-da-Falcoaria-Real-de-Salvaterra-de-Magos.jpg","width":1012,"height":758},{"@type":"BreadcrumbList","@id":"https:\/\/maismagazine.pt\/index.php\/2024\/09\/20\/salvaterra-de-magos-onde-o-tejo-abraca-o-berco-da-falcoaria-portuguesa-abraca-o-berco-da-falcoaria-portugues\/#breadcrumb","itemListElement":[{"@type":"ListItem","position":1,"name":"Home","item":"https:\/\/maismagazine.pt\/"},{"@type":"ListItem","position":2,"name":"Salvaterra de Magos: Onde o Tejo abra\u00e7a o ber\u00e7o da falcoaria portuguesa abra\u00e7a o ber\u00e7o da falcoaria portugu\u00eas"}]},{"@type":"WebSite","@id":"https:\/\/maismagazine.pt\/#website","url":"https:\/\/maismagazine.pt\/","name":"Mais Magazine","description":"","publisher":{"@id":"https:\/\/maismagazine.pt\/#organization"},"potentialAction":[{"@type":"SearchAction","target":{"@type":"EntryPoint","urlTemplate":"https:\/\/maismagazine.pt\/?s={search_term_string}"},"query-input":{"@type":"PropertyValueSpecification","valueRequired":true,"valueName":"search_term_string"}}],"inLanguage":"pt-PT"},{"@type":"Organization","@id":"https:\/\/maismagazine.pt\/#organization","name":"Mais Magazine","url":"https:\/\/maismagazine.pt\/","logo":{"@type":"ImageObject","inLanguage":"pt-PT","@id":"https:\/\/maismagazine.pt\/#\/schema\/logo\/image\/","url":"http:\/\/maismagazine.pt\/wp-content\/uploads\/2020\/04\/cropped-cropped-mais-magazine-site-logo-2.png","contentUrl":"http:\/\/maismagazine.pt\/wp-content\/uploads\/2020\/04\/cropped-cropped-mais-magazine-site-logo-2.png","width":581,"height":90,"caption":"Mais Magazine"},"image":{"@id":"https:\/\/maismagazine.pt\/#\/schema\/logo\/image\/"}},{"@type":"Person","@id":"https:\/\/maismagazine.pt\/#\/schema\/person\/7426e2caeb8df32a1b56aa48dae778c9","name":"Tatiana Martins","image":{"@type":"ImageObject","inLanguage":"pt-PT","@id":"https:\/\/maismagazine.pt\/#\/schema\/person\/image\/","url":"https:\/\/secure.gravatar.com\/avatar\/4b24a57f5d0425f2eb20981c4b53244e?s=96&d=mm&r=g","contentUrl":"https:\/\/secure.gravatar.com\/avatar\/4b24a57f5d0425f2eb20981c4b53244e?s=96&d=mm&r=g","caption":"Tatiana Martins"},"url":"http:\/\/maismagazine.pt\/index.php\/author\/tatiana\/"}]}},"author_meta":{"display_name":false,"author_link":"http:\/\/maismagazine.pt\/index.php\/author\/tatiana\/"},"featured_img":"http:\/\/maismagazine.pt\/wp-content\/uploads\/2024\/09\/Edificio-da-Falcoaria-Real-de-Salvaterra-de-Magos-300x225.jpg","coauthors":[],"tax_additional":{"categories":{"linked":["<a href=\"http:\/\/maismagazine.pt\/index.php\/category\/turismo-restaurantes\/\" class=\"advgb-post-tax-term\">Turismo | Vinhos | Gastronomia<\/a>"],"unlinked":["<span class=\"advgb-post-tax-term\">Turismo | Vinhos | Gastronomia<\/span>"]},"tags":{"linked":["<a href=\"http:\/\/maismagazine.pt\/index.php\/category\/turismo-restaurantes\/\" class=\"advgb-post-tax-term\">Falcoaria<\/a>","<a href=\"http:\/\/maismagazine.pt\/index.php\/category\/turismo-restaurantes\/\" class=\"advgb-post-tax-term\">Falcoaria Real<\/a>","<a href=\"http:\/\/maismagazine.pt\/index.php\/category\/turismo-restaurantes\/\" class=\"advgb-post-tax-term\">Salvaterra de Magos<\/a>","<a href=\"http:\/\/maismagazine.pt\/index.php\/category\/turismo-restaurantes\/\" class=\"advgb-post-tax-term\">UNESCO<\/a>"],"unlinked":["<span class=\"advgb-post-tax-term\">Falcoaria<\/span>","<span class=\"advgb-post-tax-term\">Falcoaria Real<\/span>","<span class=\"advgb-post-tax-term\">Salvaterra de Magos<\/span>","<span class=\"advgb-post-tax-term\">UNESCO<\/span>"]}},"comment_count":"0","relative_dates":{"created":"Posted 2 anos ago","modified":"Updated 2 anos ago"},"absolute_dates":{"created":"Posted on 20 de Setembro, 2024","modified":"Updated on 16 de Setembro, 2024"},"absolute_dates_time":{"created":"Posted on 20 de Setembro, 2024 7:00","modified":"Updated on 16 de Setembro, 2024 15:52"},"featured_img_caption":"","series_order":"","_links":{"self":[{"href":"http:\/\/maismagazine.pt\/index.php\/wp-json\/wp\/v2\/posts\/10404","targetHints":{"allow":["GET"]}}],"collection":[{"href":"http:\/\/maismagazine.pt\/index.php\/wp-json\/wp\/v2\/posts"}],"about":[{"href":"http:\/\/maismagazine.pt\/index.php\/wp-json\/wp\/v2\/types\/post"}],"author":[{"embeddable":true,"href":"http:\/\/maismagazine.pt\/index.php\/wp-json\/wp\/v2\/users\/18"}],"replies":[{"embeddable":true,"href":"http:\/\/maismagazine.pt\/index.php\/wp-json\/wp\/v2\/comments?post=10404"}],"version-history":[{"count":1,"href":"http:\/\/maismagazine.pt\/index.php\/wp-json\/wp\/v2\/posts\/10404\/revisions"}],"predecessor-version":[{"id":10413,"href":"http:\/\/maismagazine.pt\/index.php\/wp-json\/wp\/v2\/posts\/10404\/revisions\/10413"}],"wp:featuredmedia":[{"embeddable":true,"href":"http:\/\/maismagazine.pt\/index.php\/wp-json\/wp\/v2\/media\/10409"}],"wp:attachment":[{"href":"http:\/\/maismagazine.pt\/index.php\/wp-json\/wp\/v2\/media?parent=10404"}],"wp:term":[{"taxonomy":"category","embeddable":true,"href":"http:\/\/maismagazine.pt\/index.php\/wp-json\/wp\/v2\/categories?post=10404"},{"taxonomy":"post_tag","embeddable":true,"href":"http:\/\/maismagazine.pt\/index.php\/wp-json\/wp\/v2\/tags?post=10404"}],"curies":[{"name":"wp","href":"https:\/\/api.w.org\/{rel}","templated":true}]}}