{"id":10394,"date":"2024-09-20T07:00:00","date_gmt":"2024-09-20T06:00:00","guid":{"rendered":"https:\/\/maismagazine.pt\/?p=10394"},"modified":"2024-09-16T15:44:51","modified_gmt":"2024-09-16T14:44:51","slug":"visitar-chamusca-e-embarcar-numa-viagem-unica-e-autentica-no-coracao-do-ribatejo","status":"publish","type":"post","link":"http:\/\/maismagazine.pt\/index.php\/2024\/09\/20\/visitar-chamusca-e-embarcar-numa-viagem-unica-e-autentica-no-coracao-do-ribatejo\/","title":{"rendered":"Visitar Chamusca \u00e9 embarcar numa viagem \u00fanica e aut\u00eantica no Cora\u00e7\u00e3o do Ribatejo"},"content":{"rendered":"\n<p><strong>Com paisagens deslumbrantes, miradouros de cortar a respira\u00e7\u00e3o e uma gastronomia aut\u00eantica, a <a href=\"http:\/\/visitchamusca.pt\">Chamusca <\/a>oferece uma experi\u00eancia \u00fanica de cultura e tradi\u00e7\u00e3o.<\/strong><\/p>\n\n\n\n<p><\/p>\n\n\n\n<p><em>Paulo Queimado, Presidente da C\u00e2mara Municipal da Chamusca<\/em><\/p>\n\n\n\n<p><\/p>\n\n\n\n<p><strong>Quais os principais pontos tur\u00edsticos da Chamusca?<\/strong><\/p>\n\n\n\n<p>O Concelho da Chamusca \u00e9 conhecido pelas suas tradi\u00e7\u00f5es, patrim\u00f3nio cultural, paisagens extraordin\u00e1rias, calorosa hospitalidade e pela oferta de v\u00e1rias raz\u00f5es para uma visita durante todo o ano.<\/p>\n\n\n\n<p><\/p>\n\n\n\n<p>Visitar a Chamusca \u00e9 sentir o Cora\u00e7\u00e3o do Ribatejo, terra de encantos e tradi\u00e7\u00f5es que num s\u00f3 territ\u00f3rio re\u00fane Charneca, Campina e Lez\u00edria. A diversidade de paisagens com grande valor natural, aliado a um rico patrim\u00f3nio edificado e \u00e0s tradi\u00e7\u00f5es, constituem a identidade cultural da nossa regi\u00e3o. O clima quente e o estilo de vida tranquilo cercado pela natureza s\u00e3o o cart\u00e3o de visita do nosso territ\u00f3rio. <\/p>\n\n\n\n<p><\/p>\n\n\n\n<p>As igrejas hist\u00f3ricas da Chamusca s\u00e3o um dos maiores tesouros da nossa terra. Edificadas entre os s\u00e9culos XVI e XVIII, s\u00e3o testemunhas do nosso riqu\u00edssimo patrim\u00f3nio cultural e religioso e s\u00edmbolos vivos da f\u00e9, da devo\u00e7\u00e3o e da resili\u00eancia das nossas gentes ao longo dos tempos.<\/p>\n\n\n\n<p><\/p>\n\n\n\n<p>Os seis miradouros oferecem uma experi\u00eancia visual inesquec\u00edvel e s\u00e3o paragem obrigat\u00f3ria para quem deseja captar a ess\u00eancia e a beleza da nossa terra.<\/p>\n\n\n\n<p><\/p>\n\n\n\n<p>Os passeios de barco no rio Tejo ou a pr\u00e1tica de stand up paddle, na aldeia ribeirinha do Arripiado, s\u00e3o outra das atra\u00e7\u00f5es tur\u00edsticas, assim como os circuitos tur\u00edsticos de que s\u00e3o exemplo o circuito da Charneca Ribatejana; o Pedonal Terra Branca; o Borda D`\u00c1gua e o Circuito PIN`Arte \u2013 arte urbana em meio rural. Destaque ainda para os cerca de oito circuitos de BTT, que nos permitem de uma outra forma desbravar as terras da Chamusca.<\/p>\n\n\n\n<p><\/p>\n\n\n\n<p>Estes s\u00e3o apenas alguns dos exemplos do que fazer e visitar na nossa terra, sendo que no nosso site visitchamusca.pt encontra toda a informa\u00e7\u00e3o.<\/p>\n\n\n\n<p><\/p>\n\n\n\n<p><strong>A tradi\u00e7\u00e3o, cultura e gastronomia&#8230;<\/strong><\/p>\n\n\n\n<p>A Chamusca \u00e9 um concelho onde a tradi\u00e7\u00e3o, a cultura e a gastronomia se entrela\u00e7am de uma forma \u00fanica, criando um patrim\u00f3nio vivo que encanta quem por c\u00e1 passa. O nosso territ\u00f3rio \u00e9 conhecido pela sua forte liga\u00e7\u00e3o \u00e0s tradi\u00e7\u00f5es, tais como as festividades religiosas ou manifesta\u00e7\u00f5es culturais mais aut\u00eanticas, nas quais o campo e o rio Tejo t\u00eam um papel preponderante.<\/p>\n\n\n\n<p><\/p>\n\n\n\n<p>Uma das mais marcantes tradi\u00e7\u00f5es culturais da Chamusca \u00e9 a Semana da Ascens\u00e3o, em maio, que atrai milhares de visitantes \u00e0 vila. A nossa semana maior \u00e9 uma verdadeira ode \u00e0 identidade chamusquense. A entrada de toiros em quinta-feira de Ascens\u00e3o \u00e9 o ex-libris das festividades. Neste dia, os toiros percorrem a art\u00e9ria principal da vila da zona sul para a zona norte. S\u00f3 quem j\u00e1 vivenciou este momento pode testemunhar a sensa\u00e7\u00e3o \u00fanica que \u00e9 ver os toiros a correrem pela rua, conduzidos pelos campinos montados nos seus cavalos, cujos soar dos cascos a baterem no solo causam uma sensa\u00e7\u00e3o \u00fanica, dif\u00edcil de explicar por palavras.<\/p>\n\n\n\n<p><\/p>\n\n\n\n<p>Para al\u00e9m da Semana da Ascens\u00e3o, a Chamusca acolhe ao longo do ano uma variedade de eventos culturais que preser-vam e celebram as tradi\u00e7\u00f5es locais. Cada uma das freguesias tem o seu pr\u00f3prio evento tem\u00e1tico, com o objetivo de valorizar os seus produtos end\u00f3genos. Em Ulme temos o Festival \u201cJ\u00e1 te Dou o Arroz\u201d, na Parreira \u201cO Festival do Cogumelo\u201d, em Vale de Cavalos \u201cO Festival das Sopas Ribatejanas\u201d, no Chouto a centen\u00e1ria \u201cFeira de S\u00e3o Pedro e do Chocalho\u201d, e as Festas do Arripiado, com a tradicional prociss\u00e3o fluvial.<\/p>\n\n\n\n<p><\/p>\n\n\n\n<p>A gastronomia local \u00e9 outro grande ex-libris, que reflete a riqueza da terra e do rio, com pratos que s\u00e3o um verdadeiro festim para os sentidos. A couve a soco com bacalhau assado, regado com azeite e alho, s\u00e1vel frito com a\u00e7orda de ovas, cabrito assado ou naco de touro bravo s\u00e3o algumas das nossas especialidades. Estes pratos, confecionados com produtos locais e seguindo receitas tradicionais, oferecem uma viagem gastron\u00f3mica \u00fanica pelo Cora\u00e7\u00e3o do Ribatejo. <\/p>\n\n\n\n<p><\/p>\n\n\n\n<p>A do\u00e7aria com especialidades como as trouxas d`ovos, fios e lampreia de ovos, pin\u00e9u doce, almofadinhas do Semideiro ou broas variadas fazem as del\u00edcias de quem nos visita. Estes doces, preparados de forma artesanal, s\u00e3o um reflexo da heran\u00e7a cultural do Concelho e uma forma deliciosa de fechar qualquer refei\u00e7\u00e3o. <\/p>\n\n\n\n<p><\/p>\n\n\n\n<p><strong>Quais os eventos para os pr\u00f3ximos meses?<\/strong><\/p>\n\n\n\n<p>Nos pr\u00f3ximos meses, a Chamusca ser\u00e1 palco de dois eventos de grande destaque: o Eh! Toiro, que se realiza de 4 a 6 de outubro, um evento que enaltece a tradi\u00e7\u00e3o e a cultura taurom\u00e1quica do nosso Concelho; e o Parque dos Sonhos de Natal, o maior parque tem\u00e1tica de Natal do Ribatejo, que decorre em dezembro no Parque Municipal, um dos jardins mais bonitos da regi\u00e3o.<\/p>\n\n\n\n<p><\/p>\n\n\n\n<p><strong>Qual \u00e9 o papel do turismo no desenvolvimento do territ\u00f3-rio e como \u00e9 que a Autarquia contribui ativamente para a sua promo\u00e7\u00e3o?<\/strong><\/p>\n\n\n\n<p>O turismo constitui um fator importante para o desenvolvimento do nosso territ\u00f3rio, uma vez que contribui significativamente para a dinamiza\u00e7\u00e3o econ\u00f3mica, valoriza\u00e7\u00e3o e promo\u00e7\u00e3o do patrim\u00f3nio cultural, hist\u00f3rico e natural, assim como para a preserva\u00e7\u00e3o das nossas tradi\u00e7\u00f5es e identidade cultural.<\/p>\n\n\n\n<p><\/p>\n\n\n\n<p>Na Autarquia, somos agentes ativos na promo\u00e7\u00e3o do turismo no nosso concelho. Atrav\u00e9s da ado\u00e7\u00e3o de uma s\u00e9rie de a\u00e7\u00f5es estrat\u00e9gicas, tais como a organiza\u00e7\u00e3o de eventos, melhoria das infraestruturas, concretiza\u00e7\u00e3o de parcerias estrat\u00e9gicas e apoio ao empreendedorismo local, pretendemos garantir que a Chamusca continue a evoluir enquanto destino tur\u00edstico de refer\u00eancia, onde a tradi\u00e7\u00e3o e a inova\u00e7\u00e3o se encontram e criam valor para toda a comunidade.<\/p>\n\n\n\n<p><\/p>\n\n\n\n<p>No pr\u00f3ximo dia 30 de setembro vamos receber a 2\u00aa edi\u00e7\u00e3o do Encontro de Agentes Tur\u00edsticos, uma iniciativa organizada pelo Munic\u00edpio com o objetivo de promover o territ\u00f3rio e a marca \u201cVisit Chamusca, o Cora\u00e7\u00e3o do Ribatejo\u201d, assim como estimular o desenvolvimento econ\u00f3mico e o crescimento tur\u00edstico na regi\u00e3o.<\/p>\n\n\n\n<p><\/p>\n\n\n\n<p><\/p>\n\n\n\n<p><strong>Um Fim-de-Semana no Cora\u00e7\u00e3o do Ribatejo<\/strong><\/p>\n\n\n\n<p><\/p>\n\n\n\n<p><em><strong>Dia 1 &#8211; \u00c0 descoberta da Lez\u00edria<\/strong><\/em><\/p>\n\n\n\n<p><\/p>\n\n\n\n<p>Inicie este roteiro no Miradouro do Almourol1e usufrua da beleza paisag\u00edstica das margens do rio Tejo. Recomenda-se uma paragem no Arripiado, uma pitoresca aldeia edificada em declive que desce at\u00e9 ao Tejo, onde poder\u00e1 desfrutar de um belo passeio de barco2\u00e0 descoberta do m\u00edtico Castelo de Almourol, aventurar-se num passeio de paddle-board ou pedalar nos circuitos de BTT.<\/p>\n\n\n\n<p><\/p>\n\n\n\n<p>Sugerimos que pare para almo\u00e7ar na Taberna da Rita, um dos restaurantes t\u00edpicos da regi\u00e3o e aproveite para conhecer as nossas iguarias.<\/p>\n\n\n\n<p><\/p>\n\n\n\n<p>Durante a tarde visite a vila da Chamusca. Suba at\u00e9 \u00e0 Ermida da Senhora do Pranto e grave na sua mem\u00f3ria uma das mais belas vistas sobre a vila, o rio Tejo e a Lez\u00edria. Se for apreciador de patrim\u00f3nio hist\u00f3rico, recomenda-se uma visita \u00e0 Casa Moscadim, uma casa-museu do s\u00e9culo XVIII, importante pela relevante cole\u00e7\u00e3o de azulejos que se encontra no seu interior. <\/p>\n\n\n\n<p><\/p>\n\n\n\n<p>Com a natureza por perto na Herdade dos Cordeiros6, desfrute de um ref\u00fagio de pura tranquilidade.<\/p>\n\n\n\n<p><\/p>\n\n\n\n<p><em><strong>Dia 2 &#8211; \u00c0 descoberta da Charneca Ribatejana<\/strong><\/em><\/p>\n\n\n\n<p><\/p>\n\n\n\n<p>Comece o dia em Ulme e n\u00e3o se esque\u00e7a da m\u00e1quina fotogr\u00e1fica, pois \u00e9 no Baloi\u00e7o do Pin\u00e9u que ir\u00e1 captar as melhores fotografias. Prosseguindo para o cora\u00e7\u00e3o da charneca ribatejana, aproveite para conhecer os produtos da regi\u00e3o no Casal da Vinha, uma quinta que se dedica \u00e0 produ\u00e7\u00e3o de azeite, mel e at\u00e9 frutos silvestres.<\/p>\n\n\n\n<p><\/p>\n\n\n\n<p>Se \u00e9 apreciador de atividades ligadas ao mundo rural, pare no Observat\u00f3rio da Paisagem da Charneca e assista \u00e0 extra\u00e7\u00e3o da corti\u00e7a, realize percursos pedestres na charneca e no montado, aventure-se na apanha do cogumelo selvagem e, para n\u00e3o perder pitada, fique atento \u00e0s manadas de touros que pastam pelos campos. Um convite para desbravar a Natureza.<\/p>\n\n\n\n<p><\/p>\n","protected":false},"excerpt":{"rendered":"<p>Com paisagens deslumbrantes, miradouros de cortar a respira\u00e7\u00e3o e uma gastronomia aut\u00eantica, a Chamusca oferece uma experi\u00eancia \u00fanica de cultura e tradi\u00e7\u00e3o. Paulo Queimado, Presidente da C\u00e2mara Municipal da Chamusca Quais os principais pontos tur\u00edsticos da Chamusca? O Concelho da Chamusca \u00e9 conhecido pelas suas tradi\u00e7\u00f5es, patrim\u00f3nio cultural, paisagens extraordin\u00e1rias,&hellip;<\/p>\n","protected":false},"author":18,"featured_media":10395,"comment_status":"closed","ping_status":"open","sticky":false,"template":"","format":"standard","meta":{"advgb_blocks_editor_width":"","advgb_blocks_columns_visual_guide":"","_monsterinsights_skip_tracking":false,"_monsterinsights_sitenote_active":false,"_monsterinsights_sitenote_note":"","_monsterinsights_sitenote_category":0,"footnotes":""},"categories":[53],"tags":[1718,508,283,64,2122],"class_list":["post-10394","post","type-post","status-publish","format-standard","has-post-thumbnail","hentry","category-turismo-restaurantes","tag-chamusca","tag-cultura","tag-gastronomia","tag-turismo","tag-visit-chamusca"],"yoast_head":"<!-- This site is optimized with the Yoast SEO plugin v24.4 - https:\/\/yoast.com\/wordpress\/plugins\/seo\/ -->\n<title>Visitar Chamusca \u00e9 embarcar numa viagem \u00fanica e aut\u00eantica no Cora\u00e7\u00e3o do Ribatejo - Mais Magazine<\/title>\n<meta name=\"robots\" content=\"index, follow, max-snippet:-1, max-image-preview:large, max-video-preview:-1\" \/>\n<link rel=\"canonical\" href=\"http:\/\/maismagazine.pt\/index.php\/2024\/09\/20\/visitar-chamusca-e-embarcar-numa-viagem-unica-e-autentica-no-coracao-do-ribatejo\/\" \/>\n<meta property=\"og:locale\" content=\"pt_PT\" \/>\n<meta property=\"og:type\" content=\"article\" \/>\n<meta property=\"og:title\" content=\"Visitar Chamusca \u00e9 embarcar numa viagem \u00fanica e aut\u00eantica no Cora\u00e7\u00e3o do Ribatejo - Mais Magazine\" \/>\n<meta property=\"og:description\" content=\"Com paisagens deslumbrantes, miradouros de cortar a respira\u00e7\u00e3o e uma gastronomia aut\u00eantica, a Chamusca oferece uma experi\u00eancia \u00fanica de cultura e tradi\u00e7\u00e3o. Paulo Queimado, Presidente da C\u00e2mara Municipal da Chamusca Quais os principais pontos tur\u00edsticos da Chamusca? O Concelho da Chamusca \u00e9 conhecido pelas suas tradi\u00e7\u00f5es, patrim\u00f3nio cultural, paisagens extraordin\u00e1rias,&hellip;\" \/>\n<meta property=\"og:url\" content=\"http:\/\/maismagazine.pt\/index.php\/2024\/09\/20\/visitar-chamusca-e-embarcar-numa-viagem-unica-e-autentica-no-coracao-do-ribatejo\/\" \/>\n<meta property=\"og:site_name\" content=\"Mais Magazine\" \/>\n<meta property=\"article:published_time\" content=\"2024-09-20T06:00:00+00:00\" \/>\n<meta property=\"og:image\" content=\"http:\/\/maismagazine.pt\/wp-content\/uploads\/2024\/09\/973c73_6f22a4d6e68e404c8753c0deb6b7bce7mv2_d_2953_2087_s_2.png\" \/>\n\t<meta property=\"og:image:width\" content=\"2953\" \/>\n\t<meta property=\"og:image:height\" content=\"2087\" \/>\n\t<meta property=\"og:image:type\" content=\"image\/png\" \/>\n<meta name=\"author\" content=\"Tatiana Martins\" \/>\n<meta name=\"twitter:card\" content=\"summary_large_image\" \/>\n<meta name=\"twitter:label1\" content=\"Escrito por\" \/>\n\t<meta name=\"twitter:data1\" content=\"\" \/>\n\t<meta name=\"twitter:label2\" content=\"Tempo estimado de leitura\" \/>\n\t<meta name=\"twitter:data2\" content=\"8 minutos\" \/>\n<script type=\"application\/ld+json\" class=\"yoast-schema-graph\">{\"@context\":\"https:\/\/schema.org\",\"@graph\":[{\"@type\":\"Article\",\"@id\":\"http:\/\/maismagazine.pt\/index.php\/2024\/09\/20\/visitar-chamusca-e-embarcar-numa-viagem-unica-e-autentica-no-coracao-do-ribatejo\/#article\",\"isPartOf\":{\"@id\":\"http:\/\/maismagazine.pt\/index.php\/2024\/09\/20\/visitar-chamusca-e-embarcar-numa-viagem-unica-e-autentica-no-coracao-do-ribatejo\/\"},\"author\":{\"name\":\"Tatiana Martins\",\"@id\":\"https:\/\/maismagazine.pt\/#\/schema\/person\/7426e2caeb8df32a1b56aa48dae778c9\"},\"headline\":\"Visitar Chamusca \u00e9 embarcar numa viagem \u00fanica e aut\u00eantica no Cora\u00e7\u00e3o do Ribatejo\",\"datePublished\":\"2024-09-20T06:00:00+00:00\",\"mainEntityOfPage\":{\"@id\":\"http:\/\/maismagazine.pt\/index.php\/2024\/09\/20\/visitar-chamusca-e-embarcar-numa-viagem-unica-e-autentica-no-coracao-do-ribatejo\/\"},\"wordCount\":1378,\"publisher\":{\"@id\":\"https:\/\/maismagazine.pt\/#organization\"},\"image\":{\"@id\":\"http:\/\/maismagazine.pt\/index.php\/2024\/09\/20\/visitar-chamusca-e-embarcar-numa-viagem-unica-e-autentica-no-coracao-do-ribatejo\/#primaryimage\"},\"thumbnailUrl\":\"http:\/\/maismagazine.pt\/wp-content\/uploads\/2024\/09\/973c73_6f22a4d6e68e404c8753c0deb6b7bce7mv2_d_2953_2087_s_2.png\",\"keywords\":[\"Chamusca\",\"cultura\",\"Gastronomia\",\"Turismo\",\"Visit Chamusca\"],\"articleSection\":[\"Turismo | Vinhos | Gastronomia\"],\"inLanguage\":\"pt-PT\"},{\"@type\":\"WebPage\",\"@id\":\"http:\/\/maismagazine.pt\/index.php\/2024\/09\/20\/visitar-chamusca-e-embarcar-numa-viagem-unica-e-autentica-no-coracao-do-ribatejo\/\",\"url\":\"http:\/\/maismagazine.pt\/index.php\/2024\/09\/20\/visitar-chamusca-e-embarcar-numa-viagem-unica-e-autentica-no-coracao-do-ribatejo\/\",\"name\":\"Visitar Chamusca \u00e9 embarcar numa viagem \u00fanica e aut\u00eantica no Cora\u00e7\u00e3o do Ribatejo - Mais Magazine\",\"isPartOf\":{\"@id\":\"https:\/\/maismagazine.pt\/#website\"},\"primaryImageOfPage\":{\"@id\":\"http:\/\/maismagazine.pt\/index.php\/2024\/09\/20\/visitar-chamusca-e-embarcar-numa-viagem-unica-e-autentica-no-coracao-do-ribatejo\/#primaryimage\"},\"image\":{\"@id\":\"http:\/\/maismagazine.pt\/index.php\/2024\/09\/20\/visitar-chamusca-e-embarcar-numa-viagem-unica-e-autentica-no-coracao-do-ribatejo\/#primaryimage\"},\"thumbnailUrl\":\"http:\/\/maismagazine.pt\/wp-content\/uploads\/2024\/09\/973c73_6f22a4d6e68e404c8753c0deb6b7bce7mv2_d_2953_2087_s_2.png\",\"datePublished\":\"2024-09-20T06:00:00+00:00\",\"breadcrumb\":{\"@id\":\"http:\/\/maismagazine.pt\/index.php\/2024\/09\/20\/visitar-chamusca-e-embarcar-numa-viagem-unica-e-autentica-no-coracao-do-ribatejo\/#breadcrumb\"},\"inLanguage\":\"pt-PT\",\"potentialAction\":[{\"@type\":\"ReadAction\",\"target\":[\"http:\/\/maismagazine.pt\/index.php\/2024\/09\/20\/visitar-chamusca-e-embarcar-numa-viagem-unica-e-autentica-no-coracao-do-ribatejo\/\"]}]},{\"@type\":\"ImageObject\",\"inLanguage\":\"pt-PT\",\"@id\":\"http:\/\/maismagazine.pt\/index.php\/2024\/09\/20\/visitar-chamusca-e-embarcar-numa-viagem-unica-e-autentica-no-coracao-do-ribatejo\/#primaryimage\",\"url\":\"http:\/\/maismagazine.pt\/wp-content\/uploads\/2024\/09\/973c73_6f22a4d6e68e404c8753c0deb6b7bce7mv2_d_2953_2087_s_2.png\",\"contentUrl\":\"http:\/\/maismagazine.pt\/wp-content\/uploads\/2024\/09\/973c73_6f22a4d6e68e404c8753c0deb6b7bce7mv2_d_2953_2087_s_2.png\",\"width\":2953,\"height\":2087},{\"@type\":\"BreadcrumbList\",\"@id\":\"http:\/\/maismagazine.pt\/index.php\/2024\/09\/20\/visitar-chamusca-e-embarcar-numa-viagem-unica-e-autentica-no-coracao-do-ribatejo\/#breadcrumb\",\"itemListElement\":[{\"@type\":\"ListItem\",\"position\":1,\"name\":\"Home\",\"item\":\"https:\/\/maismagazine.pt\/\"},{\"@type\":\"ListItem\",\"position\":2,\"name\":\"Visitar Chamusca \u00e9 embarcar numa viagem \u00fanica e aut\u00eantica no Cora\u00e7\u00e3o do Ribatejo\"}]},{\"@type\":\"WebSite\",\"@id\":\"https:\/\/maismagazine.pt\/#website\",\"url\":\"https:\/\/maismagazine.pt\/\",\"name\":\"Mais Magazine\",\"description\":\"\",\"publisher\":{\"@id\":\"https:\/\/maismagazine.pt\/#organization\"},\"potentialAction\":[{\"@type\":\"SearchAction\",\"target\":{\"@type\":\"EntryPoint\",\"urlTemplate\":\"https:\/\/maismagazine.pt\/?s={search_term_string}\"},\"query-input\":{\"@type\":\"PropertyValueSpecification\",\"valueRequired\":true,\"valueName\":\"search_term_string\"}}],\"inLanguage\":\"pt-PT\"},{\"@type\":\"Organization\",\"@id\":\"https:\/\/maismagazine.pt\/#organization\",\"name\":\"Mais Magazine\",\"url\":\"https:\/\/maismagazine.pt\/\",\"logo\":{\"@type\":\"ImageObject\",\"inLanguage\":\"pt-PT\",\"@id\":\"https:\/\/maismagazine.pt\/#\/schema\/logo\/image\/\",\"url\":\"http:\/\/maismagazine.pt\/wp-content\/uploads\/2020\/04\/cropped-cropped-mais-magazine-site-logo-2.png\",\"contentUrl\":\"http:\/\/maismagazine.pt\/wp-content\/uploads\/2020\/04\/cropped-cropped-mais-magazine-site-logo-2.png\",\"width\":581,\"height\":90,\"caption\":\"Mais Magazine\"},\"image\":{\"@id\":\"https:\/\/maismagazine.pt\/#\/schema\/logo\/image\/\"}},{\"@type\":\"Person\",\"@id\":\"https:\/\/maismagazine.pt\/#\/schema\/person\/7426e2caeb8df32a1b56aa48dae778c9\",\"name\":\"Tatiana Martins\",\"image\":{\"@type\":\"ImageObject\",\"inLanguage\":\"pt-PT\",\"@id\":\"https:\/\/maismagazine.pt\/#\/schema\/person\/image\/\",\"url\":\"https:\/\/secure.gravatar.com\/avatar\/4b24a57f5d0425f2eb20981c4b53244e?s=96&d=mm&r=g\",\"contentUrl\":\"https:\/\/secure.gravatar.com\/avatar\/4b24a57f5d0425f2eb20981c4b53244e?s=96&d=mm&r=g\",\"caption\":\"Tatiana Martins\"},\"url\":\"http:\/\/maismagazine.pt\/index.php\/author\/tatiana\/\"}]}<\/script>\n<!-- \/ Yoast SEO plugin. -->","yoast_head_json":{"title":"Visitar Chamusca \u00e9 embarcar numa viagem \u00fanica e aut\u00eantica no Cora\u00e7\u00e3o do Ribatejo - Mais Magazine","robots":{"index":"index","follow":"follow","max-snippet":"max-snippet:-1","max-image-preview":"max-image-preview:large","max-video-preview":"max-video-preview:-1"},"canonical":"http:\/\/maismagazine.pt\/index.php\/2024\/09\/20\/visitar-chamusca-e-embarcar-numa-viagem-unica-e-autentica-no-coracao-do-ribatejo\/","og_locale":"pt_PT","og_type":"article","og_title":"Visitar Chamusca \u00e9 embarcar numa viagem \u00fanica e aut\u00eantica no Cora\u00e7\u00e3o do Ribatejo - Mais Magazine","og_description":"Com paisagens deslumbrantes, miradouros de cortar a respira\u00e7\u00e3o e uma gastronomia aut\u00eantica, a Chamusca oferece uma experi\u00eancia \u00fanica de cultura e tradi\u00e7\u00e3o. Paulo Queimado, Presidente da C\u00e2mara Municipal da Chamusca Quais os principais pontos tur\u00edsticos da Chamusca? O Concelho da Chamusca \u00e9 conhecido pelas suas tradi\u00e7\u00f5es, patrim\u00f3nio cultural, paisagens extraordin\u00e1rias,&hellip;","og_url":"http:\/\/maismagazine.pt\/index.php\/2024\/09\/20\/visitar-chamusca-e-embarcar-numa-viagem-unica-e-autentica-no-coracao-do-ribatejo\/","og_site_name":"Mais Magazine","article_published_time":"2024-09-20T06:00:00+00:00","og_image":[{"width":2953,"height":2087,"url":"http:\/\/maismagazine.pt\/wp-content\/uploads\/2024\/09\/973c73_6f22a4d6e68e404c8753c0deb6b7bce7mv2_d_2953_2087_s_2.png","type":"image\/png"}],"author":"Tatiana Martins","twitter_card":"summary_large_image","twitter_misc":{"Escrito por":false,"Tempo estimado de leitura":"8 minutos"},"schema":{"@context":"https:\/\/schema.org","@graph":[{"@type":"Article","@id":"http:\/\/maismagazine.pt\/index.php\/2024\/09\/20\/visitar-chamusca-e-embarcar-numa-viagem-unica-e-autentica-no-coracao-do-ribatejo\/#article","isPartOf":{"@id":"http:\/\/maismagazine.pt\/index.php\/2024\/09\/20\/visitar-chamusca-e-embarcar-numa-viagem-unica-e-autentica-no-coracao-do-ribatejo\/"},"author":{"name":"Tatiana Martins","@id":"https:\/\/maismagazine.pt\/#\/schema\/person\/7426e2caeb8df32a1b56aa48dae778c9"},"headline":"Visitar Chamusca \u00e9 embarcar numa viagem \u00fanica e aut\u00eantica no Cora\u00e7\u00e3o do Ribatejo","datePublished":"2024-09-20T06:00:00+00:00","mainEntityOfPage":{"@id":"http:\/\/maismagazine.pt\/index.php\/2024\/09\/20\/visitar-chamusca-e-embarcar-numa-viagem-unica-e-autentica-no-coracao-do-ribatejo\/"},"wordCount":1378,"publisher":{"@id":"https:\/\/maismagazine.pt\/#organization"},"image":{"@id":"http:\/\/maismagazine.pt\/index.php\/2024\/09\/20\/visitar-chamusca-e-embarcar-numa-viagem-unica-e-autentica-no-coracao-do-ribatejo\/#primaryimage"},"thumbnailUrl":"http:\/\/maismagazine.pt\/wp-content\/uploads\/2024\/09\/973c73_6f22a4d6e68e404c8753c0deb6b7bce7mv2_d_2953_2087_s_2.png","keywords":["Chamusca","cultura","Gastronomia","Turismo","Visit Chamusca"],"articleSection":["Turismo | Vinhos | Gastronomia"],"inLanguage":"pt-PT"},{"@type":"WebPage","@id":"http:\/\/maismagazine.pt\/index.php\/2024\/09\/20\/visitar-chamusca-e-embarcar-numa-viagem-unica-e-autentica-no-coracao-do-ribatejo\/","url":"http:\/\/maismagazine.pt\/index.php\/2024\/09\/20\/visitar-chamusca-e-embarcar-numa-viagem-unica-e-autentica-no-coracao-do-ribatejo\/","name":"Visitar Chamusca \u00e9 embarcar numa viagem \u00fanica e aut\u00eantica no Cora\u00e7\u00e3o do Ribatejo - Mais Magazine","isPartOf":{"@id":"https:\/\/maismagazine.pt\/#website"},"primaryImageOfPage":{"@id":"http:\/\/maismagazine.pt\/index.php\/2024\/09\/20\/visitar-chamusca-e-embarcar-numa-viagem-unica-e-autentica-no-coracao-do-ribatejo\/#primaryimage"},"image":{"@id":"http:\/\/maismagazine.pt\/index.php\/2024\/09\/20\/visitar-chamusca-e-embarcar-numa-viagem-unica-e-autentica-no-coracao-do-ribatejo\/#primaryimage"},"thumbnailUrl":"http:\/\/maismagazine.pt\/wp-content\/uploads\/2024\/09\/973c73_6f22a4d6e68e404c8753c0deb6b7bce7mv2_d_2953_2087_s_2.png","datePublished":"2024-09-20T06:00:00+00:00","breadcrumb":{"@id":"http:\/\/maismagazine.pt\/index.php\/2024\/09\/20\/visitar-chamusca-e-embarcar-numa-viagem-unica-e-autentica-no-coracao-do-ribatejo\/#breadcrumb"},"inLanguage":"pt-PT","potentialAction":[{"@type":"ReadAction","target":["http:\/\/maismagazine.pt\/index.php\/2024\/09\/20\/visitar-chamusca-e-embarcar-numa-viagem-unica-e-autentica-no-coracao-do-ribatejo\/"]}]},{"@type":"ImageObject","inLanguage":"pt-PT","@id":"http:\/\/maismagazine.pt\/index.php\/2024\/09\/20\/visitar-chamusca-e-embarcar-numa-viagem-unica-e-autentica-no-coracao-do-ribatejo\/#primaryimage","url":"http:\/\/maismagazine.pt\/wp-content\/uploads\/2024\/09\/973c73_6f22a4d6e68e404c8753c0deb6b7bce7mv2_d_2953_2087_s_2.png","contentUrl":"http:\/\/maismagazine.pt\/wp-content\/uploads\/2024\/09\/973c73_6f22a4d6e68e404c8753c0deb6b7bce7mv2_d_2953_2087_s_2.png","width":2953,"height":2087},{"@type":"BreadcrumbList","@id":"http:\/\/maismagazine.pt\/index.php\/2024\/09\/20\/visitar-chamusca-e-embarcar-numa-viagem-unica-e-autentica-no-coracao-do-ribatejo\/#breadcrumb","itemListElement":[{"@type":"ListItem","position":1,"name":"Home","item":"https:\/\/maismagazine.pt\/"},{"@type":"ListItem","position":2,"name":"Visitar Chamusca \u00e9 embarcar numa viagem \u00fanica e aut\u00eantica no Cora\u00e7\u00e3o do Ribatejo"}]},{"@type":"WebSite","@id":"https:\/\/maismagazine.pt\/#website","url":"https:\/\/maismagazine.pt\/","name":"Mais Magazine","description":"","publisher":{"@id":"https:\/\/maismagazine.pt\/#organization"},"potentialAction":[{"@type":"SearchAction","target":{"@type":"EntryPoint","urlTemplate":"https:\/\/maismagazine.pt\/?s={search_term_string}"},"query-input":{"@type":"PropertyValueSpecification","valueRequired":true,"valueName":"search_term_string"}}],"inLanguage":"pt-PT"},{"@type":"Organization","@id":"https:\/\/maismagazine.pt\/#organization","name":"Mais Magazine","url":"https:\/\/maismagazine.pt\/","logo":{"@type":"ImageObject","inLanguage":"pt-PT","@id":"https:\/\/maismagazine.pt\/#\/schema\/logo\/image\/","url":"http:\/\/maismagazine.pt\/wp-content\/uploads\/2020\/04\/cropped-cropped-mais-magazine-site-logo-2.png","contentUrl":"http:\/\/maismagazine.pt\/wp-content\/uploads\/2020\/04\/cropped-cropped-mais-magazine-site-logo-2.png","width":581,"height":90,"caption":"Mais Magazine"},"image":{"@id":"https:\/\/maismagazine.pt\/#\/schema\/logo\/image\/"}},{"@type":"Person","@id":"https:\/\/maismagazine.pt\/#\/schema\/person\/7426e2caeb8df32a1b56aa48dae778c9","name":"Tatiana Martins","image":{"@type":"ImageObject","inLanguage":"pt-PT","@id":"https:\/\/maismagazine.pt\/#\/schema\/person\/image\/","url":"https:\/\/secure.gravatar.com\/avatar\/4b24a57f5d0425f2eb20981c4b53244e?s=96&d=mm&r=g","contentUrl":"https:\/\/secure.gravatar.com\/avatar\/4b24a57f5d0425f2eb20981c4b53244e?s=96&d=mm&r=g","caption":"Tatiana Martins"},"url":"http:\/\/maismagazine.pt\/index.php\/author\/tatiana\/"}]}},"author_meta":{"display_name":false,"author_link":"http:\/\/maismagazine.pt\/index.php\/author\/tatiana\/"},"featured_img":"http:\/\/maismagazine.pt\/wp-content\/uploads\/2024\/09\/973c73_6f22a4d6e68e404c8753c0deb6b7bce7mv2_d_2953_2087_s_2-300x212.png","coauthors":[],"tax_additional":{"categories":{"linked":["<a href=\"http:\/\/maismagazine.pt\/index.php\/category\/turismo-restaurantes\/\" class=\"advgb-post-tax-term\">Turismo | Vinhos | Gastronomia<\/a>"],"unlinked":["<span class=\"advgb-post-tax-term\">Turismo | Vinhos | Gastronomia<\/span>"]},"tags":{"linked":["<a href=\"http:\/\/maismagazine.pt\/index.php\/category\/turismo-restaurantes\/\" class=\"advgb-post-tax-term\">Chamusca<\/a>","<a href=\"http:\/\/maismagazine.pt\/index.php\/category\/turismo-restaurantes\/\" class=\"advgb-post-tax-term\">cultura<\/a>","<a href=\"http:\/\/maismagazine.pt\/index.php\/category\/turismo-restaurantes\/\" class=\"advgb-post-tax-term\">Gastronomia<\/a>","<a href=\"http:\/\/maismagazine.pt\/index.php\/category\/turismo-restaurantes\/\" class=\"advgb-post-tax-term\">Turismo<\/a>","<a href=\"http:\/\/maismagazine.pt\/index.php\/category\/turismo-restaurantes\/\" class=\"advgb-post-tax-term\">Visit Chamusca<\/a>"],"unlinked":["<span class=\"advgb-post-tax-term\">Chamusca<\/span>","<span class=\"advgb-post-tax-term\">cultura<\/span>","<span class=\"advgb-post-tax-term\">Gastronomia<\/span>","<span class=\"advgb-post-tax-term\">Turismo<\/span>","<span class=\"advgb-post-tax-term\">Visit Chamusca<\/span>"]}},"comment_count":"0","relative_dates":{"created":"Posted 2 anos ago","modified":"Updated 2 anos ago"},"absolute_dates":{"created":"Posted on 20 de Setembro, 2024","modified":"Updated on 16 de Setembro, 2024"},"absolute_dates_time":{"created":"Posted on 20 de Setembro, 2024 7:00","modified":"Updated on 16 de Setembro, 2024 15:44"},"featured_img_caption":"","series_order":"","_links":{"self":[{"href":"http:\/\/maismagazine.pt\/index.php\/wp-json\/wp\/v2\/posts\/10394","targetHints":{"allow":["GET"]}}],"collection":[{"href":"http:\/\/maismagazine.pt\/index.php\/wp-json\/wp\/v2\/posts"}],"about":[{"href":"http:\/\/maismagazine.pt\/index.php\/wp-json\/wp\/v2\/types\/post"}],"author":[{"embeddable":true,"href":"http:\/\/maismagazine.pt\/index.php\/wp-json\/wp\/v2\/users\/18"}],"replies":[{"embeddable":true,"href":"http:\/\/maismagazine.pt\/index.php\/wp-json\/wp\/v2\/comments?post=10394"}],"version-history":[{"count":1,"href":"http:\/\/maismagazine.pt\/index.php\/wp-json\/wp\/v2\/posts\/10394\/revisions"}],"predecessor-version":[{"id":10400,"href":"http:\/\/maismagazine.pt\/index.php\/wp-json\/wp\/v2\/posts\/10394\/revisions\/10400"}],"wp:featuredmedia":[{"embeddable":true,"href":"http:\/\/maismagazine.pt\/index.php\/wp-json\/wp\/v2\/media\/10395"}],"wp:attachment":[{"href":"http:\/\/maismagazine.pt\/index.php\/wp-json\/wp\/v2\/media?parent=10394"}],"wp:term":[{"taxonomy":"category","embeddable":true,"href":"http:\/\/maismagazine.pt\/index.php\/wp-json\/wp\/v2\/categories?post=10394"},{"taxonomy":"post_tag","embeddable":true,"href":"http:\/\/maismagazine.pt\/index.php\/wp-json\/wp\/v2\/tags?post=10394"}],"curies":[{"name":"wp","href":"https:\/\/api.w.org\/{rel}","templated":true}]}}