{"id":10368,"date":"2024-09-20T07:00:00","date_gmt":"2024-09-20T06:00:00","guid":{"rendered":"https:\/\/maismagazine.pt\/?p=10368"},"modified":"2024-09-16T15:32:38","modified_gmt":"2024-09-16T14:32:38","slug":"coruche-um-refugio-cultural-e-natural-onde-comer-e-substantivo","status":"publish","type":"post","link":"http:\/\/maismagazine.pt\/index.php\/2024\/09\/20\/coruche-um-refugio-cultural-e-natural-onde-comer-e-substantivo\/","title":{"rendered":"Coruche, um ref\u00fagio cultural e natural onde \u201ccomer\u201d \u00e9 substantivo"},"content":{"rendered":"\n<p><strong>Longe do ritmo fren\u00e9tico das urbes mas perto de tudo, <a href=\"http:\/\/www.cm-coruche.pt\">Coruche<\/a> emerge como um o\u00e1sis de tranquilidade, ideal para quem busca uma conex\u00e3o profunda com a natureza e as tradi\u00e7\u00f5es. Mais do que a paisagem serena, Coruche testemunha a harmonia entre homem e meio ambiente, oferecendo uma oferta cultural e tur\u00edstica diversificada ao longo de todo o ano. At\u00e9 dezembro, a agenda inclui v\u00e1rios eventos culturais e gastron\u00f3micos, com destaque para a Bienal de Artes, a Feira do Livro e a mostra enogastron\u00f3mica Comer de Carne, proporcionando uma imers\u00e3o aut\u00eantica nos costumes e sabores que definem o territ\u00f3rio.<\/strong><\/p>\n\n\n\n<p><\/p>\n\n\n\n<p>Exemplo raro de uma regi\u00e3o que combina a tranquilidade rural com uma vibrante oferta cultural, Coruche est\u00e1 \u00e0s portas de Lisboa, mas afasta-se do tumulto urbano, revelando uma paisagem encantadora onde o montado de sobro, a lez\u00edria e o rio Sorraia se unem num cen\u00e1rio natural de beleza \u00fanica, ideal para os amantes da natureza e de atividades ao ar livre. Al\u00e9m do patrim\u00f3nio natural, o concelho exibe um rico legado cultural e arquitet\u00f3nico, acess\u00edvel no Museu Municipal, no Observat\u00f3rio do Sobreiro e da Corti\u00e7a, ou em monumentos como a Igreja de Nossa Senhora do Castelo. \u00c0 qualidade de vida, soma-se um programa anual de eventos que oferece experi\u00eancias marcantes ao longo de todo o ano.<\/p>\n\n\n<div class=\"wp-block-image\">\n<figure class=\"alignright size-full is-resized\"><img loading=\"lazy\" decoding=\"async\" width=\"753\" height=\"960\" src=\"https:\/\/maismagazine.pt\/wp-content\/uploads\/2024\/09\/DSC04761.jpg\" alt=\"\" class=\"wp-image-10391\" style=\"aspect-ratio:0.784375;width:253px;height:auto\" srcset=\"http:\/\/maismagazine.pt\/wp-content\/uploads\/2024\/09\/DSC04761.jpg 753w, http:\/\/maismagazine.pt\/wp-content\/uploads\/2024\/09\/DSC04761-235x300.jpg 235w\" sizes=\"auto, (max-width: 753px) 100vw, 753px\" \/><\/figure><\/div>\n\n\n<p>Em 2024, Coruche j\u00e1 sediou diversos eventos, como o Festival Internacional de Balonismo, os Sabores do Toiro Bravo, as Jornadas de Gastronomia, importantes competi\u00e7\u00f5es desportivas nacionais ou as Festas em Honra de Nossa Senhora do Castelo. Agora, volta as aten\u00e7\u00f5es para a mostra enogastron\u00f3mica Comer de Carne, agendada para os dias 9 e 10 de novembro. Mais do que um evento culin\u00e1rio, a mostra celebra a tradi\u00e7\u00e3o e a identidade de Coruche, destacando um dos pratos mais ic\u00f3nicos da regi\u00e3o \u2013 as Sopas de Carne ou Comer de Carne \u2013 numa aut\u00eantica viagem de sabores ao seu \u00e2mago. Preparado em panelas de barro em lume de ch\u00e3o, segundo pr\u00e1ticas ancestrais, o Comer de Carne n\u00e3o \u00e9 apenas uma refei\u00e7\u00e3o, mas uma manifesta\u00e7\u00e3o cultural que liga os comensais \u00e0s ra\u00edzes profundas da cozinha ribatejana. Restaurantes locais e quintas regionais participam, oferecendo degusta\u00e7\u00f5es e experi\u00eancias imersivas nas tradi\u00e7\u00f5es enogastron\u00f3micas de Coruche.<\/p>\n\n\n\n<p><\/p>\n\n\n\n<p>Coincidindo com o Dia Mundial do Enoturismo, a mostra destaca tamb\u00e9m os vinhos locais, complementando a gastronomia com as nuances do terroir de Coruche e celebrando a conex\u00e3o entre a terra, os seus produtos e a comunidade que mant\u00e9m vivas as tradi\u00e7\u00f5es. Al\u00e9m disso, Coruche prepara-se para acolher mais dois eventos culturais significativos at\u00e9 final de 2024: a Bienal de Artes e a XL Feira do Livro. A Bienal de Artes, que se realiza de 19 de outubro a 3 de novembro, transforma o concelho numa plataforma de express\u00e3o para artistas nacionais e internacionais, explorando o tema &#8220;Territ\u00f3rio&#8221; com exposi\u00e7\u00f5es e interven\u00e7\u00f5es que dialogam com o ambiente local, promovendo a intera\u00e7\u00e3o \u00fanica entre arte e comunidade. Segue-se a XL Feira do Livro, de 1 a 10 de novembro, que celebra a literatura com uma programa\u00e7\u00e3o variada que inclui lan\u00e7amentos de livros, sess\u00f5es de aut\u00f3grafos e atividades para todas as idades, criando um espa\u00e7o de encontro entre autores e leitores, promovendo a cultura liter\u00e1ria e o prazer da leitura, antes de os visitantes se entregarem aos prazeres da mostra Comer de Carne. Coruche encerra o ano com uma oferta cultural e gastron\u00f3mica \u00fanica, que convida \u00e0 descoberta e \u00e0 celebra\u00e7\u00e3o de costumes, paisagens, saberes e sabores. Porque Coruche sabe bem.<\/p>\n\n\n\n<p><\/p>\n\n\n<div class=\"wp-block-image\">\n<figure class=\"aligncenter size-full is-resized\"><img loading=\"lazy\" decoding=\"async\" width=\"900\" height=\"619\" src=\"https:\/\/maismagazine.pt\/wp-content\/uploads\/2024\/09\/adb5c7e925de1b08c7b602713e07074b_XL.jpg\" alt=\"\" class=\"wp-image-10392\" style=\"aspect-ratio:1.4539579967689822;width:281px;height:auto\" srcset=\"http:\/\/maismagazine.pt\/wp-content\/uploads\/2024\/09\/adb5c7e925de1b08c7b602713e07074b_XL.jpg 900w, http:\/\/maismagazine.pt\/wp-content\/uploads\/2024\/09\/adb5c7e925de1b08c7b602713e07074b_XL-300x206.jpg 300w, http:\/\/maismagazine.pt\/wp-content\/uploads\/2024\/09\/adb5c7e925de1b08c7b602713e07074b_XL-768x528.jpg 768w\" sizes=\"auto, (max-width: 900px) 100vw, 900px\" \/><\/figure><\/div>\n\n\n<p><\/p>\n\n\n\n<p><\/p>\n","protected":false},"excerpt":{"rendered":"<p>Longe do ritmo fren\u00e9tico das urbes mas perto de tudo, Coruche emerge como um o\u00e1sis de tranquilidade, ideal para quem busca uma conex\u00e3o profunda com a natureza e as tradi\u00e7\u00f5es. Mais do que a paisagem serena, Coruche testemunha a harmonia entre homem e meio ambiente, oferecendo uma oferta cultural e&hellip;<\/p>\n","protected":false},"author":18,"featured_media":10387,"comment_status":"closed","ping_status":"open","sticky":false,"template":"","format":"standard","meta":{"advgb_blocks_editor_width":"","advgb_blocks_columns_visual_guide":"","_monsterinsights_skip_tracking":false,"_monsterinsights_sitenote_active":false,"_monsterinsights_sitenote_note":"","_monsterinsights_sitenote_category":0,"footnotes":""},"categories":[53],"tags":[2120,2121,1715,283],"class_list":["post-10368","post","type-post","status-publish","format-standard","has-post-thumbnail","hentry","category-turismo-restaurantes","tag-bienal-das-artes","tag-comer-de-carne","tag-coruche","tag-gastronomia"],"yoast_head":"<!-- This site is optimized with the Yoast SEO plugin v24.4 - https:\/\/yoast.com\/wordpress\/plugins\/seo\/ -->\n<title>Coruche, um ref\u00fagio cultural e natural onde \u201ccomer\u201d \u00e9 substantivo - Mais Magazine<\/title>\n<meta name=\"robots\" content=\"index, follow, max-snippet:-1, max-image-preview:large, max-video-preview:-1\" \/>\n<link rel=\"canonical\" href=\"http:\/\/maismagazine.pt\/index.php\/2024\/09\/20\/coruche-um-refugio-cultural-e-natural-onde-comer-e-substantivo\/\" \/>\n<meta property=\"og:locale\" content=\"pt_PT\" \/>\n<meta property=\"og:type\" content=\"article\" \/>\n<meta property=\"og:title\" content=\"Coruche, um ref\u00fagio cultural e natural onde \u201ccomer\u201d \u00e9 substantivo - Mais Magazine\" \/>\n<meta property=\"og:description\" content=\"Longe do ritmo fren\u00e9tico das urbes mas perto de tudo, Coruche emerge como um o\u00e1sis de tranquilidade, ideal para quem busca uma conex\u00e3o profunda com a natureza e as tradi\u00e7\u00f5es. Mais do que a paisagem serena, Coruche testemunha a harmonia entre homem e meio ambiente, oferecendo uma oferta cultural e&hellip;\" \/>\n<meta property=\"og:url\" content=\"http:\/\/maismagazine.pt\/index.php\/2024\/09\/20\/coruche-um-refugio-cultural-e-natural-onde-comer-e-substantivo\/\" \/>\n<meta property=\"og:site_name\" content=\"Mais Magazine\" \/>\n<meta property=\"article:published_time\" content=\"2024-09-20T06:00:00+00:00\" \/>\n<meta property=\"og:image\" content=\"http:\/\/maismagazine.pt\/wp-content\/uploads\/2024\/09\/DSC03844.jpg\" \/>\n\t<meta property=\"og:image:width\" content=\"780\" \/>\n\t<meta property=\"og:image:height\" content=\"520\" \/>\n\t<meta property=\"og:image:type\" content=\"image\/jpeg\" \/>\n<meta name=\"author\" content=\"Tatiana Martins\" \/>\n<meta name=\"twitter:card\" content=\"summary_large_image\" \/>\n<meta name=\"twitter:label1\" content=\"Escrito por\" \/>\n\t<meta name=\"twitter:data1\" content=\"\" \/>\n\t<meta name=\"twitter:label2\" content=\"Tempo estimado de leitura\" \/>\n\t<meta name=\"twitter:data2\" content=\"4 minutos\" \/>\n<script type=\"application\/ld+json\" class=\"yoast-schema-graph\">{\"@context\":\"https:\/\/schema.org\",\"@graph\":[{\"@type\":\"Article\",\"@id\":\"http:\/\/maismagazine.pt\/index.php\/2024\/09\/20\/coruche-um-refugio-cultural-e-natural-onde-comer-e-substantivo\/#article\",\"isPartOf\":{\"@id\":\"http:\/\/maismagazine.pt\/index.php\/2024\/09\/20\/coruche-um-refugio-cultural-e-natural-onde-comer-e-substantivo\/\"},\"author\":{\"name\":\"Tatiana Martins\",\"@id\":\"https:\/\/maismagazine.pt\/#\/schema\/person\/7426e2caeb8df32a1b56aa48dae778c9\"},\"headline\":\"Coruche, um ref\u00fagio cultural e natural onde \u201ccomer\u201d \u00e9 substantivo\",\"datePublished\":\"2024-09-20T06:00:00+00:00\",\"mainEntityOfPage\":{\"@id\":\"http:\/\/maismagazine.pt\/index.php\/2024\/09\/20\/coruche-um-refugio-cultural-e-natural-onde-comer-e-substantivo\/\"},\"wordCount\":625,\"publisher\":{\"@id\":\"https:\/\/maismagazine.pt\/#organization\"},\"image\":{\"@id\":\"http:\/\/maismagazine.pt\/index.php\/2024\/09\/20\/coruche-um-refugio-cultural-e-natural-onde-comer-e-substantivo\/#primaryimage\"},\"thumbnailUrl\":\"http:\/\/maismagazine.pt\/wp-content\/uploads\/2024\/09\/DSC03844.jpg\",\"keywords\":[\"Bienal das Artes\",\"Comer de Carne\",\"Coruche\",\"Gastronomia\"],\"articleSection\":[\"Turismo | Vinhos | Gastronomia\"],\"inLanguage\":\"pt-PT\"},{\"@type\":\"WebPage\",\"@id\":\"http:\/\/maismagazine.pt\/index.php\/2024\/09\/20\/coruche-um-refugio-cultural-e-natural-onde-comer-e-substantivo\/\",\"url\":\"http:\/\/maismagazine.pt\/index.php\/2024\/09\/20\/coruche-um-refugio-cultural-e-natural-onde-comer-e-substantivo\/\",\"name\":\"Coruche, um ref\u00fagio cultural e natural onde \u201ccomer\u201d \u00e9 substantivo - Mais Magazine\",\"isPartOf\":{\"@id\":\"https:\/\/maismagazine.pt\/#website\"},\"primaryImageOfPage\":{\"@id\":\"http:\/\/maismagazine.pt\/index.php\/2024\/09\/20\/coruche-um-refugio-cultural-e-natural-onde-comer-e-substantivo\/#primaryimage\"},\"image\":{\"@id\":\"http:\/\/maismagazine.pt\/index.php\/2024\/09\/20\/coruche-um-refugio-cultural-e-natural-onde-comer-e-substantivo\/#primaryimage\"},\"thumbnailUrl\":\"http:\/\/maismagazine.pt\/wp-content\/uploads\/2024\/09\/DSC03844.jpg\",\"datePublished\":\"2024-09-20T06:00:00+00:00\",\"breadcrumb\":{\"@id\":\"http:\/\/maismagazine.pt\/index.php\/2024\/09\/20\/coruche-um-refugio-cultural-e-natural-onde-comer-e-substantivo\/#breadcrumb\"},\"inLanguage\":\"pt-PT\",\"potentialAction\":[{\"@type\":\"ReadAction\",\"target\":[\"http:\/\/maismagazine.pt\/index.php\/2024\/09\/20\/coruche-um-refugio-cultural-e-natural-onde-comer-e-substantivo\/\"]}]},{\"@type\":\"ImageObject\",\"inLanguage\":\"pt-PT\",\"@id\":\"http:\/\/maismagazine.pt\/index.php\/2024\/09\/20\/coruche-um-refugio-cultural-e-natural-onde-comer-e-substantivo\/#primaryimage\",\"url\":\"http:\/\/maismagazine.pt\/wp-content\/uploads\/2024\/09\/DSC03844.jpg\",\"contentUrl\":\"http:\/\/maismagazine.pt\/wp-content\/uploads\/2024\/09\/DSC03844.jpg\",\"width\":780,\"height\":520},{\"@type\":\"BreadcrumbList\",\"@id\":\"http:\/\/maismagazine.pt\/index.php\/2024\/09\/20\/coruche-um-refugio-cultural-e-natural-onde-comer-e-substantivo\/#breadcrumb\",\"itemListElement\":[{\"@type\":\"ListItem\",\"position\":1,\"name\":\"Home\",\"item\":\"https:\/\/maismagazine.pt\/\"},{\"@type\":\"ListItem\",\"position\":2,\"name\":\"Coruche, um ref\u00fagio cultural e natural onde \u201ccomer\u201d \u00e9 substantivo\"}]},{\"@type\":\"WebSite\",\"@id\":\"https:\/\/maismagazine.pt\/#website\",\"url\":\"https:\/\/maismagazine.pt\/\",\"name\":\"Mais Magazine\",\"description\":\"\",\"publisher\":{\"@id\":\"https:\/\/maismagazine.pt\/#organization\"},\"potentialAction\":[{\"@type\":\"SearchAction\",\"target\":{\"@type\":\"EntryPoint\",\"urlTemplate\":\"https:\/\/maismagazine.pt\/?s={search_term_string}\"},\"query-input\":{\"@type\":\"PropertyValueSpecification\",\"valueRequired\":true,\"valueName\":\"search_term_string\"}}],\"inLanguage\":\"pt-PT\"},{\"@type\":\"Organization\",\"@id\":\"https:\/\/maismagazine.pt\/#organization\",\"name\":\"Mais Magazine\",\"url\":\"https:\/\/maismagazine.pt\/\",\"logo\":{\"@type\":\"ImageObject\",\"inLanguage\":\"pt-PT\",\"@id\":\"https:\/\/maismagazine.pt\/#\/schema\/logo\/image\/\",\"url\":\"http:\/\/maismagazine.pt\/wp-content\/uploads\/2020\/04\/cropped-cropped-mais-magazine-site-logo-2.png\",\"contentUrl\":\"http:\/\/maismagazine.pt\/wp-content\/uploads\/2020\/04\/cropped-cropped-mais-magazine-site-logo-2.png\",\"width\":581,\"height\":90,\"caption\":\"Mais Magazine\"},\"image\":{\"@id\":\"https:\/\/maismagazine.pt\/#\/schema\/logo\/image\/\"}},{\"@type\":\"Person\",\"@id\":\"https:\/\/maismagazine.pt\/#\/schema\/person\/7426e2caeb8df32a1b56aa48dae778c9\",\"name\":\"Tatiana Martins\",\"image\":{\"@type\":\"ImageObject\",\"inLanguage\":\"pt-PT\",\"@id\":\"https:\/\/maismagazine.pt\/#\/schema\/person\/image\/\",\"url\":\"https:\/\/secure.gravatar.com\/avatar\/4b24a57f5d0425f2eb20981c4b53244e?s=96&d=mm&r=g\",\"contentUrl\":\"https:\/\/secure.gravatar.com\/avatar\/4b24a57f5d0425f2eb20981c4b53244e?s=96&d=mm&r=g\",\"caption\":\"Tatiana Martins\"},\"url\":\"http:\/\/maismagazine.pt\/index.php\/author\/tatiana\/\"}]}<\/script>\n<!-- \/ Yoast SEO plugin. -->","yoast_head_json":{"title":"Coruche, um ref\u00fagio cultural e natural onde \u201ccomer\u201d \u00e9 substantivo - Mais Magazine","robots":{"index":"index","follow":"follow","max-snippet":"max-snippet:-1","max-image-preview":"max-image-preview:large","max-video-preview":"max-video-preview:-1"},"canonical":"http:\/\/maismagazine.pt\/index.php\/2024\/09\/20\/coruche-um-refugio-cultural-e-natural-onde-comer-e-substantivo\/","og_locale":"pt_PT","og_type":"article","og_title":"Coruche, um ref\u00fagio cultural e natural onde \u201ccomer\u201d \u00e9 substantivo - Mais Magazine","og_description":"Longe do ritmo fren\u00e9tico das urbes mas perto de tudo, Coruche emerge como um o\u00e1sis de tranquilidade, ideal para quem busca uma conex\u00e3o profunda com a natureza e as tradi\u00e7\u00f5es. Mais do que a paisagem serena, Coruche testemunha a harmonia entre homem e meio ambiente, oferecendo uma oferta cultural e&hellip;","og_url":"http:\/\/maismagazine.pt\/index.php\/2024\/09\/20\/coruche-um-refugio-cultural-e-natural-onde-comer-e-substantivo\/","og_site_name":"Mais Magazine","article_published_time":"2024-09-20T06:00:00+00:00","og_image":[{"width":780,"height":520,"url":"http:\/\/maismagazine.pt\/wp-content\/uploads\/2024\/09\/DSC03844.jpg","type":"image\/jpeg"}],"author":"Tatiana Martins","twitter_card":"summary_large_image","twitter_misc":{"Escrito por":false,"Tempo estimado de leitura":"4 minutos"},"schema":{"@context":"https:\/\/schema.org","@graph":[{"@type":"Article","@id":"http:\/\/maismagazine.pt\/index.php\/2024\/09\/20\/coruche-um-refugio-cultural-e-natural-onde-comer-e-substantivo\/#article","isPartOf":{"@id":"http:\/\/maismagazine.pt\/index.php\/2024\/09\/20\/coruche-um-refugio-cultural-e-natural-onde-comer-e-substantivo\/"},"author":{"name":"Tatiana Martins","@id":"https:\/\/maismagazine.pt\/#\/schema\/person\/7426e2caeb8df32a1b56aa48dae778c9"},"headline":"Coruche, um ref\u00fagio cultural e natural onde \u201ccomer\u201d \u00e9 substantivo","datePublished":"2024-09-20T06:00:00+00:00","mainEntityOfPage":{"@id":"http:\/\/maismagazine.pt\/index.php\/2024\/09\/20\/coruche-um-refugio-cultural-e-natural-onde-comer-e-substantivo\/"},"wordCount":625,"publisher":{"@id":"https:\/\/maismagazine.pt\/#organization"},"image":{"@id":"http:\/\/maismagazine.pt\/index.php\/2024\/09\/20\/coruche-um-refugio-cultural-e-natural-onde-comer-e-substantivo\/#primaryimage"},"thumbnailUrl":"http:\/\/maismagazine.pt\/wp-content\/uploads\/2024\/09\/DSC03844.jpg","keywords":["Bienal das Artes","Comer de Carne","Coruche","Gastronomia"],"articleSection":["Turismo | Vinhos | Gastronomia"],"inLanguage":"pt-PT"},{"@type":"WebPage","@id":"http:\/\/maismagazine.pt\/index.php\/2024\/09\/20\/coruche-um-refugio-cultural-e-natural-onde-comer-e-substantivo\/","url":"http:\/\/maismagazine.pt\/index.php\/2024\/09\/20\/coruche-um-refugio-cultural-e-natural-onde-comer-e-substantivo\/","name":"Coruche, um ref\u00fagio cultural e natural onde \u201ccomer\u201d \u00e9 substantivo - Mais Magazine","isPartOf":{"@id":"https:\/\/maismagazine.pt\/#website"},"primaryImageOfPage":{"@id":"http:\/\/maismagazine.pt\/index.php\/2024\/09\/20\/coruche-um-refugio-cultural-e-natural-onde-comer-e-substantivo\/#primaryimage"},"image":{"@id":"http:\/\/maismagazine.pt\/index.php\/2024\/09\/20\/coruche-um-refugio-cultural-e-natural-onde-comer-e-substantivo\/#primaryimage"},"thumbnailUrl":"http:\/\/maismagazine.pt\/wp-content\/uploads\/2024\/09\/DSC03844.jpg","datePublished":"2024-09-20T06:00:00+00:00","breadcrumb":{"@id":"http:\/\/maismagazine.pt\/index.php\/2024\/09\/20\/coruche-um-refugio-cultural-e-natural-onde-comer-e-substantivo\/#breadcrumb"},"inLanguage":"pt-PT","potentialAction":[{"@type":"ReadAction","target":["http:\/\/maismagazine.pt\/index.php\/2024\/09\/20\/coruche-um-refugio-cultural-e-natural-onde-comer-e-substantivo\/"]}]},{"@type":"ImageObject","inLanguage":"pt-PT","@id":"http:\/\/maismagazine.pt\/index.php\/2024\/09\/20\/coruche-um-refugio-cultural-e-natural-onde-comer-e-substantivo\/#primaryimage","url":"http:\/\/maismagazine.pt\/wp-content\/uploads\/2024\/09\/DSC03844.jpg","contentUrl":"http:\/\/maismagazine.pt\/wp-content\/uploads\/2024\/09\/DSC03844.jpg","width":780,"height":520},{"@type":"BreadcrumbList","@id":"http:\/\/maismagazine.pt\/index.php\/2024\/09\/20\/coruche-um-refugio-cultural-e-natural-onde-comer-e-substantivo\/#breadcrumb","itemListElement":[{"@type":"ListItem","position":1,"name":"Home","item":"https:\/\/maismagazine.pt\/"},{"@type":"ListItem","position":2,"name":"Coruche, um ref\u00fagio cultural e natural onde \u201ccomer\u201d \u00e9 substantivo"}]},{"@type":"WebSite","@id":"https:\/\/maismagazine.pt\/#website","url":"https:\/\/maismagazine.pt\/","name":"Mais Magazine","description":"","publisher":{"@id":"https:\/\/maismagazine.pt\/#organization"},"potentialAction":[{"@type":"SearchAction","target":{"@type":"EntryPoint","urlTemplate":"https:\/\/maismagazine.pt\/?s={search_term_string}"},"query-input":{"@type":"PropertyValueSpecification","valueRequired":true,"valueName":"search_term_string"}}],"inLanguage":"pt-PT"},{"@type":"Organization","@id":"https:\/\/maismagazine.pt\/#organization","name":"Mais Magazine","url":"https:\/\/maismagazine.pt\/","logo":{"@type":"ImageObject","inLanguage":"pt-PT","@id":"https:\/\/maismagazine.pt\/#\/schema\/logo\/image\/","url":"http:\/\/maismagazine.pt\/wp-content\/uploads\/2020\/04\/cropped-cropped-mais-magazine-site-logo-2.png","contentUrl":"http:\/\/maismagazine.pt\/wp-content\/uploads\/2020\/04\/cropped-cropped-mais-magazine-site-logo-2.png","width":581,"height":90,"caption":"Mais Magazine"},"image":{"@id":"https:\/\/maismagazine.pt\/#\/schema\/logo\/image\/"}},{"@type":"Person","@id":"https:\/\/maismagazine.pt\/#\/schema\/person\/7426e2caeb8df32a1b56aa48dae778c9","name":"Tatiana Martins","image":{"@type":"ImageObject","inLanguage":"pt-PT","@id":"https:\/\/maismagazine.pt\/#\/schema\/person\/image\/","url":"https:\/\/secure.gravatar.com\/avatar\/4b24a57f5d0425f2eb20981c4b53244e?s=96&d=mm&r=g","contentUrl":"https:\/\/secure.gravatar.com\/avatar\/4b24a57f5d0425f2eb20981c4b53244e?s=96&d=mm&r=g","caption":"Tatiana Martins"},"url":"http:\/\/maismagazine.pt\/index.php\/author\/tatiana\/"}]}},"author_meta":{"display_name":false,"author_link":"http:\/\/maismagazine.pt\/index.php\/author\/tatiana\/"},"featured_img":"http:\/\/maismagazine.pt\/wp-content\/uploads\/2024\/09\/DSC03844-300x200.jpg","coauthors":[],"tax_additional":{"categories":{"linked":["<a href=\"http:\/\/maismagazine.pt\/index.php\/category\/turismo-restaurantes\/\" class=\"advgb-post-tax-term\">Turismo | Vinhos | Gastronomia<\/a>"],"unlinked":["<span class=\"advgb-post-tax-term\">Turismo | Vinhos | Gastronomia<\/span>"]},"tags":{"linked":["<a href=\"http:\/\/maismagazine.pt\/index.php\/category\/turismo-restaurantes\/\" class=\"advgb-post-tax-term\">Bienal das Artes<\/a>","<a href=\"http:\/\/maismagazine.pt\/index.php\/category\/turismo-restaurantes\/\" class=\"advgb-post-tax-term\">Comer de Carne<\/a>","<a href=\"http:\/\/maismagazine.pt\/index.php\/category\/turismo-restaurantes\/\" class=\"advgb-post-tax-term\">Coruche<\/a>","<a href=\"http:\/\/maismagazine.pt\/index.php\/category\/turismo-restaurantes\/\" class=\"advgb-post-tax-term\">Gastronomia<\/a>"],"unlinked":["<span class=\"advgb-post-tax-term\">Bienal das Artes<\/span>","<span class=\"advgb-post-tax-term\">Comer de Carne<\/span>","<span class=\"advgb-post-tax-term\">Coruche<\/span>","<span class=\"advgb-post-tax-term\">Gastronomia<\/span>"]}},"comment_count":"0","relative_dates":{"created":"Posted 2 anos ago","modified":"Updated 2 anos ago"},"absolute_dates":{"created":"Posted on 20 de Setembro, 2024","modified":"Updated on 16 de Setembro, 2024"},"absolute_dates_time":{"created":"Posted on 20 de Setembro, 2024 7:00","modified":"Updated on 16 de Setembro, 2024 15:32"},"featured_img_caption":"","series_order":"","_links":{"self":[{"href":"http:\/\/maismagazine.pt\/index.php\/wp-json\/wp\/v2\/posts\/10368","targetHints":{"allow":["GET"]}}],"collection":[{"href":"http:\/\/maismagazine.pt\/index.php\/wp-json\/wp\/v2\/posts"}],"about":[{"href":"http:\/\/maismagazine.pt\/index.php\/wp-json\/wp\/v2\/types\/post"}],"author":[{"embeddable":true,"href":"http:\/\/maismagazine.pt\/index.php\/wp-json\/wp\/v2\/users\/18"}],"replies":[{"embeddable":true,"href":"http:\/\/maismagazine.pt\/index.php\/wp-json\/wp\/v2\/comments?post=10368"}],"version-history":[{"count":1,"href":"http:\/\/maismagazine.pt\/index.php\/wp-json\/wp\/v2\/posts\/10368\/revisions"}],"predecessor-version":[{"id":10393,"href":"http:\/\/maismagazine.pt\/index.php\/wp-json\/wp\/v2\/posts\/10368\/revisions\/10393"}],"wp:featuredmedia":[{"embeddable":true,"href":"http:\/\/maismagazine.pt\/index.php\/wp-json\/wp\/v2\/media\/10387"}],"wp:attachment":[{"href":"http:\/\/maismagazine.pt\/index.php\/wp-json\/wp\/v2\/media?parent=10368"}],"wp:term":[{"taxonomy":"category","embeddable":true,"href":"http:\/\/maismagazine.pt\/index.php\/wp-json\/wp\/v2\/categories?post=10368"},{"taxonomy":"post_tag","embeddable":true,"href":"http:\/\/maismagazine.pt\/index.php\/wp-json\/wp\/v2\/tags?post=10368"}],"curies":[{"name":"wp","href":"https:\/\/api.w.org\/{rel}","templated":true}]}}