{"id":10340,"date":"2024-09-16T14:30:12","date_gmt":"2024-09-16T13:30:12","guid":{"rendered":"https:\/\/maismagazine.pt\/?p=10340"},"modified":"2024-09-16T14:30:12","modified_gmt":"2024-09-16T13:30:12","slug":"primeira-sessao-realiza-se-a-25-de-setembro-e-e-dedicada-ao-porto-vintage","status":"publish","type":"post","link":"http:\/\/maismagazine.pt\/index.php\/2024\/09\/16\/primeira-sessao-realiza-se-a-25-de-setembro-e-e-dedicada-ao-porto-vintage\/","title":{"rendered":"Primeira sess\u00e3o realiza-se a 25 de setembro e \u00e9 dedicada ao Porto Vintage"},"content":{"rendered":"\n<p>O projeto Lu\u00eds Grad\u00edssimo \u2013 Vinho e Gastronomia, espa\u00e7o na <em>web<\/em> dedicado ao mundo do vinho e da gastronomia, est\u00e1 a celebrar o seu primeiro anivers\u00e1rio. Para assinalar a data, o autor preparou uma s\u00e9rie de novidades exclusivas, refor\u00e7ando o compromisso com a partilha de conhecimento e experi\u00eancias no universo da Enogastronomia. A \u201cSala de Prova\u201d, acess\u00edvel a partir de <a href=\"http:\/\/luisgradissimo.com\/\" target=\"_blank\" rel=\"noreferrer noopener\">luisgradissimo.com<\/a> \u00e9 a grande novidade deste espa\u00e7o web e ser\u00e1 exclusiva para subscritores. Trata-se de um espa\u00e7o de prova de vinho, online e em direto, com uma sess\u00e3o a cada quinzena. Em cada momento, Lu\u00eds Grad\u00edssimo apresentar\u00e1 um vinho e abordar\u00e1 um tema espec\u00edfico, que poder\u00e1 ser uma regi\u00e3o, uma casta, um estilo de vinho, entre outros assuntos. Este espa\u00e7o inovador e interativo proporciona uma forma divertida e educativa de provar vinhos, promovendo a partilha de conhecimentos e experi\u00eancias no vasto mundo do vinho.<\/p>\n\n\n\n<p><\/p>\n\n\n\n<p>\u201cEm cada sala de prova haver\u00e1 um vinho em destaque que servir\u00e1 de base para esse momento. Para al\u00e9m da nota de prova, aproveitaremos para falar de cada tem\u00e1tica que se relaciona. Ser\u00e1 uma experi\u00eancia onde se prova e se aprende\u201d, explica Lu\u00eds Grad\u00edssimo, mentor do projeto.<\/p>\n\n\n\n<p>As sess\u00f5es ser\u00e3o via zoom, com acesso exclusivo para membros da p\u00e1gina com subscri\u00e7\u00e3o. A estreia \u00e9 j\u00e1 a 25 de setembro, dedicada ao Porto Vintage.<\/p>\n\n\n\n<p><\/p>\n\n\n\n<p>O projeto, que arrancou h\u00e1 um ano, tem vindo a conquistar cada vez mais p\u00fablico interessado em aumentar o conhecimento nesta \u00e1rea. Desde notas de prova de vinhos a provas verticais, breves apontamentos sobre harmoniza\u00e7\u00e3o de comida e vinho at\u00e9 \u00e0 descri\u00e7\u00e3o de menus de degusta\u00e7\u00e3o e de restaurantes, a p\u00e1gina oferece ainda artigos de opini\u00e3o e o podcast \u201cPode Conter Sulfitos\u201d.<\/p>\n\n\n\n<p>Algumas publica\u00e7\u00f5es da p\u00e1gina ser\u00e3o agora de acesso restrito e reservadas a subscritores pagos. Estas publica\u00e7\u00f5es incluir\u00e3o guias de vinhos e outros conte\u00fados exclusivos. Esta iniciativa visa oferecer aos subscritores um acesso privilegiado a conte\u00fados de alta qualidade e relev\u00e2ncia no mundo do vinho.<\/p>\n\n\n\n<p><\/p>\n\n\n\n<p>Para celebrar o primeiro anivers\u00e1rio e o lan\u00e7amento destas novidades, Lu\u00eds Grad\u00edssimo oferece um desconto especial aos primeiros subscritores. At\u00e9 ao final de outubro, a subscri\u00e7\u00e3o ter\u00e1 o valor promocional de 6,90\u20ac por m\u00eas ou 69,90\u20ac por ano. Ap\u00f3s este per\u00edodo, a subscri\u00e7\u00e3o ter\u00e1 o custo de 8,90\u20ac por m\u00eas ou 89,90\u20ac por ano.<\/p>\n\n\n\n<p><\/p>\n\n\n\n<p><strong>Lu\u00eds Grad\u00edssimo<\/strong>, natural de Loul\u00e9, com forma\u00e7\u00e3o em Engenharia Inform\u00e1tica, mas h\u00e1 mais de uma d\u00e9cada que se dedica ao vinho, tendo feito forma\u00e7\u00e3o em Gest\u00e3o (MBA e Wine Business Management), Vinhos (WSET), Gastronomia (Le Cordon Bleu) e Enogastronomia (HEG\/DUGGAT). Criador e respons\u00e1vel da marca En\u00f3philo com a qual assina eventos, forma\u00e7\u00e3o e consultoria na \u00e1rea do vinho, com destaque para o En\u00f3philo Wine Fest (Lisboa, Porto, Coimbra, Braga e Vilamoura) e para o Brut Experience (concurso internacional de espumantes), entre outros, como o Vinho na Vila e o Talha \u00e0 Mesa. Formador certificado e autor da p\u00e1gina Luis Grad\u00edssimo &#8211; Vinho &amp; Gastronomia (gradissimo.substack.com) e dos livros Enogastronomia (2020), Bruto: o espumante \u00e0 mesa (2021) e Generoso: o vinho fortificado \u00e0 mesa (2023).<\/p>\n","protected":false},"excerpt":{"rendered":"<p>O projeto Lu\u00eds Grad\u00edssimo \u2013 Vinho e Gastronomia, espa\u00e7o na web dedicado ao mundo do vinho e da gastronomia, est\u00e1 a celebrar o seu primeiro anivers\u00e1rio. Para assinalar a data, o autor preparou uma s\u00e9rie de novidades exclusivas, refor\u00e7ando o compromisso com a partilha de conhecimento e experi\u00eancias no universo&hellip;<\/p>\n","protected":false},"author":18,"featured_media":10341,"comment_status":"closed","ping_status":"open","sticky":false,"template":"","format":"standard","meta":{"advgb_blocks_editor_width":"","advgb_blocks_columns_visual_guide":"","_monsterinsights_skip_tracking":false,"_monsterinsights_sitenote_active":false,"_monsterinsights_sitenote_note":"","_monsterinsights_sitenote_category":0,"footnotes":""},"categories":[7],"tags":[283,2107,2108,688],"class_list":["post-10340","post","type-post","status-publish","format-standard","has-post-thumbnail","hentry","category-noticias","tag-gastronomia","tag-luis-gradissimo","tag-porto-vintage","tag-vinho"],"yoast_head":"<!-- This site is optimized with the Yoast SEO plugin v24.4 - https:\/\/yoast.com\/wordpress\/plugins\/seo\/ -->\n<title>Primeira sess\u00e3o realiza-se a 25 de setembro e \u00e9 dedicada ao Porto Vintage - Mais Magazine<\/title>\n<meta name=\"robots\" content=\"index, follow, max-snippet:-1, max-image-preview:large, max-video-preview:-1\" \/>\n<link rel=\"canonical\" href=\"https:\/\/maismagazine.pt\/index.php\/2024\/09\/16\/primeira-sessao-realiza-se-a-25-de-setembro-e-e-dedicada-ao-porto-vintage\/\" \/>\n<meta property=\"og:locale\" content=\"pt_PT\" \/>\n<meta property=\"og:type\" content=\"article\" \/>\n<meta property=\"og:title\" content=\"Primeira sess\u00e3o realiza-se a 25 de setembro e \u00e9 dedicada ao Porto Vintage - Mais Magazine\" \/>\n<meta property=\"og:description\" content=\"O projeto Lu\u00eds Grad\u00edssimo \u2013 Vinho e Gastronomia, espa\u00e7o na web dedicado ao mundo do vinho e da gastronomia, est\u00e1 a celebrar o seu primeiro anivers\u00e1rio. Para assinalar a data, o autor preparou uma s\u00e9rie de novidades exclusivas, refor\u00e7ando o compromisso com a partilha de conhecimento e experi\u00eancias no universo&hellip;\" \/>\n<meta property=\"og:url\" content=\"https:\/\/maismagazine.pt\/index.php\/2024\/09\/16\/primeira-sessao-realiza-se-a-25-de-setembro-e-e-dedicada-ao-porto-vintage\/\" \/>\n<meta property=\"og:site_name\" content=\"Mais Magazine\" \/>\n<meta property=\"article:published_time\" content=\"2024-09-16T13:30:12+00:00\" \/>\n<meta property=\"og:image\" content=\"https:\/\/maismagazine.pt\/wp-content\/uploads\/2024\/09\/LUIS-scaled.jpg\" \/>\n\t<meta property=\"og:image:width\" content=\"2560\" \/>\n\t<meta property=\"og:image:height\" content=\"1707\" \/>\n\t<meta property=\"og:image:type\" content=\"image\/jpeg\" \/>\n<meta name=\"author\" content=\"Tatiana Martins\" \/>\n<meta name=\"twitter:card\" content=\"summary_large_image\" \/>\n<meta name=\"twitter:label1\" content=\"Escrito por\" \/>\n\t<meta name=\"twitter:data1\" content=\"\" \/>\n\t<meta name=\"twitter:label2\" content=\"Tempo estimado de leitura\" \/>\n\t<meta name=\"twitter:data2\" content=\"3 minutos\" \/>\n<script type=\"application\/ld+json\" class=\"yoast-schema-graph\">{\"@context\":\"https:\/\/schema.org\",\"@graph\":[{\"@type\":\"Article\",\"@id\":\"https:\/\/maismagazine.pt\/index.php\/2024\/09\/16\/primeira-sessao-realiza-se-a-25-de-setembro-e-e-dedicada-ao-porto-vintage\/#article\",\"isPartOf\":{\"@id\":\"https:\/\/maismagazine.pt\/index.php\/2024\/09\/16\/primeira-sessao-realiza-se-a-25-de-setembro-e-e-dedicada-ao-porto-vintage\/\"},\"author\":{\"name\":\"Tatiana Martins\",\"@id\":\"https:\/\/maismagazine.pt\/#\/schema\/person\/7426e2caeb8df32a1b56aa48dae778c9\"},\"headline\":\"Primeira sess\u00e3o realiza-se a 25 de setembro e \u00e9 dedicada ao Porto Vintage\",\"datePublished\":\"2024-09-16T13:30:12+00:00\",\"mainEntityOfPage\":{\"@id\":\"https:\/\/maismagazine.pt\/index.php\/2024\/09\/16\/primeira-sessao-realiza-se-a-25-de-setembro-e-e-dedicada-ao-porto-vintage\/\"},\"wordCount\":565,\"publisher\":{\"@id\":\"https:\/\/maismagazine.pt\/#organization\"},\"image\":{\"@id\":\"https:\/\/maismagazine.pt\/index.php\/2024\/09\/16\/primeira-sessao-realiza-se-a-25-de-setembro-e-e-dedicada-ao-porto-vintage\/#primaryimage\"},\"thumbnailUrl\":\"http:\/\/maismagazine.pt\/wp-content\/uploads\/2024\/09\/LUIS-scaled.jpg\",\"keywords\":[\"Gastronomia\",\"Lu\u00eds Grad\u00edssimo\",\"Porto Vintage\",\"vinho\"],\"articleSection\":[\"Not\u00edcias\"],\"inLanguage\":\"pt-PT\"},{\"@type\":\"WebPage\",\"@id\":\"https:\/\/maismagazine.pt\/index.php\/2024\/09\/16\/primeira-sessao-realiza-se-a-25-de-setembro-e-e-dedicada-ao-porto-vintage\/\",\"url\":\"https:\/\/maismagazine.pt\/index.php\/2024\/09\/16\/primeira-sessao-realiza-se-a-25-de-setembro-e-e-dedicada-ao-porto-vintage\/\",\"name\":\"Primeira sess\u00e3o realiza-se a 25 de setembro e \u00e9 dedicada ao Porto Vintage - Mais Magazine\",\"isPartOf\":{\"@id\":\"https:\/\/maismagazine.pt\/#website\"},\"primaryImageOfPage\":{\"@id\":\"https:\/\/maismagazine.pt\/index.php\/2024\/09\/16\/primeira-sessao-realiza-se-a-25-de-setembro-e-e-dedicada-ao-porto-vintage\/#primaryimage\"},\"image\":{\"@id\":\"https:\/\/maismagazine.pt\/index.php\/2024\/09\/16\/primeira-sessao-realiza-se-a-25-de-setembro-e-e-dedicada-ao-porto-vintage\/#primaryimage\"},\"thumbnailUrl\":\"http:\/\/maismagazine.pt\/wp-content\/uploads\/2024\/09\/LUIS-scaled.jpg\",\"datePublished\":\"2024-09-16T13:30:12+00:00\",\"breadcrumb\":{\"@id\":\"https:\/\/maismagazine.pt\/index.php\/2024\/09\/16\/primeira-sessao-realiza-se-a-25-de-setembro-e-e-dedicada-ao-porto-vintage\/#breadcrumb\"},\"inLanguage\":\"pt-PT\",\"potentialAction\":[{\"@type\":\"ReadAction\",\"target\":[\"https:\/\/maismagazine.pt\/index.php\/2024\/09\/16\/primeira-sessao-realiza-se-a-25-de-setembro-e-e-dedicada-ao-porto-vintage\/\"]}]},{\"@type\":\"ImageObject\",\"inLanguage\":\"pt-PT\",\"@id\":\"https:\/\/maismagazine.pt\/index.php\/2024\/09\/16\/primeira-sessao-realiza-se-a-25-de-setembro-e-e-dedicada-ao-porto-vintage\/#primaryimage\",\"url\":\"http:\/\/maismagazine.pt\/wp-content\/uploads\/2024\/09\/LUIS-scaled.jpg\",\"contentUrl\":\"http:\/\/maismagazine.pt\/wp-content\/uploads\/2024\/09\/LUIS-scaled.jpg\",\"width\":2560,\"height\":1707,\"caption\":\"Porto Wine Fest 2022 , feira de vinhos com 35 produtores , e com tres provas especiais . A feira organizada pela Enophilo realiza se no Hotel Crown Plaza do Porto . Porto , 19 de Novembro de 2022 . \u00a9Enric Vives-Rubio\"},{\"@type\":\"BreadcrumbList\",\"@id\":\"https:\/\/maismagazine.pt\/index.php\/2024\/09\/16\/primeira-sessao-realiza-se-a-25-de-setembro-e-e-dedicada-ao-porto-vintage\/#breadcrumb\",\"itemListElement\":[{\"@type\":\"ListItem\",\"position\":1,\"name\":\"Home\",\"item\":\"https:\/\/maismagazine.pt\/\"},{\"@type\":\"ListItem\",\"position\":2,\"name\":\"Primeira sess\u00e3o realiza-se a 25 de setembro e \u00e9 dedicada ao Porto Vintage\"}]},{\"@type\":\"WebSite\",\"@id\":\"https:\/\/maismagazine.pt\/#website\",\"url\":\"https:\/\/maismagazine.pt\/\",\"name\":\"Mais Magazine\",\"description\":\"\",\"publisher\":{\"@id\":\"https:\/\/maismagazine.pt\/#organization\"},\"potentialAction\":[{\"@type\":\"SearchAction\",\"target\":{\"@type\":\"EntryPoint\",\"urlTemplate\":\"https:\/\/maismagazine.pt\/?s={search_term_string}\"},\"query-input\":{\"@type\":\"PropertyValueSpecification\",\"valueRequired\":true,\"valueName\":\"search_term_string\"}}],\"inLanguage\":\"pt-PT\"},{\"@type\":\"Organization\",\"@id\":\"https:\/\/maismagazine.pt\/#organization\",\"name\":\"Mais Magazine\",\"url\":\"https:\/\/maismagazine.pt\/\",\"logo\":{\"@type\":\"ImageObject\",\"inLanguage\":\"pt-PT\",\"@id\":\"https:\/\/maismagazine.pt\/#\/schema\/logo\/image\/\",\"url\":\"http:\/\/maismagazine.pt\/wp-content\/uploads\/2020\/04\/cropped-cropped-mais-magazine-site-logo-2.png\",\"contentUrl\":\"http:\/\/maismagazine.pt\/wp-content\/uploads\/2020\/04\/cropped-cropped-mais-magazine-site-logo-2.png\",\"width\":581,\"height\":90,\"caption\":\"Mais Magazine\"},\"image\":{\"@id\":\"https:\/\/maismagazine.pt\/#\/schema\/logo\/image\/\"}},{\"@type\":\"Person\",\"@id\":\"https:\/\/maismagazine.pt\/#\/schema\/person\/7426e2caeb8df32a1b56aa48dae778c9\",\"name\":\"Tatiana Martins\",\"image\":{\"@type\":\"ImageObject\",\"inLanguage\":\"pt-PT\",\"@id\":\"https:\/\/maismagazine.pt\/#\/schema\/person\/image\/\",\"url\":\"https:\/\/secure.gravatar.com\/avatar\/4b24a57f5d0425f2eb20981c4b53244e?s=96&d=mm&r=g\",\"contentUrl\":\"https:\/\/secure.gravatar.com\/avatar\/4b24a57f5d0425f2eb20981c4b53244e?s=96&d=mm&r=g\",\"caption\":\"Tatiana Martins\"},\"url\":\"http:\/\/maismagazine.pt\/index.php\/author\/tatiana\/\"}]}<\/script>\n<!-- \/ Yoast SEO plugin. -->","yoast_head_json":{"title":"Primeira sess\u00e3o realiza-se a 25 de setembro e \u00e9 dedicada ao Porto Vintage - Mais Magazine","robots":{"index":"index","follow":"follow","max-snippet":"max-snippet:-1","max-image-preview":"max-image-preview:large","max-video-preview":"max-video-preview:-1"},"canonical":"https:\/\/maismagazine.pt\/index.php\/2024\/09\/16\/primeira-sessao-realiza-se-a-25-de-setembro-e-e-dedicada-ao-porto-vintage\/","og_locale":"pt_PT","og_type":"article","og_title":"Primeira sess\u00e3o realiza-se a 25 de setembro e \u00e9 dedicada ao Porto Vintage - Mais Magazine","og_description":"O projeto Lu\u00eds Grad\u00edssimo \u2013 Vinho e Gastronomia, espa\u00e7o na web dedicado ao mundo do vinho e da gastronomia, est\u00e1 a celebrar o seu primeiro anivers\u00e1rio. Para assinalar a data, o autor preparou uma s\u00e9rie de novidades exclusivas, refor\u00e7ando o compromisso com a partilha de conhecimento e experi\u00eancias no universo&hellip;","og_url":"https:\/\/maismagazine.pt\/index.php\/2024\/09\/16\/primeira-sessao-realiza-se-a-25-de-setembro-e-e-dedicada-ao-porto-vintage\/","og_site_name":"Mais Magazine","article_published_time":"2024-09-16T13:30:12+00:00","og_image":[{"width":2560,"height":1707,"url":"https:\/\/maismagazine.pt\/wp-content\/uploads\/2024\/09\/LUIS-scaled.jpg","type":"image\/jpeg"}],"author":"Tatiana Martins","twitter_card":"summary_large_image","twitter_misc":{"Escrito por":false,"Tempo estimado de leitura":"3 minutos"},"schema":{"@context":"https:\/\/schema.org","@graph":[{"@type":"Article","@id":"https:\/\/maismagazine.pt\/index.php\/2024\/09\/16\/primeira-sessao-realiza-se-a-25-de-setembro-e-e-dedicada-ao-porto-vintage\/#article","isPartOf":{"@id":"https:\/\/maismagazine.pt\/index.php\/2024\/09\/16\/primeira-sessao-realiza-se-a-25-de-setembro-e-e-dedicada-ao-porto-vintage\/"},"author":{"name":"Tatiana Martins","@id":"https:\/\/maismagazine.pt\/#\/schema\/person\/7426e2caeb8df32a1b56aa48dae778c9"},"headline":"Primeira sess\u00e3o realiza-se a 25 de setembro e \u00e9 dedicada ao Porto Vintage","datePublished":"2024-09-16T13:30:12+00:00","mainEntityOfPage":{"@id":"https:\/\/maismagazine.pt\/index.php\/2024\/09\/16\/primeira-sessao-realiza-se-a-25-de-setembro-e-e-dedicada-ao-porto-vintage\/"},"wordCount":565,"publisher":{"@id":"https:\/\/maismagazine.pt\/#organization"},"image":{"@id":"https:\/\/maismagazine.pt\/index.php\/2024\/09\/16\/primeira-sessao-realiza-se-a-25-de-setembro-e-e-dedicada-ao-porto-vintage\/#primaryimage"},"thumbnailUrl":"http:\/\/maismagazine.pt\/wp-content\/uploads\/2024\/09\/LUIS-scaled.jpg","keywords":["Gastronomia","Lu\u00eds Grad\u00edssimo","Porto Vintage","vinho"],"articleSection":["Not\u00edcias"],"inLanguage":"pt-PT"},{"@type":"WebPage","@id":"https:\/\/maismagazine.pt\/index.php\/2024\/09\/16\/primeira-sessao-realiza-se-a-25-de-setembro-e-e-dedicada-ao-porto-vintage\/","url":"https:\/\/maismagazine.pt\/index.php\/2024\/09\/16\/primeira-sessao-realiza-se-a-25-de-setembro-e-e-dedicada-ao-porto-vintage\/","name":"Primeira sess\u00e3o realiza-se a 25 de setembro e \u00e9 dedicada ao Porto Vintage - Mais Magazine","isPartOf":{"@id":"https:\/\/maismagazine.pt\/#website"},"primaryImageOfPage":{"@id":"https:\/\/maismagazine.pt\/index.php\/2024\/09\/16\/primeira-sessao-realiza-se-a-25-de-setembro-e-e-dedicada-ao-porto-vintage\/#primaryimage"},"image":{"@id":"https:\/\/maismagazine.pt\/index.php\/2024\/09\/16\/primeira-sessao-realiza-se-a-25-de-setembro-e-e-dedicada-ao-porto-vintage\/#primaryimage"},"thumbnailUrl":"http:\/\/maismagazine.pt\/wp-content\/uploads\/2024\/09\/LUIS-scaled.jpg","datePublished":"2024-09-16T13:30:12+00:00","breadcrumb":{"@id":"https:\/\/maismagazine.pt\/index.php\/2024\/09\/16\/primeira-sessao-realiza-se-a-25-de-setembro-e-e-dedicada-ao-porto-vintage\/#breadcrumb"},"inLanguage":"pt-PT","potentialAction":[{"@type":"ReadAction","target":["https:\/\/maismagazine.pt\/index.php\/2024\/09\/16\/primeira-sessao-realiza-se-a-25-de-setembro-e-e-dedicada-ao-porto-vintage\/"]}]},{"@type":"ImageObject","inLanguage":"pt-PT","@id":"https:\/\/maismagazine.pt\/index.php\/2024\/09\/16\/primeira-sessao-realiza-se-a-25-de-setembro-e-e-dedicada-ao-porto-vintage\/#primaryimage","url":"http:\/\/maismagazine.pt\/wp-content\/uploads\/2024\/09\/LUIS-scaled.jpg","contentUrl":"http:\/\/maismagazine.pt\/wp-content\/uploads\/2024\/09\/LUIS-scaled.jpg","width":2560,"height":1707,"caption":"Porto Wine Fest 2022 , feira de vinhos com 35 produtores , e com tres provas especiais . A feira organizada pela Enophilo realiza se no Hotel Crown Plaza do Porto . Porto , 19 de Novembro de 2022 . \u00a9Enric Vives-Rubio"},{"@type":"BreadcrumbList","@id":"https:\/\/maismagazine.pt\/index.php\/2024\/09\/16\/primeira-sessao-realiza-se-a-25-de-setembro-e-e-dedicada-ao-porto-vintage\/#breadcrumb","itemListElement":[{"@type":"ListItem","position":1,"name":"Home","item":"https:\/\/maismagazine.pt\/"},{"@type":"ListItem","position":2,"name":"Primeira sess\u00e3o realiza-se a 25 de setembro e \u00e9 dedicada ao Porto Vintage"}]},{"@type":"WebSite","@id":"https:\/\/maismagazine.pt\/#website","url":"https:\/\/maismagazine.pt\/","name":"Mais Magazine","description":"","publisher":{"@id":"https:\/\/maismagazine.pt\/#organization"},"potentialAction":[{"@type":"SearchAction","target":{"@type":"EntryPoint","urlTemplate":"https:\/\/maismagazine.pt\/?s={search_term_string}"},"query-input":{"@type":"PropertyValueSpecification","valueRequired":true,"valueName":"search_term_string"}}],"inLanguage":"pt-PT"},{"@type":"Organization","@id":"https:\/\/maismagazine.pt\/#organization","name":"Mais Magazine","url":"https:\/\/maismagazine.pt\/","logo":{"@type":"ImageObject","inLanguage":"pt-PT","@id":"https:\/\/maismagazine.pt\/#\/schema\/logo\/image\/","url":"http:\/\/maismagazine.pt\/wp-content\/uploads\/2020\/04\/cropped-cropped-mais-magazine-site-logo-2.png","contentUrl":"http:\/\/maismagazine.pt\/wp-content\/uploads\/2020\/04\/cropped-cropped-mais-magazine-site-logo-2.png","width":581,"height":90,"caption":"Mais Magazine"},"image":{"@id":"https:\/\/maismagazine.pt\/#\/schema\/logo\/image\/"}},{"@type":"Person","@id":"https:\/\/maismagazine.pt\/#\/schema\/person\/7426e2caeb8df32a1b56aa48dae778c9","name":"Tatiana Martins","image":{"@type":"ImageObject","inLanguage":"pt-PT","@id":"https:\/\/maismagazine.pt\/#\/schema\/person\/image\/","url":"https:\/\/secure.gravatar.com\/avatar\/4b24a57f5d0425f2eb20981c4b53244e?s=96&d=mm&r=g","contentUrl":"https:\/\/secure.gravatar.com\/avatar\/4b24a57f5d0425f2eb20981c4b53244e?s=96&d=mm&r=g","caption":"Tatiana Martins"},"url":"http:\/\/maismagazine.pt\/index.php\/author\/tatiana\/"}]}},"author_meta":{"display_name":false,"author_link":"http:\/\/maismagazine.pt\/index.php\/author\/tatiana\/"},"featured_img":"http:\/\/maismagazine.pt\/wp-content\/uploads\/2024\/09\/LUIS-300x200.jpg","coauthors":[],"tax_additional":{"categories":{"linked":["<a href=\"http:\/\/maismagazine.pt\/index.php\/category\/noticias\/\" class=\"advgb-post-tax-term\">Not\u00edcias<\/a>"],"unlinked":["<span class=\"advgb-post-tax-term\">Not\u00edcias<\/span>"]},"tags":{"linked":["<a href=\"http:\/\/maismagazine.pt\/index.php\/category\/noticias\/\" class=\"advgb-post-tax-term\">Gastronomia<\/a>","<a href=\"http:\/\/maismagazine.pt\/index.php\/category\/noticias\/\" class=\"advgb-post-tax-term\">Lu\u00eds Grad\u00edssimo<\/a>","<a href=\"http:\/\/maismagazine.pt\/index.php\/category\/noticias\/\" class=\"advgb-post-tax-term\">Porto Vintage<\/a>","<a href=\"http:\/\/maismagazine.pt\/index.php\/category\/noticias\/\" class=\"advgb-post-tax-term\">vinho<\/a>"],"unlinked":["<span class=\"advgb-post-tax-term\">Gastronomia<\/span>","<span class=\"advgb-post-tax-term\">Lu\u00eds Grad\u00edssimo<\/span>","<span class=\"advgb-post-tax-term\">Porto Vintage<\/span>","<span class=\"advgb-post-tax-term\">vinho<\/span>"]}},"comment_count":"0","relative_dates":{"created":"Posted 2 anos ago","modified":"Updated 2 anos ago"},"absolute_dates":{"created":"Posted on 16 de Setembro, 2024","modified":"Updated on 16 de Setembro, 2024"},"absolute_dates_time":{"created":"Posted on 16 de Setembro, 2024 14:30","modified":"Updated on 16 de Setembro, 2024 14:30"},"featured_img_caption":"Porto Wine Fest 2022 , feira de vinhos com 35 produtores , e com tres provas especiais . A feira organizada pela Enophilo realiza se no Hotel Crown Plaza  do Porto .\n\nPorto , 19 de Novembro de 2022 .\n\n\u00a9Enric Vives-Rubio","series_order":"","_links":{"self":[{"href":"http:\/\/maismagazine.pt\/index.php\/wp-json\/wp\/v2\/posts\/10340","targetHints":{"allow":["GET"]}}],"collection":[{"href":"http:\/\/maismagazine.pt\/index.php\/wp-json\/wp\/v2\/posts"}],"about":[{"href":"http:\/\/maismagazine.pt\/index.php\/wp-json\/wp\/v2\/types\/post"}],"author":[{"embeddable":true,"href":"http:\/\/maismagazine.pt\/index.php\/wp-json\/wp\/v2\/users\/18"}],"replies":[{"embeddable":true,"href":"http:\/\/maismagazine.pt\/index.php\/wp-json\/wp\/v2\/comments?post=10340"}],"version-history":[{"count":1,"href":"http:\/\/maismagazine.pt\/index.php\/wp-json\/wp\/v2\/posts\/10340\/revisions"}],"predecessor-version":[{"id":10342,"href":"http:\/\/maismagazine.pt\/index.php\/wp-json\/wp\/v2\/posts\/10340\/revisions\/10342"}],"wp:featuredmedia":[{"embeddable":true,"href":"http:\/\/maismagazine.pt\/index.php\/wp-json\/wp\/v2\/media\/10341"}],"wp:attachment":[{"href":"http:\/\/maismagazine.pt\/index.php\/wp-json\/wp\/v2\/media?parent=10340"}],"wp:term":[{"taxonomy":"category","embeddable":true,"href":"http:\/\/maismagazine.pt\/index.php\/wp-json\/wp\/v2\/categories?post=10340"},{"taxonomy":"post_tag","embeddable":true,"href":"http:\/\/maismagazine.pt\/index.php\/wp-json\/wp\/v2\/tags?post=10340"}],"curies":[{"name":"wp","href":"https:\/\/api.w.org\/{rel}","templated":true}]}}