{"id":10310,"date":"2024-07-31T10:46:02","date_gmt":"2024-07-31T09:46:02","guid":{"rendered":"https:\/\/maismagazine.pt\/?p=10310"},"modified":"2024-07-31T10:46:02","modified_gmt":"2024-07-31T09:46:02","slug":"critical-manufacturing-atrai-talento-jovem-com-experiencia-de-trabalho-personalizada","status":"publish","type":"post","link":"http:\/\/maismagazine.pt\/index.php\/2024\/07\/31\/critical-manufacturing-atrai-talento-jovem-com-experiencia-de-trabalho-personalizada\/","title":{"rendered":"Critical Manufacturing atrai talento jovem com experi\u00eancia de trabalho personalizada"},"content":{"rendered":"\n<p><strong>Cerca de duas dezenas de jovens estudantes universit\u00e1rios iniciaram, este m\u00eas, est\u00e1gios de ver\u00e3o remunerados nos escrit\u00f3rios portugueses da Critical Manufacturing. Os est\u00e1gios <em>Summer In Tech \u2013 Dive Into Industry 4.0<\/em> oferecem o acesso privilegiado a \u201cuma experi\u00eancia de aprendizagem pr\u00e1tica\u201d nas \u00e1reas de Engenharia, Qualidade e Marketing. \u00c9 a 12.\u00aa edi\u00e7\u00e3o da iniciativa, que soma j\u00e1 150 estagi\u00e1rios no curr\u00edculo, selecionados de acordo com uma avalia\u00e7\u00e3o criteriosa. Ap\u00f3s a conclus\u00e3o dos est\u00e1gios de ver\u00e3o, j\u00e1 houve alguns casos que receberam o convite para uma \u201cintegra\u00e7\u00e3o imediata na empresa em regime de trabalho parcial\u201d, permitindo, assim, aliar os estudos a este desafio. Em causa est\u00e1 uma experi\u00eancia de trabalho din\u00e2mica e enriquecedora, para ambas as partes, que possibilita troca direta de conhecimento e aprendizagem de ferramentas pr\u00e1ticas. \u201cA integra\u00e7\u00e3o destes 19 estagi\u00e1rios na equipa \u00e9 total, o que lhes permite uma experi\u00eancia real de trabalho, fundamental no futuro para o seu curr\u00edculo\u201d, afirma Liliana Macedo, People Operations Manager.<\/strong><\/p>\n\n\n\n<p><\/p>\n\n\n\n<p>O programa de est\u00e1gios da Critical Manufacturing arranca com um \u201cpedido de propostas \u00e0s v\u00e1rias \u00e1reas da empresa\u201d, com o objetivo de oferecer aos jovens participantes \u201cuma experi\u00eancia de aprendizagem pr\u00e1tica adaptada \u00e0 dura\u00e7\u00e3o dos est\u00e1gios\u201d, que neste caso s\u00e3o dois meses.<\/p>\n\n\n\n<p><\/p>\n\n\n\n<p>\u201cQueremos sempre que estas iniciativas tragam inova\u00e7\u00e3o, melhoria e que culminem com a execu\u00e7\u00e3o de uma prova de conceito aplic\u00e1vel \u00e0 nossa realidade\u201d, refere Liliana Macedo, salientando que, este ano, ter\u00e3o estagi\u00e1rios em todas as \u00e1reas de engenharia &#8211; Deployment Services, MES Services, Custom Services, Product Development, Technology \u2013, Qualidade e, pela primeira vez, tamb\u00e9m na \u00e1rea de Marketing.<\/p>\n\n\n\n<p><\/p>\n\n\n\n<p>Segundo explica a People Operations Manager, os estagi\u00e1rios integram o modelo de trabalho das equipas da tecnol\u00f3gica, nomeadamente atrav\u00e9s de participa\u00e7\u00f5es em reuni\u00f5es e cerim\u00f3nias de equipa, sob a supervis\u00e3o de um orientador, respons\u00e1vel por acompanh\u00e1-los de forma direta e permanente. Este \u201cacompanhamento personalizado\u201d, aliado \u00e0 \u201cinformalidade e transpar\u00eancia da empresa\u201d bem como \u00e0 \u201caprendizagem em contexto real\u201d s\u00e3o fatores diferenciadores e valorizados pelos candidatos.<\/p>\n\n\n\n<p><\/p>\n\n\n\n<p>\u201cAs universidades est\u00e3o a preparar os alunos para criarem o seu pr\u00f3prio caminho. O contexto das engenharias \u00e9 bastante desafiante do ponto de vista t\u00e9cnico e os alunos experienciam j\u00e1 um alto n\u00edvel de exig\u00eancia. A sua experi\u00eancia permite-lhes mais abertura internacional, quer seja pela diversidade na comunidade acad\u00e9mica como pela oportunidade que t\u00eam em integrar programas de mobilidade internacional. O <em>mindset<\/em> foi tamb\u00e9m evoluindo e assistimos a uma expectativa, cada vez maior de progress\u00e3o e evolu\u00e7\u00e3o constantes\u201d, refere, ainda, Liliana Macedo.<\/p>\n\n\n\n<p><\/p>\n\n\n\n<p>A marcar o arranque dos est\u00e1gios est\u00e1 o tradicional \u201cDia Aberto\u201d, onde os estudantes t\u00eam a oportunidade de visitar a empresa e conhecer as diferentes \u00e1reas de trabalho, para que depois possam selecionar o seu projeto.<\/p>\n\n\n\n<p><\/p>\n\n\n\n<p>Este ano, pela primeira vez, foi conduzida uma sess\u00e3o, por parte de um elemento da equipa de People Operations, para ajudar os candidatos &#8220;a constru\u00edrem o seu curr\u00edculo de forma atrativa&#8221;.<\/p>\n\n\n\n<p><\/p>\n\n\n\n<p>A esmagadora maioria dos estagi\u00e1rios reconhece na Critical Manufacturing um \u201cempregador onde poder\u00e3o iniciar o seu percurso profissional\u201d e procura a tecnol\u00f3gica logo ap\u00f3s o t\u00e9rmino da licenciatura ou mestrado.<\/p>\n","protected":false},"excerpt":{"rendered":"<p>Cerca de duas dezenas de jovens estudantes universit\u00e1rios iniciaram, este m\u00eas, est\u00e1gios de ver\u00e3o remunerados nos escrit\u00f3rios portugueses da Critical Manufacturing. Os est\u00e1gios Summer In Tech \u2013 Dive Into Industry 4.0 oferecem o acesso privilegiado a \u201cuma experi\u00eancia de aprendizagem pr\u00e1tica\u201d nas \u00e1reas de Engenharia, Qualidade e Marketing. \u00c9 a&hellip;<\/p>\n","protected":false},"author":18,"featured_media":10311,"comment_status":"closed","ping_status":"open","sticky":false,"template":"","format":"standard","meta":{"advgb_blocks_editor_width":"","advgb_blocks_columns_visual_guide":"","_monsterinsights_skip_tracking":false,"_monsterinsights_sitenote_active":false,"_monsterinsights_sitenote_note":"","_monsterinsights_sitenote_category":0,"footnotes":""},"categories":[7],"tags":[2103,525,521,2104],"class_list":["post-10310","post","type-post","status-publish","format-standard","has-post-thumbnail","hentry","category-noticias","tag-critical-manufacturing","tag-educacao","tag-ensino","tag-summer-in-tech"],"yoast_head":"<!-- This site is optimized with the Yoast SEO plugin v24.4 - https:\/\/yoast.com\/wordpress\/plugins\/seo\/ -->\n<title>Critical Manufacturing atrai talento jovem com experi\u00eancia de trabalho personalizada - Mais Magazine<\/title>\n<meta name=\"robots\" content=\"index, follow, max-snippet:-1, max-image-preview:large, max-video-preview:-1\" \/>\n<link rel=\"canonical\" href=\"http:\/\/maismagazine.pt\/index.php\/2024\/07\/31\/critical-manufacturing-atrai-talento-jovem-com-experiencia-de-trabalho-personalizada\/\" \/>\n<meta property=\"og:locale\" content=\"pt_PT\" \/>\n<meta property=\"og:type\" content=\"article\" \/>\n<meta property=\"og:title\" content=\"Critical Manufacturing atrai talento jovem com experi\u00eancia de trabalho personalizada - Mais Magazine\" \/>\n<meta property=\"og:description\" content=\"Cerca de duas dezenas de jovens estudantes universit\u00e1rios iniciaram, este m\u00eas, est\u00e1gios de ver\u00e3o remunerados nos escrit\u00f3rios portugueses da Critical Manufacturing. Os est\u00e1gios Summer In Tech \u2013 Dive Into Industry 4.0 oferecem o acesso privilegiado a \u201cuma experi\u00eancia de aprendizagem pr\u00e1tica\u201d nas \u00e1reas de Engenharia, Qualidade e Marketing. \u00c9 a&hellip;\" \/>\n<meta property=\"og:url\" content=\"http:\/\/maismagazine.pt\/index.php\/2024\/07\/31\/critical-manufacturing-atrai-talento-jovem-com-experiencia-de-trabalho-personalizada\/\" \/>\n<meta property=\"og:site_name\" content=\"Mais Magazine\" \/>\n<meta property=\"article:published_time\" content=\"2024-07-31T09:46:02+00:00\" \/>\n<meta property=\"og:image\" content=\"http:\/\/maismagazine.pt\/wp-content\/uploads\/2024\/07\/Imagem-WhatsApp-2024-06-26-as-18.16.25_b1567cd8.jpg\" \/>\n\t<meta property=\"og:image:width\" content=\"2048\" \/>\n\t<meta property=\"og:image:height\" content=\"1536\" \/>\n\t<meta property=\"og:image:type\" content=\"image\/jpeg\" \/>\n<meta name=\"author\" content=\"Tatiana Martins\" \/>\n<meta name=\"twitter:card\" content=\"summary_large_image\" \/>\n<meta name=\"twitter:label1\" content=\"Escrito por\" \/>\n\t<meta name=\"twitter:data1\" content=\"\" \/>\n\t<meta name=\"twitter:label2\" content=\"Tempo estimado de leitura\" \/>\n\t<meta name=\"twitter:data2\" content=\"3 minutos\" \/>\n<script type=\"application\/ld+json\" class=\"yoast-schema-graph\">{\"@context\":\"https:\/\/schema.org\",\"@graph\":[{\"@type\":\"Article\",\"@id\":\"http:\/\/maismagazine.pt\/index.php\/2024\/07\/31\/critical-manufacturing-atrai-talento-jovem-com-experiencia-de-trabalho-personalizada\/#article\",\"isPartOf\":{\"@id\":\"http:\/\/maismagazine.pt\/index.php\/2024\/07\/31\/critical-manufacturing-atrai-talento-jovem-com-experiencia-de-trabalho-personalizada\/\"},\"author\":{\"name\":\"Tatiana Martins\",\"@id\":\"https:\/\/maismagazine.pt\/#\/schema\/person\/7426e2caeb8df32a1b56aa48dae778c9\"},\"headline\":\"Critical Manufacturing atrai talento jovem com experi\u00eancia de trabalho personalizada\",\"datePublished\":\"2024-07-31T09:46:02+00:00\",\"mainEntityOfPage\":{\"@id\":\"http:\/\/maismagazine.pt\/index.php\/2024\/07\/31\/critical-manufacturing-atrai-talento-jovem-com-experiencia-de-trabalho-personalizada\/\"},\"wordCount\":570,\"publisher\":{\"@id\":\"https:\/\/maismagazine.pt\/#organization\"},\"image\":{\"@id\":\"http:\/\/maismagazine.pt\/index.php\/2024\/07\/31\/critical-manufacturing-atrai-talento-jovem-com-experiencia-de-trabalho-personalizada\/#primaryimage\"},\"thumbnailUrl\":\"http:\/\/maismagazine.pt\/wp-content\/uploads\/2024\/07\/Imagem-WhatsApp-2024-06-26-as-18.16.25_b1567cd8.jpg\",\"keywords\":[\"Critical Manufacturing\",\"Educa\u00e7\u00e3o\",\"Ensino\",\"Summer In Tech\"],\"articleSection\":[\"Not\u00edcias\"],\"inLanguage\":\"pt-PT\"},{\"@type\":\"WebPage\",\"@id\":\"http:\/\/maismagazine.pt\/index.php\/2024\/07\/31\/critical-manufacturing-atrai-talento-jovem-com-experiencia-de-trabalho-personalizada\/\",\"url\":\"http:\/\/maismagazine.pt\/index.php\/2024\/07\/31\/critical-manufacturing-atrai-talento-jovem-com-experiencia-de-trabalho-personalizada\/\",\"name\":\"Critical Manufacturing atrai talento jovem com experi\u00eancia de trabalho personalizada - Mais Magazine\",\"isPartOf\":{\"@id\":\"https:\/\/maismagazine.pt\/#website\"},\"primaryImageOfPage\":{\"@id\":\"http:\/\/maismagazine.pt\/index.php\/2024\/07\/31\/critical-manufacturing-atrai-talento-jovem-com-experiencia-de-trabalho-personalizada\/#primaryimage\"},\"image\":{\"@id\":\"http:\/\/maismagazine.pt\/index.php\/2024\/07\/31\/critical-manufacturing-atrai-talento-jovem-com-experiencia-de-trabalho-personalizada\/#primaryimage\"},\"thumbnailUrl\":\"http:\/\/maismagazine.pt\/wp-content\/uploads\/2024\/07\/Imagem-WhatsApp-2024-06-26-as-18.16.25_b1567cd8.jpg\",\"datePublished\":\"2024-07-31T09:46:02+00:00\",\"breadcrumb\":{\"@id\":\"http:\/\/maismagazine.pt\/index.php\/2024\/07\/31\/critical-manufacturing-atrai-talento-jovem-com-experiencia-de-trabalho-personalizada\/#breadcrumb\"},\"inLanguage\":\"pt-PT\",\"potentialAction\":[{\"@type\":\"ReadAction\",\"target\":[\"http:\/\/maismagazine.pt\/index.php\/2024\/07\/31\/critical-manufacturing-atrai-talento-jovem-com-experiencia-de-trabalho-personalizada\/\"]}]},{\"@type\":\"ImageObject\",\"inLanguage\":\"pt-PT\",\"@id\":\"http:\/\/maismagazine.pt\/index.php\/2024\/07\/31\/critical-manufacturing-atrai-talento-jovem-com-experiencia-de-trabalho-personalizada\/#primaryimage\",\"url\":\"http:\/\/maismagazine.pt\/wp-content\/uploads\/2024\/07\/Imagem-WhatsApp-2024-06-26-as-18.16.25_b1567cd8.jpg\",\"contentUrl\":\"http:\/\/maismagazine.pt\/wp-content\/uploads\/2024\/07\/Imagem-WhatsApp-2024-06-26-as-18.16.25_b1567cd8.jpg\",\"width\":2048,\"height\":1536},{\"@type\":\"BreadcrumbList\",\"@id\":\"http:\/\/maismagazine.pt\/index.php\/2024\/07\/31\/critical-manufacturing-atrai-talento-jovem-com-experiencia-de-trabalho-personalizada\/#breadcrumb\",\"itemListElement\":[{\"@type\":\"ListItem\",\"position\":1,\"name\":\"Home\",\"item\":\"https:\/\/maismagazine.pt\/\"},{\"@type\":\"ListItem\",\"position\":2,\"name\":\"Critical Manufacturing atrai talento jovem com experi\u00eancia de trabalho personalizada\"}]},{\"@type\":\"WebSite\",\"@id\":\"https:\/\/maismagazine.pt\/#website\",\"url\":\"https:\/\/maismagazine.pt\/\",\"name\":\"Mais Magazine\",\"description\":\"\",\"publisher\":{\"@id\":\"https:\/\/maismagazine.pt\/#organization\"},\"potentialAction\":[{\"@type\":\"SearchAction\",\"target\":{\"@type\":\"EntryPoint\",\"urlTemplate\":\"https:\/\/maismagazine.pt\/?s={search_term_string}\"},\"query-input\":{\"@type\":\"PropertyValueSpecification\",\"valueRequired\":true,\"valueName\":\"search_term_string\"}}],\"inLanguage\":\"pt-PT\"},{\"@type\":\"Organization\",\"@id\":\"https:\/\/maismagazine.pt\/#organization\",\"name\":\"Mais Magazine\",\"url\":\"https:\/\/maismagazine.pt\/\",\"logo\":{\"@type\":\"ImageObject\",\"inLanguage\":\"pt-PT\",\"@id\":\"https:\/\/maismagazine.pt\/#\/schema\/logo\/image\/\",\"url\":\"http:\/\/maismagazine.pt\/wp-content\/uploads\/2020\/04\/cropped-cropped-mais-magazine-site-logo-2.png\",\"contentUrl\":\"http:\/\/maismagazine.pt\/wp-content\/uploads\/2020\/04\/cropped-cropped-mais-magazine-site-logo-2.png\",\"width\":581,\"height\":90,\"caption\":\"Mais Magazine\"},\"image\":{\"@id\":\"https:\/\/maismagazine.pt\/#\/schema\/logo\/image\/\"}},{\"@type\":\"Person\",\"@id\":\"https:\/\/maismagazine.pt\/#\/schema\/person\/7426e2caeb8df32a1b56aa48dae778c9\",\"name\":\"Tatiana Martins\",\"image\":{\"@type\":\"ImageObject\",\"inLanguage\":\"pt-PT\",\"@id\":\"https:\/\/maismagazine.pt\/#\/schema\/person\/image\/\",\"url\":\"https:\/\/secure.gravatar.com\/avatar\/4b24a57f5d0425f2eb20981c4b53244e?s=96&d=mm&r=g\",\"contentUrl\":\"https:\/\/secure.gravatar.com\/avatar\/4b24a57f5d0425f2eb20981c4b53244e?s=96&d=mm&r=g\",\"caption\":\"Tatiana Martins\"},\"url\":\"http:\/\/maismagazine.pt\/index.php\/author\/tatiana\/\"}]}<\/script>\n<!-- \/ Yoast SEO plugin. -->","yoast_head_json":{"title":"Critical Manufacturing atrai talento jovem com experi\u00eancia de trabalho personalizada - Mais Magazine","robots":{"index":"index","follow":"follow","max-snippet":"max-snippet:-1","max-image-preview":"max-image-preview:large","max-video-preview":"max-video-preview:-1"},"canonical":"http:\/\/maismagazine.pt\/index.php\/2024\/07\/31\/critical-manufacturing-atrai-talento-jovem-com-experiencia-de-trabalho-personalizada\/","og_locale":"pt_PT","og_type":"article","og_title":"Critical Manufacturing atrai talento jovem com experi\u00eancia de trabalho personalizada - Mais Magazine","og_description":"Cerca de duas dezenas de jovens estudantes universit\u00e1rios iniciaram, este m\u00eas, est\u00e1gios de ver\u00e3o remunerados nos escrit\u00f3rios portugueses da Critical Manufacturing. Os est\u00e1gios Summer In Tech \u2013 Dive Into Industry 4.0 oferecem o acesso privilegiado a \u201cuma experi\u00eancia de aprendizagem pr\u00e1tica\u201d nas \u00e1reas de Engenharia, Qualidade e Marketing. \u00c9 a&hellip;","og_url":"http:\/\/maismagazine.pt\/index.php\/2024\/07\/31\/critical-manufacturing-atrai-talento-jovem-com-experiencia-de-trabalho-personalizada\/","og_site_name":"Mais Magazine","article_published_time":"2024-07-31T09:46:02+00:00","og_image":[{"width":2048,"height":1536,"url":"http:\/\/maismagazine.pt\/wp-content\/uploads\/2024\/07\/Imagem-WhatsApp-2024-06-26-as-18.16.25_b1567cd8.jpg","type":"image\/jpeg"}],"author":"Tatiana Martins","twitter_card":"summary_large_image","twitter_misc":{"Escrito por":false,"Tempo estimado de leitura":"3 minutos"},"schema":{"@context":"https:\/\/schema.org","@graph":[{"@type":"Article","@id":"http:\/\/maismagazine.pt\/index.php\/2024\/07\/31\/critical-manufacturing-atrai-talento-jovem-com-experiencia-de-trabalho-personalizada\/#article","isPartOf":{"@id":"http:\/\/maismagazine.pt\/index.php\/2024\/07\/31\/critical-manufacturing-atrai-talento-jovem-com-experiencia-de-trabalho-personalizada\/"},"author":{"name":"Tatiana Martins","@id":"https:\/\/maismagazine.pt\/#\/schema\/person\/7426e2caeb8df32a1b56aa48dae778c9"},"headline":"Critical Manufacturing atrai talento jovem com experi\u00eancia de trabalho personalizada","datePublished":"2024-07-31T09:46:02+00:00","mainEntityOfPage":{"@id":"http:\/\/maismagazine.pt\/index.php\/2024\/07\/31\/critical-manufacturing-atrai-talento-jovem-com-experiencia-de-trabalho-personalizada\/"},"wordCount":570,"publisher":{"@id":"https:\/\/maismagazine.pt\/#organization"},"image":{"@id":"http:\/\/maismagazine.pt\/index.php\/2024\/07\/31\/critical-manufacturing-atrai-talento-jovem-com-experiencia-de-trabalho-personalizada\/#primaryimage"},"thumbnailUrl":"http:\/\/maismagazine.pt\/wp-content\/uploads\/2024\/07\/Imagem-WhatsApp-2024-06-26-as-18.16.25_b1567cd8.jpg","keywords":["Critical Manufacturing","Educa\u00e7\u00e3o","Ensino","Summer In Tech"],"articleSection":["Not\u00edcias"],"inLanguage":"pt-PT"},{"@type":"WebPage","@id":"http:\/\/maismagazine.pt\/index.php\/2024\/07\/31\/critical-manufacturing-atrai-talento-jovem-com-experiencia-de-trabalho-personalizada\/","url":"http:\/\/maismagazine.pt\/index.php\/2024\/07\/31\/critical-manufacturing-atrai-talento-jovem-com-experiencia-de-trabalho-personalizada\/","name":"Critical Manufacturing atrai talento jovem com experi\u00eancia de trabalho personalizada - Mais Magazine","isPartOf":{"@id":"https:\/\/maismagazine.pt\/#website"},"primaryImageOfPage":{"@id":"http:\/\/maismagazine.pt\/index.php\/2024\/07\/31\/critical-manufacturing-atrai-talento-jovem-com-experiencia-de-trabalho-personalizada\/#primaryimage"},"image":{"@id":"http:\/\/maismagazine.pt\/index.php\/2024\/07\/31\/critical-manufacturing-atrai-talento-jovem-com-experiencia-de-trabalho-personalizada\/#primaryimage"},"thumbnailUrl":"http:\/\/maismagazine.pt\/wp-content\/uploads\/2024\/07\/Imagem-WhatsApp-2024-06-26-as-18.16.25_b1567cd8.jpg","datePublished":"2024-07-31T09:46:02+00:00","breadcrumb":{"@id":"http:\/\/maismagazine.pt\/index.php\/2024\/07\/31\/critical-manufacturing-atrai-talento-jovem-com-experiencia-de-trabalho-personalizada\/#breadcrumb"},"inLanguage":"pt-PT","potentialAction":[{"@type":"ReadAction","target":["http:\/\/maismagazine.pt\/index.php\/2024\/07\/31\/critical-manufacturing-atrai-talento-jovem-com-experiencia-de-trabalho-personalizada\/"]}]},{"@type":"ImageObject","inLanguage":"pt-PT","@id":"http:\/\/maismagazine.pt\/index.php\/2024\/07\/31\/critical-manufacturing-atrai-talento-jovem-com-experiencia-de-trabalho-personalizada\/#primaryimage","url":"http:\/\/maismagazine.pt\/wp-content\/uploads\/2024\/07\/Imagem-WhatsApp-2024-06-26-as-18.16.25_b1567cd8.jpg","contentUrl":"http:\/\/maismagazine.pt\/wp-content\/uploads\/2024\/07\/Imagem-WhatsApp-2024-06-26-as-18.16.25_b1567cd8.jpg","width":2048,"height":1536},{"@type":"BreadcrumbList","@id":"http:\/\/maismagazine.pt\/index.php\/2024\/07\/31\/critical-manufacturing-atrai-talento-jovem-com-experiencia-de-trabalho-personalizada\/#breadcrumb","itemListElement":[{"@type":"ListItem","position":1,"name":"Home","item":"https:\/\/maismagazine.pt\/"},{"@type":"ListItem","position":2,"name":"Critical Manufacturing atrai talento jovem com experi\u00eancia de trabalho personalizada"}]},{"@type":"WebSite","@id":"https:\/\/maismagazine.pt\/#website","url":"https:\/\/maismagazine.pt\/","name":"Mais Magazine","description":"","publisher":{"@id":"https:\/\/maismagazine.pt\/#organization"},"potentialAction":[{"@type":"SearchAction","target":{"@type":"EntryPoint","urlTemplate":"https:\/\/maismagazine.pt\/?s={search_term_string}"},"query-input":{"@type":"PropertyValueSpecification","valueRequired":true,"valueName":"search_term_string"}}],"inLanguage":"pt-PT"},{"@type":"Organization","@id":"https:\/\/maismagazine.pt\/#organization","name":"Mais Magazine","url":"https:\/\/maismagazine.pt\/","logo":{"@type":"ImageObject","inLanguage":"pt-PT","@id":"https:\/\/maismagazine.pt\/#\/schema\/logo\/image\/","url":"http:\/\/maismagazine.pt\/wp-content\/uploads\/2020\/04\/cropped-cropped-mais-magazine-site-logo-2.png","contentUrl":"http:\/\/maismagazine.pt\/wp-content\/uploads\/2020\/04\/cropped-cropped-mais-magazine-site-logo-2.png","width":581,"height":90,"caption":"Mais Magazine"},"image":{"@id":"https:\/\/maismagazine.pt\/#\/schema\/logo\/image\/"}},{"@type":"Person","@id":"https:\/\/maismagazine.pt\/#\/schema\/person\/7426e2caeb8df32a1b56aa48dae778c9","name":"Tatiana Martins","image":{"@type":"ImageObject","inLanguage":"pt-PT","@id":"https:\/\/maismagazine.pt\/#\/schema\/person\/image\/","url":"https:\/\/secure.gravatar.com\/avatar\/4b24a57f5d0425f2eb20981c4b53244e?s=96&d=mm&r=g","contentUrl":"https:\/\/secure.gravatar.com\/avatar\/4b24a57f5d0425f2eb20981c4b53244e?s=96&d=mm&r=g","caption":"Tatiana Martins"},"url":"http:\/\/maismagazine.pt\/index.php\/author\/tatiana\/"}]}},"author_meta":{"display_name":false,"author_link":"http:\/\/maismagazine.pt\/index.php\/author\/tatiana\/"},"featured_img":"http:\/\/maismagazine.pt\/wp-content\/uploads\/2024\/07\/Imagem-WhatsApp-2024-06-26-as-18.16.25_b1567cd8-300x225.jpg","coauthors":[],"tax_additional":{"categories":{"linked":["<a href=\"http:\/\/maismagazine.pt\/index.php\/category\/noticias\/\" class=\"advgb-post-tax-term\">Not\u00edcias<\/a>"],"unlinked":["<span class=\"advgb-post-tax-term\">Not\u00edcias<\/span>"]},"tags":{"linked":["<a href=\"http:\/\/maismagazine.pt\/index.php\/category\/noticias\/\" class=\"advgb-post-tax-term\">Critical Manufacturing<\/a>","<a href=\"http:\/\/maismagazine.pt\/index.php\/category\/noticias\/\" class=\"advgb-post-tax-term\">Educa\u00e7\u00e3o<\/a>","<a href=\"http:\/\/maismagazine.pt\/index.php\/category\/noticias\/\" class=\"advgb-post-tax-term\">Ensino<\/a>","<a href=\"http:\/\/maismagazine.pt\/index.php\/category\/noticias\/\" class=\"advgb-post-tax-term\">Summer In Tech<\/a>"],"unlinked":["<span class=\"advgb-post-tax-term\">Critical Manufacturing<\/span>","<span class=\"advgb-post-tax-term\">Educa\u00e7\u00e3o<\/span>","<span class=\"advgb-post-tax-term\">Ensino<\/span>","<span class=\"advgb-post-tax-term\">Summer In Tech<\/span>"]}},"comment_count":"0","relative_dates":{"created":"Posted 2 anos ago","modified":"Updated 2 anos ago"},"absolute_dates":{"created":"Posted on 31 de Julho, 2024","modified":"Updated on 31 de Julho, 2024"},"absolute_dates_time":{"created":"Posted on 31 de Julho, 2024 10:46","modified":"Updated on 31 de Julho, 2024 10:46"},"featured_img_caption":"","series_order":"","_links":{"self":[{"href":"http:\/\/maismagazine.pt\/index.php\/wp-json\/wp\/v2\/posts\/10310","targetHints":{"allow":["GET"]}}],"collection":[{"href":"http:\/\/maismagazine.pt\/index.php\/wp-json\/wp\/v2\/posts"}],"about":[{"href":"http:\/\/maismagazine.pt\/index.php\/wp-json\/wp\/v2\/types\/post"}],"author":[{"embeddable":true,"href":"http:\/\/maismagazine.pt\/index.php\/wp-json\/wp\/v2\/users\/18"}],"replies":[{"embeddable":true,"href":"http:\/\/maismagazine.pt\/index.php\/wp-json\/wp\/v2\/comments?post=10310"}],"version-history":[{"count":1,"href":"http:\/\/maismagazine.pt\/index.php\/wp-json\/wp\/v2\/posts\/10310\/revisions"}],"predecessor-version":[{"id":10312,"href":"http:\/\/maismagazine.pt\/index.php\/wp-json\/wp\/v2\/posts\/10310\/revisions\/10312"}],"wp:featuredmedia":[{"embeddable":true,"href":"http:\/\/maismagazine.pt\/index.php\/wp-json\/wp\/v2\/media\/10311"}],"wp:attachment":[{"href":"http:\/\/maismagazine.pt\/index.php\/wp-json\/wp\/v2\/media?parent=10310"}],"wp:term":[{"taxonomy":"category","embeddable":true,"href":"http:\/\/maismagazine.pt\/index.php\/wp-json\/wp\/v2\/categories?post=10310"},{"taxonomy":"post_tag","embeddable":true,"href":"http:\/\/maismagazine.pt\/index.php\/wp-json\/wp\/v2\/tags?post=10310"}],"curies":[{"name":"wp","href":"https:\/\/api.w.org\/{rel}","templated":true}]}}