{"id":10286,"date":"2024-07-24T14:31:25","date_gmt":"2024-07-24T13:31:25","guid":{"rendered":"https:\/\/maismagazine.pt\/?p=10286"},"modified":"2024-07-24T14:31:26","modified_gmt":"2024-07-24T13:31:26","slug":"festival-da-terra-transmontana-2024","status":"publish","type":"post","link":"http:\/\/maismagazine.pt\/index.php\/2024\/07\/24\/festival-da-terra-transmontana-2024\/","title":{"rendered":"Festival da Terra Transmontana 2024"},"content":{"rendered":"\n<p>O Festival da Terra Transmontana (FTT) est\u00e1 consolidado como um dos grandes eventos culturais da regi\u00e3o transfronteiri\u00e7a do nordeste<br>transmontano.<\/p>\n\n\n\n<p><br>Entre os dias 26 e 28 de julho a zona hist\u00f3rica de Mogadouro, coroada pelo castelo templ\u00e1rio da vila, vai acomodar toda a m\u00e1quina humana, art\u00edstica e cultural que vai dar vida a este Festival, dedicado \u00e0 preserva\u00e7\u00e3o e \u00e0 revitaliza\u00e7\u00e3o das tradi\u00e7\u00f5es transmontanas.<\/p>\n\n\n\n<p><br>O tema escolhido para este ano \u201cRetratos da Nossa Gente\u201d, inspirado na Literatura de J. Rentes de Trabalho, escritor com origens em Estevais, uma aldeia do concelho de Mogadouro, que foi homenageado pelo Munic\u00edpio no passado m\u00eas de maio.<\/p>\n\n\n\n<p><br>O FTT tem uma forte componente l\u00fadica, com v\u00e1rios espa\u00e7os e espet\u00e1culos dedicados \u00e0s crian\u00e7as, para que estas conhe\u00e7am algumas particularidades da nossa cultura. A m\u00fasica \u00e9 de timbre folk e de express\u00e3o tradicional, com a atua\u00e7\u00e3o de grupos de pauliteiros, m\u00e1scaras de rituais de solst\u00edcio de inverno, gaiteiros e muitas anima\u00e7\u00f5es e figurantes.<\/p>\n\n\n\n<p><br>O FTT tamb\u00e9m \u00e9 uma oportunidade para dar a conhecer a gastronomia regional, que estar\u00e1 presente nas v\u00e1rias tasquinhas especialmente abertas para o evento, dispersas pelo espa\u00e7o do Festival, permitindo assim que todos tenham acesso \u00e0s iguarias transmontanas.<\/p>\n\n\n\n<p><br>O artesanato e os produtos t\u00edpicos da regi\u00e3o tamb\u00e9m s\u00e3o protagonistas do certame, ocupando dezenas de expositores que o Munic\u00edpio disponibilizou para o efeito.<\/p>\n\n\n\n<p><\/p>\n\n\n\n<p>O Munic\u00edpio entende o Festival da Terra Transmontana como uma oportunidade em v\u00e1rias vertentes: cultura, patrim\u00f3nio, gastronomia, artesanato, turismo e com\u00e9rcio, e pretende continuar a investir neste evento, conferindo-lhe um cariz cada vez mais agregador e din\u00e2mico.<\/p>\n\n\n\n<p><\/p>\n\n\n\n<p>A sess\u00e3o de inaugura\u00e7\u00e3o, marcada para as 18H00 de 26 de julho, contar\u00e1 com a presen\u00e7a dos Munic\u00edpios vizinhos e dos principais agentes regionais de gest\u00e3o do territ\u00f3rio. A C\u00e2mara Municipal pretende alargar as parcerias institucionais \u00e0s autarquias espanholas mais pr\u00f3ximas do nosso territ\u00f3rio, refor\u00e7ando as rela\u00e7\u00f5es de coopera\u00e7\u00e3o transfronteiri\u00e7a.<\/p>\n","protected":false},"excerpt":{"rendered":"<p>O Festival da Terra Transmontana (FTT) est\u00e1 consolidado como um dos grandes eventos culturais da regi\u00e3o transfronteiri\u00e7a do nordestetransmontano. Entre os dias 26 e 28 de julho a zona hist\u00f3rica de Mogadouro, coroada pelo castelo templ\u00e1rio da vila, vai acomodar toda a m\u00e1quina humana, art\u00edstica e cultural que vai dar&hellip;<\/p>\n","protected":false},"author":18,"featured_media":10287,"comment_status":"closed","ping_status":"open","sticky":false,"template":"","format":"standard","meta":{"advgb_blocks_editor_width":"","advgb_blocks_columns_visual_guide":"","_monsterinsights_skip_tracking":false,"_monsterinsights_sitenote_active":false,"_monsterinsights_sitenote_note":"","_monsterinsights_sitenote_category":0,"footnotes":""},"categories":[7],"tags":[665,508,2099,283,654,594,64],"class_list":["post-10286","post","type-post","status-publish","format-standard","has-post-thumbnail","hentry","category-noticias","tag-artesanato","tag-cultura","tag-festival-da-terra-transmontana","tag-gastronomia","tag-mogadouro","tag-musica-2","tag-turismo"],"yoast_head":"<!-- This site is optimized with the Yoast SEO plugin v24.4 - https:\/\/yoast.com\/wordpress\/plugins\/seo\/ -->\n<title>Festival da Terra Transmontana 2024 - Mais Magazine<\/title>\n<meta name=\"robots\" content=\"index, follow, max-snippet:-1, max-image-preview:large, max-video-preview:-1\" \/>\n<link rel=\"canonical\" href=\"http:\/\/maismagazine.pt\/index.php\/2024\/07\/24\/festival-da-terra-transmontana-2024\/\" \/>\n<meta property=\"og:locale\" content=\"pt_PT\" \/>\n<meta property=\"og:type\" content=\"article\" \/>\n<meta property=\"og:title\" content=\"Festival da Terra Transmontana 2024 - Mais Magazine\" \/>\n<meta property=\"og:description\" content=\"O Festival da Terra Transmontana (FTT) est\u00e1 consolidado como um dos grandes eventos culturais da regi\u00e3o transfronteiri\u00e7a do nordestetransmontano. Entre os dias 26 e 28 de julho a zona hist\u00f3rica de Mogadouro, coroada pelo castelo templ\u00e1rio da vila, vai acomodar toda a m\u00e1quina humana, art\u00edstica e cultural que vai dar&hellip;\" \/>\n<meta property=\"og:url\" content=\"http:\/\/maismagazine.pt\/index.php\/2024\/07\/24\/festival-da-terra-transmontana-2024\/\" \/>\n<meta property=\"og:site_name\" content=\"Mais Magazine\" \/>\n<meta property=\"article:published_time\" content=\"2024-07-24T13:31:25+00:00\" \/>\n<meta property=\"article:modified_time\" content=\"2024-07-24T13:31:26+00:00\" \/>\n<meta property=\"og:image\" content=\"http:\/\/maismagazine.pt\/wp-content\/uploads\/2024\/07\/cartaz-final.jpg\" \/>\n\t<meta property=\"og:image:width\" content=\"1448\" \/>\n\t<meta property=\"og:image:height\" content=\"2048\" \/>\n\t<meta property=\"og:image:type\" content=\"image\/jpeg\" \/>\n<meta name=\"author\" content=\"Tatiana Martins\" \/>\n<meta name=\"twitter:card\" content=\"summary_large_image\" \/>\n<meta name=\"twitter:label1\" content=\"Escrito por\" \/>\n\t<meta name=\"twitter:data1\" content=\"\" \/>\n\t<meta name=\"twitter:label2\" content=\"Tempo estimado de leitura\" \/>\n\t<meta name=\"twitter:data2\" content=\"2 minutos\" \/>\n<script type=\"application\/ld+json\" class=\"yoast-schema-graph\">{\"@context\":\"https:\/\/schema.org\",\"@graph\":[{\"@type\":\"Article\",\"@id\":\"http:\/\/maismagazine.pt\/index.php\/2024\/07\/24\/festival-da-terra-transmontana-2024\/#article\",\"isPartOf\":{\"@id\":\"http:\/\/maismagazine.pt\/index.php\/2024\/07\/24\/festival-da-terra-transmontana-2024\/\"},\"author\":{\"name\":\"Tatiana Martins\",\"@id\":\"http:\/\/maismagazine.pt\/#\/schema\/person\/7426e2caeb8df32a1b56aa48dae778c9\"},\"headline\":\"Festival da Terra Transmontana 2024\",\"datePublished\":\"2024-07-24T13:31:25+00:00\",\"dateModified\":\"2024-07-24T13:31:26+00:00\",\"mainEntityOfPage\":{\"@id\":\"http:\/\/maismagazine.pt\/index.php\/2024\/07\/24\/festival-da-terra-transmontana-2024\/\"},\"wordCount\":351,\"publisher\":{\"@id\":\"http:\/\/maismagazine.pt\/#organization\"},\"image\":{\"@id\":\"http:\/\/maismagazine.pt\/index.php\/2024\/07\/24\/festival-da-terra-transmontana-2024\/#primaryimage\"},\"thumbnailUrl\":\"http:\/\/maismagazine.pt\/wp-content\/uploads\/2024\/07\/cartaz-final.jpg\",\"keywords\":[\"artesanato\",\"cultura\",\"Festival da Terra Transmontana\",\"Gastronomia\",\"Mogadouro\",\"M\u00fasica\",\"Turismo\"],\"articleSection\":[\"Not\u00edcias\"],\"inLanguage\":\"pt-PT\"},{\"@type\":\"WebPage\",\"@id\":\"http:\/\/maismagazine.pt\/index.php\/2024\/07\/24\/festival-da-terra-transmontana-2024\/\",\"url\":\"http:\/\/maismagazine.pt\/index.php\/2024\/07\/24\/festival-da-terra-transmontana-2024\/\",\"name\":\"Festival da Terra Transmontana 2024 - Mais Magazine\",\"isPartOf\":{\"@id\":\"http:\/\/maismagazine.pt\/#website\"},\"primaryImageOfPage\":{\"@id\":\"http:\/\/maismagazine.pt\/index.php\/2024\/07\/24\/festival-da-terra-transmontana-2024\/#primaryimage\"},\"image\":{\"@id\":\"http:\/\/maismagazine.pt\/index.php\/2024\/07\/24\/festival-da-terra-transmontana-2024\/#primaryimage\"},\"thumbnailUrl\":\"http:\/\/maismagazine.pt\/wp-content\/uploads\/2024\/07\/cartaz-final.jpg\",\"datePublished\":\"2024-07-24T13:31:25+00:00\",\"dateModified\":\"2024-07-24T13:31:26+00:00\",\"breadcrumb\":{\"@id\":\"http:\/\/maismagazine.pt\/index.php\/2024\/07\/24\/festival-da-terra-transmontana-2024\/#breadcrumb\"},\"inLanguage\":\"pt-PT\",\"potentialAction\":[{\"@type\":\"ReadAction\",\"target\":[\"http:\/\/maismagazine.pt\/index.php\/2024\/07\/24\/festival-da-terra-transmontana-2024\/\"]}]},{\"@type\":\"ImageObject\",\"inLanguage\":\"pt-PT\",\"@id\":\"http:\/\/maismagazine.pt\/index.php\/2024\/07\/24\/festival-da-terra-transmontana-2024\/#primaryimage\",\"url\":\"http:\/\/maismagazine.pt\/wp-content\/uploads\/2024\/07\/cartaz-final.jpg\",\"contentUrl\":\"http:\/\/maismagazine.pt\/wp-content\/uploads\/2024\/07\/cartaz-final.jpg\",\"width\":1448,\"height\":2048},{\"@type\":\"BreadcrumbList\",\"@id\":\"http:\/\/maismagazine.pt\/index.php\/2024\/07\/24\/festival-da-terra-transmontana-2024\/#breadcrumb\",\"itemListElement\":[{\"@type\":\"ListItem\",\"position\":1,\"name\":\"Home\",\"item\":\"http:\/\/maismagazine.pt\/\"},{\"@type\":\"ListItem\",\"position\":2,\"name\":\"Festival da Terra Transmontana 2024\"}]},{\"@type\":\"WebSite\",\"@id\":\"http:\/\/maismagazine.pt\/#website\",\"url\":\"http:\/\/maismagazine.pt\/\",\"name\":\"Mais Magazine\",\"description\":\"\",\"publisher\":{\"@id\":\"http:\/\/maismagazine.pt\/#organization\"},\"potentialAction\":[{\"@type\":\"SearchAction\",\"target\":{\"@type\":\"EntryPoint\",\"urlTemplate\":\"http:\/\/maismagazine.pt\/?s={search_term_string}\"},\"query-input\":{\"@type\":\"PropertyValueSpecification\",\"valueRequired\":true,\"valueName\":\"search_term_string\"}}],\"inLanguage\":\"pt-PT\"},{\"@type\":\"Organization\",\"@id\":\"http:\/\/maismagazine.pt\/#organization\",\"name\":\"Mais Magazine\",\"url\":\"http:\/\/maismagazine.pt\/\",\"logo\":{\"@type\":\"ImageObject\",\"inLanguage\":\"pt-PT\",\"@id\":\"http:\/\/maismagazine.pt\/#\/schema\/logo\/image\/\",\"url\":\"http:\/\/maismagazine.pt\/wp-content\/uploads\/2020\/04\/cropped-cropped-mais-magazine-site-logo-2.png\",\"contentUrl\":\"http:\/\/maismagazine.pt\/wp-content\/uploads\/2020\/04\/cropped-cropped-mais-magazine-site-logo-2.png\",\"width\":581,\"height\":90,\"caption\":\"Mais Magazine\"},\"image\":{\"@id\":\"http:\/\/maismagazine.pt\/#\/schema\/logo\/image\/\"}},{\"@type\":\"Person\",\"@id\":\"http:\/\/maismagazine.pt\/#\/schema\/person\/7426e2caeb8df32a1b56aa48dae778c9\",\"name\":\"Tatiana Martins\",\"image\":{\"@type\":\"ImageObject\",\"inLanguage\":\"pt-PT\",\"@id\":\"http:\/\/maismagazine.pt\/#\/schema\/person\/image\/\",\"url\":\"https:\/\/secure.gravatar.com\/avatar\/4b24a57f5d0425f2eb20981c4b53244e?s=96&d=mm&r=g\",\"contentUrl\":\"https:\/\/secure.gravatar.com\/avatar\/4b24a57f5d0425f2eb20981c4b53244e?s=96&d=mm&r=g\",\"caption\":\"Tatiana Martins\"},\"url\":\"http:\/\/maismagazine.pt\/index.php\/author\/tatiana\/\"}]}<\/script>\n<!-- \/ Yoast SEO plugin. -->","yoast_head_json":{"title":"Festival da Terra Transmontana 2024 - Mais Magazine","robots":{"index":"index","follow":"follow","max-snippet":"max-snippet:-1","max-image-preview":"max-image-preview:large","max-video-preview":"max-video-preview:-1"},"canonical":"http:\/\/maismagazine.pt\/index.php\/2024\/07\/24\/festival-da-terra-transmontana-2024\/","og_locale":"pt_PT","og_type":"article","og_title":"Festival da Terra Transmontana 2024 - Mais Magazine","og_description":"O Festival da Terra Transmontana (FTT) est\u00e1 consolidado como um dos grandes eventos culturais da regi\u00e3o transfronteiri\u00e7a do nordestetransmontano. Entre os dias 26 e 28 de julho a zona hist\u00f3rica de Mogadouro, coroada pelo castelo templ\u00e1rio da vila, vai acomodar toda a m\u00e1quina humana, art\u00edstica e cultural que vai dar&hellip;","og_url":"http:\/\/maismagazine.pt\/index.php\/2024\/07\/24\/festival-da-terra-transmontana-2024\/","og_site_name":"Mais Magazine","article_published_time":"2024-07-24T13:31:25+00:00","article_modified_time":"2024-07-24T13:31:26+00:00","og_image":[{"width":1448,"height":2048,"url":"http:\/\/maismagazine.pt\/wp-content\/uploads\/2024\/07\/cartaz-final.jpg","type":"image\/jpeg"}],"author":"Tatiana Martins","twitter_card":"summary_large_image","twitter_misc":{"Escrito por":false,"Tempo estimado de leitura":"2 minutos"},"schema":{"@context":"https:\/\/schema.org","@graph":[{"@type":"Article","@id":"http:\/\/maismagazine.pt\/index.php\/2024\/07\/24\/festival-da-terra-transmontana-2024\/#article","isPartOf":{"@id":"http:\/\/maismagazine.pt\/index.php\/2024\/07\/24\/festival-da-terra-transmontana-2024\/"},"author":{"name":"Tatiana Martins","@id":"http:\/\/maismagazine.pt\/#\/schema\/person\/7426e2caeb8df32a1b56aa48dae778c9"},"headline":"Festival da Terra Transmontana 2024","datePublished":"2024-07-24T13:31:25+00:00","dateModified":"2024-07-24T13:31:26+00:00","mainEntityOfPage":{"@id":"http:\/\/maismagazine.pt\/index.php\/2024\/07\/24\/festival-da-terra-transmontana-2024\/"},"wordCount":351,"publisher":{"@id":"http:\/\/maismagazine.pt\/#organization"},"image":{"@id":"http:\/\/maismagazine.pt\/index.php\/2024\/07\/24\/festival-da-terra-transmontana-2024\/#primaryimage"},"thumbnailUrl":"http:\/\/maismagazine.pt\/wp-content\/uploads\/2024\/07\/cartaz-final.jpg","keywords":["artesanato","cultura","Festival da Terra Transmontana","Gastronomia","Mogadouro","M\u00fasica","Turismo"],"articleSection":["Not\u00edcias"],"inLanguage":"pt-PT"},{"@type":"WebPage","@id":"http:\/\/maismagazine.pt\/index.php\/2024\/07\/24\/festival-da-terra-transmontana-2024\/","url":"http:\/\/maismagazine.pt\/index.php\/2024\/07\/24\/festival-da-terra-transmontana-2024\/","name":"Festival da Terra Transmontana 2024 - Mais Magazine","isPartOf":{"@id":"http:\/\/maismagazine.pt\/#website"},"primaryImageOfPage":{"@id":"http:\/\/maismagazine.pt\/index.php\/2024\/07\/24\/festival-da-terra-transmontana-2024\/#primaryimage"},"image":{"@id":"http:\/\/maismagazine.pt\/index.php\/2024\/07\/24\/festival-da-terra-transmontana-2024\/#primaryimage"},"thumbnailUrl":"http:\/\/maismagazine.pt\/wp-content\/uploads\/2024\/07\/cartaz-final.jpg","datePublished":"2024-07-24T13:31:25+00:00","dateModified":"2024-07-24T13:31:26+00:00","breadcrumb":{"@id":"http:\/\/maismagazine.pt\/index.php\/2024\/07\/24\/festival-da-terra-transmontana-2024\/#breadcrumb"},"inLanguage":"pt-PT","potentialAction":[{"@type":"ReadAction","target":["http:\/\/maismagazine.pt\/index.php\/2024\/07\/24\/festival-da-terra-transmontana-2024\/"]}]},{"@type":"ImageObject","inLanguage":"pt-PT","@id":"http:\/\/maismagazine.pt\/index.php\/2024\/07\/24\/festival-da-terra-transmontana-2024\/#primaryimage","url":"http:\/\/maismagazine.pt\/wp-content\/uploads\/2024\/07\/cartaz-final.jpg","contentUrl":"http:\/\/maismagazine.pt\/wp-content\/uploads\/2024\/07\/cartaz-final.jpg","width":1448,"height":2048},{"@type":"BreadcrumbList","@id":"http:\/\/maismagazine.pt\/index.php\/2024\/07\/24\/festival-da-terra-transmontana-2024\/#breadcrumb","itemListElement":[{"@type":"ListItem","position":1,"name":"Home","item":"http:\/\/maismagazine.pt\/"},{"@type":"ListItem","position":2,"name":"Festival da Terra Transmontana 2024"}]},{"@type":"WebSite","@id":"http:\/\/maismagazine.pt\/#website","url":"http:\/\/maismagazine.pt\/","name":"Mais Magazine","description":"","publisher":{"@id":"http:\/\/maismagazine.pt\/#organization"},"potentialAction":[{"@type":"SearchAction","target":{"@type":"EntryPoint","urlTemplate":"http:\/\/maismagazine.pt\/?s={search_term_string}"},"query-input":{"@type":"PropertyValueSpecification","valueRequired":true,"valueName":"search_term_string"}}],"inLanguage":"pt-PT"},{"@type":"Organization","@id":"http:\/\/maismagazine.pt\/#organization","name":"Mais Magazine","url":"http:\/\/maismagazine.pt\/","logo":{"@type":"ImageObject","inLanguage":"pt-PT","@id":"http:\/\/maismagazine.pt\/#\/schema\/logo\/image\/","url":"http:\/\/maismagazine.pt\/wp-content\/uploads\/2020\/04\/cropped-cropped-mais-magazine-site-logo-2.png","contentUrl":"http:\/\/maismagazine.pt\/wp-content\/uploads\/2020\/04\/cropped-cropped-mais-magazine-site-logo-2.png","width":581,"height":90,"caption":"Mais Magazine"},"image":{"@id":"http:\/\/maismagazine.pt\/#\/schema\/logo\/image\/"}},{"@type":"Person","@id":"http:\/\/maismagazine.pt\/#\/schema\/person\/7426e2caeb8df32a1b56aa48dae778c9","name":"Tatiana Martins","image":{"@type":"ImageObject","inLanguage":"pt-PT","@id":"http:\/\/maismagazine.pt\/#\/schema\/person\/image\/","url":"https:\/\/secure.gravatar.com\/avatar\/4b24a57f5d0425f2eb20981c4b53244e?s=96&d=mm&r=g","contentUrl":"https:\/\/secure.gravatar.com\/avatar\/4b24a57f5d0425f2eb20981c4b53244e?s=96&d=mm&r=g","caption":"Tatiana Martins"},"url":"http:\/\/maismagazine.pt\/index.php\/author\/tatiana\/"}]}},"author_meta":{"display_name":false,"author_link":"http:\/\/maismagazine.pt\/index.php\/author\/tatiana\/"},"featured_img":"http:\/\/maismagazine.pt\/wp-content\/uploads\/2024\/07\/cartaz-final-212x300.jpg","coauthors":[],"tax_additional":{"categories":{"linked":["<a href=\"http:\/\/maismagazine.pt\/index.php\/category\/noticias\/\" class=\"advgb-post-tax-term\">Not\u00edcias<\/a>"],"unlinked":["<span class=\"advgb-post-tax-term\">Not\u00edcias<\/span>"]},"tags":{"linked":["<a href=\"http:\/\/maismagazine.pt\/index.php\/category\/noticias\/\" class=\"advgb-post-tax-term\">artesanato<\/a>","<a href=\"http:\/\/maismagazine.pt\/index.php\/category\/noticias\/\" class=\"advgb-post-tax-term\">cultura<\/a>","<a href=\"http:\/\/maismagazine.pt\/index.php\/category\/noticias\/\" class=\"advgb-post-tax-term\">Festival da Terra Transmontana<\/a>","<a href=\"http:\/\/maismagazine.pt\/index.php\/category\/noticias\/\" class=\"advgb-post-tax-term\">Gastronomia<\/a>","<a href=\"http:\/\/maismagazine.pt\/index.php\/category\/noticias\/\" class=\"advgb-post-tax-term\">Mogadouro<\/a>","<a href=\"http:\/\/maismagazine.pt\/index.php\/category\/noticias\/\" class=\"advgb-post-tax-term\">M\u00fasica<\/a>","<a href=\"http:\/\/maismagazine.pt\/index.php\/category\/noticias\/\" class=\"advgb-post-tax-term\">Turismo<\/a>"],"unlinked":["<span class=\"advgb-post-tax-term\">artesanato<\/span>","<span class=\"advgb-post-tax-term\">cultura<\/span>","<span class=\"advgb-post-tax-term\">Festival da Terra Transmontana<\/span>","<span class=\"advgb-post-tax-term\">Gastronomia<\/span>","<span class=\"advgb-post-tax-term\">Mogadouro<\/span>","<span class=\"advgb-post-tax-term\">M\u00fasica<\/span>","<span class=\"advgb-post-tax-term\">Turismo<\/span>"]}},"comment_count":"0","relative_dates":{"created":"Posted 2 anos ago","modified":"Updated 2 anos ago"},"absolute_dates":{"created":"Posted on 24 de Julho, 2024","modified":"Updated on 24 de Julho, 2024"},"absolute_dates_time":{"created":"Posted on 24 de Julho, 2024 14:31","modified":"Updated on 24 de Julho, 2024 14:31"},"featured_img_caption":"","series_order":"","_links":{"self":[{"href":"http:\/\/maismagazine.pt\/index.php\/wp-json\/wp\/v2\/posts\/10286","targetHints":{"allow":["GET"]}}],"collection":[{"href":"http:\/\/maismagazine.pt\/index.php\/wp-json\/wp\/v2\/posts"}],"about":[{"href":"http:\/\/maismagazine.pt\/index.php\/wp-json\/wp\/v2\/types\/post"}],"author":[{"embeddable":true,"href":"http:\/\/maismagazine.pt\/index.php\/wp-json\/wp\/v2\/users\/18"}],"replies":[{"embeddable":true,"href":"http:\/\/maismagazine.pt\/index.php\/wp-json\/wp\/v2\/comments?post=10286"}],"version-history":[{"count":1,"href":"http:\/\/maismagazine.pt\/index.php\/wp-json\/wp\/v2\/posts\/10286\/revisions"}],"predecessor-version":[{"id":10288,"href":"http:\/\/maismagazine.pt\/index.php\/wp-json\/wp\/v2\/posts\/10286\/revisions\/10288"}],"wp:featuredmedia":[{"embeddable":true,"href":"http:\/\/maismagazine.pt\/index.php\/wp-json\/wp\/v2\/media\/10287"}],"wp:attachment":[{"href":"http:\/\/maismagazine.pt\/index.php\/wp-json\/wp\/v2\/media?parent=10286"}],"wp:term":[{"taxonomy":"category","embeddable":true,"href":"http:\/\/maismagazine.pt\/index.php\/wp-json\/wp\/v2\/categories?post=10286"},{"taxonomy":"post_tag","embeddable":true,"href":"http:\/\/maismagazine.pt\/index.php\/wp-json\/wp\/v2\/tags?post=10286"}],"curies":[{"name":"wp","href":"https:\/\/api.w.org\/{rel}","templated":true}]}}