{"id":10275,"date":"2024-07-26T07:00:00","date_gmt":"2024-07-26T06:00:00","guid":{"rendered":"https:\/\/maismagazine.pt\/?p=10275"},"modified":"2024-07-23T15:26:36","modified_gmt":"2024-07-23T14:26:36","slug":"investir-no-conhecimento-e-investir-no-futuro-do-pais-2","status":"publish","type":"post","link":"http:\/\/maismagazine.pt\/index.php\/2024\/07\/26\/investir-no-conhecimento-e-investir-no-futuro-do-pais-2\/","title":{"rendered":"Investir no conhecimento \u00e9 investir no futuro do pa\u00eds"},"content":{"rendered":"\n<p>O passado recente trouxe-nos uma recess\u00e3o econ\u00f3mica, uma pandemia de gravidade in\u00e9dita, um conflito armado na Europa, crises de grande complexidade pol\u00edtica, a n\u00edvel nacional e internacional, e v\u00e1rios desafios significativos originados por avan\u00e7os tecnol\u00f3gicos r\u00e1pidos e disruptivos.<\/p>\n\n\n\n<p><\/p>\n\n\n\n<p>Estas crises t\u00eam destacado a import\u00e2ncia do conhecimento e da qualifica\u00e7\u00e3o na supera\u00e7\u00e3o das mudan\u00e7as. O conhecimento \u00e9 a principal mat\u00e9ria-prima da economia atual e uma das ferramentas mais poderosas para enfrentar a incerteza e resolver problemas complexos. O seu impacto na economia, na cultura e no desenvolvimento social \u00e9 ineg\u00e1vel. N\u00e3o \u00e9 surpresa verificar que os pa\u00edses mais avan\u00e7ados do mundo s\u00e3o tamb\u00e9m os que mais investem na educa\u00e7\u00e3o e na ci\u00eancia.<\/p>\n\n\n\n<p><\/p>\n\n\n\n<p>Portugal tem feito um caminho not\u00e1vel na qualifica\u00e7\u00e3o da sociedade portuguesa e no setor da produ\u00e7\u00e3o do conhecimento, quando olhamos para o que era o pa\u00eds h\u00e1 50 anos. Esse esfor\u00e7o merece ser reconhecido, mas ainda \u00e9 insuficiente.<\/p>\n\n\n\n<p><\/p>\n\n\n\n<p>Portugal precisa de continuar a investir no conhecimento, na ci\u00eancia e no ensino superior e para isso \u00e9 imprescind\u00edvel dotar as universidades \u2013 organiza\u00e7\u00f5es centrais na produ\u00e7\u00e3o, dissemina\u00e7\u00e3o e aplica\u00e7\u00e3o do conhecimento \u2013 dos recursos adequados para continuar a assegurar a sua competitividade internacional e a sua capacidade de atrair talento a n\u00edvel global.<\/p>\n\n\n\n<p><\/p>\n\n\n\n<p>Segundo a OCDE, o investimento do Estado no Ensino Superior portugu\u00eas \u00e9 inferior \u00e0 m\u00e9dia da Uni\u00e3o Europeia em cerca de 6000 d\u00f3lares por estudante (em paridade de poder de compra, PPC). Multiplicando este valor pelo n\u00famero de estudantes nas universidades p\u00fablicas, conclui-se que o seu financiamento est\u00e1 1,3 mil milh\u00f5es de d\u00f3lares PPC abaixo da m\u00e9dia europeia.<\/p>\n\n\n\n<p><\/p>\n\n\n\n<p>A diferen\u00e7a tem-se agravado com o tempo e condiciona fortemente a a\u00e7\u00e3o das institui\u00e7\u00f5es. As dota\u00e7\u00f5es do Estado n\u00e3o cobrem sequer as despesas com pessoal, e obviamente n\u00e3o permitem qualquer investimento.<\/p>\n\n\n\n<p><\/p>\n\n\n\n<p>Quanto \u00e0 investiga\u00e7\u00e3o cient\u00edfica, e de acordo com os dados estat\u00edsticos dispon\u00edveis, Portugal ainda est\u00e1 entre os pa\u00edses que menos investe nesta \u00e1rea. Para alcan\u00e7amos a meta dos 3%, o investimento ter\u00e1 de aumentar significativamente nos pr\u00f3ximos anos.<\/p>\n\n\n\n<p><\/p>\n\n\n\n<p>O CRUP e as universidades que o integram s\u00e3o agentes transformadores do pa\u00eds e da sociedade, que competem e colaboram a n\u00edvel internacional como nenhuma outra entidade p\u00fablica portuguesa. Contribuem para o desenvolvimento equilibrado e coeso do territ\u00f3rio nacional e s\u00e3o um importante fator de atra\u00e7\u00e3o de talento a n\u00edvel global.<\/p>\n\n\n\n<p><\/p>\n\n\n\n<p>Para sermos coerentes n\u00e3o basta reconhecer a import\u00e2ncia do Ensino Superior e da ci\u00eancia para o futuro do pa\u00eds. Para nos mantermos um pa\u00eds moderno, produtivo, competitivo e preparado para os desafios do futuro, temos de investir mais na ci\u00eancia e nas institui\u00e7\u00f5es de ensino superior. <\/p>\n\n\n\n<p><\/p>\n\n\n\n<p>Paulo Jorge Ferreira, Presidente do Conselho de Reitores das Universidades Portuguesas<\/p>\n\n\n\n<p><\/p>\n\n\n<div class=\"wp-block-image\">\n<figure class=\"aligncenter size-full\"><img loading=\"lazy\" decoding=\"async\" width=\"302\" height=\"112\" src=\"https:\/\/maismagazine.pt\/wp-content\/uploads\/2024\/07\/logo_crup_red.png\" alt=\"\" class=\"wp-image-10283\" srcset=\"http:\/\/maismagazine.pt\/wp-content\/uploads\/2024\/07\/logo_crup_red.png 302w, http:\/\/maismagazine.pt\/wp-content\/uploads\/2024\/07\/logo_crup_red-300x111.png 300w\" sizes=\"auto, (max-width: 302px) 100vw, 302px\" \/><\/figure><\/div>\n\n\n<p><canvas width=\"795\" height=\"1125\"><\/canvas><\/p>\n","protected":false},"excerpt":{"rendered":"<p>O passado recente trouxe-nos uma recess\u00e3o econ\u00f3mica, uma pandemia de gravidade in\u00e9dita, um conflito armado na Europa, crises de grande complexidade pol\u00edtica, a n\u00edvel nacional e internacional, e v\u00e1rios desafios significativos originados por avan\u00e7os tecnol\u00f3gicos r\u00e1pidos e disruptivos. Estas crises t\u00eam destacado a import\u00e2ncia do conhecimento e da qualifica\u00e7\u00e3o na&hellip;<\/p>\n","protected":false},"author":18,"featured_media":10282,"comment_status":"closed","ping_status":"open","sticky":false,"template":"","format":"standard","meta":{"advgb_blocks_editor_width":"","advgb_blocks_columns_visual_guide":"","_monsterinsights_skip_tracking":false,"_monsterinsights_sitenote_active":false,"_monsterinsights_sitenote_note":"","_monsterinsights_sitenote_category":0,"footnotes":""},"categories":[52,51],"tags":[724,525,521],"class_list":["post-10275","post","type-post","status-publish","format-standard","has-post-thumbnail","hentry","category-destaque","category-opiniao","tag-crup","tag-educacao","tag-ensino"],"yoast_head":"<!-- This site is optimized with the Yoast SEO plugin v24.4 - https:\/\/yoast.com\/wordpress\/plugins\/seo\/ -->\n<title>Investir no conhecimento \u00e9 investir no futuro do pa\u00eds - Mais Magazine<\/title>\n<meta name=\"robots\" content=\"index, follow, max-snippet:-1, max-image-preview:large, max-video-preview:-1\" \/>\n<link rel=\"canonical\" href=\"http:\/\/maismagazine.pt\/index.php\/2024\/07\/26\/investir-no-conhecimento-e-investir-no-futuro-do-pais-2\/\" \/>\n<meta property=\"og:locale\" content=\"pt_PT\" \/>\n<meta property=\"og:type\" content=\"article\" \/>\n<meta property=\"og:title\" content=\"Investir no conhecimento \u00e9 investir no futuro do pa\u00eds - Mais Magazine\" \/>\n<meta property=\"og:description\" content=\"O passado recente trouxe-nos uma recess\u00e3o econ\u00f3mica, uma pandemia de gravidade in\u00e9dita, um conflito armado na Europa, crises de grande complexidade pol\u00edtica, a n\u00edvel nacional e internacional, e v\u00e1rios desafios significativos originados por avan\u00e7os tecnol\u00f3gicos r\u00e1pidos e disruptivos. Estas crises t\u00eam destacado a import\u00e2ncia do conhecimento e da qualifica\u00e7\u00e3o na&hellip;\" \/>\n<meta property=\"og:url\" content=\"http:\/\/maismagazine.pt\/index.php\/2024\/07\/26\/investir-no-conhecimento-e-investir-no-futuro-do-pais-2\/\" \/>\n<meta property=\"og:site_name\" content=\"Mais Magazine\" \/>\n<meta property=\"article:published_time\" content=\"2024-07-26T06:00:00+00:00\" \/>\n<meta property=\"og:image\" content=\"http:\/\/maismagazine.pt\/wp-content\/uploads\/2024\/07\/Reitor-UAveiro.jpg\" \/>\n\t<meta property=\"og:image:width\" content=\"1634\" \/>\n\t<meta property=\"og:image:height\" content=\"1440\" \/>\n\t<meta property=\"og:image:type\" content=\"image\/jpeg\" \/>\n<meta name=\"author\" content=\"Tatiana Martins\" \/>\n<meta name=\"twitter:card\" content=\"summary_large_image\" \/>\n<meta name=\"twitter:label1\" content=\"Escrito por\" \/>\n\t<meta name=\"twitter:data1\" content=\"\" \/>\n\t<meta name=\"twitter:label2\" content=\"Tempo estimado de leitura\" \/>\n\t<meta name=\"twitter:data2\" content=\"3 minutos\" \/>\n<script type=\"application\/ld+json\" class=\"yoast-schema-graph\">{\"@context\":\"https:\/\/schema.org\",\"@graph\":[{\"@type\":\"Article\",\"@id\":\"http:\/\/maismagazine.pt\/index.php\/2024\/07\/26\/investir-no-conhecimento-e-investir-no-futuro-do-pais-2\/#article\",\"isPartOf\":{\"@id\":\"http:\/\/maismagazine.pt\/index.php\/2024\/07\/26\/investir-no-conhecimento-e-investir-no-futuro-do-pais-2\/\"},\"author\":{\"name\":\"Tatiana Martins\",\"@id\":\"https:\/\/maismagazine.pt\/#\/schema\/person\/7426e2caeb8df32a1b56aa48dae778c9\"},\"headline\":\"Investir no conhecimento \u00e9 investir no futuro do pa\u00eds\",\"datePublished\":\"2024-07-26T06:00:00+00:00\",\"mainEntityOfPage\":{\"@id\":\"http:\/\/maismagazine.pt\/index.php\/2024\/07\/26\/investir-no-conhecimento-e-investir-no-futuro-do-pais-2\/\"},\"wordCount\":505,\"publisher\":{\"@id\":\"https:\/\/maismagazine.pt\/#organization\"},\"image\":{\"@id\":\"http:\/\/maismagazine.pt\/index.php\/2024\/07\/26\/investir-no-conhecimento-e-investir-no-futuro-do-pais-2\/#primaryimage\"},\"thumbnailUrl\":\"http:\/\/maismagazine.pt\/wp-content\/uploads\/2024\/07\/Reitor-UAveiro.jpg\",\"keywords\":[\"CRUP\",\"Educa\u00e7\u00e3o\",\"Ensino\"],\"articleSection\":[\"Destaque lateral\",\"Opini\u00e3o\"],\"inLanguage\":\"pt-PT\"},{\"@type\":\"WebPage\",\"@id\":\"http:\/\/maismagazine.pt\/index.php\/2024\/07\/26\/investir-no-conhecimento-e-investir-no-futuro-do-pais-2\/\",\"url\":\"http:\/\/maismagazine.pt\/index.php\/2024\/07\/26\/investir-no-conhecimento-e-investir-no-futuro-do-pais-2\/\",\"name\":\"Investir no conhecimento \u00e9 investir no futuro do pa\u00eds - Mais Magazine\",\"isPartOf\":{\"@id\":\"https:\/\/maismagazine.pt\/#website\"},\"primaryImageOfPage\":{\"@id\":\"http:\/\/maismagazine.pt\/index.php\/2024\/07\/26\/investir-no-conhecimento-e-investir-no-futuro-do-pais-2\/#primaryimage\"},\"image\":{\"@id\":\"http:\/\/maismagazine.pt\/index.php\/2024\/07\/26\/investir-no-conhecimento-e-investir-no-futuro-do-pais-2\/#primaryimage\"},\"thumbnailUrl\":\"http:\/\/maismagazine.pt\/wp-content\/uploads\/2024\/07\/Reitor-UAveiro.jpg\",\"datePublished\":\"2024-07-26T06:00:00+00:00\",\"breadcrumb\":{\"@id\":\"http:\/\/maismagazine.pt\/index.php\/2024\/07\/26\/investir-no-conhecimento-e-investir-no-futuro-do-pais-2\/#breadcrumb\"},\"inLanguage\":\"pt-PT\",\"potentialAction\":[{\"@type\":\"ReadAction\",\"target\":[\"http:\/\/maismagazine.pt\/index.php\/2024\/07\/26\/investir-no-conhecimento-e-investir-no-futuro-do-pais-2\/\"]}]},{\"@type\":\"ImageObject\",\"inLanguage\":\"pt-PT\",\"@id\":\"http:\/\/maismagazine.pt\/index.php\/2024\/07\/26\/investir-no-conhecimento-e-investir-no-futuro-do-pais-2\/#primaryimage\",\"url\":\"http:\/\/maismagazine.pt\/wp-content\/uploads\/2024\/07\/Reitor-UAveiro.jpg\",\"contentUrl\":\"http:\/\/maismagazine.pt\/wp-content\/uploads\/2024\/07\/Reitor-UAveiro.jpg\",\"width\":1634,\"height\":1440},{\"@type\":\"BreadcrumbList\",\"@id\":\"http:\/\/maismagazine.pt\/index.php\/2024\/07\/26\/investir-no-conhecimento-e-investir-no-futuro-do-pais-2\/#breadcrumb\",\"itemListElement\":[{\"@type\":\"ListItem\",\"position\":1,\"name\":\"Home\",\"item\":\"https:\/\/maismagazine.pt\/\"},{\"@type\":\"ListItem\",\"position\":2,\"name\":\"Investir no conhecimento \u00e9 investir no futuro do pa\u00eds\"}]},{\"@type\":\"WebSite\",\"@id\":\"https:\/\/maismagazine.pt\/#website\",\"url\":\"https:\/\/maismagazine.pt\/\",\"name\":\"Mais Magazine\",\"description\":\"\",\"publisher\":{\"@id\":\"https:\/\/maismagazine.pt\/#organization\"},\"potentialAction\":[{\"@type\":\"SearchAction\",\"target\":{\"@type\":\"EntryPoint\",\"urlTemplate\":\"https:\/\/maismagazine.pt\/?s={search_term_string}\"},\"query-input\":{\"@type\":\"PropertyValueSpecification\",\"valueRequired\":true,\"valueName\":\"search_term_string\"}}],\"inLanguage\":\"pt-PT\"},{\"@type\":\"Organization\",\"@id\":\"https:\/\/maismagazine.pt\/#organization\",\"name\":\"Mais Magazine\",\"url\":\"https:\/\/maismagazine.pt\/\",\"logo\":{\"@type\":\"ImageObject\",\"inLanguage\":\"pt-PT\",\"@id\":\"https:\/\/maismagazine.pt\/#\/schema\/logo\/image\/\",\"url\":\"http:\/\/maismagazine.pt\/wp-content\/uploads\/2020\/04\/cropped-cropped-mais-magazine-site-logo-2.png\",\"contentUrl\":\"http:\/\/maismagazine.pt\/wp-content\/uploads\/2020\/04\/cropped-cropped-mais-magazine-site-logo-2.png\",\"width\":581,\"height\":90,\"caption\":\"Mais Magazine\"},\"image\":{\"@id\":\"https:\/\/maismagazine.pt\/#\/schema\/logo\/image\/\"}},{\"@type\":\"Person\",\"@id\":\"https:\/\/maismagazine.pt\/#\/schema\/person\/7426e2caeb8df32a1b56aa48dae778c9\",\"name\":\"Tatiana Martins\",\"image\":{\"@type\":\"ImageObject\",\"inLanguage\":\"pt-PT\",\"@id\":\"https:\/\/maismagazine.pt\/#\/schema\/person\/image\/\",\"url\":\"https:\/\/secure.gravatar.com\/avatar\/4b24a57f5d0425f2eb20981c4b53244e?s=96&d=mm&r=g\",\"contentUrl\":\"https:\/\/secure.gravatar.com\/avatar\/4b24a57f5d0425f2eb20981c4b53244e?s=96&d=mm&r=g\",\"caption\":\"Tatiana Martins\"},\"url\":\"http:\/\/maismagazine.pt\/index.php\/author\/tatiana\/\"}]}<\/script>\n<!-- \/ Yoast SEO plugin. -->","yoast_head_json":{"title":"Investir no conhecimento \u00e9 investir no futuro do pa\u00eds - Mais Magazine","robots":{"index":"index","follow":"follow","max-snippet":"max-snippet:-1","max-image-preview":"max-image-preview:large","max-video-preview":"max-video-preview:-1"},"canonical":"http:\/\/maismagazine.pt\/index.php\/2024\/07\/26\/investir-no-conhecimento-e-investir-no-futuro-do-pais-2\/","og_locale":"pt_PT","og_type":"article","og_title":"Investir no conhecimento \u00e9 investir no futuro do pa\u00eds - Mais Magazine","og_description":"O passado recente trouxe-nos uma recess\u00e3o econ\u00f3mica, uma pandemia de gravidade in\u00e9dita, um conflito armado na Europa, crises de grande complexidade pol\u00edtica, a n\u00edvel nacional e internacional, e v\u00e1rios desafios significativos originados por avan\u00e7os tecnol\u00f3gicos r\u00e1pidos e disruptivos. Estas crises t\u00eam destacado a import\u00e2ncia do conhecimento e da qualifica\u00e7\u00e3o na&hellip;","og_url":"http:\/\/maismagazine.pt\/index.php\/2024\/07\/26\/investir-no-conhecimento-e-investir-no-futuro-do-pais-2\/","og_site_name":"Mais Magazine","article_published_time":"2024-07-26T06:00:00+00:00","og_image":[{"width":1634,"height":1440,"url":"http:\/\/maismagazine.pt\/wp-content\/uploads\/2024\/07\/Reitor-UAveiro.jpg","type":"image\/jpeg"}],"author":"Tatiana Martins","twitter_card":"summary_large_image","twitter_misc":{"Escrito por":false,"Tempo estimado de leitura":"3 minutos"},"schema":{"@context":"https:\/\/schema.org","@graph":[{"@type":"Article","@id":"http:\/\/maismagazine.pt\/index.php\/2024\/07\/26\/investir-no-conhecimento-e-investir-no-futuro-do-pais-2\/#article","isPartOf":{"@id":"http:\/\/maismagazine.pt\/index.php\/2024\/07\/26\/investir-no-conhecimento-e-investir-no-futuro-do-pais-2\/"},"author":{"name":"Tatiana Martins","@id":"https:\/\/maismagazine.pt\/#\/schema\/person\/7426e2caeb8df32a1b56aa48dae778c9"},"headline":"Investir no conhecimento \u00e9 investir no futuro do pa\u00eds","datePublished":"2024-07-26T06:00:00+00:00","mainEntityOfPage":{"@id":"http:\/\/maismagazine.pt\/index.php\/2024\/07\/26\/investir-no-conhecimento-e-investir-no-futuro-do-pais-2\/"},"wordCount":505,"publisher":{"@id":"https:\/\/maismagazine.pt\/#organization"},"image":{"@id":"http:\/\/maismagazine.pt\/index.php\/2024\/07\/26\/investir-no-conhecimento-e-investir-no-futuro-do-pais-2\/#primaryimage"},"thumbnailUrl":"http:\/\/maismagazine.pt\/wp-content\/uploads\/2024\/07\/Reitor-UAveiro.jpg","keywords":["CRUP","Educa\u00e7\u00e3o","Ensino"],"articleSection":["Destaque lateral","Opini\u00e3o"],"inLanguage":"pt-PT"},{"@type":"WebPage","@id":"http:\/\/maismagazine.pt\/index.php\/2024\/07\/26\/investir-no-conhecimento-e-investir-no-futuro-do-pais-2\/","url":"http:\/\/maismagazine.pt\/index.php\/2024\/07\/26\/investir-no-conhecimento-e-investir-no-futuro-do-pais-2\/","name":"Investir no conhecimento \u00e9 investir no futuro do pa\u00eds - Mais Magazine","isPartOf":{"@id":"https:\/\/maismagazine.pt\/#website"},"primaryImageOfPage":{"@id":"http:\/\/maismagazine.pt\/index.php\/2024\/07\/26\/investir-no-conhecimento-e-investir-no-futuro-do-pais-2\/#primaryimage"},"image":{"@id":"http:\/\/maismagazine.pt\/index.php\/2024\/07\/26\/investir-no-conhecimento-e-investir-no-futuro-do-pais-2\/#primaryimage"},"thumbnailUrl":"http:\/\/maismagazine.pt\/wp-content\/uploads\/2024\/07\/Reitor-UAveiro.jpg","datePublished":"2024-07-26T06:00:00+00:00","breadcrumb":{"@id":"http:\/\/maismagazine.pt\/index.php\/2024\/07\/26\/investir-no-conhecimento-e-investir-no-futuro-do-pais-2\/#breadcrumb"},"inLanguage":"pt-PT","potentialAction":[{"@type":"ReadAction","target":["http:\/\/maismagazine.pt\/index.php\/2024\/07\/26\/investir-no-conhecimento-e-investir-no-futuro-do-pais-2\/"]}]},{"@type":"ImageObject","inLanguage":"pt-PT","@id":"http:\/\/maismagazine.pt\/index.php\/2024\/07\/26\/investir-no-conhecimento-e-investir-no-futuro-do-pais-2\/#primaryimage","url":"http:\/\/maismagazine.pt\/wp-content\/uploads\/2024\/07\/Reitor-UAveiro.jpg","contentUrl":"http:\/\/maismagazine.pt\/wp-content\/uploads\/2024\/07\/Reitor-UAveiro.jpg","width":1634,"height":1440},{"@type":"BreadcrumbList","@id":"http:\/\/maismagazine.pt\/index.php\/2024\/07\/26\/investir-no-conhecimento-e-investir-no-futuro-do-pais-2\/#breadcrumb","itemListElement":[{"@type":"ListItem","position":1,"name":"Home","item":"https:\/\/maismagazine.pt\/"},{"@type":"ListItem","position":2,"name":"Investir no conhecimento \u00e9 investir no futuro do pa\u00eds"}]},{"@type":"WebSite","@id":"https:\/\/maismagazine.pt\/#website","url":"https:\/\/maismagazine.pt\/","name":"Mais Magazine","description":"","publisher":{"@id":"https:\/\/maismagazine.pt\/#organization"},"potentialAction":[{"@type":"SearchAction","target":{"@type":"EntryPoint","urlTemplate":"https:\/\/maismagazine.pt\/?s={search_term_string}"},"query-input":{"@type":"PropertyValueSpecification","valueRequired":true,"valueName":"search_term_string"}}],"inLanguage":"pt-PT"},{"@type":"Organization","@id":"https:\/\/maismagazine.pt\/#organization","name":"Mais Magazine","url":"https:\/\/maismagazine.pt\/","logo":{"@type":"ImageObject","inLanguage":"pt-PT","@id":"https:\/\/maismagazine.pt\/#\/schema\/logo\/image\/","url":"http:\/\/maismagazine.pt\/wp-content\/uploads\/2020\/04\/cropped-cropped-mais-magazine-site-logo-2.png","contentUrl":"http:\/\/maismagazine.pt\/wp-content\/uploads\/2020\/04\/cropped-cropped-mais-magazine-site-logo-2.png","width":581,"height":90,"caption":"Mais Magazine"},"image":{"@id":"https:\/\/maismagazine.pt\/#\/schema\/logo\/image\/"}},{"@type":"Person","@id":"https:\/\/maismagazine.pt\/#\/schema\/person\/7426e2caeb8df32a1b56aa48dae778c9","name":"Tatiana Martins","image":{"@type":"ImageObject","inLanguage":"pt-PT","@id":"https:\/\/maismagazine.pt\/#\/schema\/person\/image\/","url":"https:\/\/secure.gravatar.com\/avatar\/4b24a57f5d0425f2eb20981c4b53244e?s=96&d=mm&r=g","contentUrl":"https:\/\/secure.gravatar.com\/avatar\/4b24a57f5d0425f2eb20981c4b53244e?s=96&d=mm&r=g","caption":"Tatiana Martins"},"url":"http:\/\/maismagazine.pt\/index.php\/author\/tatiana\/"}]}},"author_meta":{"display_name":false,"author_link":"http:\/\/maismagazine.pt\/index.php\/author\/tatiana\/"},"featured_img":"http:\/\/maismagazine.pt\/wp-content\/uploads\/2024\/07\/Reitor-UAveiro-300x264.jpg","coauthors":[],"tax_additional":{"categories":{"linked":["<a href=\"http:\/\/maismagazine.pt\/index.php\/category\/destaque\/\" class=\"advgb-post-tax-term\">Destaque lateral<\/a>","<a href=\"http:\/\/maismagazine.pt\/index.php\/category\/noticias\/opiniao\/\" class=\"advgb-post-tax-term\">Opini\u00e3o<\/a>"],"unlinked":["<span class=\"advgb-post-tax-term\">Destaque lateral<\/span>","<span class=\"advgb-post-tax-term\">Opini\u00e3o<\/span>"]},"tags":{"linked":["<a href=\"http:\/\/maismagazine.pt\/index.php\/category\/noticias\/opiniao\/\" class=\"advgb-post-tax-term\">CRUP<\/a>","<a href=\"http:\/\/maismagazine.pt\/index.php\/category\/noticias\/opiniao\/\" class=\"advgb-post-tax-term\">Educa\u00e7\u00e3o<\/a>","<a href=\"http:\/\/maismagazine.pt\/index.php\/category\/noticias\/opiniao\/\" class=\"advgb-post-tax-term\">Ensino<\/a>"],"unlinked":["<span class=\"advgb-post-tax-term\">CRUP<\/span>","<span class=\"advgb-post-tax-term\">Educa\u00e7\u00e3o<\/span>","<span class=\"advgb-post-tax-term\">Ensino<\/span>"]}},"comment_count":"0","relative_dates":{"created":"Posted 2 anos ago","modified":"Updated 2 anos ago"},"absolute_dates":{"created":"Posted on 26 de Julho, 2024","modified":"Updated on 23 de Julho, 2024"},"absolute_dates_time":{"created":"Posted on 26 de Julho, 2024 7:00","modified":"Updated on 23 de Julho, 2024 15:26"},"featured_img_caption":"","series_order":"","_links":{"self":[{"href":"http:\/\/maismagazine.pt\/index.php\/wp-json\/wp\/v2\/posts\/10275","targetHints":{"allow":["GET"]}}],"collection":[{"href":"http:\/\/maismagazine.pt\/index.php\/wp-json\/wp\/v2\/posts"}],"about":[{"href":"http:\/\/maismagazine.pt\/index.php\/wp-json\/wp\/v2\/types\/post"}],"author":[{"embeddable":true,"href":"http:\/\/maismagazine.pt\/index.php\/wp-json\/wp\/v2\/users\/18"}],"replies":[{"embeddable":true,"href":"http:\/\/maismagazine.pt\/index.php\/wp-json\/wp\/v2\/comments?post=10275"}],"version-history":[{"count":1,"href":"http:\/\/maismagazine.pt\/index.php\/wp-json\/wp\/v2\/posts\/10275\/revisions"}],"predecessor-version":[{"id":10284,"href":"http:\/\/maismagazine.pt\/index.php\/wp-json\/wp\/v2\/posts\/10275\/revisions\/10284"}],"wp:featuredmedia":[{"embeddable":true,"href":"http:\/\/maismagazine.pt\/index.php\/wp-json\/wp\/v2\/media\/10282"}],"wp:attachment":[{"href":"http:\/\/maismagazine.pt\/index.php\/wp-json\/wp\/v2\/media?parent=10275"}],"wp:term":[{"taxonomy":"category","embeddable":true,"href":"http:\/\/maismagazine.pt\/index.php\/wp-json\/wp\/v2\/categories?post=10275"},{"taxonomy":"post_tag","embeddable":true,"href":"http:\/\/maismagazine.pt\/index.php\/wp-json\/wp\/v2\/tags?post=10275"}],"curies":[{"name":"wp","href":"https:\/\/api.w.org\/{rel}","templated":true}]}}