{"id":10245,"date":"2024-07-26T07:00:00","date_gmt":"2024-07-26T06:00:00","guid":{"rendered":"https:\/\/maismagazine.pt\/?p=10245"},"modified":"2024-07-23T14:59:19","modified_gmt":"2024-07-23T13:59:19","slug":"politecnico-de-leiria-a-universidade-para-a-regiao-de-leiria-e-oeste","status":"publish","type":"post","link":"http:\/\/maismagazine.pt\/index.php\/2024\/07\/26\/politecnico-de-leiria-a-universidade-para-a-regiao-de-leiria-e-oeste\/","title":{"rendered":"Polit\u00e9cnico de Leiria: A universidade para a regi\u00e3o de Leiria e Oeste"},"content":{"rendered":"\n<p><strong>Destacando-se pela sua forma\u00e7\u00e3o graduada e p\u00f3s-graduada, o <a href=\"https:\/\/www.ipleiria.pt\/\">Polit\u00e9cnico de Leiria<\/a> \u00e9 atualmente uma refer\u00eancia a n\u00edvel nacional, que se afirma cada vez mais no contexto internacional, atrav\u00e9s de um ecossistema robusto de investiga\u00e7\u00e3o e inova\u00e7\u00e3o. <\/strong><\/p>\n\n\n\n<p><\/p>\n\n\n\n<p>O Polit\u00e9cnico de Leiria \u00e9 uma institui\u00e7\u00e3o de ensino superior p\u00fablica ao servi\u00e7o da sociedade e plena nas diferentes dimens\u00f5es, designadamente no ensino, investiga\u00e7\u00e3o e inova\u00e7\u00e3o, encontrando-se numa fase relevante de crescimento, desenvolvimento e afirma\u00e7\u00e3o nacional e internacional. A institui\u00e7\u00e3o disponibiliza forma\u00e7\u00e3o de qualidade, orientada para o mercado de trabalho, nas \u00e1reas de Artes e Design, Ci\u00eancia e Tecnologia do Mar, Ci\u00eancias Empresariais e Jur\u00eddicas, Educa\u00e7\u00e3o e Ci\u00eancias Sociais, Engenharia e Tecnologia, Sa\u00fade e Desporto, e Turismo. Com um universo de cerca de 14.000 estudantes, promove cursos t\u00e9cnicos superiores profissionais (TeSP), licenciaturas, cursos de mestrado e p\u00f3s&#8211;gradua\u00e7\u00e3o e programas de doutoramento. Proporciona aos seus estudantes uma experi\u00eancia acad\u00e9mica de qualidade, procurando construir a rampa de lan\u00e7amento para uma vida profissional de sucesso e realizadora, atrav\u00e9s de valores fundamentais como a criatividade, inova\u00e7\u00e3o, \u00e9tica e responsabilidade, sustentabilidade, pluralidade e inclus\u00e3o. <\/p>\n\n\n\n<p><\/p>\n\n\n\n<p>Como col\u00edder da universidade europeia Regional University Network (RUN-EU), o Polit\u00e9cnico de Leiria contribui para o refor\u00e7o da identidade europeia suportada pela inova\u00e7\u00e3o e pelo conhecimento, destacando-se a inova\u00e7\u00e3o pedag\u00f3gica, os percursos curriculares flex\u00edveis, os cursos curtos promotores de requalifica\u00e7\u00e3o e qualifica\u00e7\u00e3o avan\u00e7ada, bem como a cria\u00e7\u00e3o de European Degrees, visando o desenvolvimento da regi\u00e3o onde cada parceiro internacional se encontra inserido. A institui\u00e7\u00e3o coloca na linha da frente a capacita\u00e7\u00e3o de cidad\u00e3os com compet\u00eancias relevantes, fomentada pela dinamiza\u00e7\u00e3o de ciclos completos de estudo atuais e de elevada qualidade, bem como pelas estrat\u00e9gias de forma\u00e7\u00e3o ao longo da vida e de programas de coopera\u00e7\u00e3o e mobilidade internacionais no \u00e2mbito do ensino, forma\u00e7\u00e3o, investiga\u00e7\u00e3o e inova\u00e7\u00e3o. Esta estrat\u00e9gia \u00e9 ainda refor\u00e7ada pela ideia de promover uma rela\u00e7\u00e3o forte com a sociedade, geradora de conhecimento com impacto. <\/p>\n\n\n\n<p><\/p>\n\n\n\n<p><strong>Novos programas de doutoramento consolidam forma\u00e7\u00e3o p\u00f3s-graduada <\/strong><\/p>\n\n\n\n<p>O Polit\u00e9cnico de Leiria possui atualmente um programa doutoral em Fabrico Digital Direto para as Ind\u00fastrias dos Pol\u00edmeros e Moldes, lecionado em associa\u00e7\u00e3o com a Universidade do Minho, estando igualmente em funcionamento o Doutoramento em Cria\u00e7\u00e3o Art\u00edstica, realizado em associa\u00e7\u00e3o com a Universidade de Aveiro e o Polit\u00e9cnico do Porto. Recentemente, recebeu a decis\u00e3o de aprova\u00e7\u00e3o do Doutoramento Internacional em Engenharia da Digitaliza\u00e7\u00e3o, que ser\u00e1 promovido conjuntamente com a Technological University of the Shannon (Irlanda) e com o Instituto Polit\u00e9cnico do C\u00e1vado e do Ave (IPCA), sendo o primeiro doutoramento cujo grau ser\u00e1 diretamente outorgado pelo Polit\u00e9cnico de Leiria, desencadeando assim mais um passo para a transforma\u00e7\u00e3o da institui\u00e7\u00e3o em Universidade. Encontra-se a aguardar a decis\u00e3o final do funcionamento do Doutoramento Internacional em Ci\u00eancia de Dados para a Sustentabilidade, a ser realizado em parceria com a Universidade de Burgos (Espanha) e com o IPCA, e o doutoramento em Engenharia Sustent\u00e1vel de Produto e Processos, recentemente submetido para acredita\u00e7\u00e3o. <\/p>\n\n\n\n<p><\/p>\n\n\n<div class=\"wp-block-image\">\n<figure class=\"aligncenter size-full is-resized\"><img loading=\"lazy\" decoding=\"async\" width=\"180\" height=\"180\" src=\"https:\/\/maismagazine.pt\/wp-content\/uploads\/2024\/07\/309851247_487342823420059_4153552262061480874_n.png\" alt=\"\" class=\"wp-image-10248\" style=\"aspect-ratio:1;width:146px;height:auto\" srcset=\"http:\/\/maismagazine.pt\/wp-content\/uploads\/2024\/07\/309851247_487342823420059_4153552262061480874_n.png 180w, http:\/\/maismagazine.pt\/wp-content\/uploads\/2024\/07\/309851247_487342823420059_4153552262061480874_n-150x150.png 150w\" sizes=\"auto, (max-width: 180px) 100vw, 180px\" \/><\/figure><\/div>","protected":false},"excerpt":{"rendered":"<p>Destacando-se pela sua forma\u00e7\u00e3o graduada e p\u00f3s-graduada, o Polit\u00e9cnico de Leiria \u00e9 atualmente uma refer\u00eancia a n\u00edvel nacional, que se afirma cada vez mais no contexto internacional, atrav\u00e9s de um ecossistema robusto de investiga\u00e7\u00e3o e inova\u00e7\u00e3o. O Polit\u00e9cnico de Leiria \u00e9 uma institui\u00e7\u00e3o de ensino superior p\u00fablica ao servi\u00e7o da&hellip;<\/p>\n","protected":false},"author":17,"featured_media":10015,"comment_status":"closed","ping_status":"open","sticky":false,"template":"","format":"standard","meta":{"advgb_blocks_editor_width":"","advgb_blocks_columns_visual_guide":"","_monsterinsights_skip_tracking":false,"_monsterinsights_sitenote_active":false,"_monsterinsights_sitenote_note":"","_monsterinsights_sitenote_category":0,"footnotes":""},"categories":[149],"tags":[2094],"class_list":["post-10245","post","type-post","status-publish","format-standard","has-post-thumbnail","hentry","category-educacao","tag-ip-leiria"],"yoast_head":"<!-- This site is optimized with the Yoast SEO plugin v24.4 - https:\/\/yoast.com\/wordpress\/plugins\/seo\/ -->\n<title>Polit\u00e9cnico de Leiria: A universidade para a regi\u00e3o de Leiria e Oeste - Mais Magazine<\/title>\n<meta name=\"description\" content=\"Destacando-se pela sua forma\u00e7\u00e3o graduada e p\u00f3s-graduada, o Polit\u00e9cnico de Leiria \u00e9 atualmente uma refer\u00eancia a n\u00edvel nacional, que se afirma cada vez mais no contexto internacional, atrav\u00e9s de um ecossistema robusto de investiga\u00e7\u00e3o e inova\u00e7\u00e3o.\" \/>\n<meta name=\"robots\" content=\"index, follow, max-snippet:-1, max-image-preview:large, max-video-preview:-1\" \/>\n<link rel=\"canonical\" href=\"https:\/\/maismagazine.pt\/index.php\/2024\/07\/26\/politecnico-de-leiria-a-universidade-para-a-regiao-de-leiria-e-oeste\/\" \/>\n<meta property=\"og:locale\" content=\"pt_PT\" \/>\n<meta property=\"og:type\" content=\"article\" \/>\n<meta property=\"og:title\" content=\"Polit\u00e9cnico de Leiria: A universidade para a regi\u00e3o de Leiria e Oeste - Mais Magazine\" \/>\n<meta property=\"og:description\" content=\"Destacando-se pela sua forma\u00e7\u00e3o graduada e p\u00f3s-graduada, o Polit\u00e9cnico de Leiria \u00e9 atualmente uma refer\u00eancia a n\u00edvel nacional, que se afirma cada vez mais no contexto internacional, atrav\u00e9s de um ecossistema robusto de investiga\u00e7\u00e3o e inova\u00e7\u00e3o.\" \/>\n<meta property=\"og:url\" content=\"https:\/\/maismagazine.pt\/index.php\/2024\/07\/26\/politecnico-de-leiria-a-universidade-para-a-regiao-de-leiria-e-oeste\/\" \/>\n<meta property=\"og:site_name\" content=\"Mais Magazine\" \/>\n<meta property=\"article:published_time\" content=\"2024-07-26T06:00:00+00:00\" \/>\n<meta property=\"og:image\" content=\"https:\/\/maismagazine.pt\/wp-content\/uploads\/2024\/06\/Foto-Fachada-Principal-Politecnico-de-Leiria-scaled.jpg\" \/>\n\t<meta property=\"og:image:width\" content=\"2560\" \/>\n\t<meta property=\"og:image:height\" content=\"1793\" \/>\n\t<meta property=\"og:image:type\" content=\"image\/jpeg\" \/>\n<meta name=\"author\" content=\"Tiago Costa\" \/>\n<meta name=\"twitter:card\" content=\"summary_large_image\" \/>\n<meta name=\"twitter:label1\" content=\"Escrito por\" \/>\n\t<meta name=\"twitter:data1\" content=\"\" \/>\n\t<meta name=\"twitter:label2\" content=\"Tempo estimado de leitura\" \/>\n\t<meta name=\"twitter:data2\" content=\"4 minutos\" \/>\n<script type=\"application\/ld+json\" class=\"yoast-schema-graph\">{\"@context\":\"https:\/\/schema.org\",\"@graph\":[{\"@type\":\"Article\",\"@id\":\"https:\/\/maismagazine.pt\/index.php\/2024\/07\/26\/politecnico-de-leiria-a-universidade-para-a-regiao-de-leiria-e-oeste\/#article\",\"isPartOf\":{\"@id\":\"https:\/\/maismagazine.pt\/index.php\/2024\/07\/26\/politecnico-de-leiria-a-universidade-para-a-regiao-de-leiria-e-oeste\/\"},\"author\":{\"name\":\"Tiago Costa\",\"@id\":\"https:\/\/maismagazine.pt\/#\/schema\/person\/c6c5bfccc886434cbd11c74e035f9646\"},\"headline\":\"Polit\u00e9cnico de Leiria: A universidade para a regi\u00e3o de Leiria e Oeste\",\"datePublished\":\"2024-07-26T06:00:00+00:00\",\"mainEntityOfPage\":{\"@id\":\"https:\/\/maismagazine.pt\/index.php\/2024\/07\/26\/politecnico-de-leiria-a-universidade-para-a-regiao-de-leiria-e-oeste\/\"},\"wordCount\":566,\"publisher\":{\"@id\":\"https:\/\/maismagazine.pt\/#organization\"},\"image\":{\"@id\":\"https:\/\/maismagazine.pt\/index.php\/2024\/07\/26\/politecnico-de-leiria-a-universidade-para-a-regiao-de-leiria-e-oeste\/#primaryimage\"},\"thumbnailUrl\":\"http:\/\/maismagazine.pt\/wp-content\/uploads\/2024\/06\/Foto-Fachada-Principal-Politecnico-de-Leiria-scaled.jpg\",\"keywords\":[\"IP Leiria\"],\"articleSection\":[\"Educa\u00e7\u00e3o\"],\"inLanguage\":\"pt-PT\"},{\"@type\":\"WebPage\",\"@id\":\"https:\/\/maismagazine.pt\/index.php\/2024\/07\/26\/politecnico-de-leiria-a-universidade-para-a-regiao-de-leiria-e-oeste\/\",\"url\":\"https:\/\/maismagazine.pt\/index.php\/2024\/07\/26\/politecnico-de-leiria-a-universidade-para-a-regiao-de-leiria-e-oeste\/\",\"name\":\"Polit\u00e9cnico de Leiria: A universidade para a regi\u00e3o de Leiria e Oeste - Mais Magazine\",\"isPartOf\":{\"@id\":\"https:\/\/maismagazine.pt\/#website\"},\"primaryImageOfPage\":{\"@id\":\"https:\/\/maismagazine.pt\/index.php\/2024\/07\/26\/politecnico-de-leiria-a-universidade-para-a-regiao-de-leiria-e-oeste\/#primaryimage\"},\"image\":{\"@id\":\"https:\/\/maismagazine.pt\/index.php\/2024\/07\/26\/politecnico-de-leiria-a-universidade-para-a-regiao-de-leiria-e-oeste\/#primaryimage\"},\"thumbnailUrl\":\"http:\/\/maismagazine.pt\/wp-content\/uploads\/2024\/06\/Foto-Fachada-Principal-Politecnico-de-Leiria-scaled.jpg\",\"datePublished\":\"2024-07-26T06:00:00+00:00\",\"description\":\"Destacando-se pela sua forma\u00e7\u00e3o graduada e p\u00f3s-graduada, o Polit\u00e9cnico de Leiria \u00e9 atualmente uma refer\u00eancia a n\u00edvel nacional, que se afirma cada vez mais no contexto internacional, atrav\u00e9s de um ecossistema robusto de investiga\u00e7\u00e3o e inova\u00e7\u00e3o.\",\"breadcrumb\":{\"@id\":\"https:\/\/maismagazine.pt\/index.php\/2024\/07\/26\/politecnico-de-leiria-a-universidade-para-a-regiao-de-leiria-e-oeste\/#breadcrumb\"},\"inLanguage\":\"pt-PT\",\"potentialAction\":[{\"@type\":\"ReadAction\",\"target\":[\"https:\/\/maismagazine.pt\/index.php\/2024\/07\/26\/politecnico-de-leiria-a-universidade-para-a-regiao-de-leiria-e-oeste\/\"]}]},{\"@type\":\"ImageObject\",\"inLanguage\":\"pt-PT\",\"@id\":\"https:\/\/maismagazine.pt\/index.php\/2024\/07\/26\/politecnico-de-leiria-a-universidade-para-a-regiao-de-leiria-e-oeste\/#primaryimage\",\"url\":\"http:\/\/maismagazine.pt\/wp-content\/uploads\/2024\/06\/Foto-Fachada-Principal-Politecnico-de-Leiria-scaled.jpg\",\"contentUrl\":\"http:\/\/maismagazine.pt\/wp-content\/uploads\/2024\/06\/Foto-Fachada-Principal-Politecnico-de-Leiria-scaled.jpg\",\"width\":2560,\"height\":1793},{\"@type\":\"BreadcrumbList\",\"@id\":\"https:\/\/maismagazine.pt\/index.php\/2024\/07\/26\/politecnico-de-leiria-a-universidade-para-a-regiao-de-leiria-e-oeste\/#breadcrumb\",\"itemListElement\":[{\"@type\":\"ListItem\",\"position\":1,\"name\":\"Home\",\"item\":\"https:\/\/maismagazine.pt\/\"},{\"@type\":\"ListItem\",\"position\":2,\"name\":\"Polit\u00e9cnico de Leiria: A universidade para a regi\u00e3o de Leiria e Oeste\"}]},{\"@type\":\"WebSite\",\"@id\":\"https:\/\/maismagazine.pt\/#website\",\"url\":\"https:\/\/maismagazine.pt\/\",\"name\":\"Mais Magazine\",\"description\":\"\",\"publisher\":{\"@id\":\"https:\/\/maismagazine.pt\/#organization\"},\"potentialAction\":[{\"@type\":\"SearchAction\",\"target\":{\"@type\":\"EntryPoint\",\"urlTemplate\":\"https:\/\/maismagazine.pt\/?s={search_term_string}\"},\"query-input\":{\"@type\":\"PropertyValueSpecification\",\"valueRequired\":true,\"valueName\":\"search_term_string\"}}],\"inLanguage\":\"pt-PT\"},{\"@type\":\"Organization\",\"@id\":\"https:\/\/maismagazine.pt\/#organization\",\"name\":\"Mais Magazine\",\"url\":\"https:\/\/maismagazine.pt\/\",\"logo\":{\"@type\":\"ImageObject\",\"inLanguage\":\"pt-PT\",\"@id\":\"https:\/\/maismagazine.pt\/#\/schema\/logo\/image\/\",\"url\":\"http:\/\/maismagazine.pt\/wp-content\/uploads\/2020\/04\/cropped-cropped-mais-magazine-site-logo-2.png\",\"contentUrl\":\"http:\/\/maismagazine.pt\/wp-content\/uploads\/2020\/04\/cropped-cropped-mais-magazine-site-logo-2.png\",\"width\":581,\"height\":90,\"caption\":\"Mais Magazine\"},\"image\":{\"@id\":\"https:\/\/maismagazine.pt\/#\/schema\/logo\/image\/\"}},{\"@type\":\"Person\",\"@id\":\"https:\/\/maismagazine.pt\/#\/schema\/person\/c6c5bfccc886434cbd11c74e035f9646\",\"name\":\"Tiago Costa\",\"image\":{\"@type\":\"ImageObject\",\"inLanguage\":\"pt-PT\",\"@id\":\"https:\/\/maismagazine.pt\/#\/schema\/person\/image\/\",\"url\":\"https:\/\/secure.gravatar.com\/avatar\/c599b2bce16c9870429198cbad5ee022?s=96&d=mm&r=g\",\"contentUrl\":\"https:\/\/secure.gravatar.com\/avatar\/c599b2bce16c9870429198cbad5ee022?s=96&d=mm&r=g\",\"caption\":\"Tiago Costa\"},\"url\":\"http:\/\/maismagazine.pt\/index.php\/author\/tiago\/\"}]}<\/script>\n<!-- \/ Yoast SEO plugin. -->","yoast_head_json":{"title":"Polit\u00e9cnico de Leiria: A universidade para a regi\u00e3o de Leiria e Oeste - Mais Magazine","description":"Destacando-se pela sua forma\u00e7\u00e3o graduada e p\u00f3s-graduada, o Polit\u00e9cnico de Leiria \u00e9 atualmente uma refer\u00eancia a n\u00edvel nacional, que se afirma cada vez mais no contexto internacional, atrav\u00e9s de um ecossistema robusto de investiga\u00e7\u00e3o e inova\u00e7\u00e3o.","robots":{"index":"index","follow":"follow","max-snippet":"max-snippet:-1","max-image-preview":"max-image-preview:large","max-video-preview":"max-video-preview:-1"},"canonical":"https:\/\/maismagazine.pt\/index.php\/2024\/07\/26\/politecnico-de-leiria-a-universidade-para-a-regiao-de-leiria-e-oeste\/","og_locale":"pt_PT","og_type":"article","og_title":"Polit\u00e9cnico de Leiria: A universidade para a regi\u00e3o de Leiria e Oeste - Mais Magazine","og_description":"Destacando-se pela sua forma\u00e7\u00e3o graduada e p\u00f3s-graduada, o Polit\u00e9cnico de Leiria \u00e9 atualmente uma refer\u00eancia a n\u00edvel nacional, que se afirma cada vez mais no contexto internacional, atrav\u00e9s de um ecossistema robusto de investiga\u00e7\u00e3o e inova\u00e7\u00e3o.","og_url":"https:\/\/maismagazine.pt\/index.php\/2024\/07\/26\/politecnico-de-leiria-a-universidade-para-a-regiao-de-leiria-e-oeste\/","og_site_name":"Mais Magazine","article_published_time":"2024-07-26T06:00:00+00:00","og_image":[{"width":2560,"height":1793,"url":"https:\/\/maismagazine.pt\/wp-content\/uploads\/2024\/06\/Foto-Fachada-Principal-Politecnico-de-Leiria-scaled.jpg","type":"image\/jpeg"}],"author":"Tiago Costa","twitter_card":"summary_large_image","twitter_misc":{"Escrito por":false,"Tempo estimado de leitura":"4 minutos"},"schema":{"@context":"https:\/\/schema.org","@graph":[{"@type":"Article","@id":"https:\/\/maismagazine.pt\/index.php\/2024\/07\/26\/politecnico-de-leiria-a-universidade-para-a-regiao-de-leiria-e-oeste\/#article","isPartOf":{"@id":"https:\/\/maismagazine.pt\/index.php\/2024\/07\/26\/politecnico-de-leiria-a-universidade-para-a-regiao-de-leiria-e-oeste\/"},"author":{"name":"Tiago Costa","@id":"https:\/\/maismagazine.pt\/#\/schema\/person\/c6c5bfccc886434cbd11c74e035f9646"},"headline":"Polit\u00e9cnico de Leiria: A universidade para a regi\u00e3o de Leiria e Oeste","datePublished":"2024-07-26T06:00:00+00:00","mainEntityOfPage":{"@id":"https:\/\/maismagazine.pt\/index.php\/2024\/07\/26\/politecnico-de-leiria-a-universidade-para-a-regiao-de-leiria-e-oeste\/"},"wordCount":566,"publisher":{"@id":"https:\/\/maismagazine.pt\/#organization"},"image":{"@id":"https:\/\/maismagazine.pt\/index.php\/2024\/07\/26\/politecnico-de-leiria-a-universidade-para-a-regiao-de-leiria-e-oeste\/#primaryimage"},"thumbnailUrl":"http:\/\/maismagazine.pt\/wp-content\/uploads\/2024\/06\/Foto-Fachada-Principal-Politecnico-de-Leiria-scaled.jpg","keywords":["IP Leiria"],"articleSection":["Educa\u00e7\u00e3o"],"inLanguage":"pt-PT"},{"@type":"WebPage","@id":"https:\/\/maismagazine.pt\/index.php\/2024\/07\/26\/politecnico-de-leiria-a-universidade-para-a-regiao-de-leiria-e-oeste\/","url":"https:\/\/maismagazine.pt\/index.php\/2024\/07\/26\/politecnico-de-leiria-a-universidade-para-a-regiao-de-leiria-e-oeste\/","name":"Polit\u00e9cnico de Leiria: A universidade para a regi\u00e3o de Leiria e Oeste - Mais Magazine","isPartOf":{"@id":"https:\/\/maismagazine.pt\/#website"},"primaryImageOfPage":{"@id":"https:\/\/maismagazine.pt\/index.php\/2024\/07\/26\/politecnico-de-leiria-a-universidade-para-a-regiao-de-leiria-e-oeste\/#primaryimage"},"image":{"@id":"https:\/\/maismagazine.pt\/index.php\/2024\/07\/26\/politecnico-de-leiria-a-universidade-para-a-regiao-de-leiria-e-oeste\/#primaryimage"},"thumbnailUrl":"http:\/\/maismagazine.pt\/wp-content\/uploads\/2024\/06\/Foto-Fachada-Principal-Politecnico-de-Leiria-scaled.jpg","datePublished":"2024-07-26T06:00:00+00:00","description":"Destacando-se pela sua forma\u00e7\u00e3o graduada e p\u00f3s-graduada, o Polit\u00e9cnico de Leiria \u00e9 atualmente uma refer\u00eancia a n\u00edvel nacional, que se afirma cada vez mais no contexto internacional, atrav\u00e9s de um ecossistema robusto de investiga\u00e7\u00e3o e inova\u00e7\u00e3o.","breadcrumb":{"@id":"https:\/\/maismagazine.pt\/index.php\/2024\/07\/26\/politecnico-de-leiria-a-universidade-para-a-regiao-de-leiria-e-oeste\/#breadcrumb"},"inLanguage":"pt-PT","potentialAction":[{"@type":"ReadAction","target":["https:\/\/maismagazine.pt\/index.php\/2024\/07\/26\/politecnico-de-leiria-a-universidade-para-a-regiao-de-leiria-e-oeste\/"]}]},{"@type":"ImageObject","inLanguage":"pt-PT","@id":"https:\/\/maismagazine.pt\/index.php\/2024\/07\/26\/politecnico-de-leiria-a-universidade-para-a-regiao-de-leiria-e-oeste\/#primaryimage","url":"http:\/\/maismagazine.pt\/wp-content\/uploads\/2024\/06\/Foto-Fachada-Principal-Politecnico-de-Leiria-scaled.jpg","contentUrl":"http:\/\/maismagazine.pt\/wp-content\/uploads\/2024\/06\/Foto-Fachada-Principal-Politecnico-de-Leiria-scaled.jpg","width":2560,"height":1793},{"@type":"BreadcrumbList","@id":"https:\/\/maismagazine.pt\/index.php\/2024\/07\/26\/politecnico-de-leiria-a-universidade-para-a-regiao-de-leiria-e-oeste\/#breadcrumb","itemListElement":[{"@type":"ListItem","position":1,"name":"Home","item":"https:\/\/maismagazine.pt\/"},{"@type":"ListItem","position":2,"name":"Polit\u00e9cnico de Leiria: A universidade para a regi\u00e3o de Leiria e Oeste"}]},{"@type":"WebSite","@id":"https:\/\/maismagazine.pt\/#website","url":"https:\/\/maismagazine.pt\/","name":"Mais Magazine","description":"","publisher":{"@id":"https:\/\/maismagazine.pt\/#organization"},"potentialAction":[{"@type":"SearchAction","target":{"@type":"EntryPoint","urlTemplate":"https:\/\/maismagazine.pt\/?s={search_term_string}"},"query-input":{"@type":"PropertyValueSpecification","valueRequired":true,"valueName":"search_term_string"}}],"inLanguage":"pt-PT"},{"@type":"Organization","@id":"https:\/\/maismagazine.pt\/#organization","name":"Mais Magazine","url":"https:\/\/maismagazine.pt\/","logo":{"@type":"ImageObject","inLanguage":"pt-PT","@id":"https:\/\/maismagazine.pt\/#\/schema\/logo\/image\/","url":"http:\/\/maismagazine.pt\/wp-content\/uploads\/2020\/04\/cropped-cropped-mais-magazine-site-logo-2.png","contentUrl":"http:\/\/maismagazine.pt\/wp-content\/uploads\/2020\/04\/cropped-cropped-mais-magazine-site-logo-2.png","width":581,"height":90,"caption":"Mais Magazine"},"image":{"@id":"https:\/\/maismagazine.pt\/#\/schema\/logo\/image\/"}},{"@type":"Person","@id":"https:\/\/maismagazine.pt\/#\/schema\/person\/c6c5bfccc886434cbd11c74e035f9646","name":"Tiago Costa","image":{"@type":"ImageObject","inLanguage":"pt-PT","@id":"https:\/\/maismagazine.pt\/#\/schema\/person\/image\/","url":"https:\/\/secure.gravatar.com\/avatar\/c599b2bce16c9870429198cbad5ee022?s=96&d=mm&r=g","contentUrl":"https:\/\/secure.gravatar.com\/avatar\/c599b2bce16c9870429198cbad5ee022?s=96&d=mm&r=g","caption":"Tiago Costa"},"url":"http:\/\/maismagazine.pt\/index.php\/author\/tiago\/"}]}},"author_meta":{"display_name":false,"author_link":"http:\/\/maismagazine.pt\/index.php\/author\/tiago\/"},"featured_img":"http:\/\/maismagazine.pt\/wp-content\/uploads\/2024\/06\/Foto-Fachada-Principal-Politecnico-de-Leiria-300x210.jpg","coauthors":[],"tax_additional":{"categories":{"linked":["<a href=\"http:\/\/maismagazine.pt\/index.php\/category\/educacao\/\" class=\"advgb-post-tax-term\">Educa\u00e7\u00e3o<\/a>"],"unlinked":["<span class=\"advgb-post-tax-term\">Educa\u00e7\u00e3o<\/span>"]},"tags":{"linked":["<a href=\"http:\/\/maismagazine.pt\/index.php\/category\/educacao\/\" class=\"advgb-post-tax-term\">IP Leiria<\/a>"],"unlinked":["<span class=\"advgb-post-tax-term\">IP Leiria<\/span>"]}},"comment_count":"0","relative_dates":{"created":"Posted 2 anos ago","modified":"Updated 2 anos ago"},"absolute_dates":{"created":"Posted on 26 de Julho, 2024","modified":"Updated on 23 de Julho, 2024"},"absolute_dates_time":{"created":"Posted on 26 de Julho, 2024 7:00","modified":"Updated on 23 de Julho, 2024 14:59"},"featured_img_caption":"","series_order":"","_links":{"self":[{"href":"http:\/\/maismagazine.pt\/index.php\/wp-json\/wp\/v2\/posts\/10245","targetHints":{"allow":["GET"]}}],"collection":[{"href":"http:\/\/maismagazine.pt\/index.php\/wp-json\/wp\/v2\/posts"}],"about":[{"href":"http:\/\/maismagazine.pt\/index.php\/wp-json\/wp\/v2\/types\/post"}],"author":[{"embeddable":true,"href":"http:\/\/maismagazine.pt\/index.php\/wp-json\/wp\/v2\/users\/17"}],"replies":[{"embeddable":true,"href":"http:\/\/maismagazine.pt\/index.php\/wp-json\/wp\/v2\/comments?post=10245"}],"version-history":[{"count":1,"href":"http:\/\/maismagazine.pt\/index.php\/wp-json\/wp\/v2\/posts\/10245\/revisions"}],"predecessor-version":[{"id":10251,"href":"http:\/\/maismagazine.pt\/index.php\/wp-json\/wp\/v2\/posts\/10245\/revisions\/10251"}],"wp:featuredmedia":[{"embeddable":true,"href":"http:\/\/maismagazine.pt\/index.php\/wp-json\/wp\/v2\/media\/10015"}],"wp:attachment":[{"href":"http:\/\/maismagazine.pt\/index.php\/wp-json\/wp\/v2\/media?parent=10245"}],"wp:term":[{"taxonomy":"category","embeddable":true,"href":"http:\/\/maismagazine.pt\/index.php\/wp-json\/wp\/v2\/categories?post=10245"},{"taxonomy":"post_tag","embeddable":true,"href":"http:\/\/maismagazine.pt\/index.php\/wp-json\/wp\/v2\/tags?post=10245"}],"curies":[{"name":"wp","href":"https:\/\/api.w.org\/{rel}","templated":true}]}}