{"id":10213,"date":"2024-07-26T07:00:00","date_gmt":"2024-07-26T06:00:00","guid":{"rendered":"https:\/\/maismagazine.pt\/?p=10213"},"modified":"2024-07-23T14:42:56","modified_gmt":"2024-07-23T13:42:56","slug":"escola-profissional-agricola-quinta-da-lageosa","status":"publish","type":"post","link":"http:\/\/maismagazine.pt\/index.php\/2024\/07\/26\/escola-profissional-agricola-quinta-da-lageosa\/","title":{"rendered":"Escola Profissional Agr\u00edcola Quinta da Lageosa"},"content":{"rendered":"\n<p><strong>Os sinais que caracterizam esta p\u00f3s-modernidade, fazem tocar os sinos a rebate porquanto a nossa exist\u00eancia parece caminhar para um estado de sobreviv\u00eancia. Das altera\u00e7\u00f5es clim\u00e1ticas \u00e0s guerras, da perda da biodiversidade \u00e0 polui\u00e7\u00e3o planet\u00e1ria, da sobre-explora\u00e7\u00e3o dos recursos naturais \u00e0 pobreza, da desertifica\u00e7\u00e3o ao ressurgimento de sistemas pol\u00edticos totalit\u00e1rios, somam-se amea\u00e7as que, n\u00e3o raras vezes de forma sub-rept\u00edcia, v\u00e3o conduzindo a vida no planeta para um estado de extin\u00e7\u00e3o.<\/strong><\/p>\n\n\n<div class=\"wp-block-image\">\n<figure class=\"aligncenter size-large is-resized\"><img loading=\"lazy\" decoding=\"async\" width=\"1024\" height=\"768\" src=\"https:\/\/maismagazine.pt\/wp-content\/uploads\/2024\/07\/3-1-1024x768.jpg\" alt=\"\" class=\"wp-image-10221\" style=\"aspect-ratio:1.3333333333333333;width:343px;height:auto\" srcset=\"http:\/\/maismagazine.pt\/wp-content\/uploads\/2024\/07\/3-1-1024x768.jpg 1024w, http:\/\/maismagazine.pt\/wp-content\/uploads\/2024\/07\/3-1-300x225.jpg 300w, http:\/\/maismagazine.pt\/wp-content\/uploads\/2024\/07\/3-1-768x576.jpg 768w, http:\/\/maismagazine.pt\/wp-content\/uploads\/2024\/07\/3-1-1536x1152.jpg 1536w, http:\/\/maismagazine.pt\/wp-content\/uploads\/2024\/07\/3-1.jpg 1600w\" sizes=\"auto, (max-width: 1024px) 100vw, 1024px\" \/><\/figure><\/div>\n\n\n<p>A resposta a estes e outros desafios s\u00f3 pode partir da educa\u00e7\u00e3o. \u00c9 na consecu\u00e7\u00e3o dos percursos educativos que uma nova vis\u00e3o da presen\u00e7a do Homem no mundo deve ser desenvolvida e implementada. O modelo de desenvolvimento seguido tem de ser substitu\u00eddo por um novo modelo, capaz de mitigar os problemas decorrentes do modelo ainda vigente e de encontrar novas abordagens de cariz mais natural e regenerativo.<\/p>\n\n\n<div class=\"wp-block-image\">\n<figure class=\"alignleft size-large is-resized\"><img loading=\"lazy\" decoding=\"async\" width=\"768\" height=\"1024\" src=\"https:\/\/maismagazine.pt\/wp-content\/uploads\/2024\/07\/6-1-768x1024.jpg\" alt=\"\" class=\"wp-image-10222\" style=\"aspect-ratio:0.75;width:233px;height:auto\" srcset=\"http:\/\/maismagazine.pt\/wp-content\/uploads\/2024\/07\/6-1-768x1024.jpg 768w, http:\/\/maismagazine.pt\/wp-content\/uploads\/2024\/07\/6-1-225x300.jpg 225w, http:\/\/maismagazine.pt\/wp-content\/uploads\/2024\/07\/6-1-1152x1536.jpg 1152w, http:\/\/maismagazine.pt\/wp-content\/uploads\/2024\/07\/6-1.jpg 1536w\" sizes=\"auto, (max-width: 768px) 100vw, 768px\" \/><\/figure><\/div>\n\n\n<p>A Escola Profissional Agr\u00edcola Quinta da Lageosa, incorporou no seu modus operandi, uma abordagem a estes desafios nas diversas aprendizagens desenvolvidas aquando da implementa\u00e7\u00e3o das estrat\u00e9gias inerentes aos planos curriculares. Desenvolve, sobretudo, aprendizagens significativas que evidenciem grandes problemas que nos s\u00e3o colocados, e que procurem respostas para algumas situa\u00e7\u00f5es. Para al\u00e9m das abordagens inerentes \u00e0s estrat\u00e9gias de ensino e aprendizagem, desenvolvidas no contexto de disciplinas t\u00e3o diversas como Cidadania e Equita\u00e7\u00e3o, constituem outros exemplos a participa\u00e7\u00e3o no projeto Erasmus+ \u201cGreen Skills 4 VET\u201d, onde um grupo de alunos trabalha num ecossistema agr\u00e1rio de forma a, recorrendo a infraestrutura ecol\u00f3gicas, reduzir a aplica\u00e7\u00e3o de fitof\u00e1rmacos; a exist\u00eancia de um clube de Ci\u00eancia Viva, com foco na preserva\u00e7\u00e3o da biodiversidade; um clube de artes promotor da inclus\u00e3o e da partilha intercultural. No dom\u00ednio da inclus\u00e3o, nomeadamente das crian\u00e7as e jovens com necessidades educativas especiais, a EPAQL realiza diariamente atividades de equita\u00e7\u00e3o terap\u00eautica, que complementam os seus processos de crescimento e desenvolvimento, de crian\u00e7as e jovens de outras escolas e institui\u00e7\u00f5es.<\/p>\n\n\n\n<p><\/p>\n\n\n\n<p>Assumimos assim, a nossa parte na busca de solu\u00e7\u00f5es que nos ajudem a construir um mundo melhor!<\/p>\n\n\n\n<p><\/p>\n\n\n\n<p><a href=\"http:\/\/www.quintadalageosa.pt\">www.quintadalageosa.pt<\/a><\/p>\n\n\n\n<p><\/p>\n\n\n\n<p><\/p>\n\n\n<div class=\"wp-block-image\">\n<figure class=\"aligncenter size-large is-resized\"><img loading=\"lazy\" decoding=\"async\" width=\"1024\" height=\"114\" src=\"https:\/\/maismagazine.pt\/wp-content\/uploads\/2024\/07\/barra-logotipos-1-1024x114.jpg\" alt=\"\" class=\"wp-image-10223\" style=\"aspect-ratio:8.982456140350877;width:826px;height:auto\" srcset=\"http:\/\/maismagazine.pt\/wp-content\/uploads\/2024\/07\/barra-logotipos-1-1024x114.jpg 1024w, http:\/\/maismagazine.pt\/wp-content\/uploads\/2024\/07\/barra-logotipos-1-300x33.jpg 300w, http:\/\/maismagazine.pt\/wp-content\/uploads\/2024\/07\/barra-logotipos-1-768x85.jpg 768w, http:\/\/maismagazine.pt\/wp-content\/uploads\/2024\/07\/barra-logotipos-1-1536x170.jpg 1536w, http:\/\/maismagazine.pt\/wp-content\/uploads\/2024\/07\/barra-logotipos-1.jpg 2000w\" sizes=\"auto, (max-width: 1024px) 100vw, 1024px\" \/><\/figure><\/div>","protected":false},"excerpt":{"rendered":"<p>Os sinais que caracterizam esta p\u00f3s-modernidade, fazem tocar os sinos a rebate porquanto a nossa exist\u00eancia parece caminhar para um estado de sobreviv\u00eancia. Das altera\u00e7\u00f5es clim\u00e1ticas \u00e0s guerras, da perda da biodiversidade \u00e0 polui\u00e7\u00e3o planet\u00e1ria, da sobre-explora\u00e7\u00e3o dos recursos naturais \u00e0 pobreza, da desertifica\u00e7\u00e3o ao ressurgimento de sistemas pol\u00edticos totalit\u00e1rios,&hellip;<\/p>\n","protected":false},"author":18,"featured_media":10220,"comment_status":"closed","ping_status":"open","sticky":false,"template":"","format":"standard","meta":{"advgb_blocks_editor_width":"","advgb_blocks_columns_visual_guide":"","_monsterinsights_skip_tracking":false,"_monsterinsights_sitenote_active":false,"_monsterinsights_sitenote_note":"","_monsterinsights_sitenote_category":0,"footnotes":""},"categories":[149],"tags":[525,521,2088,2089,1249],"class_list":["post-10213","post","type-post","status-publish","format-standard","has-post-thumbnail","hentry","category-educacao","tag-educacao","tag-ensino","tag-escola-profissional-agricola-quinta-da-lageosa","tag-quinta-da-lageosa","tag-unesco"],"yoast_head":"<!-- This site is optimized with the Yoast SEO plugin v24.4 - https:\/\/yoast.com\/wordpress\/plugins\/seo\/ -->\n<title>Escola Profissional Agr\u00edcola Quinta da Lageosa - Mais Magazine<\/title>\n<meta name=\"robots\" content=\"index, follow, max-snippet:-1, max-image-preview:large, max-video-preview:-1\" \/>\n<link rel=\"canonical\" href=\"https:\/\/maismagazine.pt\/index.php\/2024\/07\/26\/escola-profissional-agricola-quinta-da-lageosa\/\" \/>\n<meta property=\"og:locale\" content=\"pt_PT\" \/>\n<meta property=\"og:type\" content=\"article\" \/>\n<meta property=\"og:title\" content=\"Escola Profissional Agr\u00edcola Quinta da Lageosa - Mais Magazine\" \/>\n<meta property=\"og:description\" content=\"Os sinais que caracterizam esta p\u00f3s-modernidade, fazem tocar os sinos a rebate porquanto a nossa exist\u00eancia parece caminhar para um estado de sobreviv\u00eancia. Das altera\u00e7\u00f5es clim\u00e1ticas \u00e0s guerras, da perda da biodiversidade \u00e0 polui\u00e7\u00e3o planet\u00e1ria, da sobre-explora\u00e7\u00e3o dos recursos naturais \u00e0 pobreza, da desertifica\u00e7\u00e3o ao ressurgimento de sistemas pol\u00edticos totalit\u00e1rios,&hellip;\" \/>\n<meta property=\"og:url\" content=\"https:\/\/maismagazine.pt\/index.php\/2024\/07\/26\/escola-profissional-agricola-quinta-da-lageosa\/\" \/>\n<meta property=\"og:site_name\" content=\"Mais Magazine\" \/>\n<meta property=\"article:published_time\" content=\"2024-07-26T06:00:00+00:00\" \/>\n<meta property=\"og:image\" content=\"https:\/\/maismagazine.pt\/wp-content\/uploads\/2024\/07\/9-1.jpg\" \/>\n\t<meta property=\"og:image:width\" content=\"960\" \/>\n\t<meta property=\"og:image:height\" content=\"540\" \/>\n\t<meta property=\"og:image:type\" content=\"image\/jpeg\" \/>\n<meta name=\"author\" content=\"Tatiana Martins\" \/>\n<meta name=\"twitter:card\" content=\"summary_large_image\" \/>\n<meta name=\"twitter:label1\" content=\"Escrito por\" \/>\n\t<meta name=\"twitter:data1\" content=\"\" \/>\n\t<meta name=\"twitter:label2\" content=\"Tempo estimado de leitura\" \/>\n\t<meta name=\"twitter:data2\" content=\"3 minutos\" \/>\n<script type=\"application\/ld+json\" class=\"yoast-schema-graph\">{\"@context\":\"https:\/\/schema.org\",\"@graph\":[{\"@type\":\"Article\",\"@id\":\"https:\/\/maismagazine.pt\/index.php\/2024\/07\/26\/escola-profissional-agricola-quinta-da-lageosa\/#article\",\"isPartOf\":{\"@id\":\"https:\/\/maismagazine.pt\/index.php\/2024\/07\/26\/escola-profissional-agricola-quinta-da-lageosa\/\"},\"author\":{\"name\":\"Tatiana Martins\",\"@id\":\"https:\/\/maismagazine.pt\/#\/schema\/person\/7426e2caeb8df32a1b56aa48dae778c9\"},\"headline\":\"Escola Profissional Agr\u00edcola Quinta da Lageosa\",\"datePublished\":\"2024-07-26T06:00:00+00:00\",\"mainEntityOfPage\":{\"@id\":\"https:\/\/maismagazine.pt\/index.php\/2024\/07\/26\/escola-profissional-agricola-quinta-da-lageosa\/\"},\"wordCount\":375,\"publisher\":{\"@id\":\"https:\/\/maismagazine.pt\/#organization\"},\"image\":{\"@id\":\"https:\/\/maismagazine.pt\/index.php\/2024\/07\/26\/escola-profissional-agricola-quinta-da-lageosa\/#primaryimage\"},\"thumbnailUrl\":\"http:\/\/maismagazine.pt\/wp-content\/uploads\/2024\/07\/9-1.jpg\",\"keywords\":[\"Educa\u00e7\u00e3o\",\"Ensino\",\"Escola Profissional Agr\u00edcola Quinta da Lageosa\",\"Quinta da Lageosa\",\"UNESCO\"],\"articleSection\":[\"Educa\u00e7\u00e3o\"],\"inLanguage\":\"pt-PT\"},{\"@type\":\"WebPage\",\"@id\":\"https:\/\/maismagazine.pt\/index.php\/2024\/07\/26\/escola-profissional-agricola-quinta-da-lageosa\/\",\"url\":\"https:\/\/maismagazine.pt\/index.php\/2024\/07\/26\/escola-profissional-agricola-quinta-da-lageosa\/\",\"name\":\"Escola Profissional Agr\u00edcola Quinta da Lageosa - Mais Magazine\",\"isPartOf\":{\"@id\":\"https:\/\/maismagazine.pt\/#website\"},\"primaryImageOfPage\":{\"@id\":\"https:\/\/maismagazine.pt\/index.php\/2024\/07\/26\/escola-profissional-agricola-quinta-da-lageosa\/#primaryimage\"},\"image\":{\"@id\":\"https:\/\/maismagazine.pt\/index.php\/2024\/07\/26\/escola-profissional-agricola-quinta-da-lageosa\/#primaryimage\"},\"thumbnailUrl\":\"http:\/\/maismagazine.pt\/wp-content\/uploads\/2024\/07\/9-1.jpg\",\"datePublished\":\"2024-07-26T06:00:00+00:00\",\"breadcrumb\":{\"@id\":\"https:\/\/maismagazine.pt\/index.php\/2024\/07\/26\/escola-profissional-agricola-quinta-da-lageosa\/#breadcrumb\"},\"inLanguage\":\"pt-PT\",\"potentialAction\":[{\"@type\":\"ReadAction\",\"target\":[\"https:\/\/maismagazine.pt\/index.php\/2024\/07\/26\/escola-profissional-agricola-quinta-da-lageosa\/\"]}]},{\"@type\":\"ImageObject\",\"inLanguage\":\"pt-PT\",\"@id\":\"https:\/\/maismagazine.pt\/index.php\/2024\/07\/26\/escola-profissional-agricola-quinta-da-lageosa\/#primaryimage\",\"url\":\"http:\/\/maismagazine.pt\/wp-content\/uploads\/2024\/07\/9-1.jpg\",\"contentUrl\":\"http:\/\/maismagazine.pt\/wp-content\/uploads\/2024\/07\/9-1.jpg\",\"width\":960,\"height\":540},{\"@type\":\"BreadcrumbList\",\"@id\":\"https:\/\/maismagazine.pt\/index.php\/2024\/07\/26\/escola-profissional-agricola-quinta-da-lageosa\/#breadcrumb\",\"itemListElement\":[{\"@type\":\"ListItem\",\"position\":1,\"name\":\"Home\",\"item\":\"https:\/\/maismagazine.pt\/\"},{\"@type\":\"ListItem\",\"position\":2,\"name\":\"Escola Profissional Agr\u00edcola Quinta da Lageosa\"}]},{\"@type\":\"WebSite\",\"@id\":\"https:\/\/maismagazine.pt\/#website\",\"url\":\"https:\/\/maismagazine.pt\/\",\"name\":\"Mais Magazine\",\"description\":\"\",\"publisher\":{\"@id\":\"https:\/\/maismagazine.pt\/#organization\"},\"potentialAction\":[{\"@type\":\"SearchAction\",\"target\":{\"@type\":\"EntryPoint\",\"urlTemplate\":\"https:\/\/maismagazine.pt\/?s={search_term_string}\"},\"query-input\":{\"@type\":\"PropertyValueSpecification\",\"valueRequired\":true,\"valueName\":\"search_term_string\"}}],\"inLanguage\":\"pt-PT\"},{\"@type\":\"Organization\",\"@id\":\"https:\/\/maismagazine.pt\/#organization\",\"name\":\"Mais Magazine\",\"url\":\"https:\/\/maismagazine.pt\/\",\"logo\":{\"@type\":\"ImageObject\",\"inLanguage\":\"pt-PT\",\"@id\":\"https:\/\/maismagazine.pt\/#\/schema\/logo\/image\/\",\"url\":\"http:\/\/maismagazine.pt\/wp-content\/uploads\/2020\/04\/cropped-cropped-mais-magazine-site-logo-2.png\",\"contentUrl\":\"http:\/\/maismagazine.pt\/wp-content\/uploads\/2020\/04\/cropped-cropped-mais-magazine-site-logo-2.png\",\"width\":581,\"height\":90,\"caption\":\"Mais Magazine\"},\"image\":{\"@id\":\"https:\/\/maismagazine.pt\/#\/schema\/logo\/image\/\"}},{\"@type\":\"Person\",\"@id\":\"https:\/\/maismagazine.pt\/#\/schema\/person\/7426e2caeb8df32a1b56aa48dae778c9\",\"name\":\"Tatiana Martins\",\"image\":{\"@type\":\"ImageObject\",\"inLanguage\":\"pt-PT\",\"@id\":\"https:\/\/maismagazine.pt\/#\/schema\/person\/image\/\",\"url\":\"https:\/\/secure.gravatar.com\/avatar\/4b24a57f5d0425f2eb20981c4b53244e?s=96&d=mm&r=g\",\"contentUrl\":\"https:\/\/secure.gravatar.com\/avatar\/4b24a57f5d0425f2eb20981c4b53244e?s=96&d=mm&r=g\",\"caption\":\"Tatiana Martins\"},\"url\":\"http:\/\/maismagazine.pt\/index.php\/author\/tatiana\/\"}]}<\/script>\n<!-- \/ Yoast SEO plugin. -->","yoast_head_json":{"title":"Escola Profissional Agr\u00edcola Quinta da Lageosa - Mais Magazine","robots":{"index":"index","follow":"follow","max-snippet":"max-snippet:-1","max-image-preview":"max-image-preview:large","max-video-preview":"max-video-preview:-1"},"canonical":"https:\/\/maismagazine.pt\/index.php\/2024\/07\/26\/escola-profissional-agricola-quinta-da-lageosa\/","og_locale":"pt_PT","og_type":"article","og_title":"Escola Profissional Agr\u00edcola Quinta da Lageosa - Mais Magazine","og_description":"Os sinais que caracterizam esta p\u00f3s-modernidade, fazem tocar os sinos a rebate porquanto a nossa exist\u00eancia parece caminhar para um estado de sobreviv\u00eancia. Das altera\u00e7\u00f5es clim\u00e1ticas \u00e0s guerras, da perda da biodiversidade \u00e0 polui\u00e7\u00e3o planet\u00e1ria, da sobre-explora\u00e7\u00e3o dos recursos naturais \u00e0 pobreza, da desertifica\u00e7\u00e3o ao ressurgimento de sistemas pol\u00edticos totalit\u00e1rios,&hellip;","og_url":"https:\/\/maismagazine.pt\/index.php\/2024\/07\/26\/escola-profissional-agricola-quinta-da-lageosa\/","og_site_name":"Mais Magazine","article_published_time":"2024-07-26T06:00:00+00:00","og_image":[{"width":960,"height":540,"url":"https:\/\/maismagazine.pt\/wp-content\/uploads\/2024\/07\/9-1.jpg","type":"image\/jpeg"}],"author":"Tatiana Martins","twitter_card":"summary_large_image","twitter_misc":{"Escrito por":false,"Tempo estimado de leitura":"3 minutos"},"schema":{"@context":"https:\/\/schema.org","@graph":[{"@type":"Article","@id":"https:\/\/maismagazine.pt\/index.php\/2024\/07\/26\/escola-profissional-agricola-quinta-da-lageosa\/#article","isPartOf":{"@id":"https:\/\/maismagazine.pt\/index.php\/2024\/07\/26\/escola-profissional-agricola-quinta-da-lageosa\/"},"author":{"name":"Tatiana Martins","@id":"https:\/\/maismagazine.pt\/#\/schema\/person\/7426e2caeb8df32a1b56aa48dae778c9"},"headline":"Escola Profissional Agr\u00edcola Quinta da Lageosa","datePublished":"2024-07-26T06:00:00+00:00","mainEntityOfPage":{"@id":"https:\/\/maismagazine.pt\/index.php\/2024\/07\/26\/escola-profissional-agricola-quinta-da-lageosa\/"},"wordCount":375,"publisher":{"@id":"https:\/\/maismagazine.pt\/#organization"},"image":{"@id":"https:\/\/maismagazine.pt\/index.php\/2024\/07\/26\/escola-profissional-agricola-quinta-da-lageosa\/#primaryimage"},"thumbnailUrl":"http:\/\/maismagazine.pt\/wp-content\/uploads\/2024\/07\/9-1.jpg","keywords":["Educa\u00e7\u00e3o","Ensino","Escola Profissional Agr\u00edcola Quinta da Lageosa","Quinta da Lageosa","UNESCO"],"articleSection":["Educa\u00e7\u00e3o"],"inLanguage":"pt-PT"},{"@type":"WebPage","@id":"https:\/\/maismagazine.pt\/index.php\/2024\/07\/26\/escola-profissional-agricola-quinta-da-lageosa\/","url":"https:\/\/maismagazine.pt\/index.php\/2024\/07\/26\/escola-profissional-agricola-quinta-da-lageosa\/","name":"Escola Profissional Agr\u00edcola Quinta da Lageosa - Mais Magazine","isPartOf":{"@id":"https:\/\/maismagazine.pt\/#website"},"primaryImageOfPage":{"@id":"https:\/\/maismagazine.pt\/index.php\/2024\/07\/26\/escola-profissional-agricola-quinta-da-lageosa\/#primaryimage"},"image":{"@id":"https:\/\/maismagazine.pt\/index.php\/2024\/07\/26\/escola-profissional-agricola-quinta-da-lageosa\/#primaryimage"},"thumbnailUrl":"http:\/\/maismagazine.pt\/wp-content\/uploads\/2024\/07\/9-1.jpg","datePublished":"2024-07-26T06:00:00+00:00","breadcrumb":{"@id":"https:\/\/maismagazine.pt\/index.php\/2024\/07\/26\/escola-profissional-agricola-quinta-da-lageosa\/#breadcrumb"},"inLanguage":"pt-PT","potentialAction":[{"@type":"ReadAction","target":["https:\/\/maismagazine.pt\/index.php\/2024\/07\/26\/escola-profissional-agricola-quinta-da-lageosa\/"]}]},{"@type":"ImageObject","inLanguage":"pt-PT","@id":"https:\/\/maismagazine.pt\/index.php\/2024\/07\/26\/escola-profissional-agricola-quinta-da-lageosa\/#primaryimage","url":"http:\/\/maismagazine.pt\/wp-content\/uploads\/2024\/07\/9-1.jpg","contentUrl":"http:\/\/maismagazine.pt\/wp-content\/uploads\/2024\/07\/9-1.jpg","width":960,"height":540},{"@type":"BreadcrumbList","@id":"https:\/\/maismagazine.pt\/index.php\/2024\/07\/26\/escola-profissional-agricola-quinta-da-lageosa\/#breadcrumb","itemListElement":[{"@type":"ListItem","position":1,"name":"Home","item":"https:\/\/maismagazine.pt\/"},{"@type":"ListItem","position":2,"name":"Escola Profissional Agr\u00edcola Quinta da Lageosa"}]},{"@type":"WebSite","@id":"https:\/\/maismagazine.pt\/#website","url":"https:\/\/maismagazine.pt\/","name":"Mais Magazine","description":"","publisher":{"@id":"https:\/\/maismagazine.pt\/#organization"},"potentialAction":[{"@type":"SearchAction","target":{"@type":"EntryPoint","urlTemplate":"https:\/\/maismagazine.pt\/?s={search_term_string}"},"query-input":{"@type":"PropertyValueSpecification","valueRequired":true,"valueName":"search_term_string"}}],"inLanguage":"pt-PT"},{"@type":"Organization","@id":"https:\/\/maismagazine.pt\/#organization","name":"Mais Magazine","url":"https:\/\/maismagazine.pt\/","logo":{"@type":"ImageObject","inLanguage":"pt-PT","@id":"https:\/\/maismagazine.pt\/#\/schema\/logo\/image\/","url":"http:\/\/maismagazine.pt\/wp-content\/uploads\/2020\/04\/cropped-cropped-mais-magazine-site-logo-2.png","contentUrl":"http:\/\/maismagazine.pt\/wp-content\/uploads\/2020\/04\/cropped-cropped-mais-magazine-site-logo-2.png","width":581,"height":90,"caption":"Mais Magazine"},"image":{"@id":"https:\/\/maismagazine.pt\/#\/schema\/logo\/image\/"}},{"@type":"Person","@id":"https:\/\/maismagazine.pt\/#\/schema\/person\/7426e2caeb8df32a1b56aa48dae778c9","name":"Tatiana Martins","image":{"@type":"ImageObject","inLanguage":"pt-PT","@id":"https:\/\/maismagazine.pt\/#\/schema\/person\/image\/","url":"https:\/\/secure.gravatar.com\/avatar\/4b24a57f5d0425f2eb20981c4b53244e?s=96&d=mm&r=g","contentUrl":"https:\/\/secure.gravatar.com\/avatar\/4b24a57f5d0425f2eb20981c4b53244e?s=96&d=mm&r=g","caption":"Tatiana Martins"},"url":"http:\/\/maismagazine.pt\/index.php\/author\/tatiana\/"}]}},"author_meta":{"display_name":false,"author_link":"http:\/\/maismagazine.pt\/index.php\/author\/tatiana\/"},"featured_img":"http:\/\/maismagazine.pt\/wp-content\/uploads\/2024\/07\/9-1-300x169.jpg","coauthors":[],"tax_additional":{"categories":{"linked":["<a href=\"http:\/\/maismagazine.pt\/index.php\/category\/educacao\/\" class=\"advgb-post-tax-term\">Educa\u00e7\u00e3o<\/a>"],"unlinked":["<span class=\"advgb-post-tax-term\">Educa\u00e7\u00e3o<\/span>"]},"tags":{"linked":["<a href=\"http:\/\/maismagazine.pt\/index.php\/category\/educacao\/\" class=\"advgb-post-tax-term\">Educa\u00e7\u00e3o<\/a>","<a href=\"http:\/\/maismagazine.pt\/index.php\/category\/educacao\/\" class=\"advgb-post-tax-term\">Ensino<\/a>","<a href=\"http:\/\/maismagazine.pt\/index.php\/category\/educacao\/\" class=\"advgb-post-tax-term\">Escola Profissional Agr\u00edcola Quinta da Lageosa<\/a>","<a href=\"http:\/\/maismagazine.pt\/index.php\/category\/educacao\/\" class=\"advgb-post-tax-term\">Quinta da Lageosa<\/a>","<a href=\"http:\/\/maismagazine.pt\/index.php\/category\/educacao\/\" class=\"advgb-post-tax-term\">UNESCO<\/a>"],"unlinked":["<span class=\"advgb-post-tax-term\">Educa\u00e7\u00e3o<\/span>","<span class=\"advgb-post-tax-term\">Ensino<\/span>","<span class=\"advgb-post-tax-term\">Escola Profissional Agr\u00edcola Quinta da Lageosa<\/span>","<span class=\"advgb-post-tax-term\">Quinta da Lageosa<\/span>","<span class=\"advgb-post-tax-term\">UNESCO<\/span>"]}},"comment_count":"0","relative_dates":{"created":"Posted 2 anos ago","modified":"Updated 2 anos ago"},"absolute_dates":{"created":"Posted on 26 de Julho, 2024","modified":"Updated on 23 de Julho, 2024"},"absolute_dates_time":{"created":"Posted on 26 de Julho, 2024 7:00","modified":"Updated on 23 de Julho, 2024 14:42"},"featured_img_caption":"","series_order":"","_links":{"self":[{"href":"http:\/\/maismagazine.pt\/index.php\/wp-json\/wp\/v2\/posts\/10213","targetHints":{"allow":["GET"]}}],"collection":[{"href":"http:\/\/maismagazine.pt\/index.php\/wp-json\/wp\/v2\/posts"}],"about":[{"href":"http:\/\/maismagazine.pt\/index.php\/wp-json\/wp\/v2\/types\/post"}],"author":[{"embeddable":true,"href":"http:\/\/maismagazine.pt\/index.php\/wp-json\/wp\/v2\/users\/18"}],"replies":[{"embeddable":true,"href":"http:\/\/maismagazine.pt\/index.php\/wp-json\/wp\/v2\/comments?post=10213"}],"version-history":[{"count":1,"href":"http:\/\/maismagazine.pt\/index.php\/wp-json\/wp\/v2\/posts\/10213\/revisions"}],"predecessor-version":[{"id":10224,"href":"http:\/\/maismagazine.pt\/index.php\/wp-json\/wp\/v2\/posts\/10213\/revisions\/10224"}],"wp:featuredmedia":[{"embeddable":true,"href":"http:\/\/maismagazine.pt\/index.php\/wp-json\/wp\/v2\/media\/10220"}],"wp:attachment":[{"href":"http:\/\/maismagazine.pt\/index.php\/wp-json\/wp\/v2\/media?parent=10213"}],"wp:term":[{"taxonomy":"category","embeddable":true,"href":"http:\/\/maismagazine.pt\/index.php\/wp-json\/wp\/v2\/categories?post=10213"},{"taxonomy":"post_tag","embeddable":true,"href":"http:\/\/maismagazine.pt\/index.php\/wp-json\/wp\/v2\/tags?post=10213"}],"curies":[{"name":"wp","href":"https:\/\/api.w.org\/{rel}","templated":true}]}}