{"id":10212,"date":"2024-07-26T07:00:00","date_gmt":"2024-07-26T06:00:00","guid":{"rendered":"https:\/\/maismagazine.pt\/?p=10212"},"modified":"2024-07-23T14:32:57","modified_gmt":"2024-07-23T13:32:57","slug":"o-ensino-politecnico-contribui-para-a-afirmacao-de-portugal-no-espaco-europeu-e-mundial-do-ensino-superior-2","status":"publish","type":"post","link":"http:\/\/maismagazine.pt\/index.php\/2024\/07\/26\/o-ensino-politecnico-contribui-para-a-afirmacao-de-portugal-no-espaco-europeu-e-mundial-do-ensino-superior-2\/","title":{"rendered":"\u201cO Ensino Polit\u00e9cnico contribui para a afirma\u00e7\u00e3o de Portugal no espa\u00e7o europeu e mundial do Ensino Superior&#8221;"},"content":{"rendered":"\n<p>A consolida\u00e7\u00e3o e cont\u00ednuo reconhecimento do ensino superior polit\u00e9cnico resultam de um trabalho louv\u00e1vel das institui\u00e7\u00f5es ao longo dos anos, refor\u00e7ando o seu papel como vetor de desenvolvimento dos territ\u00f3rios, atrav\u00e9s do ensino, da investiga\u00e7\u00e3o e da transfer\u00eancia do conhecimento. A cria\u00e7\u00e3o de institui\u00e7\u00f5es de ensino superior, em especial do subsistema polit\u00e9cnico, permitiu que Portugal se aproximasse da m\u00e9dia europeia de pessoas com qualifica\u00e7\u00e3o superior. A cria\u00e7\u00e3o e a sua dissemina\u00e7\u00e3o pelo territ\u00f3rio possibilitaram ainda o cumprimento de dois desideratos essenciais para o pa\u00eds, o da promo\u00e7\u00e3o da coes\u00e3o territorial e o do alargamento e democratiza\u00e7\u00e3o do acesso ao ensino superior e, assim dar um contributo fundamental para a democracia e cumprimento dos preceitos sa\u00eddos do 25 de abril de 1974. A outorga do grau de doutor e a altera\u00e7\u00e3o da denomina\u00e7\u00e3o para Universidades Polit\u00e9cnicas representam \u00e1rduas conquistas e refletem a crescente import\u00e2ncia do ensino polit\u00e9cnico no sistema de ensino superior em Portugal e dos seus contributos para a afirma\u00e7\u00e3o do pa\u00eds no espa\u00e7o europeu e mundial do ensino superior. Tais conquistas n\u00e3o afastam o ensino polit\u00e9cnico da sua matriz origin\u00e1ria, ou seja, forma\u00e7\u00e3o com maior pendor vocacional e profissionalizante, uma investiga\u00e7\u00e3o aplicada, pelo que acreditamos que a manuten\u00e7\u00e3o deste sistema \u00e9 o que melhor responde \u00e0s necessidades do pa\u00eds e a jovens e adultos com perfis e interesses vocacionais distintos. <\/p>\n\n\n\n<p><\/p>\n\n\n\n<p>Aqui chegados, importa sublinhar um conjunto de desafios a que temos a responsabilidade de responder. Nos \u00faltimos anos, as institui\u00e7\u00f5es de ensino superior t\u00eam assumido e liderado projetos em dom\u00ednios como a promo\u00e7\u00e3o do sucesso acad\u00e9mico e o combate ao abandono escolar, a inova\u00e7\u00e3o pedag\u00f3gica, a promo\u00e7\u00e3o da sa\u00fade e da sa\u00fade mental. Uma das principais medidas para combater o abandono escolar, reconhecidamente, \u00e9 o aumento do n\u00famero de camas para estudantes deslocados, problema agudizado pelo aumento consider\u00e1vel de pre\u00e7o dos alojamentos nos \u00faltimos anos. O Plano Nacional de Alojamento do Ensino Superior (PNAES), lan\u00e7ado pelo anterior Governo, prev\u00ea o refor\u00e7o da oferta com mais 18 mil camas at\u00e9 2026, uma meta importante. Os Polit\u00e9cnicos est\u00e3o a apostar na constru\u00e7\u00e3o de novos alojamentos, na requalifica\u00e7\u00e3o e alargamento da oferta j\u00e1 existentes, mas estamos igualmente a trabalhar com o atual Executivo para encontrar mais solu\u00e7\u00f5es para o curto prazo, sublinhando a import\u00e2ncia de acelera\u00e7\u00e3o na execu\u00e7\u00e3o do PNAES. \u00c9 imperioso, tamb\u00e9m, integrar mais e melhor os estudantes com necessidades espec\u00edficas e criar todas as condi\u00e7\u00f5es para que mais estudantes ingressem no ensino superior, esbatendo os fatores de desigualdade, uma vez que as condi\u00e7\u00f5es socioecon\u00f3micas est\u00e3o intrinsecamente ligadas \u00e0s condi\u00e7\u00f5es de acesso ao Ensino Superior e \u00e0 institui\u00e7\u00e3o em que os estudantes ficam colocados. Temos de privilegiar e potenciar medidas que equilibrem os pratos da balan\u00e7a e possibilitem termos um Ensino Superior mais robusto e dotado de meios humanos, materiais e financeiros para cumprir e aprofundar o que tem j\u00e1 feito e contribu\u00eddo para o progresso e coes\u00e3o social e territorial, para o desenvolvimento econ\u00f3mico, cultural e cient\u00edfico e para a afirma\u00e7\u00e3o de Portugal no contexto europeu e mundial do ensino superior. <\/p>\n\n\n\n<p><\/p>\n\n\n\n<p><\/p>\n\n\n\n<p class=\"has-text-align-right\"><em>Maria Jos\u00e9 Fernandes, Presidente do CCISP<\/em><\/p>\n\n\n<div class=\"wp-block-image\">\n<figure class=\"aligncenter size-full is-resized\"><img loading=\"lazy\" decoding=\"async\" width=\"283\" height=\"100\" src=\"https:\/\/maismagazine.pt\/wp-content\/uploads\/2024\/07\/Imagem1.png\" alt=\"\" class=\"wp-image-10214\" style=\"aspect-ratio:2.83;width:311px;height:auto\"\/><\/figure><\/div>","protected":false},"excerpt":{"rendered":"<p>A consolida\u00e7\u00e3o e cont\u00ednuo reconhecimento do ensino superior polit\u00e9cnico resultam de um trabalho louv\u00e1vel das institui\u00e7\u00f5es ao longo dos anos, refor\u00e7ando o seu papel como vetor de desenvolvimento dos territ\u00f3rios, atrav\u00e9s do ensino, da investiga\u00e7\u00e3o e da transfer\u00eancia do conhecimento. A cria\u00e7\u00e3o de institui\u00e7\u00f5es de ensino superior, em especial do&hellip;<\/p>\n","protected":false},"author":17,"featured_media":10216,"comment_status":"closed","ping_status":"open","sticky":false,"template":"","format":"standard","meta":{"advgb_blocks_editor_width":"","advgb_blocks_columns_visual_guide":"","_monsterinsights_skip_tracking":false,"_monsterinsights_sitenote_active":false,"_monsterinsights_sitenote_note":"","_monsterinsights_sitenote_category":0,"footnotes":""},"categories":[52,149,51],"tags":[1304],"class_list":["post-10212","post","type-post","status-publish","format-standard","has-post-thumbnail","hentry","category-destaque","category-educacao","category-opiniao","tag-ccisp"],"yoast_head":"<!-- This site is optimized with the Yoast SEO plugin v24.4 - https:\/\/yoast.com\/wordpress\/plugins\/seo\/ -->\n<title>\u201cO Ensino Polit\u00e9cnico contribui para a afirma\u00e7\u00e3o de Portugal no espa\u00e7o europeu e mundial do Ensino Superior&quot; - Mais Magazine<\/title>\n<meta name=\"description\" content=\"A consolida\u00e7\u00e3o e cont\u00ednuo reconhecimento do ensino superior polit\u00e9cnico resultam de um trabalho louv\u00e1vel das institui\u00e7\u00f5es ao longo dos anos, refor\u00e7ando o seu papel como vetor de desenvolvimento dos territ\u00f3rios, atrav\u00e9s do ensino, da investiga\u00e7\u00e3o e da transfer\u00eancia do conhecimento. A cria\u00e7\u00e3o de institui\u00e7\u00f5es de ensino superior, em especial do subsistema polit\u00e9cnico, permitiu que Portugal se aproximasse da m\u00e9dia europeia de pessoas com qualifica\u00e7\u00e3o superior.\" \/>\n<meta name=\"robots\" content=\"index, follow, max-snippet:-1, max-image-preview:large, max-video-preview:-1\" \/>\n<link rel=\"canonical\" href=\"http:\/\/maismagazine.pt\/index.php\/2024\/07\/26\/o-ensino-politecnico-contribui-para-a-afirmacao-de-portugal-no-espaco-europeu-e-mundial-do-ensino-superior-2\/\" \/>\n<meta property=\"og:locale\" content=\"pt_PT\" \/>\n<meta property=\"og:type\" content=\"article\" \/>\n<meta property=\"og:title\" content=\"\u201cO Ensino Polit\u00e9cnico contribui para a afirma\u00e7\u00e3o de Portugal no espa\u00e7o europeu e mundial do Ensino Superior&quot; - Mais Magazine\" \/>\n<meta property=\"og:description\" content=\"A consolida\u00e7\u00e3o e cont\u00ednuo reconhecimento do ensino superior polit\u00e9cnico resultam de um trabalho louv\u00e1vel das institui\u00e7\u00f5es ao longo dos anos, refor\u00e7ando o seu papel como vetor de desenvolvimento dos territ\u00f3rios, atrav\u00e9s do ensino, da investiga\u00e7\u00e3o e da transfer\u00eancia do conhecimento. A cria\u00e7\u00e3o de institui\u00e7\u00f5es de ensino superior, em especial do subsistema polit\u00e9cnico, permitiu que Portugal se aproximasse da m\u00e9dia europeia de pessoas com qualifica\u00e7\u00e3o superior.\" \/>\n<meta property=\"og:url\" content=\"http:\/\/maismagazine.pt\/index.php\/2024\/07\/26\/o-ensino-politecnico-contribui-para-a-afirmacao-de-portugal-no-espaco-europeu-e-mundial-do-ensino-superior-2\/\" \/>\n<meta property=\"og:site_name\" content=\"Mais Magazine\" \/>\n<meta property=\"article:published_time\" content=\"2024-07-26T06:00:00+00:00\" \/>\n<meta property=\"og:image\" content=\"http:\/\/maismagazine.pt\/wp-content\/uploads\/2024\/07\/Presidente-Maria-Jose-Fernandes-Presidente-do-CCISP-1.jpg\" \/>\n\t<meta property=\"og:image:width\" content=\"921\" \/>\n\t<meta property=\"og:image:height\" content=\"614\" \/>\n\t<meta property=\"og:image:type\" content=\"image\/jpeg\" \/>\n<meta name=\"author\" content=\"Tiago Costa\" \/>\n<meta name=\"twitter:card\" content=\"summary_large_image\" \/>\n<meta name=\"twitter:label1\" content=\"Escrito por\" \/>\n\t<meta name=\"twitter:data1\" content=\"\" \/>\n\t<meta name=\"twitter:label2\" content=\"Tempo estimado de leitura\" \/>\n\t<meta name=\"twitter:data2\" content=\"4 minutos\" \/>\n<script type=\"application\/ld+json\" class=\"yoast-schema-graph\">{\"@context\":\"https:\/\/schema.org\",\"@graph\":[{\"@type\":\"Article\",\"@id\":\"http:\/\/maismagazine.pt\/index.php\/2024\/07\/26\/o-ensino-politecnico-contribui-para-a-afirmacao-de-portugal-no-espaco-europeu-e-mundial-do-ensino-superior-2\/#article\",\"isPartOf\":{\"@id\":\"http:\/\/maismagazine.pt\/index.php\/2024\/07\/26\/o-ensino-politecnico-contribui-para-a-afirmacao-de-portugal-no-espaco-europeu-e-mundial-do-ensino-superior-2\/\"},\"author\":{\"name\":\"Tiago Costa\",\"@id\":\"https:\/\/maismagazine.pt\/#\/schema\/person\/c6c5bfccc886434cbd11c74e035f9646\"},\"headline\":\"\u201cO Ensino Polit\u00e9cnico contribui para a afirma\u00e7\u00e3o de Portugal no espa\u00e7o europeu e mundial do Ensino Superior&#8221;\",\"datePublished\":\"2024-07-26T06:00:00+00:00\",\"mainEntityOfPage\":{\"@id\":\"http:\/\/maismagazine.pt\/index.php\/2024\/07\/26\/o-ensino-politecnico-contribui-para-a-afirmacao-de-portugal-no-espaco-europeu-e-mundial-do-ensino-superior-2\/\"},\"wordCount\":594,\"publisher\":{\"@id\":\"https:\/\/maismagazine.pt\/#organization\"},\"image\":{\"@id\":\"http:\/\/maismagazine.pt\/index.php\/2024\/07\/26\/o-ensino-politecnico-contribui-para-a-afirmacao-de-portugal-no-espaco-europeu-e-mundial-do-ensino-superior-2\/#primaryimage\"},\"thumbnailUrl\":\"http:\/\/maismagazine.pt\/wp-content\/uploads\/2024\/07\/Presidente-Maria-Jose-Fernandes-Presidente-do-CCISP-1.jpg\",\"keywords\":[\"CCISP\"],\"articleSection\":[\"Destaque lateral\",\"Educa\u00e7\u00e3o\",\"Opini\u00e3o\"],\"inLanguage\":\"pt-PT\"},{\"@type\":\"WebPage\",\"@id\":\"http:\/\/maismagazine.pt\/index.php\/2024\/07\/26\/o-ensino-politecnico-contribui-para-a-afirmacao-de-portugal-no-espaco-europeu-e-mundial-do-ensino-superior-2\/\",\"url\":\"http:\/\/maismagazine.pt\/index.php\/2024\/07\/26\/o-ensino-politecnico-contribui-para-a-afirmacao-de-portugal-no-espaco-europeu-e-mundial-do-ensino-superior-2\/\",\"name\":\"\u201cO Ensino Polit\u00e9cnico contribui para a afirma\u00e7\u00e3o de Portugal no espa\u00e7o europeu e mundial do Ensino Superior\\\" - Mais Magazine\",\"isPartOf\":{\"@id\":\"https:\/\/maismagazine.pt\/#website\"},\"primaryImageOfPage\":{\"@id\":\"http:\/\/maismagazine.pt\/index.php\/2024\/07\/26\/o-ensino-politecnico-contribui-para-a-afirmacao-de-portugal-no-espaco-europeu-e-mundial-do-ensino-superior-2\/#primaryimage\"},\"image\":{\"@id\":\"http:\/\/maismagazine.pt\/index.php\/2024\/07\/26\/o-ensino-politecnico-contribui-para-a-afirmacao-de-portugal-no-espaco-europeu-e-mundial-do-ensino-superior-2\/#primaryimage\"},\"thumbnailUrl\":\"http:\/\/maismagazine.pt\/wp-content\/uploads\/2024\/07\/Presidente-Maria-Jose-Fernandes-Presidente-do-CCISP-1.jpg\",\"datePublished\":\"2024-07-26T06:00:00+00:00\",\"description\":\"A consolida\u00e7\u00e3o e cont\u00ednuo reconhecimento do ensino superior polit\u00e9cnico resultam de um trabalho louv\u00e1vel das institui\u00e7\u00f5es ao longo dos anos, refor\u00e7ando o seu papel como vetor de desenvolvimento dos territ\u00f3rios, atrav\u00e9s do ensino, da investiga\u00e7\u00e3o e da transfer\u00eancia do conhecimento. A cria\u00e7\u00e3o de institui\u00e7\u00f5es de ensino superior, em especial do subsistema polit\u00e9cnico, permitiu que Portugal se aproximasse da m\u00e9dia europeia de pessoas com qualifica\u00e7\u00e3o superior.\",\"breadcrumb\":{\"@id\":\"http:\/\/maismagazine.pt\/index.php\/2024\/07\/26\/o-ensino-politecnico-contribui-para-a-afirmacao-de-portugal-no-espaco-europeu-e-mundial-do-ensino-superior-2\/#breadcrumb\"},\"inLanguage\":\"pt-PT\",\"potentialAction\":[{\"@type\":\"ReadAction\",\"target\":[\"http:\/\/maismagazine.pt\/index.php\/2024\/07\/26\/o-ensino-politecnico-contribui-para-a-afirmacao-de-portugal-no-espaco-europeu-e-mundial-do-ensino-superior-2\/\"]}]},{\"@type\":\"ImageObject\",\"inLanguage\":\"pt-PT\",\"@id\":\"http:\/\/maismagazine.pt\/index.php\/2024\/07\/26\/o-ensino-politecnico-contribui-para-a-afirmacao-de-portugal-no-espaco-europeu-e-mundial-do-ensino-superior-2\/#primaryimage\",\"url\":\"http:\/\/maismagazine.pt\/wp-content\/uploads\/2024\/07\/Presidente-Maria-Jose-Fernandes-Presidente-do-CCISP-1.jpg\",\"contentUrl\":\"http:\/\/maismagazine.pt\/wp-content\/uploads\/2024\/07\/Presidente-Maria-Jose-Fernandes-Presidente-do-CCISP-1.jpg\",\"width\":921,\"height\":614},{\"@type\":\"BreadcrumbList\",\"@id\":\"http:\/\/maismagazine.pt\/index.php\/2024\/07\/26\/o-ensino-politecnico-contribui-para-a-afirmacao-de-portugal-no-espaco-europeu-e-mundial-do-ensino-superior-2\/#breadcrumb\",\"itemListElement\":[{\"@type\":\"ListItem\",\"position\":1,\"name\":\"Home\",\"item\":\"https:\/\/maismagazine.pt\/\"},{\"@type\":\"ListItem\",\"position\":2,\"name\":\"\u201cO Ensino Polit\u00e9cnico contribui para a afirma\u00e7\u00e3o de Portugal no espa\u00e7o europeu e mundial do Ensino Superior&#8221;\"}]},{\"@type\":\"WebSite\",\"@id\":\"https:\/\/maismagazine.pt\/#website\",\"url\":\"https:\/\/maismagazine.pt\/\",\"name\":\"Mais Magazine\",\"description\":\"\",\"publisher\":{\"@id\":\"https:\/\/maismagazine.pt\/#organization\"},\"potentialAction\":[{\"@type\":\"SearchAction\",\"target\":{\"@type\":\"EntryPoint\",\"urlTemplate\":\"https:\/\/maismagazine.pt\/?s={search_term_string}\"},\"query-input\":{\"@type\":\"PropertyValueSpecification\",\"valueRequired\":true,\"valueName\":\"search_term_string\"}}],\"inLanguage\":\"pt-PT\"},{\"@type\":\"Organization\",\"@id\":\"https:\/\/maismagazine.pt\/#organization\",\"name\":\"Mais Magazine\",\"url\":\"https:\/\/maismagazine.pt\/\",\"logo\":{\"@type\":\"ImageObject\",\"inLanguage\":\"pt-PT\",\"@id\":\"https:\/\/maismagazine.pt\/#\/schema\/logo\/image\/\",\"url\":\"http:\/\/maismagazine.pt\/wp-content\/uploads\/2020\/04\/cropped-cropped-mais-magazine-site-logo-2.png\",\"contentUrl\":\"http:\/\/maismagazine.pt\/wp-content\/uploads\/2020\/04\/cropped-cropped-mais-magazine-site-logo-2.png\",\"width\":581,\"height\":90,\"caption\":\"Mais Magazine\"},\"image\":{\"@id\":\"https:\/\/maismagazine.pt\/#\/schema\/logo\/image\/\"}},{\"@type\":\"Person\",\"@id\":\"https:\/\/maismagazine.pt\/#\/schema\/person\/c6c5bfccc886434cbd11c74e035f9646\",\"name\":\"Tiago Costa\",\"image\":{\"@type\":\"ImageObject\",\"inLanguage\":\"pt-PT\",\"@id\":\"https:\/\/maismagazine.pt\/#\/schema\/person\/image\/\",\"url\":\"https:\/\/secure.gravatar.com\/avatar\/c599b2bce16c9870429198cbad5ee022?s=96&d=mm&r=g\",\"contentUrl\":\"https:\/\/secure.gravatar.com\/avatar\/c599b2bce16c9870429198cbad5ee022?s=96&d=mm&r=g\",\"caption\":\"Tiago Costa\"},\"url\":\"http:\/\/maismagazine.pt\/index.php\/author\/tiago\/\"}]}<\/script>\n<!-- \/ Yoast SEO plugin. -->","yoast_head_json":{"title":"\u201cO Ensino Polit\u00e9cnico contribui para a afirma\u00e7\u00e3o de Portugal no espa\u00e7o europeu e mundial do Ensino Superior\" - Mais Magazine","description":"A consolida\u00e7\u00e3o e cont\u00ednuo reconhecimento do ensino superior polit\u00e9cnico resultam de um trabalho louv\u00e1vel das institui\u00e7\u00f5es ao longo dos anos, refor\u00e7ando o seu papel como vetor de desenvolvimento dos territ\u00f3rios, atrav\u00e9s do ensino, da investiga\u00e7\u00e3o e da transfer\u00eancia do conhecimento. A cria\u00e7\u00e3o de institui\u00e7\u00f5es de ensino superior, em especial do subsistema polit\u00e9cnico, permitiu que Portugal se aproximasse da m\u00e9dia europeia de pessoas com qualifica\u00e7\u00e3o superior.","robots":{"index":"index","follow":"follow","max-snippet":"max-snippet:-1","max-image-preview":"max-image-preview:large","max-video-preview":"max-video-preview:-1"},"canonical":"http:\/\/maismagazine.pt\/index.php\/2024\/07\/26\/o-ensino-politecnico-contribui-para-a-afirmacao-de-portugal-no-espaco-europeu-e-mundial-do-ensino-superior-2\/","og_locale":"pt_PT","og_type":"article","og_title":"\u201cO Ensino Polit\u00e9cnico contribui para a afirma\u00e7\u00e3o de Portugal no espa\u00e7o europeu e mundial do Ensino Superior\" - Mais Magazine","og_description":"A consolida\u00e7\u00e3o e cont\u00ednuo reconhecimento do ensino superior polit\u00e9cnico resultam de um trabalho louv\u00e1vel das institui\u00e7\u00f5es ao longo dos anos, refor\u00e7ando o seu papel como vetor de desenvolvimento dos territ\u00f3rios, atrav\u00e9s do ensino, da investiga\u00e7\u00e3o e da transfer\u00eancia do conhecimento. A cria\u00e7\u00e3o de institui\u00e7\u00f5es de ensino superior, em especial do subsistema polit\u00e9cnico, permitiu que Portugal se aproximasse da m\u00e9dia europeia de pessoas com qualifica\u00e7\u00e3o superior.","og_url":"http:\/\/maismagazine.pt\/index.php\/2024\/07\/26\/o-ensino-politecnico-contribui-para-a-afirmacao-de-portugal-no-espaco-europeu-e-mundial-do-ensino-superior-2\/","og_site_name":"Mais Magazine","article_published_time":"2024-07-26T06:00:00+00:00","og_image":[{"width":921,"height":614,"url":"http:\/\/maismagazine.pt\/wp-content\/uploads\/2024\/07\/Presidente-Maria-Jose-Fernandes-Presidente-do-CCISP-1.jpg","type":"image\/jpeg"}],"author":"Tiago Costa","twitter_card":"summary_large_image","twitter_misc":{"Escrito por":false,"Tempo estimado de leitura":"4 minutos"},"schema":{"@context":"https:\/\/schema.org","@graph":[{"@type":"Article","@id":"http:\/\/maismagazine.pt\/index.php\/2024\/07\/26\/o-ensino-politecnico-contribui-para-a-afirmacao-de-portugal-no-espaco-europeu-e-mundial-do-ensino-superior-2\/#article","isPartOf":{"@id":"http:\/\/maismagazine.pt\/index.php\/2024\/07\/26\/o-ensino-politecnico-contribui-para-a-afirmacao-de-portugal-no-espaco-europeu-e-mundial-do-ensino-superior-2\/"},"author":{"name":"Tiago Costa","@id":"https:\/\/maismagazine.pt\/#\/schema\/person\/c6c5bfccc886434cbd11c74e035f9646"},"headline":"\u201cO Ensino Polit\u00e9cnico contribui para a afirma\u00e7\u00e3o de Portugal no espa\u00e7o europeu e mundial do Ensino Superior&#8221;","datePublished":"2024-07-26T06:00:00+00:00","mainEntityOfPage":{"@id":"http:\/\/maismagazine.pt\/index.php\/2024\/07\/26\/o-ensino-politecnico-contribui-para-a-afirmacao-de-portugal-no-espaco-europeu-e-mundial-do-ensino-superior-2\/"},"wordCount":594,"publisher":{"@id":"https:\/\/maismagazine.pt\/#organization"},"image":{"@id":"http:\/\/maismagazine.pt\/index.php\/2024\/07\/26\/o-ensino-politecnico-contribui-para-a-afirmacao-de-portugal-no-espaco-europeu-e-mundial-do-ensino-superior-2\/#primaryimage"},"thumbnailUrl":"http:\/\/maismagazine.pt\/wp-content\/uploads\/2024\/07\/Presidente-Maria-Jose-Fernandes-Presidente-do-CCISP-1.jpg","keywords":["CCISP"],"articleSection":["Destaque lateral","Educa\u00e7\u00e3o","Opini\u00e3o"],"inLanguage":"pt-PT"},{"@type":"WebPage","@id":"http:\/\/maismagazine.pt\/index.php\/2024\/07\/26\/o-ensino-politecnico-contribui-para-a-afirmacao-de-portugal-no-espaco-europeu-e-mundial-do-ensino-superior-2\/","url":"http:\/\/maismagazine.pt\/index.php\/2024\/07\/26\/o-ensino-politecnico-contribui-para-a-afirmacao-de-portugal-no-espaco-europeu-e-mundial-do-ensino-superior-2\/","name":"\u201cO Ensino Polit\u00e9cnico contribui para a afirma\u00e7\u00e3o de Portugal no espa\u00e7o europeu e mundial do Ensino Superior\" - Mais Magazine","isPartOf":{"@id":"https:\/\/maismagazine.pt\/#website"},"primaryImageOfPage":{"@id":"http:\/\/maismagazine.pt\/index.php\/2024\/07\/26\/o-ensino-politecnico-contribui-para-a-afirmacao-de-portugal-no-espaco-europeu-e-mundial-do-ensino-superior-2\/#primaryimage"},"image":{"@id":"http:\/\/maismagazine.pt\/index.php\/2024\/07\/26\/o-ensino-politecnico-contribui-para-a-afirmacao-de-portugal-no-espaco-europeu-e-mundial-do-ensino-superior-2\/#primaryimage"},"thumbnailUrl":"http:\/\/maismagazine.pt\/wp-content\/uploads\/2024\/07\/Presidente-Maria-Jose-Fernandes-Presidente-do-CCISP-1.jpg","datePublished":"2024-07-26T06:00:00+00:00","description":"A consolida\u00e7\u00e3o e cont\u00ednuo reconhecimento do ensino superior polit\u00e9cnico resultam de um trabalho louv\u00e1vel das institui\u00e7\u00f5es ao longo dos anos, refor\u00e7ando o seu papel como vetor de desenvolvimento dos territ\u00f3rios, atrav\u00e9s do ensino, da investiga\u00e7\u00e3o e da transfer\u00eancia do conhecimento. A cria\u00e7\u00e3o de institui\u00e7\u00f5es de ensino superior, em especial do subsistema polit\u00e9cnico, permitiu que Portugal se aproximasse da m\u00e9dia europeia de pessoas com qualifica\u00e7\u00e3o superior.","breadcrumb":{"@id":"http:\/\/maismagazine.pt\/index.php\/2024\/07\/26\/o-ensino-politecnico-contribui-para-a-afirmacao-de-portugal-no-espaco-europeu-e-mundial-do-ensino-superior-2\/#breadcrumb"},"inLanguage":"pt-PT","potentialAction":[{"@type":"ReadAction","target":["http:\/\/maismagazine.pt\/index.php\/2024\/07\/26\/o-ensino-politecnico-contribui-para-a-afirmacao-de-portugal-no-espaco-europeu-e-mundial-do-ensino-superior-2\/"]}]},{"@type":"ImageObject","inLanguage":"pt-PT","@id":"http:\/\/maismagazine.pt\/index.php\/2024\/07\/26\/o-ensino-politecnico-contribui-para-a-afirmacao-de-portugal-no-espaco-europeu-e-mundial-do-ensino-superior-2\/#primaryimage","url":"http:\/\/maismagazine.pt\/wp-content\/uploads\/2024\/07\/Presidente-Maria-Jose-Fernandes-Presidente-do-CCISP-1.jpg","contentUrl":"http:\/\/maismagazine.pt\/wp-content\/uploads\/2024\/07\/Presidente-Maria-Jose-Fernandes-Presidente-do-CCISP-1.jpg","width":921,"height":614},{"@type":"BreadcrumbList","@id":"http:\/\/maismagazine.pt\/index.php\/2024\/07\/26\/o-ensino-politecnico-contribui-para-a-afirmacao-de-portugal-no-espaco-europeu-e-mundial-do-ensino-superior-2\/#breadcrumb","itemListElement":[{"@type":"ListItem","position":1,"name":"Home","item":"https:\/\/maismagazine.pt\/"},{"@type":"ListItem","position":2,"name":"\u201cO Ensino Polit\u00e9cnico contribui para a afirma\u00e7\u00e3o de Portugal no espa\u00e7o europeu e mundial do Ensino Superior&#8221;"}]},{"@type":"WebSite","@id":"https:\/\/maismagazine.pt\/#website","url":"https:\/\/maismagazine.pt\/","name":"Mais Magazine","description":"","publisher":{"@id":"https:\/\/maismagazine.pt\/#organization"},"potentialAction":[{"@type":"SearchAction","target":{"@type":"EntryPoint","urlTemplate":"https:\/\/maismagazine.pt\/?s={search_term_string}"},"query-input":{"@type":"PropertyValueSpecification","valueRequired":true,"valueName":"search_term_string"}}],"inLanguage":"pt-PT"},{"@type":"Organization","@id":"https:\/\/maismagazine.pt\/#organization","name":"Mais Magazine","url":"https:\/\/maismagazine.pt\/","logo":{"@type":"ImageObject","inLanguage":"pt-PT","@id":"https:\/\/maismagazine.pt\/#\/schema\/logo\/image\/","url":"http:\/\/maismagazine.pt\/wp-content\/uploads\/2020\/04\/cropped-cropped-mais-magazine-site-logo-2.png","contentUrl":"http:\/\/maismagazine.pt\/wp-content\/uploads\/2020\/04\/cropped-cropped-mais-magazine-site-logo-2.png","width":581,"height":90,"caption":"Mais Magazine"},"image":{"@id":"https:\/\/maismagazine.pt\/#\/schema\/logo\/image\/"}},{"@type":"Person","@id":"https:\/\/maismagazine.pt\/#\/schema\/person\/c6c5bfccc886434cbd11c74e035f9646","name":"Tiago Costa","image":{"@type":"ImageObject","inLanguage":"pt-PT","@id":"https:\/\/maismagazine.pt\/#\/schema\/person\/image\/","url":"https:\/\/secure.gravatar.com\/avatar\/c599b2bce16c9870429198cbad5ee022?s=96&d=mm&r=g","contentUrl":"https:\/\/secure.gravatar.com\/avatar\/c599b2bce16c9870429198cbad5ee022?s=96&d=mm&r=g","caption":"Tiago Costa"},"url":"http:\/\/maismagazine.pt\/index.php\/author\/tiago\/"}]}},"author_meta":{"display_name":false,"author_link":"http:\/\/maismagazine.pt\/index.php\/author\/tiago\/"},"featured_img":"http:\/\/maismagazine.pt\/wp-content\/uploads\/2024\/07\/Presidente-Maria-Jose-Fernandes-Presidente-do-CCISP-1-300x200.jpg","coauthors":[],"tax_additional":{"categories":{"linked":["<a href=\"http:\/\/maismagazine.pt\/index.php\/category\/destaque\/\" class=\"advgb-post-tax-term\">Destaque lateral<\/a>","<a href=\"http:\/\/maismagazine.pt\/index.php\/category\/educacao\/\" class=\"advgb-post-tax-term\">Educa\u00e7\u00e3o<\/a>","<a href=\"http:\/\/maismagazine.pt\/index.php\/category\/noticias\/opiniao\/\" class=\"advgb-post-tax-term\">Opini\u00e3o<\/a>"],"unlinked":["<span class=\"advgb-post-tax-term\">Destaque lateral<\/span>","<span class=\"advgb-post-tax-term\">Educa\u00e7\u00e3o<\/span>","<span class=\"advgb-post-tax-term\">Opini\u00e3o<\/span>"]},"tags":{"linked":["<a href=\"http:\/\/maismagazine.pt\/index.php\/category\/noticias\/opiniao\/\" class=\"advgb-post-tax-term\">CCISP<\/a>"],"unlinked":["<span class=\"advgb-post-tax-term\">CCISP<\/span>"]}},"comment_count":"0","relative_dates":{"created":"Posted 2 anos ago","modified":"Updated 2 anos ago"},"absolute_dates":{"created":"Posted on 26 de Julho, 2024","modified":"Updated on 23 de Julho, 2024"},"absolute_dates_time":{"created":"Posted on 26 de Julho, 2024 7:00","modified":"Updated on 23 de Julho, 2024 14:32"},"featured_img_caption":"","series_order":"","_links":{"self":[{"href":"http:\/\/maismagazine.pt\/index.php\/wp-json\/wp\/v2\/posts\/10212","targetHints":{"allow":["GET"]}}],"collection":[{"href":"http:\/\/maismagazine.pt\/index.php\/wp-json\/wp\/v2\/posts"}],"about":[{"href":"http:\/\/maismagazine.pt\/index.php\/wp-json\/wp\/v2\/types\/post"}],"author":[{"embeddable":true,"href":"http:\/\/maismagazine.pt\/index.php\/wp-json\/wp\/v2\/users\/17"}],"replies":[{"embeddable":true,"href":"http:\/\/maismagazine.pt\/index.php\/wp-json\/wp\/v2\/comments?post=10212"}],"version-history":[{"count":2,"href":"http:\/\/maismagazine.pt\/index.php\/wp-json\/wp\/v2\/posts\/10212\/revisions"}],"predecessor-version":[{"id":10218,"href":"http:\/\/maismagazine.pt\/index.php\/wp-json\/wp\/v2\/posts\/10212\/revisions\/10218"}],"wp:featuredmedia":[{"embeddable":true,"href":"http:\/\/maismagazine.pt\/index.php\/wp-json\/wp\/v2\/media\/10216"}],"wp:attachment":[{"href":"http:\/\/maismagazine.pt\/index.php\/wp-json\/wp\/v2\/media?parent=10212"}],"wp:term":[{"taxonomy":"category","embeddable":true,"href":"http:\/\/maismagazine.pt\/index.php\/wp-json\/wp\/v2\/categories?post=10212"},{"taxonomy":"post_tag","embeddable":true,"href":"http:\/\/maismagazine.pt\/index.php\/wp-json\/wp\/v2\/tags?post=10212"}],"curies":[{"name":"wp","href":"https:\/\/api.w.org\/{rel}","templated":true}]}}