{"id":10206,"date":"2024-07-23T10:26:24","date_gmt":"2024-07-23T09:26:24","guid":{"rendered":"https:\/\/maismagazine.pt\/?p=10206"},"modified":"2024-07-23T10:26:24","modified_gmt":"2024-07-23T09:26:24","slug":"chefs-vitor-matos-e-hugo-rocha-fazem-um-convite-ao-oculto-em-vila-do-conde","status":"publish","type":"post","link":"http:\/\/maismagazine.pt\/index.php\/2024\/07\/23\/chefs-vitor-matos-e-hugo-rocha-fazem-um-convite-ao-oculto-em-vila-do-conde\/","title":{"rendered":"Chefs V\u00edtor Matos e Hugo Rocha fazem um convite ao &#8220;oculto&#8221;, em Vila do Conde"},"content":{"rendered":"\n<p>O potencial da localiza\u00e7\u00e3o, a atmosfera \u00fanica do espa\u00e7o e o arrojo da miss\u00e3o de dar uma nova vida ao emblem\u00e1tico Mosteiro de Santa Clara, um patrim\u00f3nio com mais de 700 anos de hist\u00f3ria e <em>ex-libris<\/em> de Vila do Conde, foram os principais argumentos que levaram os chefs V\u00edtor Matos e Hugo Rocha a aceitar o desafio de conduzir a cozinha do<strong> Oculto<\/strong>, um dos restaurantes do<strong> The Lince Santa Clara Historic Hotel<\/strong>.<br><br>O Oculto deve o seu nome ao facto de ocupar um piso subterr\u00e2neo desconhecido, apenas descoberto durante as obras de renova\u00e7\u00e3o do Mosteiro. Tamb\u00e9m em jeito de revela\u00e7\u00e3o, os reconhecidos chefs prometem aqui desvendar alguns dos seus segredos, desmistificando o conceito de <em>fine dining <\/em>e transformando os ingredientes mais frescos da esta\u00e7\u00e3o em verdadeiras obras de arte culin\u00e1ria.<br><\/p>\n\n\n<div class=\"wp-block-image\">\n<figure class=\"alignright size-full is-resized\"><img loading=\"lazy\" decoding=\"async\" width=\"590\" height=\"885\" src=\"https:\/\/maismagazine.pt\/wp-content\/uploads\/2024\/07\/\u00a9-Joao-Macedo-Fotografia-_-Ananas.jpg\" alt=\"\" class=\"wp-image-10209\" style=\"aspect-ratio:0.6666666666666666;width:227px;height:auto\" srcset=\"http:\/\/maismagazine.pt\/wp-content\/uploads\/2024\/07\/\u00a9-Joao-Macedo-Fotografia-_-Ananas.jpg 590w, http:\/\/maismagazine.pt\/wp-content\/uploads\/2024\/07\/\u00a9-Joao-Macedo-Fotografia-_-Ananas-200x300.jpg 200w\" sizes=\"auto, (max-width: 590px) 100vw, 590px\" \/><\/figure><\/div>\n\n\n<p><br>A rela\u00e7\u00e3o de amizade de mais de uma d\u00e9cada que liga os dois chefs (V\u00edtor Matos foi mentor de Hugo Rocha nos primeiros anos da sua carreira, na Casa da Cal\u00e7ada) \u00e9 not\u00f3ria nas cria\u00e7\u00f5es que o restaurante apresenta e que resultam de um trabalho de perfeita simbiose, realizado a quatro m\u00e3os.<br>Inspirados pelo entorno mar\u00edtimo e pela autenticidade da comunidade piscat\u00f3ria de Vila do Conde, e tirando partido da riqueza de produtos locais da regi\u00e3o, V\u00edtor Matos e Hugo Rocha desenvolveram no Oculto dois menus de degusta\u00e7\u00e3o que refletem uma cozinha de requinte e com influ\u00eancias hist\u00f3ricas.<br>O <strong>menu Flora<\/strong>, composto por 5 momentos, prop\u00f5e uma viagem de sabores exclusivamente vegetarianos, enquanto que o<strong> menu Imers\u00e3o<\/strong>, dispon\u00edvel em 5 ou 8 momentos, \u00e9 inteiramente dedicado aos sabores do mar.<\/p>\n\n\n<div class=\"wp-block-image\">\n<figure class=\"alignleft size-full is-resized\"><img loading=\"lazy\" decoding=\"async\" width=\"590\" height=\"885\" src=\"http:\/\/maismagazine.pt\/wp-content\/uploads\/2024\/07\/\u00a9-Joao-Macedo-Fotografia-_-Restaurante-Oculto_3.jpg\" alt=\"\" class=\"wp-image-10208\" style=\"aspect-ratio:0.6666666666666666;width:249px;height:auto\" srcset=\"http:\/\/maismagazine.pt\/wp-content\/uploads\/2024\/07\/\u00a9-Joao-Macedo-Fotografia-_-Restaurante-Oculto_3.jpg 590w, http:\/\/maismagazine.pt\/wp-content\/uploads\/2024\/07\/\u00a9-Joao-Macedo-Fotografia-_-Restaurante-Oculto_3-200x300.jpg 200w\" sizes=\"auto, (max-width: 590px) 100vw, 590px\" \/><\/figure><\/div>\n\n\n<p><br>A possibilidade de acompanhar ambos os menus com um wine pairing permite elevar a experi\u00eancia a um outro patamar, uma vez que o Oculto conta tamb\u00e9m com uma ambiciosa garrafeira, com cerca de 500 refer\u00eancias cuidadosamente selecionadas. Todas estas refer\u00eancias est\u00e3o tamb\u00e9m dispon\u00edveis para degusta\u00e7\u00e3o no ambiente mais intimista da<strong> Wine Cellar<\/strong>, um espa\u00e7o privado epicurista, cont\u00edguo ao restaurante, pensado para os verdadeiros apreciadores de vinho.<br><\/p>\n\n\n\n<p><br>A harmoniza\u00e7\u00e3o de sabores e aromas \u00e9 outro dos desafios que a equipa do Oculto procura em perman\u00eancia e que coloca \u00e0 prova nos <strong>jantares v\u00ednicos<\/strong> que v\u00e3o passar a integrar a agenda regular do restaurante. Em cada edi\u00e7\u00e3o, os chefs V\u00edtor Matos e Hugo Rocha convidam produtores nacionais a dar a conhecer os melhores vinhos portugueses, apresentando-os, de forma combinada e surpreendente, na companhia de sofisticadas cria\u00e7\u00f5es que nascem na cozinha do Oculto.<br><br>O pr\u00f3ximo jantar v\u00ednico acontece j\u00e1 no <strong><u>pr\u00f3ximo dia 25 de julho<\/u><\/strong> e contar\u00e1 com a presen\u00e7a de Tom\u00e1s Roquette (Quinta do Castro) e de Diogo Ribeiro (Heritage Wines). A experi\u00eancia tem um valor de 120 euros por pessoa e \u00e9 reservada a um grupo exclusivo de 26 participantes. As edi\u00e7\u00f5es futuras poder\u00e3o ser consultadas nas redes sociais do hotel The Lince Santa Clara.\u00a0<\/p>\n\n\n\n<p><\/p>\n","protected":false},"excerpt":{"rendered":"<p>O potencial da localiza\u00e7\u00e3o, a atmosfera \u00fanica do espa\u00e7o e o arrojo da miss\u00e3o de dar uma nova vida ao emblem\u00e1tico Mosteiro de Santa Clara, um patrim\u00f3nio com mais de 700 anos de hist\u00f3ria e ex-libris de Vila do Conde, foram os principais argumentos que levaram os chefs V\u00edtor Matos&hellip;<\/p>\n","protected":false},"author":18,"featured_media":10207,"comment_status":"closed","ping_status":"open","sticky":false,"template":"","format":"standard","meta":{"advgb_blocks_editor_width":"","advgb_blocks_columns_visual_guide":"","_monsterinsights_skip_tracking":false,"_monsterinsights_sitenote_active":false,"_monsterinsights_sitenote_note":"","_monsterinsights_sitenote_category":0,"footnotes":""},"categories":[1],"tags":[],"class_list":["post-10206","post","type-post","status-publish","format-standard","has-post-thumbnail","hentry","category-atualidade"],"yoast_head":"<!-- This site is optimized with the Yoast SEO plugin v24.4 - https:\/\/yoast.com\/wordpress\/plugins\/seo\/ -->\n<title>Chefs V\u00edtor Matos e Hugo Rocha fazem um convite ao &quot;oculto&quot;, em Vila do Conde - Mais Magazine<\/title>\n<meta name=\"robots\" content=\"index, follow, max-snippet:-1, max-image-preview:large, max-video-preview:-1\" \/>\n<link rel=\"canonical\" href=\"https:\/\/maismagazine.pt\/index.php\/2024\/07\/23\/chefs-vitor-matos-e-hugo-rocha-fazem-um-convite-ao-oculto-em-vila-do-conde\/\" \/>\n<meta property=\"og:locale\" content=\"pt_PT\" \/>\n<meta property=\"og:type\" content=\"article\" \/>\n<meta property=\"og:title\" content=\"Chefs V\u00edtor Matos e Hugo Rocha fazem um convite ao &quot;oculto&quot;, em Vila do Conde - Mais Magazine\" \/>\n<meta property=\"og:description\" content=\"O potencial da localiza\u00e7\u00e3o, a atmosfera \u00fanica do espa\u00e7o e o arrojo da miss\u00e3o de dar uma nova vida ao emblem\u00e1tico Mosteiro de Santa Clara, um patrim\u00f3nio com mais de 700 anos de hist\u00f3ria e ex-libris de Vila do Conde, foram os principais argumentos que levaram os chefs V\u00edtor Matos&hellip;\" \/>\n<meta property=\"og:url\" content=\"https:\/\/maismagazine.pt\/index.php\/2024\/07\/23\/chefs-vitor-matos-e-hugo-rocha-fazem-um-convite-ao-oculto-em-vila-do-conde\/\" \/>\n<meta property=\"og:site_name\" content=\"Mais Magazine\" \/>\n<meta property=\"article:published_time\" content=\"2024-07-23T09:26:24+00:00\" \/>\n<meta property=\"og:image\" content=\"https:\/\/maismagazine.pt\/wp-content\/uploads\/2024\/07\/\u00a9-Joao-Macedo-Fotografia-_-Chefs-Vitor-Matos-e-Hugo-Rocha_1.jpg\" \/>\n\t<meta property=\"og:image:width\" content=\"885\" \/>\n\t<meta property=\"og:image:height\" content=\"590\" \/>\n\t<meta property=\"og:image:type\" content=\"image\/jpeg\" \/>\n<meta name=\"author\" content=\"Tatiana Martins\" \/>\n<meta name=\"twitter:card\" content=\"summary_large_image\" \/>\n<meta name=\"twitter:label1\" content=\"Escrito por\" \/>\n\t<meta name=\"twitter:data1\" content=\"\" \/>\n\t<meta name=\"twitter:label2\" content=\"Tempo estimado de leitura\" \/>\n\t<meta name=\"twitter:data2\" content=\"4 minutos\" \/>\n<script type=\"application\/ld+json\" class=\"yoast-schema-graph\">{\"@context\":\"https:\/\/schema.org\",\"@graph\":[{\"@type\":\"Article\",\"@id\":\"https:\/\/maismagazine.pt\/index.php\/2024\/07\/23\/chefs-vitor-matos-e-hugo-rocha-fazem-um-convite-ao-oculto-em-vila-do-conde\/#article\",\"isPartOf\":{\"@id\":\"https:\/\/maismagazine.pt\/index.php\/2024\/07\/23\/chefs-vitor-matos-e-hugo-rocha-fazem-um-convite-ao-oculto-em-vila-do-conde\/\"},\"author\":{\"name\":\"Tatiana Martins\",\"@id\":\"http:\/\/maismagazine.pt\/#\/schema\/person\/7426e2caeb8df32a1b56aa48dae778c9\"},\"headline\":\"Chefs V\u00edtor Matos e Hugo Rocha fazem um convite ao &#8220;oculto&#8221;, em Vila do Conde\",\"datePublished\":\"2024-07-23T09:26:24+00:00\",\"mainEntityOfPage\":{\"@id\":\"https:\/\/maismagazine.pt\/index.php\/2024\/07\/23\/chefs-vitor-matos-e-hugo-rocha-fazem-um-convite-ao-oculto-em-vila-do-conde\/\"},\"wordCount\":523,\"publisher\":{\"@id\":\"http:\/\/maismagazine.pt\/#organization\"},\"image\":{\"@id\":\"https:\/\/maismagazine.pt\/index.php\/2024\/07\/23\/chefs-vitor-matos-e-hugo-rocha-fazem-um-convite-ao-oculto-em-vila-do-conde\/#primaryimage\"},\"thumbnailUrl\":\"http:\/\/maismagazine.pt\/wp-content\/uploads\/2024\/07\/\u00a9-Joao-Macedo-Fotografia-_-Chefs-Vitor-Matos-e-Hugo-Rocha_1.jpg\",\"articleSection\":[\"Atualidade\"],\"inLanguage\":\"pt-PT\"},{\"@type\":\"WebPage\",\"@id\":\"https:\/\/maismagazine.pt\/index.php\/2024\/07\/23\/chefs-vitor-matos-e-hugo-rocha-fazem-um-convite-ao-oculto-em-vila-do-conde\/\",\"url\":\"https:\/\/maismagazine.pt\/index.php\/2024\/07\/23\/chefs-vitor-matos-e-hugo-rocha-fazem-um-convite-ao-oculto-em-vila-do-conde\/\",\"name\":\"Chefs V\u00edtor Matos e Hugo Rocha fazem um convite ao \\\"oculto\\\", em Vila do Conde - Mais Magazine\",\"isPartOf\":{\"@id\":\"http:\/\/maismagazine.pt\/#website\"},\"primaryImageOfPage\":{\"@id\":\"https:\/\/maismagazine.pt\/index.php\/2024\/07\/23\/chefs-vitor-matos-e-hugo-rocha-fazem-um-convite-ao-oculto-em-vila-do-conde\/#primaryimage\"},\"image\":{\"@id\":\"https:\/\/maismagazine.pt\/index.php\/2024\/07\/23\/chefs-vitor-matos-e-hugo-rocha-fazem-um-convite-ao-oculto-em-vila-do-conde\/#primaryimage\"},\"thumbnailUrl\":\"http:\/\/maismagazine.pt\/wp-content\/uploads\/2024\/07\/\u00a9-Joao-Macedo-Fotografia-_-Chefs-Vitor-Matos-e-Hugo-Rocha_1.jpg\",\"datePublished\":\"2024-07-23T09:26:24+00:00\",\"breadcrumb\":{\"@id\":\"https:\/\/maismagazine.pt\/index.php\/2024\/07\/23\/chefs-vitor-matos-e-hugo-rocha-fazem-um-convite-ao-oculto-em-vila-do-conde\/#breadcrumb\"},\"inLanguage\":\"pt-PT\",\"potentialAction\":[{\"@type\":\"ReadAction\",\"target\":[\"https:\/\/maismagazine.pt\/index.php\/2024\/07\/23\/chefs-vitor-matos-e-hugo-rocha-fazem-um-convite-ao-oculto-em-vila-do-conde\/\"]}]},{\"@type\":\"ImageObject\",\"inLanguage\":\"pt-PT\",\"@id\":\"https:\/\/maismagazine.pt\/index.php\/2024\/07\/23\/chefs-vitor-matos-e-hugo-rocha-fazem-um-convite-ao-oculto-em-vila-do-conde\/#primaryimage\",\"url\":\"http:\/\/maismagazine.pt\/wp-content\/uploads\/2024\/07\/\u00a9-Joao-Macedo-Fotografia-_-Chefs-Vitor-Matos-e-Hugo-Rocha_1.jpg\",\"contentUrl\":\"http:\/\/maismagazine.pt\/wp-content\/uploads\/2024\/07\/\u00a9-Joao-Macedo-Fotografia-_-Chefs-Vitor-Matos-e-Hugo-Rocha_1.jpg\",\"width\":885,\"height\":590},{\"@type\":\"BreadcrumbList\",\"@id\":\"https:\/\/maismagazine.pt\/index.php\/2024\/07\/23\/chefs-vitor-matos-e-hugo-rocha-fazem-um-convite-ao-oculto-em-vila-do-conde\/#breadcrumb\",\"itemListElement\":[{\"@type\":\"ListItem\",\"position\":1,\"name\":\"Home\",\"item\":\"http:\/\/maismagazine.pt\/\"},{\"@type\":\"ListItem\",\"position\":2,\"name\":\"Chefs V\u00edtor Matos e Hugo Rocha fazem um convite ao &#8220;oculto&#8221;, em Vila do Conde\"}]},{\"@type\":\"WebSite\",\"@id\":\"http:\/\/maismagazine.pt\/#website\",\"url\":\"http:\/\/maismagazine.pt\/\",\"name\":\"Mais Magazine\",\"description\":\"\",\"publisher\":{\"@id\":\"http:\/\/maismagazine.pt\/#organization\"},\"potentialAction\":[{\"@type\":\"SearchAction\",\"target\":{\"@type\":\"EntryPoint\",\"urlTemplate\":\"http:\/\/maismagazine.pt\/?s={search_term_string}\"},\"query-input\":{\"@type\":\"PropertyValueSpecification\",\"valueRequired\":true,\"valueName\":\"search_term_string\"}}],\"inLanguage\":\"pt-PT\"},{\"@type\":\"Organization\",\"@id\":\"http:\/\/maismagazine.pt\/#organization\",\"name\":\"Mais Magazine\",\"url\":\"http:\/\/maismagazine.pt\/\",\"logo\":{\"@type\":\"ImageObject\",\"inLanguage\":\"pt-PT\",\"@id\":\"http:\/\/maismagazine.pt\/#\/schema\/logo\/image\/\",\"url\":\"http:\/\/maismagazine.pt\/wp-content\/uploads\/2020\/04\/cropped-cropped-mais-magazine-site-logo-2.png\",\"contentUrl\":\"http:\/\/maismagazine.pt\/wp-content\/uploads\/2020\/04\/cropped-cropped-mais-magazine-site-logo-2.png\",\"width\":581,\"height\":90,\"caption\":\"Mais Magazine\"},\"image\":{\"@id\":\"http:\/\/maismagazine.pt\/#\/schema\/logo\/image\/\"}},{\"@type\":\"Person\",\"@id\":\"http:\/\/maismagazine.pt\/#\/schema\/person\/7426e2caeb8df32a1b56aa48dae778c9\",\"name\":\"Tatiana Martins\",\"image\":{\"@type\":\"ImageObject\",\"inLanguage\":\"pt-PT\",\"@id\":\"http:\/\/maismagazine.pt\/#\/schema\/person\/image\/\",\"url\":\"https:\/\/secure.gravatar.com\/avatar\/4b24a57f5d0425f2eb20981c4b53244e?s=96&d=mm&r=g\",\"contentUrl\":\"https:\/\/secure.gravatar.com\/avatar\/4b24a57f5d0425f2eb20981c4b53244e?s=96&d=mm&r=g\",\"caption\":\"Tatiana Martins\"},\"url\":\"http:\/\/maismagazine.pt\/index.php\/author\/tatiana\/\"}]}<\/script>\n<!-- \/ Yoast SEO plugin. -->","yoast_head_json":{"title":"Chefs V\u00edtor Matos e Hugo Rocha fazem um convite ao \"oculto\", em Vila do Conde - Mais Magazine","robots":{"index":"index","follow":"follow","max-snippet":"max-snippet:-1","max-image-preview":"max-image-preview:large","max-video-preview":"max-video-preview:-1"},"canonical":"https:\/\/maismagazine.pt\/index.php\/2024\/07\/23\/chefs-vitor-matos-e-hugo-rocha-fazem-um-convite-ao-oculto-em-vila-do-conde\/","og_locale":"pt_PT","og_type":"article","og_title":"Chefs V\u00edtor Matos e Hugo Rocha fazem um convite ao \"oculto\", em Vila do Conde - Mais Magazine","og_description":"O potencial da localiza\u00e7\u00e3o, a atmosfera \u00fanica do espa\u00e7o e o arrojo da miss\u00e3o de dar uma nova vida ao emblem\u00e1tico Mosteiro de Santa Clara, um patrim\u00f3nio com mais de 700 anos de hist\u00f3ria e ex-libris de Vila do Conde, foram os principais argumentos que levaram os chefs V\u00edtor Matos&hellip;","og_url":"https:\/\/maismagazine.pt\/index.php\/2024\/07\/23\/chefs-vitor-matos-e-hugo-rocha-fazem-um-convite-ao-oculto-em-vila-do-conde\/","og_site_name":"Mais Magazine","article_published_time":"2024-07-23T09:26:24+00:00","og_image":[{"width":885,"height":590,"url":"https:\/\/maismagazine.pt\/wp-content\/uploads\/2024\/07\/\u00a9-Joao-Macedo-Fotografia-_-Chefs-Vitor-Matos-e-Hugo-Rocha_1.jpg","type":"image\/jpeg"}],"author":"Tatiana Martins","twitter_card":"summary_large_image","twitter_misc":{"Escrito por":false,"Tempo estimado de leitura":"4 minutos"},"schema":{"@context":"https:\/\/schema.org","@graph":[{"@type":"Article","@id":"https:\/\/maismagazine.pt\/index.php\/2024\/07\/23\/chefs-vitor-matos-e-hugo-rocha-fazem-um-convite-ao-oculto-em-vila-do-conde\/#article","isPartOf":{"@id":"https:\/\/maismagazine.pt\/index.php\/2024\/07\/23\/chefs-vitor-matos-e-hugo-rocha-fazem-um-convite-ao-oculto-em-vila-do-conde\/"},"author":{"name":"Tatiana Martins","@id":"http:\/\/maismagazine.pt\/#\/schema\/person\/7426e2caeb8df32a1b56aa48dae778c9"},"headline":"Chefs V\u00edtor Matos e Hugo Rocha fazem um convite ao &#8220;oculto&#8221;, em Vila do Conde","datePublished":"2024-07-23T09:26:24+00:00","mainEntityOfPage":{"@id":"https:\/\/maismagazine.pt\/index.php\/2024\/07\/23\/chefs-vitor-matos-e-hugo-rocha-fazem-um-convite-ao-oculto-em-vila-do-conde\/"},"wordCount":523,"publisher":{"@id":"http:\/\/maismagazine.pt\/#organization"},"image":{"@id":"https:\/\/maismagazine.pt\/index.php\/2024\/07\/23\/chefs-vitor-matos-e-hugo-rocha-fazem-um-convite-ao-oculto-em-vila-do-conde\/#primaryimage"},"thumbnailUrl":"http:\/\/maismagazine.pt\/wp-content\/uploads\/2024\/07\/\u00a9-Joao-Macedo-Fotografia-_-Chefs-Vitor-Matos-e-Hugo-Rocha_1.jpg","articleSection":["Atualidade"],"inLanguage":"pt-PT"},{"@type":"WebPage","@id":"https:\/\/maismagazine.pt\/index.php\/2024\/07\/23\/chefs-vitor-matos-e-hugo-rocha-fazem-um-convite-ao-oculto-em-vila-do-conde\/","url":"https:\/\/maismagazine.pt\/index.php\/2024\/07\/23\/chefs-vitor-matos-e-hugo-rocha-fazem-um-convite-ao-oculto-em-vila-do-conde\/","name":"Chefs V\u00edtor Matos e Hugo Rocha fazem um convite ao \"oculto\", em Vila do Conde - Mais Magazine","isPartOf":{"@id":"http:\/\/maismagazine.pt\/#website"},"primaryImageOfPage":{"@id":"https:\/\/maismagazine.pt\/index.php\/2024\/07\/23\/chefs-vitor-matos-e-hugo-rocha-fazem-um-convite-ao-oculto-em-vila-do-conde\/#primaryimage"},"image":{"@id":"https:\/\/maismagazine.pt\/index.php\/2024\/07\/23\/chefs-vitor-matos-e-hugo-rocha-fazem-um-convite-ao-oculto-em-vila-do-conde\/#primaryimage"},"thumbnailUrl":"http:\/\/maismagazine.pt\/wp-content\/uploads\/2024\/07\/\u00a9-Joao-Macedo-Fotografia-_-Chefs-Vitor-Matos-e-Hugo-Rocha_1.jpg","datePublished":"2024-07-23T09:26:24+00:00","breadcrumb":{"@id":"https:\/\/maismagazine.pt\/index.php\/2024\/07\/23\/chefs-vitor-matos-e-hugo-rocha-fazem-um-convite-ao-oculto-em-vila-do-conde\/#breadcrumb"},"inLanguage":"pt-PT","potentialAction":[{"@type":"ReadAction","target":["https:\/\/maismagazine.pt\/index.php\/2024\/07\/23\/chefs-vitor-matos-e-hugo-rocha-fazem-um-convite-ao-oculto-em-vila-do-conde\/"]}]},{"@type":"ImageObject","inLanguage":"pt-PT","@id":"https:\/\/maismagazine.pt\/index.php\/2024\/07\/23\/chefs-vitor-matos-e-hugo-rocha-fazem-um-convite-ao-oculto-em-vila-do-conde\/#primaryimage","url":"http:\/\/maismagazine.pt\/wp-content\/uploads\/2024\/07\/\u00a9-Joao-Macedo-Fotografia-_-Chefs-Vitor-Matos-e-Hugo-Rocha_1.jpg","contentUrl":"http:\/\/maismagazine.pt\/wp-content\/uploads\/2024\/07\/\u00a9-Joao-Macedo-Fotografia-_-Chefs-Vitor-Matos-e-Hugo-Rocha_1.jpg","width":885,"height":590},{"@type":"BreadcrumbList","@id":"https:\/\/maismagazine.pt\/index.php\/2024\/07\/23\/chefs-vitor-matos-e-hugo-rocha-fazem-um-convite-ao-oculto-em-vila-do-conde\/#breadcrumb","itemListElement":[{"@type":"ListItem","position":1,"name":"Home","item":"http:\/\/maismagazine.pt\/"},{"@type":"ListItem","position":2,"name":"Chefs V\u00edtor Matos e Hugo Rocha fazem um convite ao &#8220;oculto&#8221;, em Vila do Conde"}]},{"@type":"WebSite","@id":"http:\/\/maismagazine.pt\/#website","url":"http:\/\/maismagazine.pt\/","name":"Mais Magazine","description":"","publisher":{"@id":"http:\/\/maismagazine.pt\/#organization"},"potentialAction":[{"@type":"SearchAction","target":{"@type":"EntryPoint","urlTemplate":"http:\/\/maismagazine.pt\/?s={search_term_string}"},"query-input":{"@type":"PropertyValueSpecification","valueRequired":true,"valueName":"search_term_string"}}],"inLanguage":"pt-PT"},{"@type":"Organization","@id":"http:\/\/maismagazine.pt\/#organization","name":"Mais Magazine","url":"http:\/\/maismagazine.pt\/","logo":{"@type":"ImageObject","inLanguage":"pt-PT","@id":"http:\/\/maismagazine.pt\/#\/schema\/logo\/image\/","url":"http:\/\/maismagazine.pt\/wp-content\/uploads\/2020\/04\/cropped-cropped-mais-magazine-site-logo-2.png","contentUrl":"http:\/\/maismagazine.pt\/wp-content\/uploads\/2020\/04\/cropped-cropped-mais-magazine-site-logo-2.png","width":581,"height":90,"caption":"Mais Magazine"},"image":{"@id":"http:\/\/maismagazine.pt\/#\/schema\/logo\/image\/"}},{"@type":"Person","@id":"http:\/\/maismagazine.pt\/#\/schema\/person\/7426e2caeb8df32a1b56aa48dae778c9","name":"Tatiana Martins","image":{"@type":"ImageObject","inLanguage":"pt-PT","@id":"http:\/\/maismagazine.pt\/#\/schema\/person\/image\/","url":"https:\/\/secure.gravatar.com\/avatar\/4b24a57f5d0425f2eb20981c4b53244e?s=96&d=mm&r=g","contentUrl":"https:\/\/secure.gravatar.com\/avatar\/4b24a57f5d0425f2eb20981c4b53244e?s=96&d=mm&r=g","caption":"Tatiana Martins"},"url":"http:\/\/maismagazine.pt\/index.php\/author\/tatiana\/"}]}},"author_meta":{"display_name":false,"author_link":"http:\/\/maismagazine.pt\/index.php\/author\/tatiana\/"},"featured_img":"http:\/\/maismagazine.pt\/wp-content\/uploads\/2024\/07\/\u00a9-Joao-Macedo-Fotografia-_-Chefs-Vitor-Matos-e-Hugo-Rocha_1-300x200.jpg","coauthors":[],"tax_additional":{"categories":{"linked":["<a href=\"http:\/\/maismagazine.pt\/index.php\/category\/atualidade\/\" class=\"advgb-post-tax-term\">Atualidade<\/a>"],"unlinked":["<span class=\"advgb-post-tax-term\">Atualidade<\/span>"]}},"comment_count":"0","relative_dates":{"created":"Posted 2 anos ago","modified":"Updated 2 anos ago"},"absolute_dates":{"created":"Posted on 23 de Julho, 2024","modified":"Updated on 23 de Julho, 2024"},"absolute_dates_time":{"created":"Posted on 23 de Julho, 2024 10:26","modified":"Updated on 23 de Julho, 2024 10:26"},"featured_img_caption":"","series_order":"","_links":{"self":[{"href":"http:\/\/maismagazine.pt\/index.php\/wp-json\/wp\/v2\/posts\/10206","targetHints":{"allow":["GET"]}}],"collection":[{"href":"http:\/\/maismagazine.pt\/index.php\/wp-json\/wp\/v2\/posts"}],"about":[{"href":"http:\/\/maismagazine.pt\/index.php\/wp-json\/wp\/v2\/types\/post"}],"author":[{"embeddable":true,"href":"http:\/\/maismagazine.pt\/index.php\/wp-json\/wp\/v2\/users\/18"}],"replies":[{"embeddable":true,"href":"http:\/\/maismagazine.pt\/index.php\/wp-json\/wp\/v2\/comments?post=10206"}],"version-history":[{"count":1,"href":"http:\/\/maismagazine.pt\/index.php\/wp-json\/wp\/v2\/posts\/10206\/revisions"}],"predecessor-version":[{"id":10210,"href":"http:\/\/maismagazine.pt\/index.php\/wp-json\/wp\/v2\/posts\/10206\/revisions\/10210"}],"wp:featuredmedia":[{"embeddable":true,"href":"http:\/\/maismagazine.pt\/index.php\/wp-json\/wp\/v2\/media\/10207"}],"wp:attachment":[{"href":"http:\/\/maismagazine.pt\/index.php\/wp-json\/wp\/v2\/media?parent=10206"}],"wp:term":[{"taxonomy":"category","embeddable":true,"href":"http:\/\/maismagazine.pt\/index.php\/wp-json\/wp\/v2\/categories?post=10206"},{"taxonomy":"post_tag","embeddable":true,"href":"http:\/\/maismagazine.pt\/index.php\/wp-json\/wp\/v2\/tags?post=10206"}],"curies":[{"name":"wp","href":"https:\/\/api.w.org\/{rel}","templated":true}]}}