{"id":10201,"date":"2024-07-26T07:00:00","date_gmt":"2024-07-26T06:00:00","guid":{"rendered":"https:\/\/maismagazine.pt\/?p=10201"},"modified":"2024-07-22T16:20:44","modified_gmt":"2024-07-22T15:20:44","slug":"um-legado-de-25-anos-de-historia","status":"publish","type":"post","link":"http:\/\/maismagazine.pt\/index.php\/2024\/07\/26\/um-legado-de-25-anos-de-historia\/","title":{"rendered":"Um legado de 25 anos de hist\u00f3ria"},"content":{"rendered":"\n<p>N\u00e3o seria poss\u00edvel falar sobre o anivers\u00e1rio dos 25 anos da Regi\u00e3o Administrativa Especial de Macau (RAEM) da Rep\u00fablica Popular da China (RPC) sem o enquadramento hist\u00f3rico que nos conduz ao dia 20 de dezembro de 1999. Para isso, devemos regressar ao s\u00e9culo XV, quando os portugueses, ainda acelerados pela reconquista da Pen\u00ednsula Ib\u00e9rica ao invasor mu\u00e7ulmano, se tornam o povo tecnologicamente mais inovador do mundo. Efetivamente, \u00e9 a partir da conquista de Ceuta, no norte de \u00c1frica, em 1415, que Portugal inicia o projeto nacional de navega\u00e7\u00f5es oce\u00e2nicas, fortemente impregnado pelo esp\u00edrito da cristianiza\u00e7\u00e3o. Estes bravos portugueses exploraram, primeiro, o continente africano, chegando apenas em 1498 \u00e0 \u00cdndia, em 1500 ao Brasil e, finalmente, em 1513, \u00e0 China, tendo depois percorrido toda a costa leste chinesa, at\u00e9 alcan\u00e7ar o Jap\u00e3o em 1543. Macau, em particular, encerra uma hist\u00f3ria fascinante, que se caracteriza pela converg\u00eancia de interesses, sortes, equil\u00edbrios, diplomacia e circunst\u00e2ncias de v\u00e1ria ordem, que permitiram a continuidade portuguesa naquele original entreposto comercial, at\u00e9 1999.<\/p>\n\n\n\n<p><\/p>\n\n\n\n<p>A forma como decorreu o processo de transfer\u00eancia de administra\u00e7\u00e3o de Macau tornar-se-ia um alicerce importante para os la\u00e7os diplom\u00e1ticos que se corporizaram ap\u00f3s 1999. Desde logo, isso sucedeu no dom\u00ednio das rela\u00e7\u00f5es pol\u00edticas, evidenciando a import\u00e2ncia do papel dos Governos enquanto geradores de confian\u00e7a no relacionamento bilateral, que se reflete direta e imediatamente na amizade entre os Povos. De facto, o sucesso deste processo e o modo harmonioso como Portugal e a RPC desenharam, conjuntamente, um estatuto de autonomia para a regi\u00e3o, estabelece a pedra-de-toque para a rela\u00e7\u00e3o de confian\u00e7a e entendimento subsequentes e que dura at\u00e9 hoje. Provavelmente, tamb\u00e9m concorreram a inser\u00e7\u00e3o geopol\u00edtica, econ\u00f3mica e cultural lusa em espa\u00e7os t\u00e3o distintos como a Uni\u00e3o Europeia, a Comunidade de Pa\u00edses de L\u00edngua Portuguesa e a Comunidade Ibero\u2010Americana, que dilatavam o espectro de \u00e1reas de concerta\u00e7\u00e3o, benef\u00edcios e di\u00e1logo poss\u00edveis. Todos esses fatores s\u00e3o, ainda hoje, passados 25 anos, profundamente v\u00e1lidos na l\u00f3gica dos interesses dos dois Estados. \u00c9 nesse contexto que importa reiterar a relev\u00e2ncia de Macau, uma cidade tornada RAEM da R.P.C., onde o portugu\u00eas \u00e9 l\u00edngua oficial, onde est\u00e1 sediado o F\u00f3rum Macau, inserida na mega \u00e1rea da Grande Ba\u00eda e onde a coopera\u00e7\u00e3o econ\u00f3mica est\u00e1 assegurada pela presen\u00e7a de algumas das mais importantes empresas portuguesas naquele territ\u00f3rio chin\u00eas.<\/p>\n\n\n\n<p><\/p>\n\n\n\n<p>Bernardo Mendia, Secret\u00e1rio-Geral da C\u00e2mara de Com\u00e9rcio e Ind\u00fastria Luso-Chinesa (CCILC )<\/p>\n\n\n\n<p><\/p>\n\n\n<div class=\"wp-block-image\">\n<figure class=\"aligncenter size-full is-resized\"><img loading=\"lazy\" decoding=\"async\" width=\"868\" height=\"868\" src=\"https:\/\/maismagazine.pt\/wp-content\/uploads\/2024\/07\/289957661_531340282120580_1654938688604124350_n.png\" alt=\"\" class=\"wp-image-10203\" style=\"aspect-ratio:1;width:203px;height:auto\" srcset=\"http:\/\/maismagazine.pt\/wp-content\/uploads\/2024\/07\/289957661_531340282120580_1654938688604124350_n.png 868w, http:\/\/maismagazine.pt\/wp-content\/uploads\/2024\/07\/289957661_531340282120580_1654938688604124350_n-300x300.png 300w, http:\/\/maismagazine.pt\/wp-content\/uploads\/2024\/07\/289957661_531340282120580_1654938688604124350_n-150x150.png 150w, http:\/\/maismagazine.pt\/wp-content\/uploads\/2024\/07\/289957661_531340282120580_1654938688604124350_n-768x768.png 768w\" sizes=\"auto, (max-width: 868px) 100vw, 868px\" \/><\/figure><\/div>\n\n\n<p><canvas width=\"795\" height=\"1125\"><\/canvas><\/p>\n","protected":false},"excerpt":{"rendered":"<p>N\u00e3o seria poss\u00edvel falar sobre o anivers\u00e1rio dos 25 anos da Regi\u00e3o Administrativa Especial de Macau (RAEM) da Rep\u00fablica Popular da China (RPC) sem o enquadramento hist\u00f3rico que nos conduz ao dia 20 de dezembro de 1999. Para isso, devemos regressar ao s\u00e9culo XV, quando os portugueses, ainda acelerados pela&hellip;<\/p>\n","protected":false},"author":18,"featured_media":10202,"comment_status":"closed","ping_status":"open","sticky":false,"template":"","format":"standard","meta":{"advgb_blocks_editor_width":"","advgb_blocks_columns_visual_guide":"","_monsterinsights_skip_tracking":false,"_monsterinsights_sitenote_active":false,"_monsterinsights_sitenote_note":"","_monsterinsights_sitenote_category":0,"footnotes":""},"categories":[52,51],"tags":[2087,2086,2080,2084],"class_list":["post-10201","post","type-post","status-publish","format-standard","has-post-thumbnail","hentry","category-destaque","category-opiniao","tag-camara-de-comercio-e-industria-luso-chinesa","tag-ccilc","tag-china","tag-macau"],"yoast_head":"<!-- This site is optimized with the Yoast SEO plugin v24.4 - https:\/\/yoast.com\/wordpress\/plugins\/seo\/ -->\n<title>Um legado de 25 anos de hist\u00f3ria - Mais Magazine<\/title>\n<meta name=\"robots\" content=\"index, follow, max-snippet:-1, max-image-preview:large, max-video-preview:-1\" \/>\n<link rel=\"canonical\" href=\"https:\/\/maismagazine.pt\/index.php\/2024\/07\/26\/um-legado-de-25-anos-de-historia\/\" \/>\n<meta property=\"og:locale\" content=\"pt_PT\" \/>\n<meta property=\"og:type\" content=\"article\" \/>\n<meta property=\"og:title\" content=\"Um legado de 25 anos de hist\u00f3ria - Mais Magazine\" \/>\n<meta property=\"og:description\" content=\"N\u00e3o seria poss\u00edvel falar sobre o anivers\u00e1rio dos 25 anos da Regi\u00e3o Administrativa Especial de Macau (RAEM) da Rep\u00fablica Popular da China (RPC) sem o enquadramento hist\u00f3rico que nos conduz ao dia 20 de dezembro de 1999. Para isso, devemos regressar ao s\u00e9culo XV, quando os portugueses, ainda acelerados pela&hellip;\" \/>\n<meta property=\"og:url\" content=\"https:\/\/maismagazine.pt\/index.php\/2024\/07\/26\/um-legado-de-25-anos-de-historia\/\" \/>\n<meta property=\"og:site_name\" content=\"Mais Magazine\" \/>\n<meta property=\"article:published_time\" content=\"2024-07-26T06:00:00+00:00\" \/>\n<meta property=\"og:image\" content=\"https:\/\/maismagazine.pt\/wp-content\/uploads\/2024\/07\/769c8cb6609cb3585a511b57d00fc80c.jpeg\" \/>\n\t<meta property=\"og:image:width\" content=\"1280\" \/>\n\t<meta property=\"og:image:height\" content=\"853\" \/>\n\t<meta property=\"og:image:type\" content=\"image\/jpeg\" \/>\n<meta name=\"author\" content=\"Tatiana Martins\" \/>\n<meta name=\"twitter:card\" content=\"summary_large_image\" \/>\n<meta name=\"twitter:label1\" content=\"Escrito por\" \/>\n\t<meta name=\"twitter:data1\" content=\"\" \/>\n\t<meta name=\"twitter:label2\" content=\"Tempo estimado de leitura\" \/>\n\t<meta name=\"twitter:data2\" content=\"3 minutos\" \/>\n<script type=\"application\/ld+json\" class=\"yoast-schema-graph\">{\"@context\":\"https:\/\/schema.org\",\"@graph\":[{\"@type\":\"Article\",\"@id\":\"https:\/\/maismagazine.pt\/index.php\/2024\/07\/26\/um-legado-de-25-anos-de-historia\/#article\",\"isPartOf\":{\"@id\":\"https:\/\/maismagazine.pt\/index.php\/2024\/07\/26\/um-legado-de-25-anos-de-historia\/\"},\"author\":{\"name\":\"Tatiana Martins\",\"@id\":\"https:\/\/maismagazine.pt\/#\/schema\/person\/7426e2caeb8df32a1b56aa48dae778c9\"},\"headline\":\"Um legado de 25 anos de hist\u00f3ria\",\"datePublished\":\"2024-07-26T06:00:00+00:00\",\"mainEntityOfPage\":{\"@id\":\"https:\/\/maismagazine.pt\/index.php\/2024\/07\/26\/um-legado-de-25-anos-de-historia\/\"},\"wordCount\":447,\"publisher\":{\"@id\":\"https:\/\/maismagazine.pt\/#organization\"},\"image\":{\"@id\":\"https:\/\/maismagazine.pt\/index.php\/2024\/07\/26\/um-legado-de-25-anos-de-historia\/#primaryimage\"},\"thumbnailUrl\":\"http:\/\/maismagazine.pt\/wp-content\/uploads\/2024\/07\/769c8cb6609cb3585a511b57d00fc80c.jpeg\",\"keywords\":[\"C\u00e2mara de Com\u00e9rcio e Ind\u00fastria Luso-Chinesa\",\"CCILC\",\"China\",\"Macau\"],\"articleSection\":[\"Destaque lateral\",\"Opini\u00e3o\"],\"inLanguage\":\"pt-PT\"},{\"@type\":\"WebPage\",\"@id\":\"https:\/\/maismagazine.pt\/index.php\/2024\/07\/26\/um-legado-de-25-anos-de-historia\/\",\"url\":\"https:\/\/maismagazine.pt\/index.php\/2024\/07\/26\/um-legado-de-25-anos-de-historia\/\",\"name\":\"Um legado de 25 anos de hist\u00f3ria - Mais Magazine\",\"isPartOf\":{\"@id\":\"https:\/\/maismagazine.pt\/#website\"},\"primaryImageOfPage\":{\"@id\":\"https:\/\/maismagazine.pt\/index.php\/2024\/07\/26\/um-legado-de-25-anos-de-historia\/#primaryimage\"},\"image\":{\"@id\":\"https:\/\/maismagazine.pt\/index.php\/2024\/07\/26\/um-legado-de-25-anos-de-historia\/#primaryimage\"},\"thumbnailUrl\":\"http:\/\/maismagazine.pt\/wp-content\/uploads\/2024\/07\/769c8cb6609cb3585a511b57d00fc80c.jpeg\",\"datePublished\":\"2024-07-26T06:00:00+00:00\",\"breadcrumb\":{\"@id\":\"https:\/\/maismagazine.pt\/index.php\/2024\/07\/26\/um-legado-de-25-anos-de-historia\/#breadcrumb\"},\"inLanguage\":\"pt-PT\",\"potentialAction\":[{\"@type\":\"ReadAction\",\"target\":[\"https:\/\/maismagazine.pt\/index.php\/2024\/07\/26\/um-legado-de-25-anos-de-historia\/\"]}]},{\"@type\":\"ImageObject\",\"inLanguage\":\"pt-PT\",\"@id\":\"https:\/\/maismagazine.pt\/index.php\/2024\/07\/26\/um-legado-de-25-anos-de-historia\/#primaryimage\",\"url\":\"http:\/\/maismagazine.pt\/wp-content\/uploads\/2024\/07\/769c8cb6609cb3585a511b57d00fc80c.jpeg\",\"contentUrl\":\"http:\/\/maismagazine.pt\/wp-content\/uploads\/2024\/07\/769c8cb6609cb3585a511b57d00fc80c.jpeg\",\"width\":1280,\"height\":853},{\"@type\":\"BreadcrumbList\",\"@id\":\"https:\/\/maismagazine.pt\/index.php\/2024\/07\/26\/um-legado-de-25-anos-de-historia\/#breadcrumb\",\"itemListElement\":[{\"@type\":\"ListItem\",\"position\":1,\"name\":\"Home\",\"item\":\"https:\/\/maismagazine.pt\/\"},{\"@type\":\"ListItem\",\"position\":2,\"name\":\"Um legado de 25 anos de hist\u00f3ria\"}]},{\"@type\":\"WebSite\",\"@id\":\"https:\/\/maismagazine.pt\/#website\",\"url\":\"https:\/\/maismagazine.pt\/\",\"name\":\"Mais Magazine\",\"description\":\"\",\"publisher\":{\"@id\":\"https:\/\/maismagazine.pt\/#organization\"},\"potentialAction\":[{\"@type\":\"SearchAction\",\"target\":{\"@type\":\"EntryPoint\",\"urlTemplate\":\"https:\/\/maismagazine.pt\/?s={search_term_string}\"},\"query-input\":{\"@type\":\"PropertyValueSpecification\",\"valueRequired\":true,\"valueName\":\"search_term_string\"}}],\"inLanguage\":\"pt-PT\"},{\"@type\":\"Organization\",\"@id\":\"https:\/\/maismagazine.pt\/#organization\",\"name\":\"Mais Magazine\",\"url\":\"https:\/\/maismagazine.pt\/\",\"logo\":{\"@type\":\"ImageObject\",\"inLanguage\":\"pt-PT\",\"@id\":\"https:\/\/maismagazine.pt\/#\/schema\/logo\/image\/\",\"url\":\"http:\/\/maismagazine.pt\/wp-content\/uploads\/2020\/04\/cropped-cropped-mais-magazine-site-logo-2.png\",\"contentUrl\":\"http:\/\/maismagazine.pt\/wp-content\/uploads\/2020\/04\/cropped-cropped-mais-magazine-site-logo-2.png\",\"width\":581,\"height\":90,\"caption\":\"Mais Magazine\"},\"image\":{\"@id\":\"https:\/\/maismagazine.pt\/#\/schema\/logo\/image\/\"}},{\"@type\":\"Person\",\"@id\":\"https:\/\/maismagazine.pt\/#\/schema\/person\/7426e2caeb8df32a1b56aa48dae778c9\",\"name\":\"Tatiana Martins\",\"image\":{\"@type\":\"ImageObject\",\"inLanguage\":\"pt-PT\",\"@id\":\"https:\/\/maismagazine.pt\/#\/schema\/person\/image\/\",\"url\":\"https:\/\/secure.gravatar.com\/avatar\/4b24a57f5d0425f2eb20981c4b53244e?s=96&d=mm&r=g\",\"contentUrl\":\"https:\/\/secure.gravatar.com\/avatar\/4b24a57f5d0425f2eb20981c4b53244e?s=96&d=mm&r=g\",\"caption\":\"Tatiana Martins\"},\"url\":\"http:\/\/maismagazine.pt\/index.php\/author\/tatiana\/\"}]}<\/script>\n<!-- \/ Yoast SEO plugin. -->","yoast_head_json":{"title":"Um legado de 25 anos de hist\u00f3ria - Mais Magazine","robots":{"index":"index","follow":"follow","max-snippet":"max-snippet:-1","max-image-preview":"max-image-preview:large","max-video-preview":"max-video-preview:-1"},"canonical":"https:\/\/maismagazine.pt\/index.php\/2024\/07\/26\/um-legado-de-25-anos-de-historia\/","og_locale":"pt_PT","og_type":"article","og_title":"Um legado de 25 anos de hist\u00f3ria - Mais Magazine","og_description":"N\u00e3o seria poss\u00edvel falar sobre o anivers\u00e1rio dos 25 anos da Regi\u00e3o Administrativa Especial de Macau (RAEM) da Rep\u00fablica Popular da China (RPC) sem o enquadramento hist\u00f3rico que nos conduz ao dia 20 de dezembro de 1999. Para isso, devemos regressar ao s\u00e9culo XV, quando os portugueses, ainda acelerados pela&hellip;","og_url":"https:\/\/maismagazine.pt\/index.php\/2024\/07\/26\/um-legado-de-25-anos-de-historia\/","og_site_name":"Mais Magazine","article_published_time":"2024-07-26T06:00:00+00:00","og_image":[{"width":1280,"height":853,"url":"https:\/\/maismagazine.pt\/wp-content\/uploads\/2024\/07\/769c8cb6609cb3585a511b57d00fc80c.jpeg","type":"image\/jpeg"}],"author":"Tatiana Martins","twitter_card":"summary_large_image","twitter_misc":{"Escrito por":false,"Tempo estimado de leitura":"3 minutos"},"schema":{"@context":"https:\/\/schema.org","@graph":[{"@type":"Article","@id":"https:\/\/maismagazine.pt\/index.php\/2024\/07\/26\/um-legado-de-25-anos-de-historia\/#article","isPartOf":{"@id":"https:\/\/maismagazine.pt\/index.php\/2024\/07\/26\/um-legado-de-25-anos-de-historia\/"},"author":{"name":"Tatiana Martins","@id":"https:\/\/maismagazine.pt\/#\/schema\/person\/7426e2caeb8df32a1b56aa48dae778c9"},"headline":"Um legado de 25 anos de hist\u00f3ria","datePublished":"2024-07-26T06:00:00+00:00","mainEntityOfPage":{"@id":"https:\/\/maismagazine.pt\/index.php\/2024\/07\/26\/um-legado-de-25-anos-de-historia\/"},"wordCount":447,"publisher":{"@id":"https:\/\/maismagazine.pt\/#organization"},"image":{"@id":"https:\/\/maismagazine.pt\/index.php\/2024\/07\/26\/um-legado-de-25-anos-de-historia\/#primaryimage"},"thumbnailUrl":"http:\/\/maismagazine.pt\/wp-content\/uploads\/2024\/07\/769c8cb6609cb3585a511b57d00fc80c.jpeg","keywords":["C\u00e2mara de Com\u00e9rcio e Ind\u00fastria Luso-Chinesa","CCILC","China","Macau"],"articleSection":["Destaque lateral","Opini\u00e3o"],"inLanguage":"pt-PT"},{"@type":"WebPage","@id":"https:\/\/maismagazine.pt\/index.php\/2024\/07\/26\/um-legado-de-25-anos-de-historia\/","url":"https:\/\/maismagazine.pt\/index.php\/2024\/07\/26\/um-legado-de-25-anos-de-historia\/","name":"Um legado de 25 anos de hist\u00f3ria - Mais Magazine","isPartOf":{"@id":"https:\/\/maismagazine.pt\/#website"},"primaryImageOfPage":{"@id":"https:\/\/maismagazine.pt\/index.php\/2024\/07\/26\/um-legado-de-25-anos-de-historia\/#primaryimage"},"image":{"@id":"https:\/\/maismagazine.pt\/index.php\/2024\/07\/26\/um-legado-de-25-anos-de-historia\/#primaryimage"},"thumbnailUrl":"http:\/\/maismagazine.pt\/wp-content\/uploads\/2024\/07\/769c8cb6609cb3585a511b57d00fc80c.jpeg","datePublished":"2024-07-26T06:00:00+00:00","breadcrumb":{"@id":"https:\/\/maismagazine.pt\/index.php\/2024\/07\/26\/um-legado-de-25-anos-de-historia\/#breadcrumb"},"inLanguage":"pt-PT","potentialAction":[{"@type":"ReadAction","target":["https:\/\/maismagazine.pt\/index.php\/2024\/07\/26\/um-legado-de-25-anos-de-historia\/"]}]},{"@type":"ImageObject","inLanguage":"pt-PT","@id":"https:\/\/maismagazine.pt\/index.php\/2024\/07\/26\/um-legado-de-25-anos-de-historia\/#primaryimage","url":"http:\/\/maismagazine.pt\/wp-content\/uploads\/2024\/07\/769c8cb6609cb3585a511b57d00fc80c.jpeg","contentUrl":"http:\/\/maismagazine.pt\/wp-content\/uploads\/2024\/07\/769c8cb6609cb3585a511b57d00fc80c.jpeg","width":1280,"height":853},{"@type":"BreadcrumbList","@id":"https:\/\/maismagazine.pt\/index.php\/2024\/07\/26\/um-legado-de-25-anos-de-historia\/#breadcrumb","itemListElement":[{"@type":"ListItem","position":1,"name":"Home","item":"https:\/\/maismagazine.pt\/"},{"@type":"ListItem","position":2,"name":"Um legado de 25 anos de hist\u00f3ria"}]},{"@type":"WebSite","@id":"https:\/\/maismagazine.pt\/#website","url":"https:\/\/maismagazine.pt\/","name":"Mais Magazine","description":"","publisher":{"@id":"https:\/\/maismagazine.pt\/#organization"},"potentialAction":[{"@type":"SearchAction","target":{"@type":"EntryPoint","urlTemplate":"https:\/\/maismagazine.pt\/?s={search_term_string}"},"query-input":{"@type":"PropertyValueSpecification","valueRequired":true,"valueName":"search_term_string"}}],"inLanguage":"pt-PT"},{"@type":"Organization","@id":"https:\/\/maismagazine.pt\/#organization","name":"Mais Magazine","url":"https:\/\/maismagazine.pt\/","logo":{"@type":"ImageObject","inLanguage":"pt-PT","@id":"https:\/\/maismagazine.pt\/#\/schema\/logo\/image\/","url":"http:\/\/maismagazine.pt\/wp-content\/uploads\/2020\/04\/cropped-cropped-mais-magazine-site-logo-2.png","contentUrl":"http:\/\/maismagazine.pt\/wp-content\/uploads\/2020\/04\/cropped-cropped-mais-magazine-site-logo-2.png","width":581,"height":90,"caption":"Mais Magazine"},"image":{"@id":"https:\/\/maismagazine.pt\/#\/schema\/logo\/image\/"}},{"@type":"Person","@id":"https:\/\/maismagazine.pt\/#\/schema\/person\/7426e2caeb8df32a1b56aa48dae778c9","name":"Tatiana Martins","image":{"@type":"ImageObject","inLanguage":"pt-PT","@id":"https:\/\/maismagazine.pt\/#\/schema\/person\/image\/","url":"https:\/\/secure.gravatar.com\/avatar\/4b24a57f5d0425f2eb20981c4b53244e?s=96&d=mm&r=g","contentUrl":"https:\/\/secure.gravatar.com\/avatar\/4b24a57f5d0425f2eb20981c4b53244e?s=96&d=mm&r=g","caption":"Tatiana Martins"},"url":"http:\/\/maismagazine.pt\/index.php\/author\/tatiana\/"}]}},"author_meta":{"display_name":false,"author_link":"http:\/\/maismagazine.pt\/index.php\/author\/tatiana\/"},"featured_img":"http:\/\/maismagazine.pt\/wp-content\/uploads\/2024\/07\/769c8cb6609cb3585a511b57d00fc80c-300x200.jpeg","coauthors":[],"tax_additional":{"categories":{"linked":["<a href=\"http:\/\/maismagazine.pt\/index.php\/category\/destaque\/\" class=\"advgb-post-tax-term\">Destaque lateral<\/a>","<a href=\"http:\/\/maismagazine.pt\/index.php\/category\/noticias\/opiniao\/\" class=\"advgb-post-tax-term\">Opini\u00e3o<\/a>"],"unlinked":["<span class=\"advgb-post-tax-term\">Destaque lateral<\/span>","<span class=\"advgb-post-tax-term\">Opini\u00e3o<\/span>"]},"tags":{"linked":["<a href=\"http:\/\/maismagazine.pt\/index.php\/category\/noticias\/opiniao\/\" class=\"advgb-post-tax-term\">C\u00e2mara de Com\u00e9rcio e Ind\u00fastria Luso-Chinesa<\/a>","<a href=\"http:\/\/maismagazine.pt\/index.php\/category\/noticias\/opiniao\/\" class=\"advgb-post-tax-term\">CCILC<\/a>","<a href=\"http:\/\/maismagazine.pt\/index.php\/category\/noticias\/opiniao\/\" class=\"advgb-post-tax-term\">China<\/a>","<a href=\"http:\/\/maismagazine.pt\/index.php\/category\/noticias\/opiniao\/\" class=\"advgb-post-tax-term\">Macau<\/a>"],"unlinked":["<span class=\"advgb-post-tax-term\">C\u00e2mara de Com\u00e9rcio e Ind\u00fastria Luso-Chinesa<\/span>","<span class=\"advgb-post-tax-term\">CCILC<\/span>","<span class=\"advgb-post-tax-term\">China<\/span>","<span class=\"advgb-post-tax-term\">Macau<\/span>"]}},"comment_count":"0","relative_dates":{"created":"Posted 2 anos ago","modified":"Updated 2 anos ago"},"absolute_dates":{"created":"Posted on 26 de Julho, 2024","modified":"Updated on 22 de Julho, 2024"},"absolute_dates_time":{"created":"Posted on 26 de Julho, 2024 7:00","modified":"Updated on 22 de Julho, 2024 16:20"},"featured_img_caption":"","series_order":"","_links":{"self":[{"href":"http:\/\/maismagazine.pt\/index.php\/wp-json\/wp\/v2\/posts\/10201","targetHints":{"allow":["GET"]}}],"collection":[{"href":"http:\/\/maismagazine.pt\/index.php\/wp-json\/wp\/v2\/posts"}],"about":[{"href":"http:\/\/maismagazine.pt\/index.php\/wp-json\/wp\/v2\/types\/post"}],"author":[{"embeddable":true,"href":"http:\/\/maismagazine.pt\/index.php\/wp-json\/wp\/v2\/users\/18"}],"replies":[{"embeddable":true,"href":"http:\/\/maismagazine.pt\/index.php\/wp-json\/wp\/v2\/comments?post=10201"}],"version-history":[{"count":1,"href":"http:\/\/maismagazine.pt\/index.php\/wp-json\/wp\/v2\/posts\/10201\/revisions"}],"predecessor-version":[{"id":10204,"href":"http:\/\/maismagazine.pt\/index.php\/wp-json\/wp\/v2\/posts\/10201\/revisions\/10204"}],"wp:featuredmedia":[{"embeddable":true,"href":"http:\/\/maismagazine.pt\/index.php\/wp-json\/wp\/v2\/media\/10202"}],"wp:attachment":[{"href":"http:\/\/maismagazine.pt\/index.php\/wp-json\/wp\/v2\/media?parent=10201"}],"wp:term":[{"taxonomy":"category","embeddable":true,"href":"http:\/\/maismagazine.pt\/index.php\/wp-json\/wp\/v2\/categories?post=10201"},{"taxonomy":"post_tag","embeddable":true,"href":"http:\/\/maismagazine.pt\/index.php\/wp-json\/wp\/v2\/tags?post=10201"}],"curies":[{"name":"wp","href":"https:\/\/api.w.org\/{rel}","templated":true}]}}