{"id":10076,"date":"2024-07-15T16:03:42","date_gmt":"2024-07-15T15:03:42","guid":{"rendered":"https:\/\/maismagazine.pt\/?p=10076"},"modified":"2024-07-15T16:03:42","modified_gmt":"2024-07-15T15:03:42","slug":"apoios-aos-apicultores-apresentacao-de-candidaturas-a-intervencao-c-1-1-6-apoio-a-apicultura-para-a-biodiversidade-no-ambito-do-plano-estrategico-da-politica-agricola-comum-pepac","status":"publish","type":"post","link":"http:\/\/maismagazine.pt\/index.php\/2024\/07\/15\/apoios-aos-apicultores-apresentacao-de-candidaturas-a-intervencao-c-1-1-6-apoio-a-apicultura-para-a-biodiversidade-no-ambito-do-plano-estrategico-da-politica-agricola-comum-pepac\/","title":{"rendered":"Apoios aos apicultores: Apresenta\u00e7\u00e3o de candidaturas \u00e0 interven\u00e7\u00e3o C.1.1.6 \u00abApoio \u00e0 apicultura para a biodiversidade\u00bb no \u00e2mbito do Plano Estrat\u00e9gico da Pol\u00edtica Agr\u00edcola Comum (PEPAC)"},"content":{"rendered":"\n<p><\/p>\n\n\n\n<p><\/p>\n\n\n\n<p>A Comiss\u00e3o de Coordena\u00e7\u00e3o e Desenvolvimento Regional (CCDR) do Algarve I.P. \u2013 Agricultura e Pescas informa que est\u00e1 a decorrer, desde as 18h00 do dia 28 junho de 2024 e at\u00e9 \u00e0s 18h00 do dia 28 de agosto de 2024, o prazo para submiss\u00e3o de candidaturas \u00e0 interven\u00e7\u00e3o C.1.1.6 \u00abApoio \u00e0 apicultura para a biodiversidade\u00bb no \u00e2mbito do Plano Estrat\u00e9gico da Pol\u00edtica Agr\u00edcola Comum (PEPAC), que visa contribuir para a poliniza\u00e7\u00e3o natural de plantas, promovendo a conserva\u00e7\u00e3o e recupera\u00e7\u00e3o da biodiversidade da flora aut\u00f3ctone, apoiando a manuten\u00e7\u00e3o da popula\u00e7\u00e3o de abelhas, cujo regime de aplica\u00e7\u00e3o foi aprovado pela Portaria n.\u00ba 171\/2024\/1, de 24 de junho. At\u00e9 ao momento, de acordo com a informa\u00e7\u00e3o disponibilizada pelo Minist\u00e9rio da Agricultura e Pescas, j\u00e1 foram submetidas a n\u00edvel nacional mais de 300 candidaturas a este apoio.<\/p>\n\n\n\n<p>O montante total do apoio dispon\u00edvel para pessoas singulares ou coletivas, de natureza p\u00fablica ou privada, que exer\u00e7am a atividade ap\u00edcola, \u00e9 de 20 milh\u00f5es de euros, apenas se admitindo uma candidatura por benefici\u00e1rio durante o per\u00edodo de compromisso de tr\u00eas anos.<\/p>\n\n\n\n<p>S\u00e3o condi\u00e7\u00f5es indispens\u00e1veis para a submiss\u00e3o das candidaturas que os benefici\u00e1rios: procedam \u00e0 sua inscri\u00e7\u00e3o como benefici\u00e1rios IFAP, I.P. para obten\u00e7\u00e3o de NIFAP, ou promovam a atualiza\u00e7\u00e3o de dados, nomeadamente do NIB e\/ou endere\u00e7o eletr\u00f3nico, e providenciem, em tempo, a atualiza\u00e7\u00e3o da informa\u00e7\u00e3o relativa \u00e0 Atividade Ap\u00edcola (Registo da Atividade Ap\u00edcola; Declara\u00e7\u00e3o de Exist\u00eancias).<\/p>\n\n\n\n<p>Os apoios s\u00e3o concedidos sob a forma de subven\u00e7\u00e3o n\u00e3o reembols\u00e1vel, na modalidade de montante fixo, em fun\u00e7\u00e3o do escal\u00e3o em que o benefici\u00e1rio se encontra: com entre 10 e menos de 25 colmeias, o apoio \u00e9 de 125 euros e para os que det\u00e9m entre 50 e menos de 150 colmeias a ajuda \u00e9 de 250 euros. Por sua vez, para quem tem entre 50 e menos de 150 colmeias o apoio \u00e9 de 625 euros e os benefici\u00e1rios que tenham entre 150 e menos de 250 colmeias recebem 1.324 euros. J\u00e1 os benefici\u00e1rios com 250 e menos de 500 colmeias v\u00e3o ter uma ajuda de 2.060 euros. Quem tem mais de 500 colmeias pode receber um apoio de 3.000 euros.<\/p>\n\n\n\n<p>A apresenta\u00e7\u00e3o de candidaturas \u00e9 feita por formul\u00e1rio eletr\u00f3nico, dispon\u00edvel no portal da Agricultura (https:\/\/agricultura.gov.pt) e no portal do PEPAC (<a href=\"http:\/\/www.pepacc.pt\">www.pepacc.pt<\/a>). O presente aviso e demais informa\u00e7\u00e3o relevante, nomeadamente legisla\u00e7\u00e3o, formul\u00e1rio, OTE est\u00e3o dispon\u00edveis no portal da Agricultura, em https:\/\/agricultura.gov.pt\/ e portal do PEPAC no continente, em www.pepacc.pt, podendo ainda ser obtidos esclarecimentos junto da Linha de Atendimento do PEPAC no continente (pelo telefone, 213 819 300, nos dias \u00fateis, das 9H00 \u00e0s 12H30 e das 14H00 \u00e0s 18H00; por escrito, Formul\u00e1rio de contacto PEPAC, dispon\u00edvel atrav\u00e9s do Balc\u00e3o dos Fundos da Agricultura).<\/p>\n\n\n\n<p>Na Regi\u00e3o do Algarve a apicultura tem relev\u00e2ncia significativa que se traduz numa produ\u00e7\u00e3o superior a 1.500 toneladas de mel por ano, levada a cabo por mais de 1.200 apicultores registados, na sua grande maioria profissionais, i.e. com mais de 150 colmeias, sendo a regi\u00e3o do pa\u00eds com a maior propor\u00e7\u00e3o de apicultores profissionais.<\/p>\n\n\n\n<p>Por toda a Regi\u00e3o , com o apoio dos servi\u00e7os desconcentrados de agricultura e pescas, dos Munic\u00edpios e associa\u00e7\u00f5es de desenvolvimento local , tendo como mostra um vasto conjunto de mostras e feiras locais e tem\u00e1ticas (Feira da Serra, Feira da Dieta Mediterr\u00e2nica ou FATACIL, apenas para destacar algumas), a apicultura integra as diversas iniciativas de promo\u00e7\u00e3o de produtos end\u00f3genos.<\/p>\n\n\n\n<p>JUNTOS, O ALGARVE AVAN\u00c7A.<\/p>\n","protected":false},"excerpt":{"rendered":"<p>A Comiss\u00e3o de Coordena\u00e7\u00e3o e Desenvolvimento Regional (CCDR) do Algarve I.P. \u2013 Agricultura e Pescas informa que est\u00e1 a decorrer, desde as 18h00 do dia 28 junho de 2024 e at\u00e9 \u00e0s 18h00 do dia 28 de agosto de 2024, o prazo para submiss\u00e3o de candidaturas \u00e0 interven\u00e7\u00e3o C.1.1.6 \u00abApoio&hellip;<\/p>\n","protected":false},"author":17,"featured_media":10077,"comment_status":"closed","ping_status":"open","sticky":false,"template":"","format":"standard","meta":{"advgb_blocks_editor_width":"","advgb_blocks_columns_visual_guide":"","_monsterinsights_skip_tracking":false,"_monsterinsights_sitenote_active":false,"_monsterinsights_sitenote_note":"","_monsterinsights_sitenote_category":0,"footnotes":""},"categories":[7],"tags":[2057],"class_list":["post-10076","post","type-post","status-publish","format-standard","has-post-thumbnail","hentry","category-noticias","tag-ccdr-algarve"],"yoast_head":"<!-- This site is optimized with the Yoast SEO plugin v24.4 - https:\/\/yoast.com\/wordpress\/plugins\/seo\/ -->\n<title>Apoios aos apicultores: Apresenta\u00e7\u00e3o de candidaturas \u00e0 interven\u00e7\u00e3o C.1.1.6 \u00abApoio \u00e0 apicultura para a biodiversidade\u00bb no \u00e2mbito do Plano Estrat\u00e9gico da Pol\u00edtica Agr\u00edcola Comum (PEPAC) - Mais Magazine<\/title>\n<meta name=\"description\" content=\"A Comiss\u00e3o de Coordena\u00e7\u00e3o e Desenvolvimento Regional (CCDR) do Algarve I.P. \u2013 Agricultura e Pescas informa que est\u00e1 a decorrer, desde as 18h00 do dia 28 junho de 2024 e at\u00e9 \u00e0s 18h00 do dia 28 de agosto de 2024, o prazo para submiss\u00e3o de candidaturas \u00e0 interven\u00e7\u00e3o C.1.1.6 \u00abApoio \u00e0 apicultura para a biodiversidade\u00bb no \u00e2mbito do Plano Estrat\u00e9gico da Pol\u00edtica Agr\u00edcola Comum (PEPAC), que visa contribuir para a poliniza\u00e7\u00e3o natural de plantas, promovendo a conserva\u00e7\u00e3o e recupera\u00e7\u00e3o da biodiversidade da flora aut\u00f3ctone, apoiando a manuten\u00e7\u00e3o da popula\u00e7\u00e3o de abelhas, cujo regime de aplica\u00e7\u00e3o foi aprovado pela Portaria n.\u00ba 171\/2024\/1, de 24 de junho. At\u00e9 ao momento, de acordo com a informa\u00e7\u00e3o disponibilizada pelo Minist\u00e9rio da Agricultura e Pescas, j\u00e1 foram submetidas a n\u00edvel nacional mais de 300 candidaturas a este apoio.\" \/>\n<meta name=\"robots\" content=\"index, follow, max-snippet:-1, max-image-preview:large, max-video-preview:-1\" \/>\n<link rel=\"canonical\" href=\"http:\/\/maismagazine.pt\/index.php\/2024\/07\/15\/apoios-aos-apicultores-apresentacao-de-candidaturas-a-intervencao-c-1-1-6-apoio-a-apicultura-para-a-biodiversidade-no-ambito-do-plano-estrategico-da-politica-agricola-comum-pepac\/\" \/>\n<meta property=\"og:locale\" content=\"pt_PT\" \/>\n<meta property=\"og:type\" content=\"article\" \/>\n<meta property=\"og:title\" content=\"Apoios aos apicultores: Apresenta\u00e7\u00e3o de candidaturas \u00e0 interven\u00e7\u00e3o C.1.1.6 \u00abApoio \u00e0 apicultura para a biodiversidade\u00bb no \u00e2mbito do Plano Estrat\u00e9gico da Pol\u00edtica Agr\u00edcola Comum (PEPAC) - Mais Magazine\" \/>\n<meta property=\"og:description\" content=\"A Comiss\u00e3o de Coordena\u00e7\u00e3o e Desenvolvimento Regional (CCDR) do Algarve I.P. \u2013 Agricultura e Pescas informa que est\u00e1 a decorrer, desde as 18h00 do dia 28 junho de 2024 e at\u00e9 \u00e0s 18h00 do dia 28 de agosto de 2024, o prazo para submiss\u00e3o de candidaturas \u00e0 interven\u00e7\u00e3o C.1.1.6 \u00abApoio \u00e0 apicultura para a biodiversidade\u00bb no \u00e2mbito do Plano Estrat\u00e9gico da Pol\u00edtica Agr\u00edcola Comum (PEPAC), que visa contribuir para a poliniza\u00e7\u00e3o natural de plantas, promovendo a conserva\u00e7\u00e3o e recupera\u00e7\u00e3o da biodiversidade da flora aut\u00f3ctone, apoiando a manuten\u00e7\u00e3o da popula\u00e7\u00e3o de abelhas, cujo regime de aplica\u00e7\u00e3o foi aprovado pela Portaria n.\u00ba 171\/2024\/1, de 24 de junho. At\u00e9 ao momento, de acordo com a informa\u00e7\u00e3o disponibilizada pelo Minist\u00e9rio da Agricultura e Pescas, j\u00e1 foram submetidas a n\u00edvel nacional mais de 300 candidaturas a este apoio.\" \/>\n<meta property=\"og:url\" content=\"http:\/\/maismagazine.pt\/index.php\/2024\/07\/15\/apoios-aos-apicultores-apresentacao-de-candidaturas-a-intervencao-c-1-1-6-apoio-a-apicultura-para-a-biodiversidade-no-ambito-do-plano-estrategico-da-politica-agricola-comum-pepac\/\" \/>\n<meta property=\"og:site_name\" content=\"Mais Magazine\" \/>\n<meta property=\"article:published_time\" content=\"2024-07-15T15:03:42+00:00\" \/>\n<meta property=\"og:image\" content=\"http:\/\/maismagazine.pt\/wp-content\/uploads\/2024\/07\/s.jpg\" \/>\n\t<meta property=\"og:image:width\" content=\"438\" \/>\n\t<meta property=\"og:image:height\" content=\"154\" \/>\n\t<meta property=\"og:image:type\" content=\"image\/jpeg\" \/>\n<meta name=\"author\" content=\"Tiago Costa\" \/>\n<meta name=\"twitter:card\" content=\"summary_large_image\" \/>\n<meta name=\"twitter:label1\" content=\"Escrito por\" \/>\n\t<meta name=\"twitter:data1\" content=\"\" \/>\n\t<meta name=\"twitter:label2\" content=\"Tempo estimado de leitura\" \/>\n\t<meta name=\"twitter:data2\" content=\"4 minutos\" \/>\n<script type=\"application\/ld+json\" class=\"yoast-schema-graph\">{\"@context\":\"https:\/\/schema.org\",\"@graph\":[{\"@type\":\"Article\",\"@id\":\"http:\/\/maismagazine.pt\/index.php\/2024\/07\/15\/apoios-aos-apicultores-apresentacao-de-candidaturas-a-intervencao-c-1-1-6-apoio-a-apicultura-para-a-biodiversidade-no-ambito-do-plano-estrategico-da-politica-agricola-comum-pepac\/#article\",\"isPartOf\":{\"@id\":\"http:\/\/maismagazine.pt\/index.php\/2024\/07\/15\/apoios-aos-apicultores-apresentacao-de-candidaturas-a-intervencao-c-1-1-6-apoio-a-apicultura-para-a-biodiversidade-no-ambito-do-plano-estrategico-da-politica-agricola-comum-pepac\/\"},\"author\":{\"name\":\"Tiago Costa\",\"@id\":\"http:\/\/maismagazine.pt\/#\/schema\/person\/c6c5bfccc886434cbd11c74e035f9646\"},\"headline\":\"Apoios aos apicultores: Apresenta\u00e7\u00e3o de candidaturas \u00e0 interven\u00e7\u00e3o C.1.1.6 \u00abApoio \u00e0 apicultura para a biodiversidade\u00bb no \u00e2mbito do Plano Estrat\u00e9gico da Pol\u00edtica Agr\u00edcola Comum (PEPAC)\",\"datePublished\":\"2024-07-15T15:03:42+00:00\",\"mainEntityOfPage\":{\"@id\":\"http:\/\/maismagazine.pt\/index.php\/2024\/07\/15\/apoios-aos-apicultores-apresentacao-de-candidaturas-a-intervencao-c-1-1-6-apoio-a-apicultura-para-a-biodiversidade-no-ambito-do-plano-estrategico-da-politica-agricola-comum-pepac\/\"},\"wordCount\":642,\"publisher\":{\"@id\":\"http:\/\/maismagazine.pt\/#organization\"},\"image\":{\"@id\":\"http:\/\/maismagazine.pt\/index.php\/2024\/07\/15\/apoios-aos-apicultores-apresentacao-de-candidaturas-a-intervencao-c-1-1-6-apoio-a-apicultura-para-a-biodiversidade-no-ambito-do-plano-estrategico-da-politica-agricola-comum-pepac\/#primaryimage\"},\"thumbnailUrl\":\"http:\/\/maismagazine.pt\/wp-content\/uploads\/2024\/07\/s.jpg\",\"keywords\":[\"CCDR Algarve\"],\"articleSection\":[\"Not\u00edcias\"],\"inLanguage\":\"pt-PT\"},{\"@type\":\"WebPage\",\"@id\":\"http:\/\/maismagazine.pt\/index.php\/2024\/07\/15\/apoios-aos-apicultores-apresentacao-de-candidaturas-a-intervencao-c-1-1-6-apoio-a-apicultura-para-a-biodiversidade-no-ambito-do-plano-estrategico-da-politica-agricola-comum-pepac\/\",\"url\":\"http:\/\/maismagazine.pt\/index.php\/2024\/07\/15\/apoios-aos-apicultores-apresentacao-de-candidaturas-a-intervencao-c-1-1-6-apoio-a-apicultura-para-a-biodiversidade-no-ambito-do-plano-estrategico-da-politica-agricola-comum-pepac\/\",\"name\":\"Apoios aos apicultores: Apresenta\u00e7\u00e3o de candidaturas \u00e0 interven\u00e7\u00e3o C.1.1.6 \u00abApoio \u00e0 apicultura para a biodiversidade\u00bb no \u00e2mbito do Plano Estrat\u00e9gico da Pol\u00edtica Agr\u00edcola Comum (PEPAC) - Mais Magazine\",\"isPartOf\":{\"@id\":\"http:\/\/maismagazine.pt\/#website\"},\"primaryImageOfPage\":{\"@id\":\"http:\/\/maismagazine.pt\/index.php\/2024\/07\/15\/apoios-aos-apicultores-apresentacao-de-candidaturas-a-intervencao-c-1-1-6-apoio-a-apicultura-para-a-biodiversidade-no-ambito-do-plano-estrategico-da-politica-agricola-comum-pepac\/#primaryimage\"},\"image\":{\"@id\":\"http:\/\/maismagazine.pt\/index.php\/2024\/07\/15\/apoios-aos-apicultores-apresentacao-de-candidaturas-a-intervencao-c-1-1-6-apoio-a-apicultura-para-a-biodiversidade-no-ambito-do-plano-estrategico-da-politica-agricola-comum-pepac\/#primaryimage\"},\"thumbnailUrl\":\"http:\/\/maismagazine.pt\/wp-content\/uploads\/2024\/07\/s.jpg\",\"datePublished\":\"2024-07-15T15:03:42+00:00\",\"description\":\"A Comiss\u00e3o de Coordena\u00e7\u00e3o e Desenvolvimento Regional (CCDR) do Algarve I.P. \u2013 Agricultura e Pescas informa que est\u00e1 a decorrer, desde as 18h00 do dia 28 junho de 2024 e at\u00e9 \u00e0s 18h00 do dia 28 de agosto de 2024, o prazo para submiss\u00e3o de candidaturas \u00e0 interven\u00e7\u00e3o C.1.1.6 \u00abApoio \u00e0 apicultura para a biodiversidade\u00bb no \u00e2mbito do Plano Estrat\u00e9gico da Pol\u00edtica Agr\u00edcola Comum (PEPAC), que visa contribuir para a poliniza\u00e7\u00e3o natural de plantas, promovendo a conserva\u00e7\u00e3o e recupera\u00e7\u00e3o da biodiversidade da flora aut\u00f3ctone, apoiando a manuten\u00e7\u00e3o da popula\u00e7\u00e3o de abelhas, cujo regime de aplica\u00e7\u00e3o foi aprovado pela Portaria n.\u00ba 171\/2024\/1, de 24 de junho. At\u00e9 ao momento, de acordo com a informa\u00e7\u00e3o disponibilizada pelo Minist\u00e9rio da Agricultura e Pescas, j\u00e1 foram submetidas a n\u00edvel nacional mais de 300 candidaturas a este apoio.\",\"breadcrumb\":{\"@id\":\"http:\/\/maismagazine.pt\/index.php\/2024\/07\/15\/apoios-aos-apicultores-apresentacao-de-candidaturas-a-intervencao-c-1-1-6-apoio-a-apicultura-para-a-biodiversidade-no-ambito-do-plano-estrategico-da-politica-agricola-comum-pepac\/#breadcrumb\"},\"inLanguage\":\"pt-PT\",\"potentialAction\":[{\"@type\":\"ReadAction\",\"target\":[\"http:\/\/maismagazine.pt\/index.php\/2024\/07\/15\/apoios-aos-apicultores-apresentacao-de-candidaturas-a-intervencao-c-1-1-6-apoio-a-apicultura-para-a-biodiversidade-no-ambito-do-plano-estrategico-da-politica-agricola-comum-pepac\/\"]}]},{\"@type\":\"ImageObject\",\"inLanguage\":\"pt-PT\",\"@id\":\"http:\/\/maismagazine.pt\/index.php\/2024\/07\/15\/apoios-aos-apicultores-apresentacao-de-candidaturas-a-intervencao-c-1-1-6-apoio-a-apicultura-para-a-biodiversidade-no-ambito-do-plano-estrategico-da-politica-agricola-comum-pepac\/#primaryimage\",\"url\":\"http:\/\/maismagazine.pt\/wp-content\/uploads\/2024\/07\/s.jpg\",\"contentUrl\":\"http:\/\/maismagazine.pt\/wp-content\/uploads\/2024\/07\/s.jpg\",\"width\":438,\"height\":154},{\"@type\":\"BreadcrumbList\",\"@id\":\"http:\/\/maismagazine.pt\/index.php\/2024\/07\/15\/apoios-aos-apicultores-apresentacao-de-candidaturas-a-intervencao-c-1-1-6-apoio-a-apicultura-para-a-biodiversidade-no-ambito-do-plano-estrategico-da-politica-agricola-comum-pepac\/#breadcrumb\",\"itemListElement\":[{\"@type\":\"ListItem\",\"position\":1,\"name\":\"Home\",\"item\":\"http:\/\/maismagazine.pt\/\"},{\"@type\":\"ListItem\",\"position\":2,\"name\":\"Apoios aos apicultores: Apresenta\u00e7\u00e3o de candidaturas \u00e0 interven\u00e7\u00e3o C.1.1.6 \u00abApoio \u00e0 apicultura para a biodiversidade\u00bb no \u00e2mbito do Plano Estrat\u00e9gico da Pol\u00edtica Agr\u00edcola Comum (PEPAC)\"}]},{\"@type\":\"WebSite\",\"@id\":\"http:\/\/maismagazine.pt\/#website\",\"url\":\"http:\/\/maismagazine.pt\/\",\"name\":\"Mais Magazine\",\"description\":\"\",\"publisher\":{\"@id\":\"http:\/\/maismagazine.pt\/#organization\"},\"potentialAction\":[{\"@type\":\"SearchAction\",\"target\":{\"@type\":\"EntryPoint\",\"urlTemplate\":\"http:\/\/maismagazine.pt\/?s={search_term_string}\"},\"query-input\":{\"@type\":\"PropertyValueSpecification\",\"valueRequired\":true,\"valueName\":\"search_term_string\"}}],\"inLanguage\":\"pt-PT\"},{\"@type\":\"Organization\",\"@id\":\"http:\/\/maismagazine.pt\/#organization\",\"name\":\"Mais Magazine\",\"url\":\"http:\/\/maismagazine.pt\/\",\"logo\":{\"@type\":\"ImageObject\",\"inLanguage\":\"pt-PT\",\"@id\":\"http:\/\/maismagazine.pt\/#\/schema\/logo\/image\/\",\"url\":\"http:\/\/maismagazine.pt\/wp-content\/uploads\/2020\/04\/cropped-cropped-mais-magazine-site-logo-2.png\",\"contentUrl\":\"http:\/\/maismagazine.pt\/wp-content\/uploads\/2020\/04\/cropped-cropped-mais-magazine-site-logo-2.png\",\"width\":581,\"height\":90,\"caption\":\"Mais Magazine\"},\"image\":{\"@id\":\"http:\/\/maismagazine.pt\/#\/schema\/logo\/image\/\"}},{\"@type\":\"Person\",\"@id\":\"http:\/\/maismagazine.pt\/#\/schema\/person\/c6c5bfccc886434cbd11c74e035f9646\",\"name\":\"Tiago Costa\",\"image\":{\"@type\":\"ImageObject\",\"inLanguage\":\"pt-PT\",\"@id\":\"http:\/\/maismagazine.pt\/#\/schema\/person\/image\/\",\"url\":\"https:\/\/secure.gravatar.com\/avatar\/c599b2bce16c9870429198cbad5ee022?s=96&d=mm&r=g\",\"contentUrl\":\"https:\/\/secure.gravatar.com\/avatar\/c599b2bce16c9870429198cbad5ee022?s=96&d=mm&r=g\",\"caption\":\"Tiago Costa\"},\"url\":\"http:\/\/maismagazine.pt\/index.php\/author\/tiago\/\"}]}<\/script>\n<!-- \/ Yoast SEO plugin. -->","yoast_head_json":{"title":"Apoios aos apicultores: Apresenta\u00e7\u00e3o de candidaturas \u00e0 interven\u00e7\u00e3o C.1.1.6 \u00abApoio \u00e0 apicultura para a biodiversidade\u00bb no \u00e2mbito do Plano Estrat\u00e9gico da Pol\u00edtica Agr\u00edcola Comum (PEPAC) - Mais Magazine","description":"A Comiss\u00e3o de Coordena\u00e7\u00e3o e Desenvolvimento Regional (CCDR) do Algarve I.P. \u2013 Agricultura e Pescas informa que est\u00e1 a decorrer, desde as 18h00 do dia 28 junho de 2024 e at\u00e9 \u00e0s 18h00 do dia 28 de agosto de 2024, o prazo para submiss\u00e3o de candidaturas \u00e0 interven\u00e7\u00e3o C.1.1.6 \u00abApoio \u00e0 apicultura para a biodiversidade\u00bb no \u00e2mbito do Plano Estrat\u00e9gico da Pol\u00edtica Agr\u00edcola Comum (PEPAC), que visa contribuir para a poliniza\u00e7\u00e3o natural de plantas, promovendo a conserva\u00e7\u00e3o e recupera\u00e7\u00e3o da biodiversidade da flora aut\u00f3ctone, apoiando a manuten\u00e7\u00e3o da popula\u00e7\u00e3o de abelhas, cujo regime de aplica\u00e7\u00e3o foi aprovado pela Portaria n.\u00ba 171\/2024\/1, de 24 de junho. At\u00e9 ao momento, de acordo com a informa\u00e7\u00e3o disponibilizada pelo Minist\u00e9rio da Agricultura e Pescas, j\u00e1 foram submetidas a n\u00edvel nacional mais de 300 candidaturas a este apoio.","robots":{"index":"index","follow":"follow","max-snippet":"max-snippet:-1","max-image-preview":"max-image-preview:large","max-video-preview":"max-video-preview:-1"},"canonical":"http:\/\/maismagazine.pt\/index.php\/2024\/07\/15\/apoios-aos-apicultores-apresentacao-de-candidaturas-a-intervencao-c-1-1-6-apoio-a-apicultura-para-a-biodiversidade-no-ambito-do-plano-estrategico-da-politica-agricola-comum-pepac\/","og_locale":"pt_PT","og_type":"article","og_title":"Apoios aos apicultores: Apresenta\u00e7\u00e3o de candidaturas \u00e0 interven\u00e7\u00e3o C.1.1.6 \u00abApoio \u00e0 apicultura para a biodiversidade\u00bb no \u00e2mbito do Plano Estrat\u00e9gico da Pol\u00edtica Agr\u00edcola Comum (PEPAC) - Mais Magazine","og_description":"A Comiss\u00e3o de Coordena\u00e7\u00e3o e Desenvolvimento Regional (CCDR) do Algarve I.P. \u2013 Agricultura e Pescas informa que est\u00e1 a decorrer, desde as 18h00 do dia 28 junho de 2024 e at\u00e9 \u00e0s 18h00 do dia 28 de agosto de 2024, o prazo para submiss\u00e3o de candidaturas \u00e0 interven\u00e7\u00e3o C.1.1.6 \u00abApoio \u00e0 apicultura para a biodiversidade\u00bb no \u00e2mbito do Plano Estrat\u00e9gico da Pol\u00edtica Agr\u00edcola Comum (PEPAC), que visa contribuir para a poliniza\u00e7\u00e3o natural de plantas, promovendo a conserva\u00e7\u00e3o e recupera\u00e7\u00e3o da biodiversidade da flora aut\u00f3ctone, apoiando a manuten\u00e7\u00e3o da popula\u00e7\u00e3o de abelhas, cujo regime de aplica\u00e7\u00e3o foi aprovado pela Portaria n.\u00ba 171\/2024\/1, de 24 de junho. At\u00e9 ao momento, de acordo com a informa\u00e7\u00e3o disponibilizada pelo Minist\u00e9rio da Agricultura e Pescas, j\u00e1 foram submetidas a n\u00edvel nacional mais de 300 candidaturas a este apoio.","og_url":"http:\/\/maismagazine.pt\/index.php\/2024\/07\/15\/apoios-aos-apicultores-apresentacao-de-candidaturas-a-intervencao-c-1-1-6-apoio-a-apicultura-para-a-biodiversidade-no-ambito-do-plano-estrategico-da-politica-agricola-comum-pepac\/","og_site_name":"Mais Magazine","article_published_time":"2024-07-15T15:03:42+00:00","og_image":[{"width":438,"height":154,"url":"http:\/\/maismagazine.pt\/wp-content\/uploads\/2024\/07\/s.jpg","type":"image\/jpeg"}],"author":"Tiago Costa","twitter_card":"summary_large_image","twitter_misc":{"Escrito por":false,"Tempo estimado de leitura":"4 minutos"},"schema":{"@context":"https:\/\/schema.org","@graph":[{"@type":"Article","@id":"http:\/\/maismagazine.pt\/index.php\/2024\/07\/15\/apoios-aos-apicultores-apresentacao-de-candidaturas-a-intervencao-c-1-1-6-apoio-a-apicultura-para-a-biodiversidade-no-ambito-do-plano-estrategico-da-politica-agricola-comum-pepac\/#article","isPartOf":{"@id":"http:\/\/maismagazine.pt\/index.php\/2024\/07\/15\/apoios-aos-apicultores-apresentacao-de-candidaturas-a-intervencao-c-1-1-6-apoio-a-apicultura-para-a-biodiversidade-no-ambito-do-plano-estrategico-da-politica-agricola-comum-pepac\/"},"author":{"name":"Tiago Costa","@id":"http:\/\/maismagazine.pt\/#\/schema\/person\/c6c5bfccc886434cbd11c74e035f9646"},"headline":"Apoios aos apicultores: Apresenta\u00e7\u00e3o de candidaturas \u00e0 interven\u00e7\u00e3o C.1.1.6 \u00abApoio \u00e0 apicultura para a biodiversidade\u00bb no \u00e2mbito do Plano Estrat\u00e9gico da Pol\u00edtica Agr\u00edcola Comum (PEPAC)","datePublished":"2024-07-15T15:03:42+00:00","mainEntityOfPage":{"@id":"http:\/\/maismagazine.pt\/index.php\/2024\/07\/15\/apoios-aos-apicultores-apresentacao-de-candidaturas-a-intervencao-c-1-1-6-apoio-a-apicultura-para-a-biodiversidade-no-ambito-do-plano-estrategico-da-politica-agricola-comum-pepac\/"},"wordCount":642,"publisher":{"@id":"http:\/\/maismagazine.pt\/#organization"},"image":{"@id":"http:\/\/maismagazine.pt\/index.php\/2024\/07\/15\/apoios-aos-apicultores-apresentacao-de-candidaturas-a-intervencao-c-1-1-6-apoio-a-apicultura-para-a-biodiversidade-no-ambito-do-plano-estrategico-da-politica-agricola-comum-pepac\/#primaryimage"},"thumbnailUrl":"http:\/\/maismagazine.pt\/wp-content\/uploads\/2024\/07\/s.jpg","keywords":["CCDR Algarve"],"articleSection":["Not\u00edcias"],"inLanguage":"pt-PT"},{"@type":"WebPage","@id":"http:\/\/maismagazine.pt\/index.php\/2024\/07\/15\/apoios-aos-apicultores-apresentacao-de-candidaturas-a-intervencao-c-1-1-6-apoio-a-apicultura-para-a-biodiversidade-no-ambito-do-plano-estrategico-da-politica-agricola-comum-pepac\/","url":"http:\/\/maismagazine.pt\/index.php\/2024\/07\/15\/apoios-aos-apicultores-apresentacao-de-candidaturas-a-intervencao-c-1-1-6-apoio-a-apicultura-para-a-biodiversidade-no-ambito-do-plano-estrategico-da-politica-agricola-comum-pepac\/","name":"Apoios aos apicultores: Apresenta\u00e7\u00e3o de candidaturas \u00e0 interven\u00e7\u00e3o C.1.1.6 \u00abApoio \u00e0 apicultura para a biodiversidade\u00bb no \u00e2mbito do Plano Estrat\u00e9gico da Pol\u00edtica Agr\u00edcola Comum (PEPAC) - Mais Magazine","isPartOf":{"@id":"http:\/\/maismagazine.pt\/#website"},"primaryImageOfPage":{"@id":"http:\/\/maismagazine.pt\/index.php\/2024\/07\/15\/apoios-aos-apicultores-apresentacao-de-candidaturas-a-intervencao-c-1-1-6-apoio-a-apicultura-para-a-biodiversidade-no-ambito-do-plano-estrategico-da-politica-agricola-comum-pepac\/#primaryimage"},"image":{"@id":"http:\/\/maismagazine.pt\/index.php\/2024\/07\/15\/apoios-aos-apicultores-apresentacao-de-candidaturas-a-intervencao-c-1-1-6-apoio-a-apicultura-para-a-biodiversidade-no-ambito-do-plano-estrategico-da-politica-agricola-comum-pepac\/#primaryimage"},"thumbnailUrl":"http:\/\/maismagazine.pt\/wp-content\/uploads\/2024\/07\/s.jpg","datePublished":"2024-07-15T15:03:42+00:00","description":"A Comiss\u00e3o de Coordena\u00e7\u00e3o e Desenvolvimento Regional (CCDR) do Algarve I.P. \u2013 Agricultura e Pescas informa que est\u00e1 a decorrer, desde as 18h00 do dia 28 junho de 2024 e at\u00e9 \u00e0s 18h00 do dia 28 de agosto de 2024, o prazo para submiss\u00e3o de candidaturas \u00e0 interven\u00e7\u00e3o C.1.1.6 \u00abApoio \u00e0 apicultura para a biodiversidade\u00bb no \u00e2mbito do Plano Estrat\u00e9gico da Pol\u00edtica Agr\u00edcola Comum (PEPAC), que visa contribuir para a poliniza\u00e7\u00e3o natural de plantas, promovendo a conserva\u00e7\u00e3o e recupera\u00e7\u00e3o da biodiversidade da flora aut\u00f3ctone, apoiando a manuten\u00e7\u00e3o da popula\u00e7\u00e3o de abelhas, cujo regime de aplica\u00e7\u00e3o foi aprovado pela Portaria n.\u00ba 171\/2024\/1, de 24 de junho. At\u00e9 ao momento, de acordo com a informa\u00e7\u00e3o disponibilizada pelo Minist\u00e9rio da Agricultura e Pescas, j\u00e1 foram submetidas a n\u00edvel nacional mais de 300 candidaturas a este apoio.","breadcrumb":{"@id":"http:\/\/maismagazine.pt\/index.php\/2024\/07\/15\/apoios-aos-apicultores-apresentacao-de-candidaturas-a-intervencao-c-1-1-6-apoio-a-apicultura-para-a-biodiversidade-no-ambito-do-plano-estrategico-da-politica-agricola-comum-pepac\/#breadcrumb"},"inLanguage":"pt-PT","potentialAction":[{"@type":"ReadAction","target":["http:\/\/maismagazine.pt\/index.php\/2024\/07\/15\/apoios-aos-apicultores-apresentacao-de-candidaturas-a-intervencao-c-1-1-6-apoio-a-apicultura-para-a-biodiversidade-no-ambito-do-plano-estrategico-da-politica-agricola-comum-pepac\/"]}]},{"@type":"ImageObject","inLanguage":"pt-PT","@id":"http:\/\/maismagazine.pt\/index.php\/2024\/07\/15\/apoios-aos-apicultores-apresentacao-de-candidaturas-a-intervencao-c-1-1-6-apoio-a-apicultura-para-a-biodiversidade-no-ambito-do-plano-estrategico-da-politica-agricola-comum-pepac\/#primaryimage","url":"http:\/\/maismagazine.pt\/wp-content\/uploads\/2024\/07\/s.jpg","contentUrl":"http:\/\/maismagazine.pt\/wp-content\/uploads\/2024\/07\/s.jpg","width":438,"height":154},{"@type":"BreadcrumbList","@id":"http:\/\/maismagazine.pt\/index.php\/2024\/07\/15\/apoios-aos-apicultores-apresentacao-de-candidaturas-a-intervencao-c-1-1-6-apoio-a-apicultura-para-a-biodiversidade-no-ambito-do-plano-estrategico-da-politica-agricola-comum-pepac\/#breadcrumb","itemListElement":[{"@type":"ListItem","position":1,"name":"Home","item":"http:\/\/maismagazine.pt\/"},{"@type":"ListItem","position":2,"name":"Apoios aos apicultores: Apresenta\u00e7\u00e3o de candidaturas \u00e0 interven\u00e7\u00e3o C.1.1.6 \u00abApoio \u00e0 apicultura para a biodiversidade\u00bb no \u00e2mbito do Plano Estrat\u00e9gico da Pol\u00edtica Agr\u00edcola Comum (PEPAC)"}]},{"@type":"WebSite","@id":"http:\/\/maismagazine.pt\/#website","url":"http:\/\/maismagazine.pt\/","name":"Mais Magazine","description":"","publisher":{"@id":"http:\/\/maismagazine.pt\/#organization"},"potentialAction":[{"@type":"SearchAction","target":{"@type":"EntryPoint","urlTemplate":"http:\/\/maismagazine.pt\/?s={search_term_string}"},"query-input":{"@type":"PropertyValueSpecification","valueRequired":true,"valueName":"search_term_string"}}],"inLanguage":"pt-PT"},{"@type":"Organization","@id":"http:\/\/maismagazine.pt\/#organization","name":"Mais Magazine","url":"http:\/\/maismagazine.pt\/","logo":{"@type":"ImageObject","inLanguage":"pt-PT","@id":"http:\/\/maismagazine.pt\/#\/schema\/logo\/image\/","url":"http:\/\/maismagazine.pt\/wp-content\/uploads\/2020\/04\/cropped-cropped-mais-magazine-site-logo-2.png","contentUrl":"http:\/\/maismagazine.pt\/wp-content\/uploads\/2020\/04\/cropped-cropped-mais-magazine-site-logo-2.png","width":581,"height":90,"caption":"Mais Magazine"},"image":{"@id":"http:\/\/maismagazine.pt\/#\/schema\/logo\/image\/"}},{"@type":"Person","@id":"http:\/\/maismagazine.pt\/#\/schema\/person\/c6c5bfccc886434cbd11c74e035f9646","name":"Tiago Costa","image":{"@type":"ImageObject","inLanguage":"pt-PT","@id":"http:\/\/maismagazine.pt\/#\/schema\/person\/image\/","url":"https:\/\/secure.gravatar.com\/avatar\/c599b2bce16c9870429198cbad5ee022?s=96&d=mm&r=g","contentUrl":"https:\/\/secure.gravatar.com\/avatar\/c599b2bce16c9870429198cbad5ee022?s=96&d=mm&r=g","caption":"Tiago Costa"},"url":"http:\/\/maismagazine.pt\/index.php\/author\/tiago\/"}]}},"author_meta":{"display_name":false,"author_link":"http:\/\/maismagazine.pt\/index.php\/author\/tiago\/"},"featured_img":"http:\/\/maismagazine.pt\/wp-content\/uploads\/2024\/07\/s-300x105.jpg","coauthors":[],"tax_additional":{"categories":{"linked":["<a href=\"http:\/\/maismagazine.pt\/index.php\/category\/noticias\/\" class=\"advgb-post-tax-term\">Not\u00edcias<\/a>"],"unlinked":["<span class=\"advgb-post-tax-term\">Not\u00edcias<\/span>"]},"tags":{"linked":["<a href=\"http:\/\/maismagazine.pt\/index.php\/category\/noticias\/\" class=\"advgb-post-tax-term\">CCDR Algarve<\/a>"],"unlinked":["<span class=\"advgb-post-tax-term\">CCDR Algarve<\/span>"]}},"comment_count":"0","relative_dates":{"created":"Posted 2 anos ago","modified":"Updated 2 anos ago"},"absolute_dates":{"created":"Posted on 15 de Julho, 2024","modified":"Updated on 15 de Julho, 2024"},"absolute_dates_time":{"created":"Posted on 15 de Julho, 2024 16:03","modified":"Updated on 15 de Julho, 2024 16:03"},"featured_img_caption":"","series_order":"","_links":{"self":[{"href":"http:\/\/maismagazine.pt\/index.php\/wp-json\/wp\/v2\/posts\/10076","targetHints":{"allow":["GET"]}}],"collection":[{"href":"http:\/\/maismagazine.pt\/index.php\/wp-json\/wp\/v2\/posts"}],"about":[{"href":"http:\/\/maismagazine.pt\/index.php\/wp-json\/wp\/v2\/types\/post"}],"author":[{"embeddable":true,"href":"http:\/\/maismagazine.pt\/index.php\/wp-json\/wp\/v2\/users\/17"}],"replies":[{"embeddable":true,"href":"http:\/\/maismagazine.pt\/index.php\/wp-json\/wp\/v2\/comments?post=10076"}],"version-history":[{"count":1,"href":"http:\/\/maismagazine.pt\/index.php\/wp-json\/wp\/v2\/posts\/10076\/revisions"}],"predecessor-version":[{"id":10078,"href":"http:\/\/maismagazine.pt\/index.php\/wp-json\/wp\/v2\/posts\/10076\/revisions\/10078"}],"wp:featuredmedia":[{"embeddable":true,"href":"http:\/\/maismagazine.pt\/index.php\/wp-json\/wp\/v2\/media\/10077"}],"wp:attachment":[{"href":"http:\/\/maismagazine.pt\/index.php\/wp-json\/wp\/v2\/media?parent=10076"}],"wp:term":[{"taxonomy":"category","embeddable":true,"href":"http:\/\/maismagazine.pt\/index.php\/wp-json\/wp\/v2\/categories?post=10076"},{"taxonomy":"post_tag","embeddable":true,"href":"http:\/\/maismagazine.pt\/index.php\/wp-json\/wp\/v2\/tags?post=10076"}],"curies":[{"name":"wp","href":"https:\/\/api.w.org\/{rel}","templated":true}]}}