{"id":10073,"date":"2024-07-11T15:19:22","date_gmt":"2024-07-11T14:19:22","guid":{"rendered":"https:\/\/maismagazine.pt\/?p=10073"},"modified":"2024-07-11T15:19:23","modified_gmt":"2024-07-11T14:19:23","slug":"junta-de-brito-organiza-tertulia-sobre-a-importancia-das-camadas-jovens","status":"publish","type":"post","link":"http:\/\/maismagazine.pt\/index.php\/2024\/07\/11\/junta-de-brito-organiza-tertulia-sobre-a-importancia-das-camadas-jovens\/","title":{"rendered":"Junta de Brito organiza tert\u00falia sobre \u201cA import\u00e2ncia das camadas jovens\u201d"},"content":{"rendered":"\n<p><strong>Sess\u00e3o realiza-se esta sexta-feira, 12 de junho, pelas 21 horas, nos Espa\u00e7os Criativos.<\/strong><\/p>\n\n\n\n<p><\/p>\n\n\n\n<p>Manuel Machado, treinador de futebol, Fl\u00e1vio Meireles, ex-capit\u00e3o do Vit\u00f3ria SC, Ana Rita Ribeiro &#8220;Ronalda&#8221;, coordenadora do futebol feminino do Vit\u00f3ria SC e Nuno Margarido, treinador sub-16 do Moreirense FC, s\u00e3o os convidados da tert\u00falia &#8220;Semear para colher: A import\u00e2ncia das camadas jovens&#8221;, que vai decorrer esta sexta-feira, na Vila de Brito.<br>A sess\u00e3o est\u00e1 agendada para as 21h00, nos Espa\u00e7os Criativos, numa organiza\u00e7\u00e3o da Junta de<br>Freguesia de Brito, e com entrada livre. Considerando que o desporto \u00e9 visto como campo de viv\u00eancia, de transmiss\u00e3o e socializa\u00e7\u00e3o em valores e princ\u00edpios humanistas, esta tert\u00falia visa a partilha de experi\u00eancias dos conceituados convidados na vertente da import\u00e2ncia da forma\u00e7\u00e3o desportiva.<br>A modera\u00e7\u00e3o estar\u00e1 a cargo do profissional de comunica\u00e7\u00e3o e ex-jornalista Paulo Machado.<\/p>\n","protected":false},"excerpt":{"rendered":"<p>Sess\u00e3o realiza-se esta sexta-feira, 12 de junho, pelas 21 horas, nos Espa\u00e7os Criativos. Manuel Machado, treinador de futebol, Fl\u00e1vio Meireles, ex-capit\u00e3o do Vit\u00f3ria SC, Ana Rita Ribeiro &#8220;Ronalda&#8221;, coordenadora do futebol feminino do Vit\u00f3ria SC e Nuno Margarido, treinador sub-16 do Moreirense FC, s\u00e3o os convidados da tert\u00falia &#8220;Semear para&hellip;<\/p>\n","protected":false},"author":17,"featured_media":10074,"comment_status":"closed","ping_status":"open","sticky":false,"template":"","format":"standard","meta":{"advgb_blocks_editor_width":"","advgb_blocks_columns_visual_guide":"","_monsterinsights_skip_tracking":false,"_monsterinsights_sitenote_active":false,"_monsterinsights_sitenote_note":"","_monsterinsights_sitenote_category":0,"footnotes":""},"categories":[7],"tags":[2056],"class_list":["post-10073","post","type-post","status-publish","format-standard","has-post-thumbnail","hentry","category-noticias","tag-junta-de-brito"],"yoast_head":"<!-- This site is optimized with the Yoast SEO plugin v24.4 - https:\/\/yoast.com\/wordpress\/plugins\/seo\/ -->\n<title>Junta de Brito organiza tert\u00falia sobre \u201cA import\u00e2ncia das camadas jovens\u201d - Mais Magazine<\/title>\n<meta name=\"description\" content=\"Sess\u00e3o realiza-se esta sexta-feira, 12 de junho, pelas 21 horas, nos Espa\u00e7os Criativos.\" \/>\n<meta name=\"robots\" content=\"index, follow, max-snippet:-1, max-image-preview:large, max-video-preview:-1\" \/>\n<link rel=\"canonical\" href=\"http:\/\/maismagazine.pt\/index.php\/2024\/07\/11\/junta-de-brito-organiza-tertulia-sobre-a-importancia-das-camadas-jovens\/\" \/>\n<meta property=\"og:locale\" content=\"pt_PT\" \/>\n<meta property=\"og:type\" content=\"article\" \/>\n<meta property=\"og:title\" content=\"Junta de Brito organiza tert\u00falia sobre \u201cA import\u00e2ncia das camadas jovens\u201d - Mais Magazine\" \/>\n<meta property=\"og:description\" content=\"Sess\u00e3o realiza-se esta sexta-feira, 12 de junho, pelas 21 horas, nos Espa\u00e7os Criativos.\" \/>\n<meta property=\"og:url\" content=\"http:\/\/maismagazine.pt\/index.php\/2024\/07\/11\/junta-de-brito-organiza-tertulia-sobre-a-importancia-das-camadas-jovens\/\" \/>\n<meta property=\"og:site_name\" content=\"Mais Magazine\" \/>\n<meta property=\"article:published_time\" content=\"2024-07-11T14:19:22+00:00\" \/>\n<meta property=\"article:modified_time\" content=\"2024-07-11T14:19:23+00:00\" \/>\n<meta property=\"og:image\" content=\"http:\/\/maismagazine.pt\/wp-content\/uploads\/2024\/07\/Captura-de-ecra-2024-07-11-151833.png\" \/>\n\t<meta property=\"og:image:width\" content=\"1192\" \/>\n\t<meta property=\"og:image:height\" content=\"327\" \/>\n\t<meta property=\"og:image:type\" content=\"image\/png\" \/>\n<meta name=\"author\" content=\"Tiago Costa\" \/>\n<meta name=\"twitter:card\" content=\"summary_large_image\" \/>\n<meta name=\"twitter:label1\" content=\"Escrito por\" \/>\n\t<meta name=\"twitter:data1\" content=\"\" \/>\n\t<meta name=\"twitter:label2\" content=\"Tempo estimado de leitura\" \/>\n\t<meta name=\"twitter:data2\" content=\"1 minuto\" \/>\n<script type=\"application\/ld+json\" class=\"yoast-schema-graph\">{\"@context\":\"https:\/\/schema.org\",\"@graph\":[{\"@type\":\"Article\",\"@id\":\"http:\/\/maismagazine.pt\/index.php\/2024\/07\/11\/junta-de-brito-organiza-tertulia-sobre-a-importancia-das-camadas-jovens\/#article\",\"isPartOf\":{\"@id\":\"http:\/\/maismagazine.pt\/index.php\/2024\/07\/11\/junta-de-brito-organiza-tertulia-sobre-a-importancia-das-camadas-jovens\/\"},\"author\":{\"name\":\"Tiago Costa\",\"@id\":\"http:\/\/maismagazine.pt\/#\/schema\/person\/c6c5bfccc886434cbd11c74e035f9646\"},\"headline\":\"Junta de Brito organiza tert\u00falia sobre \u201cA import\u00e2ncia das camadas jovens\u201d\",\"datePublished\":\"2024-07-11T14:19:22+00:00\",\"dateModified\":\"2024-07-11T14:19:23+00:00\",\"mainEntityOfPage\":{\"@id\":\"http:\/\/maismagazine.pt\/index.php\/2024\/07\/11\/junta-de-brito-organiza-tertulia-sobre-a-importancia-das-camadas-jovens\/\"},\"wordCount\":167,\"publisher\":{\"@id\":\"http:\/\/maismagazine.pt\/#organization\"},\"image\":{\"@id\":\"http:\/\/maismagazine.pt\/index.php\/2024\/07\/11\/junta-de-brito-organiza-tertulia-sobre-a-importancia-das-camadas-jovens\/#primaryimage\"},\"thumbnailUrl\":\"http:\/\/maismagazine.pt\/wp-content\/uploads\/2024\/07\/Captura-de-ecra-2024-07-11-151833.png\",\"keywords\":[\"Junta de Brito\"],\"articleSection\":[\"Not\u00edcias\"],\"inLanguage\":\"pt-PT\"},{\"@type\":\"WebPage\",\"@id\":\"http:\/\/maismagazine.pt\/index.php\/2024\/07\/11\/junta-de-brito-organiza-tertulia-sobre-a-importancia-das-camadas-jovens\/\",\"url\":\"http:\/\/maismagazine.pt\/index.php\/2024\/07\/11\/junta-de-brito-organiza-tertulia-sobre-a-importancia-das-camadas-jovens\/\",\"name\":\"Junta de Brito organiza tert\u00falia sobre \u201cA import\u00e2ncia das camadas jovens\u201d - Mais Magazine\",\"isPartOf\":{\"@id\":\"http:\/\/maismagazine.pt\/#website\"},\"primaryImageOfPage\":{\"@id\":\"http:\/\/maismagazine.pt\/index.php\/2024\/07\/11\/junta-de-brito-organiza-tertulia-sobre-a-importancia-das-camadas-jovens\/#primaryimage\"},\"image\":{\"@id\":\"http:\/\/maismagazine.pt\/index.php\/2024\/07\/11\/junta-de-brito-organiza-tertulia-sobre-a-importancia-das-camadas-jovens\/#primaryimage\"},\"thumbnailUrl\":\"http:\/\/maismagazine.pt\/wp-content\/uploads\/2024\/07\/Captura-de-ecra-2024-07-11-151833.png\",\"datePublished\":\"2024-07-11T14:19:22+00:00\",\"dateModified\":\"2024-07-11T14:19:23+00:00\",\"description\":\"Sess\u00e3o realiza-se esta sexta-feira, 12 de junho, pelas 21 horas, nos Espa\u00e7os Criativos.\",\"breadcrumb\":{\"@id\":\"http:\/\/maismagazine.pt\/index.php\/2024\/07\/11\/junta-de-brito-organiza-tertulia-sobre-a-importancia-das-camadas-jovens\/#breadcrumb\"},\"inLanguage\":\"pt-PT\",\"potentialAction\":[{\"@type\":\"ReadAction\",\"target\":[\"http:\/\/maismagazine.pt\/index.php\/2024\/07\/11\/junta-de-brito-organiza-tertulia-sobre-a-importancia-das-camadas-jovens\/\"]}]},{\"@type\":\"ImageObject\",\"inLanguage\":\"pt-PT\",\"@id\":\"http:\/\/maismagazine.pt\/index.php\/2024\/07\/11\/junta-de-brito-organiza-tertulia-sobre-a-importancia-das-camadas-jovens\/#primaryimage\",\"url\":\"http:\/\/maismagazine.pt\/wp-content\/uploads\/2024\/07\/Captura-de-ecra-2024-07-11-151833.png\",\"contentUrl\":\"http:\/\/maismagazine.pt\/wp-content\/uploads\/2024\/07\/Captura-de-ecra-2024-07-11-151833.png\",\"width\":1192,\"height\":327},{\"@type\":\"BreadcrumbList\",\"@id\":\"http:\/\/maismagazine.pt\/index.php\/2024\/07\/11\/junta-de-brito-organiza-tertulia-sobre-a-importancia-das-camadas-jovens\/#breadcrumb\",\"itemListElement\":[{\"@type\":\"ListItem\",\"position\":1,\"name\":\"Home\",\"item\":\"http:\/\/maismagazine.pt\/\"},{\"@type\":\"ListItem\",\"position\":2,\"name\":\"Junta de Brito organiza tert\u00falia sobre \u201cA import\u00e2ncia das camadas jovens\u201d\"}]},{\"@type\":\"WebSite\",\"@id\":\"http:\/\/maismagazine.pt\/#website\",\"url\":\"http:\/\/maismagazine.pt\/\",\"name\":\"Mais Magazine\",\"description\":\"\",\"publisher\":{\"@id\":\"http:\/\/maismagazine.pt\/#organization\"},\"potentialAction\":[{\"@type\":\"SearchAction\",\"target\":{\"@type\":\"EntryPoint\",\"urlTemplate\":\"http:\/\/maismagazine.pt\/?s={search_term_string}\"},\"query-input\":{\"@type\":\"PropertyValueSpecification\",\"valueRequired\":true,\"valueName\":\"search_term_string\"}}],\"inLanguage\":\"pt-PT\"},{\"@type\":\"Organization\",\"@id\":\"http:\/\/maismagazine.pt\/#organization\",\"name\":\"Mais Magazine\",\"url\":\"http:\/\/maismagazine.pt\/\",\"logo\":{\"@type\":\"ImageObject\",\"inLanguage\":\"pt-PT\",\"@id\":\"http:\/\/maismagazine.pt\/#\/schema\/logo\/image\/\",\"url\":\"http:\/\/maismagazine.pt\/wp-content\/uploads\/2020\/04\/cropped-cropped-mais-magazine-site-logo-2.png\",\"contentUrl\":\"http:\/\/maismagazine.pt\/wp-content\/uploads\/2020\/04\/cropped-cropped-mais-magazine-site-logo-2.png\",\"width\":581,\"height\":90,\"caption\":\"Mais Magazine\"},\"image\":{\"@id\":\"http:\/\/maismagazine.pt\/#\/schema\/logo\/image\/\"}},{\"@type\":\"Person\",\"@id\":\"http:\/\/maismagazine.pt\/#\/schema\/person\/c6c5bfccc886434cbd11c74e035f9646\",\"name\":\"Tiago Costa\",\"image\":{\"@type\":\"ImageObject\",\"inLanguage\":\"pt-PT\",\"@id\":\"http:\/\/maismagazine.pt\/#\/schema\/person\/image\/\",\"url\":\"https:\/\/secure.gravatar.com\/avatar\/c599b2bce16c9870429198cbad5ee022?s=96&d=mm&r=g\",\"contentUrl\":\"https:\/\/secure.gravatar.com\/avatar\/c599b2bce16c9870429198cbad5ee022?s=96&d=mm&r=g\",\"caption\":\"Tiago Costa\"},\"url\":\"http:\/\/maismagazine.pt\/index.php\/author\/tiago\/\"}]}<\/script>\n<!-- \/ Yoast SEO plugin. -->","yoast_head_json":{"title":"Junta de Brito organiza tert\u00falia sobre \u201cA import\u00e2ncia das camadas jovens\u201d - Mais Magazine","description":"Sess\u00e3o realiza-se esta sexta-feira, 12 de junho, pelas 21 horas, nos Espa\u00e7os Criativos.","robots":{"index":"index","follow":"follow","max-snippet":"max-snippet:-1","max-image-preview":"max-image-preview:large","max-video-preview":"max-video-preview:-1"},"canonical":"http:\/\/maismagazine.pt\/index.php\/2024\/07\/11\/junta-de-brito-organiza-tertulia-sobre-a-importancia-das-camadas-jovens\/","og_locale":"pt_PT","og_type":"article","og_title":"Junta de Brito organiza tert\u00falia sobre \u201cA import\u00e2ncia das camadas jovens\u201d - Mais Magazine","og_description":"Sess\u00e3o realiza-se esta sexta-feira, 12 de junho, pelas 21 horas, nos Espa\u00e7os Criativos.","og_url":"http:\/\/maismagazine.pt\/index.php\/2024\/07\/11\/junta-de-brito-organiza-tertulia-sobre-a-importancia-das-camadas-jovens\/","og_site_name":"Mais Magazine","article_published_time":"2024-07-11T14:19:22+00:00","article_modified_time":"2024-07-11T14:19:23+00:00","og_image":[{"width":1192,"height":327,"url":"http:\/\/maismagazine.pt\/wp-content\/uploads\/2024\/07\/Captura-de-ecra-2024-07-11-151833.png","type":"image\/png"}],"author":"Tiago Costa","twitter_card":"summary_large_image","twitter_misc":{"Escrito por":false,"Tempo estimado de leitura":"1 minuto"},"schema":{"@context":"https:\/\/schema.org","@graph":[{"@type":"Article","@id":"http:\/\/maismagazine.pt\/index.php\/2024\/07\/11\/junta-de-brito-organiza-tertulia-sobre-a-importancia-das-camadas-jovens\/#article","isPartOf":{"@id":"http:\/\/maismagazine.pt\/index.php\/2024\/07\/11\/junta-de-brito-organiza-tertulia-sobre-a-importancia-das-camadas-jovens\/"},"author":{"name":"Tiago Costa","@id":"http:\/\/maismagazine.pt\/#\/schema\/person\/c6c5bfccc886434cbd11c74e035f9646"},"headline":"Junta de Brito organiza tert\u00falia sobre \u201cA import\u00e2ncia das camadas jovens\u201d","datePublished":"2024-07-11T14:19:22+00:00","dateModified":"2024-07-11T14:19:23+00:00","mainEntityOfPage":{"@id":"http:\/\/maismagazine.pt\/index.php\/2024\/07\/11\/junta-de-brito-organiza-tertulia-sobre-a-importancia-das-camadas-jovens\/"},"wordCount":167,"publisher":{"@id":"http:\/\/maismagazine.pt\/#organization"},"image":{"@id":"http:\/\/maismagazine.pt\/index.php\/2024\/07\/11\/junta-de-brito-organiza-tertulia-sobre-a-importancia-das-camadas-jovens\/#primaryimage"},"thumbnailUrl":"http:\/\/maismagazine.pt\/wp-content\/uploads\/2024\/07\/Captura-de-ecra-2024-07-11-151833.png","keywords":["Junta de Brito"],"articleSection":["Not\u00edcias"],"inLanguage":"pt-PT"},{"@type":"WebPage","@id":"http:\/\/maismagazine.pt\/index.php\/2024\/07\/11\/junta-de-brito-organiza-tertulia-sobre-a-importancia-das-camadas-jovens\/","url":"http:\/\/maismagazine.pt\/index.php\/2024\/07\/11\/junta-de-brito-organiza-tertulia-sobre-a-importancia-das-camadas-jovens\/","name":"Junta de Brito organiza tert\u00falia sobre \u201cA import\u00e2ncia das camadas jovens\u201d - Mais Magazine","isPartOf":{"@id":"http:\/\/maismagazine.pt\/#website"},"primaryImageOfPage":{"@id":"http:\/\/maismagazine.pt\/index.php\/2024\/07\/11\/junta-de-brito-organiza-tertulia-sobre-a-importancia-das-camadas-jovens\/#primaryimage"},"image":{"@id":"http:\/\/maismagazine.pt\/index.php\/2024\/07\/11\/junta-de-brito-organiza-tertulia-sobre-a-importancia-das-camadas-jovens\/#primaryimage"},"thumbnailUrl":"http:\/\/maismagazine.pt\/wp-content\/uploads\/2024\/07\/Captura-de-ecra-2024-07-11-151833.png","datePublished":"2024-07-11T14:19:22+00:00","dateModified":"2024-07-11T14:19:23+00:00","description":"Sess\u00e3o realiza-se esta sexta-feira, 12 de junho, pelas 21 horas, nos Espa\u00e7os Criativos.","breadcrumb":{"@id":"http:\/\/maismagazine.pt\/index.php\/2024\/07\/11\/junta-de-brito-organiza-tertulia-sobre-a-importancia-das-camadas-jovens\/#breadcrumb"},"inLanguage":"pt-PT","potentialAction":[{"@type":"ReadAction","target":["http:\/\/maismagazine.pt\/index.php\/2024\/07\/11\/junta-de-brito-organiza-tertulia-sobre-a-importancia-das-camadas-jovens\/"]}]},{"@type":"ImageObject","inLanguage":"pt-PT","@id":"http:\/\/maismagazine.pt\/index.php\/2024\/07\/11\/junta-de-brito-organiza-tertulia-sobre-a-importancia-das-camadas-jovens\/#primaryimage","url":"http:\/\/maismagazine.pt\/wp-content\/uploads\/2024\/07\/Captura-de-ecra-2024-07-11-151833.png","contentUrl":"http:\/\/maismagazine.pt\/wp-content\/uploads\/2024\/07\/Captura-de-ecra-2024-07-11-151833.png","width":1192,"height":327},{"@type":"BreadcrumbList","@id":"http:\/\/maismagazine.pt\/index.php\/2024\/07\/11\/junta-de-brito-organiza-tertulia-sobre-a-importancia-das-camadas-jovens\/#breadcrumb","itemListElement":[{"@type":"ListItem","position":1,"name":"Home","item":"http:\/\/maismagazine.pt\/"},{"@type":"ListItem","position":2,"name":"Junta de Brito organiza tert\u00falia sobre \u201cA import\u00e2ncia das camadas jovens\u201d"}]},{"@type":"WebSite","@id":"http:\/\/maismagazine.pt\/#website","url":"http:\/\/maismagazine.pt\/","name":"Mais Magazine","description":"","publisher":{"@id":"http:\/\/maismagazine.pt\/#organization"},"potentialAction":[{"@type":"SearchAction","target":{"@type":"EntryPoint","urlTemplate":"http:\/\/maismagazine.pt\/?s={search_term_string}"},"query-input":{"@type":"PropertyValueSpecification","valueRequired":true,"valueName":"search_term_string"}}],"inLanguage":"pt-PT"},{"@type":"Organization","@id":"http:\/\/maismagazine.pt\/#organization","name":"Mais Magazine","url":"http:\/\/maismagazine.pt\/","logo":{"@type":"ImageObject","inLanguage":"pt-PT","@id":"http:\/\/maismagazine.pt\/#\/schema\/logo\/image\/","url":"http:\/\/maismagazine.pt\/wp-content\/uploads\/2020\/04\/cropped-cropped-mais-magazine-site-logo-2.png","contentUrl":"http:\/\/maismagazine.pt\/wp-content\/uploads\/2020\/04\/cropped-cropped-mais-magazine-site-logo-2.png","width":581,"height":90,"caption":"Mais Magazine"},"image":{"@id":"http:\/\/maismagazine.pt\/#\/schema\/logo\/image\/"}},{"@type":"Person","@id":"http:\/\/maismagazine.pt\/#\/schema\/person\/c6c5bfccc886434cbd11c74e035f9646","name":"Tiago Costa","image":{"@type":"ImageObject","inLanguage":"pt-PT","@id":"http:\/\/maismagazine.pt\/#\/schema\/person\/image\/","url":"https:\/\/secure.gravatar.com\/avatar\/c599b2bce16c9870429198cbad5ee022?s=96&d=mm&r=g","contentUrl":"https:\/\/secure.gravatar.com\/avatar\/c599b2bce16c9870429198cbad5ee022?s=96&d=mm&r=g","caption":"Tiago Costa"},"url":"http:\/\/maismagazine.pt\/index.php\/author\/tiago\/"}]}},"author_meta":{"display_name":false,"author_link":"http:\/\/maismagazine.pt\/index.php\/author\/tiago\/"},"featured_img":"http:\/\/maismagazine.pt\/wp-content\/uploads\/2024\/07\/Captura-de-ecra-2024-07-11-151833-300x82.png","coauthors":[],"tax_additional":{"categories":{"linked":["<a href=\"http:\/\/maismagazine.pt\/index.php\/category\/noticias\/\" class=\"advgb-post-tax-term\">Not\u00edcias<\/a>"],"unlinked":["<span class=\"advgb-post-tax-term\">Not\u00edcias<\/span>"]},"tags":{"linked":["<a href=\"http:\/\/maismagazine.pt\/index.php\/category\/noticias\/\" class=\"advgb-post-tax-term\">Junta de Brito<\/a>"],"unlinked":["<span class=\"advgb-post-tax-term\">Junta de Brito<\/span>"]}},"comment_count":"0","relative_dates":{"created":"Posted 2 anos ago","modified":"Updated 2 anos ago"},"absolute_dates":{"created":"Posted on 11 de Julho, 2024","modified":"Updated on 11 de Julho, 2024"},"absolute_dates_time":{"created":"Posted on 11 de Julho, 2024 15:19","modified":"Updated on 11 de Julho, 2024 15:19"},"featured_img_caption":"","series_order":"","_links":{"self":[{"href":"http:\/\/maismagazine.pt\/index.php\/wp-json\/wp\/v2\/posts\/10073","targetHints":{"allow":["GET"]}}],"collection":[{"href":"http:\/\/maismagazine.pt\/index.php\/wp-json\/wp\/v2\/posts"}],"about":[{"href":"http:\/\/maismagazine.pt\/index.php\/wp-json\/wp\/v2\/types\/post"}],"author":[{"embeddable":true,"href":"http:\/\/maismagazine.pt\/index.php\/wp-json\/wp\/v2\/users\/17"}],"replies":[{"embeddable":true,"href":"http:\/\/maismagazine.pt\/index.php\/wp-json\/wp\/v2\/comments?post=10073"}],"version-history":[{"count":1,"href":"http:\/\/maismagazine.pt\/index.php\/wp-json\/wp\/v2\/posts\/10073\/revisions"}],"predecessor-version":[{"id":10075,"href":"http:\/\/maismagazine.pt\/index.php\/wp-json\/wp\/v2\/posts\/10073\/revisions\/10075"}],"wp:featuredmedia":[{"embeddable":true,"href":"http:\/\/maismagazine.pt\/index.php\/wp-json\/wp\/v2\/media\/10074"}],"wp:attachment":[{"href":"http:\/\/maismagazine.pt\/index.php\/wp-json\/wp\/v2\/media?parent=10073"}],"wp:term":[{"taxonomy":"category","embeddable":true,"href":"http:\/\/maismagazine.pt\/index.php\/wp-json\/wp\/v2\/categories?post=10073"},{"taxonomy":"post_tag","embeddable":true,"href":"http:\/\/maismagazine.pt\/index.php\/wp-json\/wp\/v2\/tags?post=10073"}],"curies":[{"name":"wp","href":"https:\/\/api.w.org\/{rel}","templated":true}]}}